{"id":16973,"date":"2016-10-14T09:11:49","date_gmt":"2016-10-14T09:11:49","guid":{"rendered":"http:\/\/cfpmaresme.org\/el-cfp-engega-un-nou-taller-delectricitat-per-a-joves\/"},"modified":"2021-05-14T14:01:40","modified_gmt":"2021-05-14T12:01:40","slug":"el-cfp-engega-un-nou-taller-delectricitat-per-a-joves","status":"publish","type":"post","link":"https:\/\/cfpmaresme.org\/es\/el-cfp-engega-un-nou-taller-delectricitat-per-a-joves\/","title":{"rendered":"El CFP arranca un nuevo taller de electricidad para j\u00f3venes"},"content":{"rendered":"<p style=\"text-align: justify;\">El servicio \u00c1rea Diurna amplia su oferta de programas con esta nueva actividad pr\u00e1ctica<\/p>\n<p><img loading=\"lazy\" decoding=\"async\" class=\"alignnone size-full wp-image-883\" src=\"https:\/\/centreformacioprevencio.files.wordpress.com\/2016\/10\/cimg1518b.jpg\" alt=\"cimg1518b\" width=\"3628\" height=\"2256\" \/><\/p>\n<p style=\"text-align: justify;\">El servicio de \u00c1rea Diurna del Centre de Formaci\u00f3 i Prevenci\u00f3 ha iniciado este mes de octubre un nuevo taller de electricidad para los y las j\u00f3venes que forma parte del \u00e1mbito de formaci\u00f3n e inserci\u00f3n laboral de la entidad. Esta actividad ha surgido por la demanda de los propios chicos y chicas de poder hacer m\u00e1s actividades de aprendizaje de oficios. Con el taller se ampl\u00eda esta oferta y se suma a los talleres de carpinter\u00eda y de soldadura y cerrajer\u00eda que ya llevan tiempo funcionando con muy buenos resultados.<\/p>\n<p style=\"text-align: justify;\"><!--more--><\/p>\n<p style=\"text-align: justify;\">El taller, que imparti\u00f3 su primera clase la semana pasada, ha empezado con la presencia de cinco alumnos, una de las cuales es una chica. Las inscripciones todav\u00eda est\u00e1n abiertas, ya que tiene la capacidad para albergar un total de entre diez y doce aprendices.<\/p>\n<p style=\"text-align: justify;\">Dentro de la actividad, cada joven sigue un Plan de Trabajo Individual teniendo en cuenta sus competencias. Esta Plan contempla los \u00e1mbitos de \u00e1reas de formaci\u00f3n, inserci\u00f3n laboral y seguimiento socioeducativo del proceso arrancado. Al finalizar el curso, que durar\u00e1 hasta el mes de junio del 2017, se espera obtener una buena acogida por parte de los y las alumnos y un buen nivel de cormaci\u00f3n acorde con los contenidos de la actividad.<\/p>\n<p style=\"text-align: justify;\">Este mes de septiembre tambi\u00e9n se inici\u00f3 en el Servicio Prelaboral del CFP un curso de mantenimiento y reparaci\u00f3n de bicicletas. Por lo tanto, durante este a\u00f1o se han intensificado fuertemente los programas destinados a la inserci\u00f3n laboral de las personas por parte de nuestra asociaci\u00f3n.<\/p>\n","protected":false},"excerpt":{"rendered":"<p>El servicio \u00c1rea Diurna amplia su oferta de programas con esta nueva actividad pr\u00e1ctica El servicio de \u00c1rea Diurna del Centre de Formaci\u00f3 i Prevenci\u00f3 ha iniciado este mes de octubre un nuevo taller de electricidad para los y las j\u00f3venes que forma parte del&#8230;<\/p>\n","protected":false},"author":2,"featured_media":0,"comment_status":"open","ping_status":"open","sticky":false,"template":"","format":"standard","meta":{"footnotes":""},"categories":[1238],"tags":[604,630,611,921,635,767,705,638,657],"class_list":["post-16973","post","type-post","status-publish","format-standard","hentry","category-area-diurna-sociolaboral-es","tag-area-es","tag-centre-es","tag-diurna-es","tag-electricitat-es","tag-formacio-es","tag-insercio-es","tag-laboral-es","tag-prevencio-es","tag-taller-es"],"yoast_head":"<!-- This site is optimized with the Yoast SEO plugin v27.4 - https:\/\/yoast.com\/product\/yoast-seo-wordpress\/ -->\n<title>El CFP arranca un nuevo taller de electricidad para j\u00f3venes | CFP Maresme<\/title>\n<meta name=\"robots\" content=\"index, follow, max-snippet:-1, max-image-preview:large, max-video-preview:-1\" \/>\n<link rel=\"canonical\" href=\"https:\/\/cfpmaresme.org\/es\/el-cfp-engega-un-nou-taller-delectricitat-per-a-joves\/\" \/>\n<meta property=\"og:locale\" content=\"es_ES\" \/>\n<meta property=\"og:type\" content=\"article\" \/>\n<meta property=\"og:title\" content=\"El CFP arranca un nuevo taller de electricidad para j\u00f3venes | CFP Maresme\" \/>\n<meta property=\"og:description\" content=\"El servicio \u00c1rea Diurna amplia su oferta de programas con esta nueva actividad pr\u00e1ctica El servicio de \u00c1rea Diurna del Centre de Formaci\u00f3 i Prevenci\u00f3 ha iniciado este mes de octubre un nuevo taller de electricidad para los y las j\u00f3venes que forma parte del...\" \/>\n<meta property=\"og:url\" content=\"https:\/\/cfpmaresme.org\/es\/el-cfp-engega-un-nou-taller-delectricitat-per-a-joves\/\" \/>\n<meta property=\"og:site_name\" content=\"CFP Maresme\" \/>\n<meta property=\"article:published_time\" content=\"2016-10-14T09:11:49+00:00\" \/>\n<meta property=\"article:modified_time\" content=\"2021-05-14T12:01:40+00:00\" \/>\n<meta property=\"og:image\" content=\"https:\/\/centreformacioprevencio.files.wordpress.com\/2016\/10\/cimg1518b.jpg\" \/>\n<meta name=\"author\" content=\"CFPMaresme\" \/>\n<meta name=\"twitter:card\" content=\"summary_large_image\" \/>\n<meta name=\"twitter:creator\" content=\"@cfpmaresme\" \/>\n<meta name=\"twitter:site\" content=\"@cfpmaresme\" \/>\n<meta name=\"twitter:label1\" content=\"Escrito por\" \/>\n\t<meta name=\"twitter:data1\" content=\"CFPMaresme\" \/>\n\t<meta name=\"twitter:label2\" content=\"Tiempo de lectura\" \/>\n\t<meta name=\"twitter:data2\" content=\"1 minuto\" \/>\n<script type=\"application\/ld+json\" class=\"yoast-schema-graph\">{\"@context\":\"https:\\\/\\\/schema.org\",\"@graph\":[{\"@type\":\"Article\",\"@id\":\"https:\\\/\\\/cfpmaresme.org\\\/es\\\/el-cfp-engega-un-nou-taller-delectricitat-per-a-joves\\\/#article\",\"isPartOf\":{\"@id\":\"https:\\\/\\\/cfpmaresme.org\\\/es\\\/el-cfp-engega-un-nou-taller-delectricitat-per-a-joves\\\/\"},\"author\":{\"name\":\"CFPMaresme\",\"@id\":\"https:\\\/\\\/cfpmaresme.org\\\/#\\\/schema\\\/person\\\/b2634bcd796fafc667ea4055f61b9b2c\"},\"headline\":\"El CFP arranca un nuevo taller de electricidad para j\u00f3venes\",\"datePublished\":\"2016-10-14T09:11:49+00:00\",\"dateModified\":\"2021-05-14T12:01:40+00:00\",\"mainEntityOfPage\":{\"@id\":\"https:\\\/\\\/cfpmaresme.org\\\/es\\\/el-cfp-engega-un-nou-taller-delectricitat-per-a-joves\\\/\"},\"wordCount\":297,\"commentCount\":0,\"image\":{\"@id\":\"https:\\\/\\\/cfpmaresme.org\\\/es\\\/el-cfp-engega-un-nou-taller-delectricitat-per-a-joves\\\/#primaryimage\"},\"thumbnailUrl\":\"https:\\\/\\\/centreformacioprevencio.files.wordpress.com\\\/2016\\\/10\\\/cimg1518b.jpg\",\"keywords\":[\"\u00e0rea\",\"centre\",\"di\u00fcrna\",\"electricitat\",\"formaci\u00f3\",\"inserci\u00f3\",\"laboral\",\"prevenci\u00f3\",\"taller\"],\"articleSection\":[\"\u00c1rea Diurna\"],\"inLanguage\":\"es\"},{\"@type\":\"WebPage\",\"@id\":\"https:\\\/\\\/cfpmaresme.org\\\/es\\\/el-cfp-engega-un-nou-taller-delectricitat-per-a-joves\\\/\",\"url\":\"https:\\\/\\\/cfpmaresme.org\\\/es\\\/el-cfp-engega-un-nou-taller-delectricitat-per-a-joves\\\/\",\"name\":\"El CFP arranca un nuevo taller de electricidad para j\u00f3venes | CFP Maresme\",\"isPartOf\":{\"@id\":\"https:\\\/\\\/cfpmaresme.org\\\/#website\"},\"primaryImageOfPage\":{\"@id\":\"https:\\\/\\\/cfpmaresme.org\\\/es\\\/el-cfp-engega-un-nou-taller-delectricitat-per-a-joves\\\/#primaryimage\"},\"image\":{\"@id\":\"https:\\\/\\\/cfpmaresme.org\\\/es\\\/el-cfp-engega-un-nou-taller-delectricitat-per-a-joves\\\/#primaryimage\"},\"thumbnailUrl\":\"https:\\\/\\\/centreformacioprevencio.files.wordpress.com\\\/2016\\\/10\\\/cimg1518b.jpg\",\"datePublished\":\"2016-10-14T09:11:49+00:00\",\"dateModified\":\"2021-05-14T12:01:40+00:00\",\"author\":{\"@id\":\"https:\\\/\\\/cfpmaresme.org\\\/#\\\/schema\\\/person\\\/b2634bcd796fafc667ea4055f61b9b2c\"},\"breadcrumb\":{\"@id\":\"https:\\\/\\\/cfpmaresme.org\\\/es\\\/el-cfp-engega-un-nou-taller-delectricitat-per-a-joves\\\/#breadcrumb\"},\"inLanguage\":\"es\",\"potentialAction\":[{\"@type\":\"ReadAction\",\"target\":[\"https:\\\/\\\/cfpmaresme.org\\\/es\\\/el-cfp-engega-un-nou-taller-delectricitat-per-a-joves\\\/\"]}]},{\"@type\":\"ImageObject\",\"inLanguage\":\"es\",\"@id\":\"https:\\\/\\\/cfpmaresme.org\\\/es\\\/el-cfp-engega-un-nou-taller-delectricitat-per-a-joves\\\/#primaryimage\",\"url\":\"https:\\\/\\\/centreformacioprevencio.files.wordpress.com\\\/2016\\\/10\\\/cimg1518b.jpg\",\"contentUrl\":\"https:\\\/\\\/centreformacioprevencio.files.wordpress.com\\\/2016\\\/10\\\/cimg1518b.jpg\"},{\"@type\":\"BreadcrumbList\",\"@id\":\"https:\\\/\\\/cfpmaresme.org\\\/es\\\/el-cfp-engega-un-nou-taller-delectricitat-per-a-joves\\\/#breadcrumb\",\"itemListElement\":[{\"@type\":\"ListItem\",\"position\":1,\"name\":\"Home\",\"item\":\"https:\\\/\\\/cfpmaresme.org\\\/es\\\/\"},{\"@type\":\"ListItem\",\"position\":2,\"name\":\"El CFP arranca un nuevo taller de electricidad para j\u00f3venes\"}]},{\"@type\":\"WebSite\",\"@id\":\"https:\\\/\\\/cfpmaresme.org\\\/#website\",\"url\":\"https:\\\/\\\/cfpmaresme.org\\\/\",\"name\":\"CFP Maresme\",\"description\":\"Centre Formaci\u00f3 Prevenci\u00f3\",\"potentialAction\":[{\"@type\":\"SearchAction\",\"target\":{\"@type\":\"EntryPoint\",\"urlTemplate\":\"https:\\\/\\\/cfpmaresme.org\\\/?s={search_term_string}\"},\"query-input\":{\"@type\":\"PropertyValueSpecification\",\"valueRequired\":true,\"valueName\":\"search_term_string\"}}],\"inLanguage\":\"es\"},{\"@type\":\"Person\",\"@id\":\"https:\\\/\\\/cfpmaresme.org\\\/#\\\/schema\\\/person\\\/b2634bcd796fafc667ea4055f61b9b2c\",\"name\":\"CFPMaresme\"}]}<\/script>\n<!-- \/ Yoast SEO plugin. -->","yoast_head_json":{"title":"El CFP arranca un nuevo taller de electricidad para j\u00f3venes | CFP Maresme","robots":{"index":"index","follow":"follow","max-snippet":"max-snippet:-1","max-image-preview":"max-image-preview:large","max-video-preview":"max-video-preview:-1"},"canonical":"https:\/\/cfpmaresme.org\/es\/el-cfp-engega-un-nou-taller-delectricitat-per-a-joves\/","og_locale":"es_ES","og_type":"article","og_title":"El CFP arranca un nuevo taller de electricidad para j\u00f3venes | CFP Maresme","og_description":"El servicio \u00c1rea Diurna amplia su oferta de programas con esta nueva actividad pr\u00e1ctica El servicio de \u00c1rea Diurna del Centre de Formaci\u00f3 i Prevenci\u00f3 ha iniciado este mes de octubre un nuevo taller de electricidad para los y las j\u00f3venes que forma parte del...","og_url":"https:\/\/cfpmaresme.org\/es\/el-cfp-engega-un-nou-taller-delectricitat-per-a-joves\/","og_site_name":"CFP Maresme","article_published_time":"2016-10-14T09:11:49+00:00","article_modified_time":"2021-05-14T12:01:40+00:00","og_image":[{"url":"https:\/\/centreformacioprevencio.files.wordpress.com\/2016\/10\/cimg1518b.jpg","type":"","width":"","height":""}],"author":"CFPMaresme","twitter_card":"summary_large_image","twitter_creator":"@cfpmaresme","twitter_site":"@cfpmaresme","twitter_misc":{"Escrito por":"CFPMaresme","Tiempo de lectura":"1 minuto"},"schema":{"@context":"https:\/\/schema.org","@graph":[{"@type":"Article","@id":"https:\/\/cfpmaresme.org\/es\/el-cfp-engega-un-nou-taller-delectricitat-per-a-joves\/#article","isPartOf":{"@id":"https:\/\/cfpmaresme.org\/es\/el-cfp-engega-un-nou-taller-delectricitat-per-a-joves\/"},"author":{"name":"CFPMaresme","@id":"https:\/\/cfpmaresme.org\/#\/schema\/person\/b2634bcd796fafc667ea4055f61b9b2c"},"headline":"El CFP arranca un nuevo taller de electricidad para j\u00f3venes","datePublished":"2016-10-14T09:11:49+00:00","dateModified":"2021-05-14T12:01:40+00:00","mainEntityOfPage":{"@id":"https:\/\/cfpmaresme.org\/es\/el-cfp-engega-un-nou-taller-delectricitat-per-a-joves\/"},"wordCount":297,"commentCount":0,"image":{"@id":"https:\/\/cfpmaresme.org\/es\/el-cfp-engega-un-nou-taller-delectricitat-per-a-joves\/#primaryimage"},"thumbnailUrl":"https:\/\/centreformacioprevencio.files.wordpress.com\/2016\/10\/cimg1518b.jpg","keywords":["\u00e0rea","centre","di\u00fcrna","electricitat","formaci\u00f3","inserci\u00f3","laboral","prevenci\u00f3","taller"],"articleSection":["\u00c1rea Diurna"],"inLanguage":"es"},{"@type":"WebPage","@id":"https:\/\/cfpmaresme.org\/es\/el-cfp-engega-un-nou-taller-delectricitat-per-a-joves\/","url":"https:\/\/cfpmaresme.org\/es\/el-cfp-engega-un-nou-taller-delectricitat-per-a-joves\/","name":"El CFP arranca un nuevo taller de electricidad para j\u00f3venes | CFP Maresme","isPartOf":{"@id":"https:\/\/cfpmaresme.org\/#website"},"primaryImageOfPage":{"@id":"https:\/\/cfpmaresme.org\/es\/el-cfp-engega-un-nou-taller-delectricitat-per-a-joves\/#primaryimage"},"image":{"@id":"https:\/\/cfpmaresme.org\/es\/el-cfp-engega-un-nou-taller-delectricitat-per-a-joves\/#primaryimage"},"thumbnailUrl":"https:\/\/centreformacioprevencio.files.wordpress.com\/2016\/10\/cimg1518b.jpg","datePublished":"2016-10-14T09:11:49+00:00","dateModified":"2021-05-14T12:01:40+00:00","author":{"@id":"https:\/\/cfpmaresme.org\/#\/schema\/person\/b2634bcd796fafc667ea4055f61b9b2c"},"breadcrumb":{"@id":"https:\/\/cfpmaresme.org\/es\/el-cfp-engega-un-nou-taller-delectricitat-per-a-joves\/#breadcrumb"},"inLanguage":"es","potentialAction":[{"@type":"ReadAction","target":["https:\/\/cfpmaresme.org\/es\/el-cfp-engega-un-nou-taller-delectricitat-per-a-joves\/"]}]},{"@type":"ImageObject","inLanguage":"es","@id":"https:\/\/cfpmaresme.org\/es\/el-cfp-engega-un-nou-taller-delectricitat-per-a-joves\/#primaryimage","url":"https:\/\/centreformacioprevencio.files.wordpress.com\/2016\/10\/cimg1518b.jpg","contentUrl":"https:\/\/centreformacioprevencio.files.wordpress.com\/2016\/10\/cimg1518b.jpg"},{"@type":"BreadcrumbList","@id":"https:\/\/cfpmaresme.org\/es\/el-cfp-engega-un-nou-taller-delectricitat-per-a-joves\/#breadcrumb","itemListElement":[{"@type":"ListItem","position":1,"name":"Home","item":"https:\/\/cfpmaresme.org\/es\/"},{"@type":"ListItem","position":2,"name":"El CFP arranca un nuevo taller de electricidad para j\u00f3venes"}]},{"@type":"WebSite","@id":"https:\/\/cfpmaresme.org\/#website","url":"https:\/\/cfpmaresme.org\/","name":"CFP Maresme","description":"Centre Formaci\u00f3 Prevenci\u00f3","potentialAction":[{"@type":"SearchAction","target":{"@type":"EntryPoint","urlTemplate":"https:\/\/cfpmaresme.org\/?s={search_term_string}"},"query-input":{"@type":"PropertyValueSpecification","valueRequired":true,"valueName":"search_term_string"}}],"inLanguage":"es"},{"@type":"Person","@id":"https:\/\/cfpmaresme.org\/#\/schema\/person\/b2634bcd796fafc667ea4055f61b9b2c","name":"CFPMaresme"}]}},"_links":{"self":[{"href":"https:\/\/cfpmaresme.org\/es\/wp-json\/wp\/v2\/posts\/16973","targetHints":{"allow":["GET"]}}],"collection":[{"href":"https:\/\/cfpmaresme.org\/es\/wp-json\/wp\/v2\/posts"}],"about":[{"href":"https:\/\/cfpmaresme.org\/es\/wp-json\/wp\/v2\/types\/post"}],"author":[{"embeddable":true,"href":"https:\/\/cfpmaresme.org\/es\/wp-json\/wp\/v2\/users\/2"}],"replies":[{"embeddable":true,"href":"https:\/\/cfpmaresme.org\/es\/wp-json\/wp\/v2\/comments?post=16973"}],"version-history":[{"count":3,"href":"https:\/\/cfpmaresme.org\/es\/wp-json\/wp\/v2\/posts\/16973\/revisions"}],"predecessor-version":[{"id":24823,"href":"https:\/\/cfpmaresme.org\/es\/wp-json\/wp\/v2\/posts\/16973\/revisions\/24823"}],"wp:attachment":[{"href":"https:\/\/cfpmaresme.org\/es\/wp-json\/wp\/v2\/media?parent=16973"}],"wp:term":[{"taxonomy":"category","embeddable":true,"href":"https:\/\/cfpmaresme.org\/es\/wp-json\/wp\/v2\/categories?post=16973"},{"taxonomy":"post_tag","embeddable":true,"href":"https:\/\/cfpmaresme.org\/es\/wp-json\/wp\/v2\/tags?post=16973"}],"curies":[{"name":"wp","href":"https:\/\/api.w.org\/{rel}","templated":true}]}}