{"id":16974,"date":"2016-10-13T09:50:07","date_gmt":"2016-10-13T09:50:07","guid":{"rendered":"http:\/\/cfpmaresme.org\/ferran-girones-exposa-la-seva-mostra-de-fotografies-finestres-al-bar-el-public\/"},"modified":"2020-10-27T15:14:01","modified_gmt":"2020-10-27T13:14:01","slug":"ferran-girones-exposa-la-seva-mostra-de-fotografies-finestres-al-bar-el-public","status":"publish","type":"post","link":"https:\/\/cfpmaresme.org\/es\/ferran-girones-exposa-la-seva-mostra-de-fotografies-finestres-al-bar-el-public\/","title":{"rendered":"Ferran Giron\u00e8s expone su muestra de fotograf\u00edas \u201cFinestres\u201d en el Bar El P\u00fablic"},"content":{"rendered":"<p style=\"text-align: justify;\">La exposici\u00f3n es una selecci\u00f3n de una quincena de im\u00e1genes que el autor ha ido fotografiando durante lo que llevamos de a\u00f1o<\/p>\n<p><img loading=\"lazy\" decoding=\"async\" class=\"alignnone size-full wp-image-880\" src=\"https:\/\/centreformacioprevencio.files.wordpress.com\/2016\/10\/gsdgdg.png\" alt=\"gsdgdg\" width=\"3192\" height=\"2096\" \/><\/p>\n<p style=\"text-align: justify;\">Nuestro compa\u00f1ero Ferran Giron\u00e8s inaugur\u00f3 el pasado lunes 3 de octubre una exposici\u00f3n de fotograf\u00edas muy personales en el Bar El P\u00fablic. La muestra, titulada Finestres, es una selecci\u00f3n de las im\u00e1genes que m\u00e1s han transmitido a Ferran de todas las que ha hecho durante este a\u00f1o. Esta vez, en su tercera exposici\u00f3n en este espacio de Matar\u00f3, se ha atrevido con nuevas t\u00e9cnicas como la utilizaci\u00f3n de paneles y el contraste de elementos en color y blanco y negro.<\/p>\n<p style=\"text-align: justify;\"><!--more--><\/p>\n<p style=\"text-align: justify;\">Enseguida podemos ver el estilo de Ferran. Captura y enmarca momentos en cualquier situaci\u00f3n. Su fotograf\u00eda pero, vive de los espacios abiertos. Personas, objetos y paisajes que \u00e9l se va encontrando durante sus salidas con la c\u00e1mara en mano. Nos explica que \u201clas fotograf\u00edas de esta muestra son muy variadas. La he titulado ventanas, porque nos transporta a distintos espacios al aire libre y porque est\u00e1n separadas en paneles, como si mir\u00e1semos desde una ventana hacia el exterior\u00bb.<\/p>\n<p style=\"text-align: justify;\"><img loading=\"lazy\" decoding=\"async\" class=\"alignnone size-full wp-image-871\" src=\"https:\/\/centreformacioprevencio.files.wordpress.com\/2016\/10\/img_20161003_172007424.jpg\" alt=\"img_20161003_172007424\" width=\"4160\" height=\"2336\" \/><\/p>\n<p style=\"text-align: justify;\">Ferran tambi\u00e9n ha utilizado por esta exposici\u00f3n la t\u00e9cnica de mezclar dentro de la misma instant\u00e1nea elementos en blanco y negro y color. Nos dice que \u201c\u00faltimamente estoy aprendiendo mucho a utilizar el Photoshop. Estoy haciendo cursos para mejorar con el programa y quer\u00eda transmitir estos conocimientos a la nueva muestra. Quer\u00eda que se diferenciase de las otras dos que hab\u00eda hecho\u00bb.<\/p>\n<p style=\"text-align: justify;\">En cuanto a sus proyectos de futuro, Ferran nos confiesa que le gustar\u00eda mucho hacer una exposici\u00f3n en alg\u00fan espacio de Barcelona. Dice que lo ve factible y que seguramente en poco tiempo intentar\u00e1 hacerla. Pero el sue\u00f1o de fot\u00f3grafo de Ferran es ir a fotografiar el pa\u00eds del sol naciente porque \u201csiempre me ha gustado mucho Jap\u00f3n. He mirado un mont\u00f3n de documentales y ser\u00eda incre\u00edble poder viajar all\u00ed y empezar a fotografiar todo lo que viese\u00bb.<\/p>\n<p style=\"text-align: justify;\">Las \u201cFinestres\u201d que nos propone Ferran estar\u00e1n expuestas durante todo el mes de octubre en el Bar El P\u00fablic de Matar\u00f3.<\/p>\n<p>&nbsp;<\/p>\n","protected":false},"excerpt":{"rendered":"<p>La exposici\u00f3n es una selecci\u00f3n de una quincena de im\u00e1genes que el autor ha ido fotografiando durante lo que llevamos de a\u00f1o Nuestro compa\u00f1ero Ferran Giron\u00e8s inaugur\u00f3 el pasado lunes 3 de octubre una exposici\u00f3n de fotograf\u00edas muy personales en el Bar El P\u00fablic. La&#8230;<\/p>\n","protected":false},"author":2,"featured_media":0,"comment_status":"open","ping_status":"open","sticky":false,"template":"","format":"standard","meta":{"footnotes":""},"categories":[1234],"tags":[630,645,711,900,922,635,923,648,617,638,924,654,623],"class_list":["post-16974","post","type-post","status-publish","format-standard","hentry","category-alterarte-es","tag-centre-es","tag-comunitaria-es","tag-exposicio-es","tag-ferran-es","tag-finestres-es","tag-formacio-es","tag-fotografia-es","tag-girones-es","tag-mataro-es","tag-prevencio-es","tag-public-es","tag-rehabilitacio-es","tag-servei-es"],"yoast_head":"<!-- This site is optimized with the Yoast SEO plugin v27.4 - https:\/\/yoast.com\/product\/yoast-seo-wordpress\/ -->\n<title>Ferran Giron\u00e8s expone su muestra de fotograf\u00edas \u201cFinestres\u201d en el Bar El P\u00fablic | CFP Maresme<\/title>\n<meta name=\"robots\" content=\"index, follow, max-snippet:-1, max-image-preview:large, max-video-preview:-1\" \/>\n<link rel=\"canonical\" href=\"https:\/\/cfpmaresme.org\/es\/ferran-girones-exposa-la-seva-mostra-de-fotografies-finestres-al-bar-el-public\/\" \/>\n<meta property=\"og:locale\" content=\"es_ES\" \/>\n<meta property=\"og:type\" content=\"article\" \/>\n<meta property=\"og:title\" content=\"Ferran Giron\u00e8s expone su muestra de fotograf\u00edas \u201cFinestres\u201d en el Bar El P\u00fablic | CFP Maresme\" \/>\n<meta property=\"og:description\" content=\"La exposici\u00f3n es una selecci\u00f3n de una quincena de im\u00e1genes que el autor ha ido fotografiando durante lo que llevamos de a\u00f1o Nuestro compa\u00f1ero Ferran Giron\u00e8s inaugur\u00f3 el pasado lunes 3 de octubre una exposici\u00f3n de fotograf\u00edas muy personales en el Bar El P\u00fablic. La...\" \/>\n<meta property=\"og:url\" content=\"https:\/\/cfpmaresme.org\/es\/ferran-girones-exposa-la-seva-mostra-de-fotografies-finestres-al-bar-el-public\/\" \/>\n<meta property=\"og:site_name\" content=\"CFP Maresme\" \/>\n<meta property=\"article:published_time\" content=\"2016-10-13T09:50:07+00:00\" \/>\n<meta property=\"article:modified_time\" content=\"2020-10-27T13:14:01+00:00\" \/>\n<meta property=\"og:image\" content=\"https:\/\/centreformacioprevencio.files.wordpress.com\/2016\/10\/gsdgdg.png\" \/>\n<meta name=\"author\" content=\"CFPMaresme\" \/>\n<meta name=\"twitter:card\" content=\"summary_large_image\" \/>\n<meta name=\"twitter:creator\" content=\"@cfpmaresme\" \/>\n<meta name=\"twitter:site\" content=\"@cfpmaresme\" \/>\n<meta name=\"twitter:label1\" content=\"Escrito por\" \/>\n\t<meta name=\"twitter:data1\" content=\"CFPMaresme\" \/>\n\t<meta name=\"twitter:label2\" content=\"Tiempo de lectura\" \/>\n\t<meta name=\"twitter:data2\" content=\"2 minutos\" \/>\n<script type=\"application\/ld+json\" class=\"yoast-schema-graph\">{\"@context\":\"https:\\\/\\\/schema.org\",\"@graph\":[{\"@type\":\"Article\",\"@id\":\"https:\\\/\\\/cfpmaresme.org\\\/es\\\/ferran-girones-exposa-la-seva-mostra-de-fotografies-finestres-al-bar-el-public\\\/#article\",\"isPartOf\":{\"@id\":\"https:\\\/\\\/cfpmaresme.org\\\/es\\\/ferran-girones-exposa-la-seva-mostra-de-fotografies-finestres-al-bar-el-public\\\/\"},\"author\":{\"name\":\"CFPMaresme\",\"@id\":\"https:\\\/\\\/cfpmaresme.org\\\/#\\\/schema\\\/person\\\/b2634bcd796fafc667ea4055f61b9b2c\"},\"headline\":\"Ferran Giron\u00e8s expone su muestra de fotograf\u00edas \u201cFinestres\u201d en el Bar El P\u00fablic\",\"datePublished\":\"2016-10-13T09:50:07+00:00\",\"dateModified\":\"2020-10-27T13:14:01+00:00\",\"mainEntityOfPage\":{\"@id\":\"https:\\\/\\\/cfpmaresme.org\\\/es\\\/ferran-girones-exposa-la-seva-mostra-de-fotografies-finestres-al-bar-el-public\\\/\"},\"wordCount\":398,\"commentCount\":0,\"image\":{\"@id\":\"https:\\\/\\\/cfpmaresme.org\\\/es\\\/ferran-girones-exposa-la-seva-mostra-de-fotografies-finestres-al-bar-el-public\\\/#primaryimage\"},\"thumbnailUrl\":\"https:\\\/\\\/centreformacioprevencio.files.wordpress.com\\\/2016\\\/10\\\/gsdgdg.png\",\"keywords\":[\"centre\",\"comunit\u00e0ria\",\"exposicio\",\"ferran\",\"finestres\",\"formaci\u00f3\",\"fotografia\",\"giron\u00e8s\",\"matar\u00f3\",\"prevenci\u00f3\",\"p\u00fablic\",\"rehabilitaci\u00f3\",\"servei\"],\"articleSection\":[\"Alterarte\"],\"inLanguage\":\"es\"},{\"@type\":\"WebPage\",\"@id\":\"https:\\\/\\\/cfpmaresme.org\\\/es\\\/ferran-girones-exposa-la-seva-mostra-de-fotografies-finestres-al-bar-el-public\\\/\",\"url\":\"https:\\\/\\\/cfpmaresme.org\\\/es\\\/ferran-girones-exposa-la-seva-mostra-de-fotografies-finestres-al-bar-el-public\\\/\",\"name\":\"Ferran Giron\u00e8s expone su muestra de fotograf\u00edas \u201cFinestres\u201d en el Bar El P\u00fablic | CFP Maresme\",\"isPartOf\":{\"@id\":\"https:\\\/\\\/cfpmaresme.org\\\/#website\"},\"primaryImageOfPage\":{\"@id\":\"https:\\\/\\\/cfpmaresme.org\\\/es\\\/ferran-girones-exposa-la-seva-mostra-de-fotografies-finestres-al-bar-el-public\\\/#primaryimage\"},\"image\":{\"@id\":\"https:\\\/\\\/cfpmaresme.org\\\/es\\\/ferran-girones-exposa-la-seva-mostra-de-fotografies-finestres-al-bar-el-public\\\/#primaryimage\"},\"thumbnailUrl\":\"https:\\\/\\\/centreformacioprevencio.files.wordpress.com\\\/2016\\\/10\\\/gsdgdg.png\",\"datePublished\":\"2016-10-13T09:50:07+00:00\",\"dateModified\":\"2020-10-27T13:14:01+00:00\",\"author\":{\"@id\":\"https:\\\/\\\/cfpmaresme.org\\\/#\\\/schema\\\/person\\\/b2634bcd796fafc667ea4055f61b9b2c\"},\"breadcrumb\":{\"@id\":\"https:\\\/\\\/cfpmaresme.org\\\/es\\\/ferran-girones-exposa-la-seva-mostra-de-fotografies-finestres-al-bar-el-public\\\/#breadcrumb\"},\"inLanguage\":\"es\",\"potentialAction\":[{\"@type\":\"ReadAction\",\"target\":[\"https:\\\/\\\/cfpmaresme.org\\\/es\\\/ferran-girones-exposa-la-seva-mostra-de-fotografies-finestres-al-bar-el-public\\\/\"]}]},{\"@type\":\"ImageObject\",\"inLanguage\":\"es\",\"@id\":\"https:\\\/\\\/cfpmaresme.org\\\/es\\\/ferran-girones-exposa-la-seva-mostra-de-fotografies-finestres-al-bar-el-public\\\/#primaryimage\",\"url\":\"https:\\\/\\\/centreformacioprevencio.files.wordpress.com\\\/2016\\\/10\\\/gsdgdg.png\",\"contentUrl\":\"https:\\\/\\\/centreformacioprevencio.files.wordpress.com\\\/2016\\\/10\\\/gsdgdg.png\"},{\"@type\":\"BreadcrumbList\",\"@id\":\"https:\\\/\\\/cfpmaresme.org\\\/es\\\/ferran-girones-exposa-la-seva-mostra-de-fotografies-finestres-al-bar-el-public\\\/#breadcrumb\",\"itemListElement\":[{\"@type\":\"ListItem\",\"position\":1,\"name\":\"Home\",\"item\":\"https:\\\/\\\/cfpmaresme.org\\\/es\\\/\"},{\"@type\":\"ListItem\",\"position\":2,\"name\":\"Ferran Giron\u00e8s expone su muestra de fotograf\u00edas \u201cFinestres\u201d en el Bar El P\u00fablic\"}]},{\"@type\":\"WebSite\",\"@id\":\"https:\\\/\\\/cfpmaresme.org\\\/#website\",\"url\":\"https:\\\/\\\/cfpmaresme.org\\\/\",\"name\":\"CFP Maresme\",\"description\":\"Centre Formaci\u00f3 Prevenci\u00f3\",\"potentialAction\":[{\"@type\":\"SearchAction\",\"target\":{\"@type\":\"EntryPoint\",\"urlTemplate\":\"https:\\\/\\\/cfpmaresme.org\\\/?s={search_term_string}\"},\"query-input\":{\"@type\":\"PropertyValueSpecification\",\"valueRequired\":true,\"valueName\":\"search_term_string\"}}],\"inLanguage\":\"es\"},{\"@type\":\"Person\",\"@id\":\"https:\\\/\\\/cfpmaresme.org\\\/#\\\/schema\\\/person\\\/b2634bcd796fafc667ea4055f61b9b2c\",\"name\":\"CFPMaresme\"}]}<\/script>\n<!-- \/ Yoast SEO plugin. -->","yoast_head_json":{"title":"Ferran Giron\u00e8s expone su muestra de fotograf\u00edas \u201cFinestres\u201d en el Bar El P\u00fablic | CFP Maresme","robots":{"index":"index","follow":"follow","max-snippet":"max-snippet:-1","max-image-preview":"max-image-preview:large","max-video-preview":"max-video-preview:-1"},"canonical":"https:\/\/cfpmaresme.org\/es\/ferran-girones-exposa-la-seva-mostra-de-fotografies-finestres-al-bar-el-public\/","og_locale":"es_ES","og_type":"article","og_title":"Ferran Giron\u00e8s expone su muestra de fotograf\u00edas \u201cFinestres\u201d en el Bar El P\u00fablic | CFP Maresme","og_description":"La exposici\u00f3n es una selecci\u00f3n de una quincena de im\u00e1genes que el autor ha ido fotografiando durante lo que llevamos de a\u00f1o Nuestro compa\u00f1ero Ferran Giron\u00e8s inaugur\u00f3 el pasado lunes 3 de octubre una exposici\u00f3n de fotograf\u00edas muy personales en el Bar El P\u00fablic. La...","og_url":"https:\/\/cfpmaresme.org\/es\/ferran-girones-exposa-la-seva-mostra-de-fotografies-finestres-al-bar-el-public\/","og_site_name":"CFP Maresme","article_published_time":"2016-10-13T09:50:07+00:00","article_modified_time":"2020-10-27T13:14:01+00:00","og_image":[{"url":"https:\/\/centreformacioprevencio.files.wordpress.com\/2016\/10\/gsdgdg.png","type":"","width":"","height":""}],"author":"CFPMaresme","twitter_card":"summary_large_image","twitter_creator":"@cfpmaresme","twitter_site":"@cfpmaresme","twitter_misc":{"Escrito por":"CFPMaresme","Tiempo de lectura":"2 minutos"},"schema":{"@context":"https:\/\/schema.org","@graph":[{"@type":"Article","@id":"https:\/\/cfpmaresme.org\/es\/ferran-girones-exposa-la-seva-mostra-de-fotografies-finestres-al-bar-el-public\/#article","isPartOf":{"@id":"https:\/\/cfpmaresme.org\/es\/ferran-girones-exposa-la-seva-mostra-de-fotografies-finestres-al-bar-el-public\/"},"author":{"name":"CFPMaresme","@id":"https:\/\/cfpmaresme.org\/#\/schema\/person\/b2634bcd796fafc667ea4055f61b9b2c"},"headline":"Ferran Giron\u00e8s expone su muestra de fotograf\u00edas \u201cFinestres\u201d en el Bar El P\u00fablic","datePublished":"2016-10-13T09:50:07+00:00","dateModified":"2020-10-27T13:14:01+00:00","mainEntityOfPage":{"@id":"https:\/\/cfpmaresme.org\/es\/ferran-girones-exposa-la-seva-mostra-de-fotografies-finestres-al-bar-el-public\/"},"wordCount":398,"commentCount":0,"image":{"@id":"https:\/\/cfpmaresme.org\/es\/ferran-girones-exposa-la-seva-mostra-de-fotografies-finestres-al-bar-el-public\/#primaryimage"},"thumbnailUrl":"https:\/\/centreformacioprevencio.files.wordpress.com\/2016\/10\/gsdgdg.png","keywords":["centre","comunit\u00e0ria","exposicio","ferran","finestres","formaci\u00f3","fotografia","giron\u00e8s","matar\u00f3","prevenci\u00f3","p\u00fablic","rehabilitaci\u00f3","servei"],"articleSection":["Alterarte"],"inLanguage":"es"},{"@type":"WebPage","@id":"https:\/\/cfpmaresme.org\/es\/ferran-girones-exposa-la-seva-mostra-de-fotografies-finestres-al-bar-el-public\/","url":"https:\/\/cfpmaresme.org\/es\/ferran-girones-exposa-la-seva-mostra-de-fotografies-finestres-al-bar-el-public\/","name":"Ferran Giron\u00e8s expone su muestra de fotograf\u00edas \u201cFinestres\u201d en el Bar El P\u00fablic | CFP Maresme","isPartOf":{"@id":"https:\/\/cfpmaresme.org\/#website"},"primaryImageOfPage":{"@id":"https:\/\/cfpmaresme.org\/es\/ferran-girones-exposa-la-seva-mostra-de-fotografies-finestres-al-bar-el-public\/#primaryimage"},"image":{"@id":"https:\/\/cfpmaresme.org\/es\/ferran-girones-exposa-la-seva-mostra-de-fotografies-finestres-al-bar-el-public\/#primaryimage"},"thumbnailUrl":"https:\/\/centreformacioprevencio.files.wordpress.com\/2016\/10\/gsdgdg.png","datePublished":"2016-10-13T09:50:07+00:00","dateModified":"2020-10-27T13:14:01+00:00","author":{"@id":"https:\/\/cfpmaresme.org\/#\/schema\/person\/b2634bcd796fafc667ea4055f61b9b2c"},"breadcrumb":{"@id":"https:\/\/cfpmaresme.org\/es\/ferran-girones-exposa-la-seva-mostra-de-fotografies-finestres-al-bar-el-public\/#breadcrumb"},"inLanguage":"es","potentialAction":[{"@type":"ReadAction","target":["https:\/\/cfpmaresme.org\/es\/ferran-girones-exposa-la-seva-mostra-de-fotografies-finestres-al-bar-el-public\/"]}]},{"@type":"ImageObject","inLanguage":"es","@id":"https:\/\/cfpmaresme.org\/es\/ferran-girones-exposa-la-seva-mostra-de-fotografies-finestres-al-bar-el-public\/#primaryimage","url":"https:\/\/centreformacioprevencio.files.wordpress.com\/2016\/10\/gsdgdg.png","contentUrl":"https:\/\/centreformacioprevencio.files.wordpress.com\/2016\/10\/gsdgdg.png"},{"@type":"BreadcrumbList","@id":"https:\/\/cfpmaresme.org\/es\/ferran-girones-exposa-la-seva-mostra-de-fotografies-finestres-al-bar-el-public\/#breadcrumb","itemListElement":[{"@type":"ListItem","position":1,"name":"Home","item":"https:\/\/cfpmaresme.org\/es\/"},{"@type":"ListItem","position":2,"name":"Ferran Giron\u00e8s expone su muestra de fotograf\u00edas \u201cFinestres\u201d en el Bar El P\u00fablic"}]},{"@type":"WebSite","@id":"https:\/\/cfpmaresme.org\/#website","url":"https:\/\/cfpmaresme.org\/","name":"CFP Maresme","description":"Centre Formaci\u00f3 Prevenci\u00f3","potentialAction":[{"@type":"SearchAction","target":{"@type":"EntryPoint","urlTemplate":"https:\/\/cfpmaresme.org\/?s={search_term_string}"},"query-input":{"@type":"PropertyValueSpecification","valueRequired":true,"valueName":"search_term_string"}}],"inLanguage":"es"},{"@type":"Person","@id":"https:\/\/cfpmaresme.org\/#\/schema\/person\/b2634bcd796fafc667ea4055f61b9b2c","name":"CFPMaresme"}]}},"_links":{"self":[{"href":"https:\/\/cfpmaresme.org\/es\/wp-json\/wp\/v2\/posts\/16974","targetHints":{"allow":["GET"]}}],"collection":[{"href":"https:\/\/cfpmaresme.org\/es\/wp-json\/wp\/v2\/posts"}],"about":[{"href":"https:\/\/cfpmaresme.org\/es\/wp-json\/wp\/v2\/types\/post"}],"author":[{"embeddable":true,"href":"https:\/\/cfpmaresme.org\/es\/wp-json\/wp\/v2\/users\/2"}],"replies":[{"embeddable":true,"href":"https:\/\/cfpmaresme.org\/es\/wp-json\/wp\/v2\/comments?post=16974"}],"version-history":[{"count":3,"href":"https:\/\/cfpmaresme.org\/es\/wp-json\/wp\/v2\/posts\/16974\/revisions"}],"predecessor-version":[{"id":22135,"href":"https:\/\/cfpmaresme.org\/es\/wp-json\/wp\/v2\/posts\/16974\/revisions\/22135"}],"wp:attachment":[{"href":"https:\/\/cfpmaresme.org\/es\/wp-json\/wp\/v2\/media?parent=16974"}],"wp:term":[{"taxonomy":"category","embeddable":true,"href":"https:\/\/cfpmaresme.org\/es\/wp-json\/wp\/v2\/categories?post=16974"},{"taxonomy":"post_tag","embeddable":true,"href":"https:\/\/cfpmaresme.org\/es\/wp-json\/wp\/v2\/tags?post=16974"}],"curies":[{"name":"wp","href":"https:\/\/api.w.org\/{rel}","templated":true}]}}