{"id":16975,"date":"2016-10-11T09:08:01","date_gmt":"2016-10-11T09:08:01","guid":{"rendered":"http:\/\/cfpmaresme.org\/el-cfp-celebra-el-dia-mundial-de-la-salut-mental-a-barcelona-2\/"},"modified":"2020-09-08T15:22:52","modified_gmt":"2020-09-08T13:22:52","slug":"el-cfp-celebra-el-dia-mundial-de-la-salut-mental-a-barcelona-2","status":"publish","type":"post","link":"https:\/\/cfpmaresme.org\/es\/el-cfp-celebra-el-dia-mundial-de-la-salut-mental-a-barcelona-2\/","title":{"rendered":"El CFP celebra el Dia Mundial de la Salut Mental a Barcelona"},"content":{"rendered":"<p style=\"text-align: justify;\">La trobada, que cada any organitza F\u00f2rum Salut Mental, va ser una festa reivindicativa amb la intenci\u00f3 de fer m\u00e9s visible a la societat el col\u00b7lectiu de la salut mental<\/p>\n<p style=\"text-align: justify;\"><img loading=\"lazy\" decoding=\"async\" class=\"alignnone size-full wp-image-862\" src=\"https:\/\/centreformacioprevencio.files.wordpress.com\/2016\/10\/img_20161007_115055.jpg\" alt=\"img_20161007_115055\" width=\"4160\" height=\"2336\" \/><\/p>\n<p style=\"text-align: justify;\">Educadors i usuaris del Centre de Formaci\u00f3 i Prevenci\u00f3 van reunir-se a la Pla\u00e7a Universitat de Barcelona el passat divendres 7 d\u2019octubre per celebrar el Dia Mundial de la Salut Mental. Aquest acte, que cada any organitza la federaci\u00f3 F\u00f2rum Salut Mental, aplega a nombroses associacions que defensen els drets d\u2019aquest col\u00b7lectiu i compta amb la pres\u00e8ncia de diverses personalitats pol\u00edtiques que ofereixen recolzament institucional a les seves reivindicacions.<\/p>\n<p style=\"text-align: justify;\"><!--more--><\/p>\n<p style=\"text-align: justify;\">La jornada va comen\u00e7ar amb la col\u00b7locaci\u00f3 d\u2019un mural on les persones podien escriure els seus pensaments sobre la salut mental. Aquest any, amb el hashtag #somvisibles i el lema \u201cFem Visible l\u2019Invisible\u201d, es buscava conscienciar sobre el reconeixement social de les persones amb problemes de salut mental i la seva integraci\u00f3 en tots els \u00e0mbits.<\/p>\n<p style=\"text-align: justify;\"><img loading=\"lazy\" decoding=\"async\" class=\"alignnone size-full wp-image-854\" src=\"https:\/\/centreformacioprevencio.files.wordpress.com\/2016\/10\/img_20161007_104129.jpg\" alt=\"img_20161007_104129\" width=\"4160\" height=\"2336\" \/><\/p>\n<p style=\"text-align: justify;\">Tot seguit es va donar pas a l\u2019actuaci\u00f3 del Mag Stigman, que va posar el punt divertit de l\u2019acte amb els seus trucs en els que van participar voluntaris de les diverses associacions que estaven reunides a Pla\u00e7a Universitat. Mentrestant, les parades de les entitats anaven rebent la visita de persones que s\u2019apropaven per a con\u00e8ixer les activitats i programes i serveis que ofereixen.<\/p>\n<p style=\"text-align: justify;\">Finalment va ser el torn dels parlaments. La presentaci\u00f3 dels discursos va anar a c\u00e0rrec de la periodista badalonina L\u00eddia Heredia. La jornada va gaudir de la pres\u00e8ncia de la Consellera de la Presid\u00e8ncia Neus Munt\u00e9, el Conseller de Salut Antoni Com\u00edn i la Comissionada de Salut Gemma Tarafa.<\/p>\n<p style=\"text-align: justify;\"><img loading=\"lazy\" decoding=\"async\" class=\"alignnone size-full wp-image-855\" src=\"https:\/\/centreformacioprevencio.files.wordpress.com\/2016\/10\/20161007_133158.jpg\" alt=\"20161007_133158\" width=\"4128\" height=\"2322\" \/><\/p>\n<p style=\"text-align: justify;\">Per a concloure l\u2019acte, tots ells van simbolitzar aquest fet de \u201cfer visible l\u2019invisible\u201d encenent un interruptor gegant que significava precisament el fet d\u2019encendre la llum, d\u2019obrir els ulls i de veure la realitat del col\u00b7lectiu de la salut mental i d\u2019aquesta manera, com es fa cada any amb aquesta festa, intentar trencar l\u2019estigma i fer-los m\u00e9s presents en la societat.<\/p>\n","protected":false},"excerpt":{"rendered":"<p>La trobada, que cada any organitza F\u00f2rum Salut Mental, va ser una festa reivindicativa amb la intenci\u00f3 de fer m\u00e9s visible a la societat el col\u00b7lectiu de la salut mental Educadors i usuaris del Centre de Formaci\u00f3 i Prevenci\u00f3 van reunir-se a la Pla\u00e7a Universitat&#8230;<\/p>\n","protected":false},"author":2,"featured_media":0,"comment_status":"open","ping_status":"open","sticky":false,"template":"","format":"standard","meta":{"footnotes":""},"categories":[1187],"tags":[806,630,671,746,635,783,706,925,850,851,638,681],"class_list":["post-16975","post","type-post","status-publish","format-standard","hentry","category-cfp-maresme-es","tag-barcelona-es","tag-centre-es","tag-dia-es","tag-festa-es","tag-formacio-es","tag-forum-es","tag-mental-es","tag-mundial-es","tag-munte-es","tag-neus-es","tag-prevencio-es","tag-salut-es"],"yoast_head":"<!-- This site is optimized with the Yoast SEO plugin v27.4 - https:\/\/yoast.com\/product\/yoast-seo-wordpress\/ -->\n<title>El CFP celebra el Dia Mundial de la Salut Mental a Barcelona | CFP Maresme<\/title>\n<meta name=\"robots\" content=\"index, follow, max-snippet:-1, max-image-preview:large, max-video-preview:-1\" \/>\n<link rel=\"canonical\" href=\"https:\/\/cfpmaresme.org\/es\/el-cfp-celebra-el-dia-mundial-de-la-salut-mental-a-barcelona-2\/\" \/>\n<meta property=\"og:locale\" content=\"es_ES\" \/>\n<meta property=\"og:type\" content=\"article\" \/>\n<meta property=\"og:title\" content=\"El CFP celebra el Dia Mundial de la Salut Mental a Barcelona | CFP Maresme\" \/>\n<meta property=\"og:description\" content=\"La trobada, que cada any organitza F\u00f2rum Salut Mental, va ser una festa reivindicativa amb la intenci\u00f3 de fer m\u00e9s visible a la societat el col\u00b7lectiu de la salut mental Educadors i usuaris del Centre de Formaci\u00f3 i Prevenci\u00f3 van reunir-se a la Pla\u00e7a Universitat...\" \/>\n<meta property=\"og:url\" content=\"https:\/\/cfpmaresme.org\/es\/el-cfp-celebra-el-dia-mundial-de-la-salut-mental-a-barcelona-2\/\" \/>\n<meta property=\"og:site_name\" content=\"CFP Maresme\" \/>\n<meta property=\"article:published_time\" content=\"2016-10-11T09:08:01+00:00\" \/>\n<meta property=\"article:modified_time\" content=\"2020-09-08T13:22:52+00:00\" \/>\n<meta property=\"og:image\" content=\"https:\/\/centreformacioprevencio.files.wordpress.com\/2016\/10\/img_20161007_115055.jpg\" \/>\n<meta name=\"author\" content=\"CFPMaresme\" \/>\n<meta name=\"twitter:card\" content=\"summary_large_image\" \/>\n<meta name=\"twitter:creator\" content=\"@cfpmaresme\" \/>\n<meta name=\"twitter:site\" content=\"@cfpmaresme\" \/>\n<meta name=\"twitter:label1\" content=\"Escrito por\" \/>\n\t<meta name=\"twitter:data1\" content=\"CFPMaresme\" \/>\n\t<meta name=\"twitter:label2\" content=\"Tiempo de lectura\" \/>\n\t<meta name=\"twitter:data2\" content=\"2 minutos\" \/>\n<script type=\"application\/ld+json\" class=\"yoast-schema-graph\">{\"@context\":\"https:\\\/\\\/schema.org\",\"@graph\":[{\"@type\":\"Article\",\"@id\":\"https:\\\/\\\/cfpmaresme.org\\\/es\\\/el-cfp-celebra-el-dia-mundial-de-la-salut-mental-a-barcelona-2\\\/#article\",\"isPartOf\":{\"@id\":\"https:\\\/\\\/cfpmaresme.org\\\/es\\\/el-cfp-celebra-el-dia-mundial-de-la-salut-mental-a-barcelona-2\\\/\"},\"author\":{\"name\":\"CFPMaresme\",\"@id\":\"https:\\\/\\\/cfpmaresme.org\\\/#\\\/schema\\\/person\\\/b2634bcd796fafc667ea4055f61b9b2c\"},\"headline\":\"El CFP celebra el Dia Mundial de la Salut Mental a Barcelona\",\"datePublished\":\"2016-10-11T09:08:01+00:00\",\"dateModified\":\"2020-09-08T13:22:52+00:00\",\"mainEntityOfPage\":{\"@id\":\"https:\\\/\\\/cfpmaresme.org\\\/es\\\/el-cfp-celebra-el-dia-mundial-de-la-salut-mental-a-barcelona-2\\\/\"},\"wordCount\":372,\"commentCount\":0,\"image\":{\"@id\":\"https:\\\/\\\/cfpmaresme.org\\\/es\\\/el-cfp-celebra-el-dia-mundial-de-la-salut-mental-a-barcelona-2\\\/#primaryimage\"},\"thumbnailUrl\":\"https:\\\/\\\/centreformacioprevencio.files.wordpress.com\\\/2016\\\/10\\\/img_20161007_115055.jpg\",\"keywords\":[\"barcelona\",\"centre\",\"dia\",\"festa\",\"formaci\u00f3\",\"f\u00f2rum\",\"mental\",\"mundial\",\"munt\u00e9\",\"neus\",\"prevenci\u00f3\",\"salut\"],\"articleSection\":[\"CFP Maresme\"],\"inLanguage\":\"es\"},{\"@type\":\"WebPage\",\"@id\":\"https:\\\/\\\/cfpmaresme.org\\\/es\\\/el-cfp-celebra-el-dia-mundial-de-la-salut-mental-a-barcelona-2\\\/\",\"url\":\"https:\\\/\\\/cfpmaresme.org\\\/es\\\/el-cfp-celebra-el-dia-mundial-de-la-salut-mental-a-barcelona-2\\\/\",\"name\":\"El CFP celebra el Dia Mundial de la Salut Mental a Barcelona | CFP Maresme\",\"isPartOf\":{\"@id\":\"https:\\\/\\\/cfpmaresme.org\\\/#website\"},\"primaryImageOfPage\":{\"@id\":\"https:\\\/\\\/cfpmaresme.org\\\/es\\\/el-cfp-celebra-el-dia-mundial-de-la-salut-mental-a-barcelona-2\\\/#primaryimage\"},\"image\":{\"@id\":\"https:\\\/\\\/cfpmaresme.org\\\/es\\\/el-cfp-celebra-el-dia-mundial-de-la-salut-mental-a-barcelona-2\\\/#primaryimage\"},\"thumbnailUrl\":\"https:\\\/\\\/centreformacioprevencio.files.wordpress.com\\\/2016\\\/10\\\/img_20161007_115055.jpg\",\"datePublished\":\"2016-10-11T09:08:01+00:00\",\"dateModified\":\"2020-09-08T13:22:52+00:00\",\"author\":{\"@id\":\"https:\\\/\\\/cfpmaresme.org\\\/#\\\/schema\\\/person\\\/b2634bcd796fafc667ea4055f61b9b2c\"},\"breadcrumb\":{\"@id\":\"https:\\\/\\\/cfpmaresme.org\\\/es\\\/el-cfp-celebra-el-dia-mundial-de-la-salut-mental-a-barcelona-2\\\/#breadcrumb\"},\"inLanguage\":\"es\",\"potentialAction\":[{\"@type\":\"ReadAction\",\"target\":[\"https:\\\/\\\/cfpmaresme.org\\\/es\\\/el-cfp-celebra-el-dia-mundial-de-la-salut-mental-a-barcelona-2\\\/\"]}]},{\"@type\":\"ImageObject\",\"inLanguage\":\"es\",\"@id\":\"https:\\\/\\\/cfpmaresme.org\\\/es\\\/el-cfp-celebra-el-dia-mundial-de-la-salut-mental-a-barcelona-2\\\/#primaryimage\",\"url\":\"https:\\\/\\\/centreformacioprevencio.files.wordpress.com\\\/2016\\\/10\\\/img_20161007_115055.jpg\",\"contentUrl\":\"https:\\\/\\\/centreformacioprevencio.files.wordpress.com\\\/2016\\\/10\\\/img_20161007_115055.jpg\"},{\"@type\":\"BreadcrumbList\",\"@id\":\"https:\\\/\\\/cfpmaresme.org\\\/es\\\/el-cfp-celebra-el-dia-mundial-de-la-salut-mental-a-barcelona-2\\\/#breadcrumb\",\"itemListElement\":[{\"@type\":\"ListItem\",\"position\":1,\"name\":\"Home\",\"item\":\"https:\\\/\\\/cfpmaresme.org\\\/es\\\/\"},{\"@type\":\"ListItem\",\"position\":2,\"name\":\"El CFP celebra el Dia Mundial de la Salut Mental a Barcelona\"}]},{\"@type\":\"WebSite\",\"@id\":\"https:\\\/\\\/cfpmaresme.org\\\/#website\",\"url\":\"https:\\\/\\\/cfpmaresme.org\\\/\",\"name\":\"CFP Maresme\",\"description\":\"Centre Formaci\u00f3 Prevenci\u00f3\",\"potentialAction\":[{\"@type\":\"SearchAction\",\"target\":{\"@type\":\"EntryPoint\",\"urlTemplate\":\"https:\\\/\\\/cfpmaresme.org\\\/?s={search_term_string}\"},\"query-input\":{\"@type\":\"PropertyValueSpecification\",\"valueRequired\":true,\"valueName\":\"search_term_string\"}}],\"inLanguage\":\"es\"},{\"@type\":\"Person\",\"@id\":\"https:\\\/\\\/cfpmaresme.org\\\/#\\\/schema\\\/person\\\/b2634bcd796fafc667ea4055f61b9b2c\",\"name\":\"CFPMaresme\"}]}<\/script>\n<!-- \/ Yoast SEO plugin. -->","yoast_head_json":{"title":"El CFP celebra el Dia Mundial de la Salut Mental a Barcelona | CFP Maresme","robots":{"index":"index","follow":"follow","max-snippet":"max-snippet:-1","max-image-preview":"max-image-preview:large","max-video-preview":"max-video-preview:-1"},"canonical":"https:\/\/cfpmaresme.org\/es\/el-cfp-celebra-el-dia-mundial-de-la-salut-mental-a-barcelona-2\/","og_locale":"es_ES","og_type":"article","og_title":"El CFP celebra el Dia Mundial de la Salut Mental a Barcelona | CFP Maresme","og_description":"La trobada, que cada any organitza F\u00f2rum Salut Mental, va ser una festa reivindicativa amb la intenci\u00f3 de fer m\u00e9s visible a la societat el col\u00b7lectiu de la salut mental Educadors i usuaris del Centre de Formaci\u00f3 i Prevenci\u00f3 van reunir-se a la Pla\u00e7a Universitat...","og_url":"https:\/\/cfpmaresme.org\/es\/el-cfp-celebra-el-dia-mundial-de-la-salut-mental-a-barcelona-2\/","og_site_name":"CFP Maresme","article_published_time":"2016-10-11T09:08:01+00:00","article_modified_time":"2020-09-08T13:22:52+00:00","og_image":[{"url":"https:\/\/centreformacioprevencio.files.wordpress.com\/2016\/10\/img_20161007_115055.jpg","type":"","width":"","height":""}],"author":"CFPMaresme","twitter_card":"summary_large_image","twitter_creator":"@cfpmaresme","twitter_site":"@cfpmaresme","twitter_misc":{"Escrito por":"CFPMaresme","Tiempo de lectura":"2 minutos"},"schema":{"@context":"https:\/\/schema.org","@graph":[{"@type":"Article","@id":"https:\/\/cfpmaresme.org\/es\/el-cfp-celebra-el-dia-mundial-de-la-salut-mental-a-barcelona-2\/#article","isPartOf":{"@id":"https:\/\/cfpmaresme.org\/es\/el-cfp-celebra-el-dia-mundial-de-la-salut-mental-a-barcelona-2\/"},"author":{"name":"CFPMaresme","@id":"https:\/\/cfpmaresme.org\/#\/schema\/person\/b2634bcd796fafc667ea4055f61b9b2c"},"headline":"El CFP celebra el Dia Mundial de la Salut Mental a Barcelona","datePublished":"2016-10-11T09:08:01+00:00","dateModified":"2020-09-08T13:22:52+00:00","mainEntityOfPage":{"@id":"https:\/\/cfpmaresme.org\/es\/el-cfp-celebra-el-dia-mundial-de-la-salut-mental-a-barcelona-2\/"},"wordCount":372,"commentCount":0,"image":{"@id":"https:\/\/cfpmaresme.org\/es\/el-cfp-celebra-el-dia-mundial-de-la-salut-mental-a-barcelona-2\/#primaryimage"},"thumbnailUrl":"https:\/\/centreformacioprevencio.files.wordpress.com\/2016\/10\/img_20161007_115055.jpg","keywords":["barcelona","centre","dia","festa","formaci\u00f3","f\u00f2rum","mental","mundial","munt\u00e9","neus","prevenci\u00f3","salut"],"articleSection":["CFP Maresme"],"inLanguage":"es"},{"@type":"WebPage","@id":"https:\/\/cfpmaresme.org\/es\/el-cfp-celebra-el-dia-mundial-de-la-salut-mental-a-barcelona-2\/","url":"https:\/\/cfpmaresme.org\/es\/el-cfp-celebra-el-dia-mundial-de-la-salut-mental-a-barcelona-2\/","name":"El CFP celebra el Dia Mundial de la Salut Mental a Barcelona | CFP Maresme","isPartOf":{"@id":"https:\/\/cfpmaresme.org\/#website"},"primaryImageOfPage":{"@id":"https:\/\/cfpmaresme.org\/es\/el-cfp-celebra-el-dia-mundial-de-la-salut-mental-a-barcelona-2\/#primaryimage"},"image":{"@id":"https:\/\/cfpmaresme.org\/es\/el-cfp-celebra-el-dia-mundial-de-la-salut-mental-a-barcelona-2\/#primaryimage"},"thumbnailUrl":"https:\/\/centreformacioprevencio.files.wordpress.com\/2016\/10\/img_20161007_115055.jpg","datePublished":"2016-10-11T09:08:01+00:00","dateModified":"2020-09-08T13:22:52+00:00","author":{"@id":"https:\/\/cfpmaresme.org\/#\/schema\/person\/b2634bcd796fafc667ea4055f61b9b2c"},"breadcrumb":{"@id":"https:\/\/cfpmaresme.org\/es\/el-cfp-celebra-el-dia-mundial-de-la-salut-mental-a-barcelona-2\/#breadcrumb"},"inLanguage":"es","potentialAction":[{"@type":"ReadAction","target":["https:\/\/cfpmaresme.org\/es\/el-cfp-celebra-el-dia-mundial-de-la-salut-mental-a-barcelona-2\/"]}]},{"@type":"ImageObject","inLanguage":"es","@id":"https:\/\/cfpmaresme.org\/es\/el-cfp-celebra-el-dia-mundial-de-la-salut-mental-a-barcelona-2\/#primaryimage","url":"https:\/\/centreformacioprevencio.files.wordpress.com\/2016\/10\/img_20161007_115055.jpg","contentUrl":"https:\/\/centreformacioprevencio.files.wordpress.com\/2016\/10\/img_20161007_115055.jpg"},{"@type":"BreadcrumbList","@id":"https:\/\/cfpmaresme.org\/es\/el-cfp-celebra-el-dia-mundial-de-la-salut-mental-a-barcelona-2\/#breadcrumb","itemListElement":[{"@type":"ListItem","position":1,"name":"Home","item":"https:\/\/cfpmaresme.org\/es\/"},{"@type":"ListItem","position":2,"name":"El CFP celebra el Dia Mundial de la Salut Mental a Barcelona"}]},{"@type":"WebSite","@id":"https:\/\/cfpmaresme.org\/#website","url":"https:\/\/cfpmaresme.org\/","name":"CFP Maresme","description":"Centre Formaci\u00f3 Prevenci\u00f3","potentialAction":[{"@type":"SearchAction","target":{"@type":"EntryPoint","urlTemplate":"https:\/\/cfpmaresme.org\/?s={search_term_string}"},"query-input":{"@type":"PropertyValueSpecification","valueRequired":true,"valueName":"search_term_string"}}],"inLanguage":"es"},{"@type":"Person","@id":"https:\/\/cfpmaresme.org\/#\/schema\/person\/b2634bcd796fafc667ea4055f61b9b2c","name":"CFPMaresme"}]}},"_links":{"self":[{"href":"https:\/\/cfpmaresme.org\/es\/wp-json\/wp\/v2\/posts\/16975","targetHints":{"allow":["GET"]}}],"collection":[{"href":"https:\/\/cfpmaresme.org\/es\/wp-json\/wp\/v2\/posts"}],"about":[{"href":"https:\/\/cfpmaresme.org\/es\/wp-json\/wp\/v2\/types\/post"}],"author":[{"embeddable":true,"href":"https:\/\/cfpmaresme.org\/es\/wp-json\/wp\/v2\/users\/2"}],"replies":[{"embeddable":true,"href":"https:\/\/cfpmaresme.org\/es\/wp-json\/wp\/v2\/comments?post=16975"}],"version-history":[{"count":1,"href":"https:\/\/cfpmaresme.org\/es\/wp-json\/wp\/v2\/posts\/16975\/revisions"}],"predecessor-version":[{"id":21503,"href":"https:\/\/cfpmaresme.org\/es\/wp-json\/wp\/v2\/posts\/16975\/revisions\/21503"}],"wp:attachment":[{"href":"https:\/\/cfpmaresme.org\/es\/wp-json\/wp\/v2\/media?parent=16975"}],"wp:term":[{"taxonomy":"category","embeddable":true,"href":"https:\/\/cfpmaresme.org\/es\/wp-json\/wp\/v2\/categories?post=16975"},{"taxonomy":"post_tag","embeddable":true,"href":"https:\/\/cfpmaresme.org\/es\/wp-json\/wp\/v2\/tags?post=16975"}],"curies":[{"name":"wp","href":"https:\/\/api.w.org\/{rel}","templated":true}]}}