{"id":16977,"date":"2016-10-09T09:39:39","date_gmt":"2016-10-09T09:39:39","guid":{"rendered":"http:\/\/cfpmaresme.org\/alterarte-assisteix-a-lexposicio-dels-tallers-de-natura-es-cultura-denguany\/"},"modified":"2020-10-27T15:23:35","modified_gmt":"2020-10-27T13:23:35","slug":"alterarte-assisteix-a-lexposicio-dels-tallers-de-natura-es-cultura-denguany","status":"publish","type":"post","link":"https:\/\/cfpmaresme.org\/es\/alterarte-assisteix-a-lexposicio-dels-tallers-de-natura-es-cultura-denguany\/","title":{"rendered":"Alterarte asiste a la exposici\u00f3n de los talleres de Natura \u00e9s Cultura de este a\u00f1o"},"content":{"rendered":"<p style=\"text-align: justify;\">Nuestros compa\u00f1eros pudieron ver expuestas las obras que realizaron el pasado mes de septiembre en su estancia en los talleres organizados por la Fundaci\u00f3 Setba<\/p>\n<p style=\"text-align: justify;\"><img loading=\"lazy\" decoding=\"async\" class=\"alignnone size-full wp-image-956\" src=\"https:\/\/centreformacioprevencio.files.wordpress.com\/2016\/10\/img-20161010-wa0007b.jpg\" alt=\"img-20161010-wa0007b\" width=\"1600\" height=\"960\" \/><\/p>\n<p style=\"text-align: justify;\">El pasado 8 de octubre un grupo de educadores y usuarios del Centre de Formaci\u00f3 i Prevenci\u00f3 se trasladaron hasta el Museo Comarcal de Manresa para asistir a la presentaci\u00f3n de la exposici\u00f3n de la quinta edici\u00f3n de los talleres Natura es Cultura, organizados por la Fundaci\u00f3 Setba. Estos talleres, en que participaron por segundo a\u00f1o consecutivo nuestros compa\u00f1eros de Alterarte el pasado mes de septiembre, pretende integrar el proceso creativo con el respeto del medio ambiente.<\/p>\n<p style=\"text-align: justify;\"><!--more--><\/p>\n<p style=\"text-align: justify;\">En esta edici\u00f3n, titulada \u00abDe la m\u00f2rula al Cad\u00e0ver Exquisit\u00bb, se interpreta la creaci\u00f3n desde su estado embrionario hasta la producci\u00f3n art\u00edstica colectiva. Esta creaci\u00f3n conjunta cont\u00f3 este a\u00f1o con la presencia de cuatro asociaciones que fueron Alterarte, Susoespai, Radio Nikosia i Tres Turons.<\/p>\n<p style=\"text-align: justify;\"><img loading=\"lazy\" decoding=\"async\" class=\"alignnone size-full wp-image-957\" src=\"https:\/\/centreformacioprevencio.files.wordpress.com\/2016\/10\/img-20161010-wa0006.jpg\" alt=\"img-20161010-wa0006\" width=\"1600\" height=\"960\" \/><\/p>\n<p style=\"text-align: justify;\">En el caso de Alterarte, su estancia fue en\u00a0 Caldes, cerca de Art\u00e9s, en un entorno natural inmejorable para llevar a cabo sus obras y en el que los usuarios del programa art\u00edstico por la integraci\u00f3n del CFP pudieron experimentar con nuevas t\u00e9cnicas mediante la supervisi\u00f3n de dos artistas locales.<\/p>\n<p style=\"text-align: justify;\">En la inauguraci\u00f3n los artistas participantes pudieron ver expuestas las obras que estuvieron realizando durante su estancia en este programa de arte terapia. La jornada se cerr\u00f3 con las intervenciones de Cristina Sampere de la fundaci\u00f3n SETBA, del director\u00a0 del Museu Comarcal de Manresa Francesc Vil\u00e0 y la Regidora de Cultura del Ayuntamiento\u00a0 de Manresa Ana Crespo.<\/p>\n","protected":false},"excerpt":{"rendered":"<p>Nuestros compa\u00f1eros pudieron ver expuestas las obras que realizaron el pasado mes de septiembre en su estancia en los talleres organizados por la Fundaci\u00f3 Setba El pasado 8 de octubre un grupo de educadores y usuarios del Centre de Formaci\u00f3 i Prevenci\u00f3 se trasladaron hasta&#8230;<\/p>\n","protected":false},"author":2,"featured_media":0,"comment_status":"open","ping_status":"open","sticky":false,"template":"","format":"standard","meta":{"footnotes":""},"categories":[1234],"tags":[709,643,930,630,759,788,711,635,931,932,933,638,934,657],"class_list":["post-16977","post","type-post","status-publish","format-standard","hentry","category-alterarte-es","tag-alterarte-es","tag-art-es","tag-cacis-es","tag-centre-es","tag-comarcal-es","tag-cultura-es","tag-exposicio-es","tag-formacio-es","tag-manresa-es","tag-museu-es","tag-natura-es","tag-prevencio-es","tag-setba-es","tag-taller-es"],"yoast_head":"<!-- This site is optimized with the Yoast SEO plugin v27.4 - https:\/\/yoast.com\/product\/yoast-seo-wordpress\/ -->\n<title>Alterarte asiste a la exposici\u00f3n de los talleres de Natura \u00e9s Cultura de este a\u00f1o | CFP Maresme<\/title>\n<meta name=\"robots\" content=\"index, follow, max-snippet:-1, max-image-preview:large, max-video-preview:-1\" \/>\n<link rel=\"canonical\" href=\"https:\/\/cfpmaresme.org\/es\/alterarte-assisteix-a-lexposicio-dels-tallers-de-natura-es-cultura-denguany\/\" \/>\n<meta property=\"og:locale\" content=\"es_ES\" \/>\n<meta property=\"og:type\" content=\"article\" \/>\n<meta property=\"og:title\" content=\"Alterarte asiste a la exposici\u00f3n de los talleres de Natura \u00e9s Cultura de este a\u00f1o | CFP Maresme\" \/>\n<meta property=\"og:description\" content=\"Nuestros compa\u00f1eros pudieron ver expuestas las obras que realizaron el pasado mes de septiembre en su estancia en los talleres organizados por la Fundaci\u00f3 Setba El pasado 8 de octubre un grupo de educadores y usuarios del Centre de Formaci\u00f3 i Prevenci\u00f3 se trasladaron hasta...\" \/>\n<meta property=\"og:url\" content=\"https:\/\/cfpmaresme.org\/es\/alterarte-assisteix-a-lexposicio-dels-tallers-de-natura-es-cultura-denguany\/\" \/>\n<meta property=\"og:site_name\" content=\"CFP Maresme\" \/>\n<meta property=\"article:published_time\" content=\"2016-10-09T09:39:39+00:00\" \/>\n<meta property=\"article:modified_time\" content=\"2020-10-27T13:23:35+00:00\" \/>\n<meta property=\"og:image\" content=\"https:\/\/centreformacioprevencio.files.wordpress.com\/2016\/10\/img-20161010-wa0007b.jpg\" \/>\n<meta name=\"author\" content=\"CFPMaresme\" \/>\n<meta name=\"twitter:card\" content=\"summary_large_image\" \/>\n<meta name=\"twitter:creator\" content=\"@cfpmaresme\" \/>\n<meta name=\"twitter:site\" content=\"@cfpmaresme\" \/>\n<meta name=\"twitter:label1\" content=\"Escrito por\" \/>\n\t<meta name=\"twitter:data1\" content=\"CFPMaresme\" \/>\n\t<meta name=\"twitter:label2\" content=\"Tiempo de lectura\" \/>\n\t<meta name=\"twitter:data2\" content=\"1 minuto\" \/>\n<script type=\"application\/ld+json\" class=\"yoast-schema-graph\">{\"@context\":\"https:\\\/\\\/schema.org\",\"@graph\":[{\"@type\":\"Article\",\"@id\":\"https:\\\/\\\/cfpmaresme.org\\\/es\\\/alterarte-assisteix-a-lexposicio-dels-tallers-de-natura-es-cultura-denguany\\\/#article\",\"isPartOf\":{\"@id\":\"https:\\\/\\\/cfpmaresme.org\\\/es\\\/alterarte-assisteix-a-lexposicio-dels-tallers-de-natura-es-cultura-denguany\\\/\"},\"author\":{\"name\":\"CFPMaresme\",\"@id\":\"https:\\\/\\\/cfpmaresme.org\\\/#\\\/schema\\\/person\\\/b2634bcd796fafc667ea4055f61b9b2c\"},\"headline\":\"Alterarte asiste a la exposici\u00f3n de los talleres de Natura \u00e9s Cultura de este a\u00f1o\",\"datePublished\":\"2016-10-09T09:39:39+00:00\",\"dateModified\":\"2020-10-27T13:23:35+00:00\",\"mainEntityOfPage\":{\"@id\":\"https:\\\/\\\/cfpmaresme.org\\\/es\\\/alterarte-assisteix-a-lexposicio-dels-tallers-de-natura-es-cultura-denguany\\\/\"},\"wordCount\":290,\"commentCount\":0,\"image\":{\"@id\":\"https:\\\/\\\/cfpmaresme.org\\\/es\\\/alterarte-assisteix-a-lexposicio-dels-tallers-de-natura-es-cultura-denguany\\\/#primaryimage\"},\"thumbnailUrl\":\"https:\\\/\\\/centreformacioprevencio.files.wordpress.com\\\/2016\\\/10\\\/img-20161010-wa0007b.jpg\",\"keywords\":[\"alterarte\",\"Art\",\"cacis\",\"centre\",\"comarcal\",\"cultura\",\"exposicio\",\"formaci\u00f3\",\"manresa\",\"museu\",\"natura\",\"prevenci\u00f3\",\"setba\",\"taller\"],\"articleSection\":[\"Alterarte\"],\"inLanguage\":\"es\"},{\"@type\":\"WebPage\",\"@id\":\"https:\\\/\\\/cfpmaresme.org\\\/es\\\/alterarte-assisteix-a-lexposicio-dels-tallers-de-natura-es-cultura-denguany\\\/\",\"url\":\"https:\\\/\\\/cfpmaresme.org\\\/es\\\/alterarte-assisteix-a-lexposicio-dels-tallers-de-natura-es-cultura-denguany\\\/\",\"name\":\"Alterarte asiste a la exposici\u00f3n de los talleres de Natura \u00e9s Cultura de este a\u00f1o | CFP Maresme\",\"isPartOf\":{\"@id\":\"https:\\\/\\\/cfpmaresme.org\\\/#website\"},\"primaryImageOfPage\":{\"@id\":\"https:\\\/\\\/cfpmaresme.org\\\/es\\\/alterarte-assisteix-a-lexposicio-dels-tallers-de-natura-es-cultura-denguany\\\/#primaryimage\"},\"image\":{\"@id\":\"https:\\\/\\\/cfpmaresme.org\\\/es\\\/alterarte-assisteix-a-lexposicio-dels-tallers-de-natura-es-cultura-denguany\\\/#primaryimage\"},\"thumbnailUrl\":\"https:\\\/\\\/centreformacioprevencio.files.wordpress.com\\\/2016\\\/10\\\/img-20161010-wa0007b.jpg\",\"datePublished\":\"2016-10-09T09:39:39+00:00\",\"dateModified\":\"2020-10-27T13:23:35+00:00\",\"author\":{\"@id\":\"https:\\\/\\\/cfpmaresme.org\\\/#\\\/schema\\\/person\\\/b2634bcd796fafc667ea4055f61b9b2c\"},\"breadcrumb\":{\"@id\":\"https:\\\/\\\/cfpmaresme.org\\\/es\\\/alterarte-assisteix-a-lexposicio-dels-tallers-de-natura-es-cultura-denguany\\\/#breadcrumb\"},\"inLanguage\":\"es\",\"potentialAction\":[{\"@type\":\"ReadAction\",\"target\":[\"https:\\\/\\\/cfpmaresme.org\\\/es\\\/alterarte-assisteix-a-lexposicio-dels-tallers-de-natura-es-cultura-denguany\\\/\"]}]},{\"@type\":\"ImageObject\",\"inLanguage\":\"es\",\"@id\":\"https:\\\/\\\/cfpmaresme.org\\\/es\\\/alterarte-assisteix-a-lexposicio-dels-tallers-de-natura-es-cultura-denguany\\\/#primaryimage\",\"url\":\"https:\\\/\\\/centreformacioprevencio.files.wordpress.com\\\/2016\\\/10\\\/img-20161010-wa0007b.jpg\",\"contentUrl\":\"https:\\\/\\\/centreformacioprevencio.files.wordpress.com\\\/2016\\\/10\\\/img-20161010-wa0007b.jpg\"},{\"@type\":\"BreadcrumbList\",\"@id\":\"https:\\\/\\\/cfpmaresme.org\\\/es\\\/alterarte-assisteix-a-lexposicio-dels-tallers-de-natura-es-cultura-denguany\\\/#breadcrumb\",\"itemListElement\":[{\"@type\":\"ListItem\",\"position\":1,\"name\":\"Home\",\"item\":\"https:\\\/\\\/cfpmaresme.org\\\/es\\\/\"},{\"@type\":\"ListItem\",\"position\":2,\"name\":\"Alterarte asiste a la exposici\u00f3n de los talleres de Natura \u00e9s Cultura de este a\u00f1o\"}]},{\"@type\":\"WebSite\",\"@id\":\"https:\\\/\\\/cfpmaresme.org\\\/#website\",\"url\":\"https:\\\/\\\/cfpmaresme.org\\\/\",\"name\":\"CFP Maresme\",\"description\":\"Centre Formaci\u00f3 Prevenci\u00f3\",\"potentialAction\":[{\"@type\":\"SearchAction\",\"target\":{\"@type\":\"EntryPoint\",\"urlTemplate\":\"https:\\\/\\\/cfpmaresme.org\\\/?s={search_term_string}\"},\"query-input\":{\"@type\":\"PropertyValueSpecification\",\"valueRequired\":true,\"valueName\":\"search_term_string\"}}],\"inLanguage\":\"es\"},{\"@type\":\"Person\",\"@id\":\"https:\\\/\\\/cfpmaresme.org\\\/#\\\/schema\\\/person\\\/b2634bcd796fafc667ea4055f61b9b2c\",\"name\":\"CFPMaresme\"}]}<\/script>\n<!-- \/ Yoast SEO plugin. -->","yoast_head_json":{"title":"Alterarte asiste a la exposici\u00f3n de los talleres de Natura \u00e9s Cultura de este a\u00f1o | CFP Maresme","robots":{"index":"index","follow":"follow","max-snippet":"max-snippet:-1","max-image-preview":"max-image-preview:large","max-video-preview":"max-video-preview:-1"},"canonical":"https:\/\/cfpmaresme.org\/es\/alterarte-assisteix-a-lexposicio-dels-tallers-de-natura-es-cultura-denguany\/","og_locale":"es_ES","og_type":"article","og_title":"Alterarte asiste a la exposici\u00f3n de los talleres de Natura \u00e9s Cultura de este a\u00f1o | CFP Maresme","og_description":"Nuestros compa\u00f1eros pudieron ver expuestas las obras que realizaron el pasado mes de septiembre en su estancia en los talleres organizados por la Fundaci\u00f3 Setba El pasado 8 de octubre un grupo de educadores y usuarios del Centre de Formaci\u00f3 i Prevenci\u00f3 se trasladaron hasta...","og_url":"https:\/\/cfpmaresme.org\/es\/alterarte-assisteix-a-lexposicio-dels-tallers-de-natura-es-cultura-denguany\/","og_site_name":"CFP Maresme","article_published_time":"2016-10-09T09:39:39+00:00","article_modified_time":"2020-10-27T13:23:35+00:00","og_image":[{"url":"https:\/\/centreformacioprevencio.files.wordpress.com\/2016\/10\/img-20161010-wa0007b.jpg","type":"","width":"","height":""}],"author":"CFPMaresme","twitter_card":"summary_large_image","twitter_creator":"@cfpmaresme","twitter_site":"@cfpmaresme","twitter_misc":{"Escrito por":"CFPMaresme","Tiempo de lectura":"1 minuto"},"schema":{"@context":"https:\/\/schema.org","@graph":[{"@type":"Article","@id":"https:\/\/cfpmaresme.org\/es\/alterarte-assisteix-a-lexposicio-dels-tallers-de-natura-es-cultura-denguany\/#article","isPartOf":{"@id":"https:\/\/cfpmaresme.org\/es\/alterarte-assisteix-a-lexposicio-dels-tallers-de-natura-es-cultura-denguany\/"},"author":{"name":"CFPMaresme","@id":"https:\/\/cfpmaresme.org\/#\/schema\/person\/b2634bcd796fafc667ea4055f61b9b2c"},"headline":"Alterarte asiste a la exposici\u00f3n de los talleres de Natura \u00e9s Cultura de este a\u00f1o","datePublished":"2016-10-09T09:39:39+00:00","dateModified":"2020-10-27T13:23:35+00:00","mainEntityOfPage":{"@id":"https:\/\/cfpmaresme.org\/es\/alterarte-assisteix-a-lexposicio-dels-tallers-de-natura-es-cultura-denguany\/"},"wordCount":290,"commentCount":0,"image":{"@id":"https:\/\/cfpmaresme.org\/es\/alterarte-assisteix-a-lexposicio-dels-tallers-de-natura-es-cultura-denguany\/#primaryimage"},"thumbnailUrl":"https:\/\/centreformacioprevencio.files.wordpress.com\/2016\/10\/img-20161010-wa0007b.jpg","keywords":["alterarte","Art","cacis","centre","comarcal","cultura","exposicio","formaci\u00f3","manresa","museu","natura","prevenci\u00f3","setba","taller"],"articleSection":["Alterarte"],"inLanguage":"es"},{"@type":"WebPage","@id":"https:\/\/cfpmaresme.org\/es\/alterarte-assisteix-a-lexposicio-dels-tallers-de-natura-es-cultura-denguany\/","url":"https:\/\/cfpmaresme.org\/es\/alterarte-assisteix-a-lexposicio-dels-tallers-de-natura-es-cultura-denguany\/","name":"Alterarte asiste a la exposici\u00f3n de los talleres de Natura \u00e9s Cultura de este a\u00f1o | CFP Maresme","isPartOf":{"@id":"https:\/\/cfpmaresme.org\/#website"},"primaryImageOfPage":{"@id":"https:\/\/cfpmaresme.org\/es\/alterarte-assisteix-a-lexposicio-dels-tallers-de-natura-es-cultura-denguany\/#primaryimage"},"image":{"@id":"https:\/\/cfpmaresme.org\/es\/alterarte-assisteix-a-lexposicio-dels-tallers-de-natura-es-cultura-denguany\/#primaryimage"},"thumbnailUrl":"https:\/\/centreformacioprevencio.files.wordpress.com\/2016\/10\/img-20161010-wa0007b.jpg","datePublished":"2016-10-09T09:39:39+00:00","dateModified":"2020-10-27T13:23:35+00:00","author":{"@id":"https:\/\/cfpmaresme.org\/#\/schema\/person\/b2634bcd796fafc667ea4055f61b9b2c"},"breadcrumb":{"@id":"https:\/\/cfpmaresme.org\/es\/alterarte-assisteix-a-lexposicio-dels-tallers-de-natura-es-cultura-denguany\/#breadcrumb"},"inLanguage":"es","potentialAction":[{"@type":"ReadAction","target":["https:\/\/cfpmaresme.org\/es\/alterarte-assisteix-a-lexposicio-dels-tallers-de-natura-es-cultura-denguany\/"]}]},{"@type":"ImageObject","inLanguage":"es","@id":"https:\/\/cfpmaresme.org\/es\/alterarte-assisteix-a-lexposicio-dels-tallers-de-natura-es-cultura-denguany\/#primaryimage","url":"https:\/\/centreformacioprevencio.files.wordpress.com\/2016\/10\/img-20161010-wa0007b.jpg","contentUrl":"https:\/\/centreformacioprevencio.files.wordpress.com\/2016\/10\/img-20161010-wa0007b.jpg"},{"@type":"BreadcrumbList","@id":"https:\/\/cfpmaresme.org\/es\/alterarte-assisteix-a-lexposicio-dels-tallers-de-natura-es-cultura-denguany\/#breadcrumb","itemListElement":[{"@type":"ListItem","position":1,"name":"Home","item":"https:\/\/cfpmaresme.org\/es\/"},{"@type":"ListItem","position":2,"name":"Alterarte asiste a la exposici\u00f3n de los talleres de Natura \u00e9s Cultura de este a\u00f1o"}]},{"@type":"WebSite","@id":"https:\/\/cfpmaresme.org\/#website","url":"https:\/\/cfpmaresme.org\/","name":"CFP Maresme","description":"Centre Formaci\u00f3 Prevenci\u00f3","potentialAction":[{"@type":"SearchAction","target":{"@type":"EntryPoint","urlTemplate":"https:\/\/cfpmaresme.org\/?s={search_term_string}"},"query-input":{"@type":"PropertyValueSpecification","valueRequired":true,"valueName":"search_term_string"}}],"inLanguage":"es"},{"@type":"Person","@id":"https:\/\/cfpmaresme.org\/#\/schema\/person\/b2634bcd796fafc667ea4055f61b9b2c","name":"CFPMaresme"}]}},"_links":{"self":[{"href":"https:\/\/cfpmaresme.org\/es\/wp-json\/wp\/v2\/posts\/16977","targetHints":{"allow":["GET"]}}],"collection":[{"href":"https:\/\/cfpmaresme.org\/es\/wp-json\/wp\/v2\/posts"}],"about":[{"href":"https:\/\/cfpmaresme.org\/es\/wp-json\/wp\/v2\/types\/post"}],"author":[{"embeddable":true,"href":"https:\/\/cfpmaresme.org\/es\/wp-json\/wp\/v2\/users\/2"}],"replies":[{"embeddable":true,"href":"https:\/\/cfpmaresme.org\/es\/wp-json\/wp\/v2\/comments?post=16977"}],"version-history":[{"count":3,"href":"https:\/\/cfpmaresme.org\/es\/wp-json\/wp\/v2\/posts\/16977\/revisions"}],"predecessor-version":[{"id":22137,"href":"https:\/\/cfpmaresme.org\/es\/wp-json\/wp\/v2\/posts\/16977\/revisions\/22137"}],"wp:attachment":[{"href":"https:\/\/cfpmaresme.org\/es\/wp-json\/wp\/v2\/media?parent=16977"}],"wp:term":[{"taxonomy":"category","embeddable":true,"href":"https:\/\/cfpmaresme.org\/es\/wp-json\/wp\/v2\/categories?post=16977"},{"taxonomy":"post_tag","embeddable":true,"href":"https:\/\/cfpmaresme.org\/es\/wp-json\/wp\/v2\/tags?post=16977"}],"curies":[{"name":"wp","href":"https:\/\/api.w.org\/{rel}","templated":true}]}}