{"id":16978,"date":"2016-10-04T08:37:55","date_gmt":"2016-10-04T08:37:55","guid":{"rendered":"http:\/\/cfpmaresme.org\/finalitza-el-projecte-de-parelles-artistiques-a-mataro\/"},"modified":"2020-10-28T16:41:31","modified_gmt":"2020-10-28T14:41:31","slug":"finalitza-el-projecte-de-parelles-artistiques-a-mataro","status":"publish","type":"post","link":"https:\/\/cfpmaresme.org\/es\/finalitza-el-projecte-de-parelles-artistiques-a-mataro\/","title":{"rendered":"Finaliza la experiencia de Parelles Art\u00edstiques en Matar\u00f3"},"content":{"rendered":"<p style=\"text-align: left;\">El programa art\u00edstico del CFP Alterarte se ha encargado por primera vez durante este verano de una iniciativa donde artistas profesionales colaboran con artistas amateurs en formato de parejas y crean conjuntamente sus obras.<img loading=\"lazy\" decoding=\"async\" class=\"alignnone size-full wp-image-839\" src=\"https:\/\/centreformacioprevencio.files.wordpress.com\/2016\/10\/img_20160708_100640.jpg\" alt=\"IMG_20160708_100640.jpg\" width=\"1600\" height=\"900\" \/><\/p>\n<p style=\"text-align: justify;\">Los artistas de Alterarte han estado trabajando durante todo el verano con artistas profesionales locales en el proyecto\u00a0 Parelles Art\u00edstiques. Este programa, que organiza desde el a\u00f1o 2006 la Fundaci\u00f3 Centre M\u00e8dic Psicopedag\u00f2gic d\u2019Osona, ha contado por primera vez con la participaci\u00f3n Alterarte como organizador del evento en la ciudad de Matar\u00f3 con el soporte y la participaci\u00f3n de los artistas de la Associaci\u00f3 Sant Lluc per l\u2019Art y la Fundaci\u00f3 Iluro.<\/p>\n<p style=\"text-align: justify;\"><!--more--><\/p>\n<p style=\"text-align: justify;\"><img loading=\"lazy\" decoding=\"async\" class=\"alignnone size-full wp-image-843\" src=\"https:\/\/centreformacioprevencio.files.wordpress.com\/2016\/10\/sam_1040.jpg\" alt=\"sam_1040\" width=\"1600\" height=\"1200\" \/><\/p>\n<p style=\"text-align: justify;\">Las parejas participantes han estado trabajando codo con codo durante diversas sesiones para crear obras con t\u00e9cnicas diferenciadas que van desde el collage hasta la edici\u00f3n de fotograf\u00eda y v\u00eddeo. Seg\u00fan sus protagonistas, la experiencia ha sido muy enriquecedora para los artistas de Alterarte, ya que han aprendido muchas cosas trabajando con artistas con tanta experiencia como los de la\u00a0 Associaci\u00f3 Sant Lluc per l\u2019Art. Tambi\u00e9n estos profesionales se han mostrado sorprendidos de las capacidades y la voluntad de aprender de los chicos y chicas del Programa Art\u00edstico para la Integraci\u00f3n del CFP.<\/p>\n<p style=\"text-align: justify;\">El resultado de este programa de Parelles Art\u00edstiques se expondr\u00e1 el pr\u00f3ximo mes de enero en el Ateneu de la Fundaci\u00f3 Iluro en Matar\u00f3 en una fiesta que servir\u00e1 para dar a conocer el valor de la colaboraci\u00f3n de todos estos artistas y mostrar las obras que han resultado de su trabajo conjunto.<\/p>\n","protected":false},"excerpt":{"rendered":"<p>El programa art\u00edstico del CFP Alterarte se ha encargado por primera vez durante este verano de una iniciativa donde artistas profesionales colaboran con artistas amateurs en formato de parejas y crean conjuntamente sus obras. Los artistas de Alterarte han estado trabajando durante todo el verano&#8230;<\/p>\n","protected":false},"author":2,"featured_media":0,"comment_status":"open","ping_status":"open","sticky":false,"template":"","format":"standard","meta":{"footnotes":""},"categories":[1234],"tags":[709,643,630,798,635,638,935],"class_list":["post-16978","post","type-post","status-publish","format-standard","hentry","category-alterarte-es","tag-alterarte-es","tag-art-es","tag-centre-es","tag-cfp-es","tag-formacio-es","tag-prevencio-es","tag-sant-lluc-es"],"yoast_head":"<!-- This site is optimized with the Yoast SEO plugin v27.4 - https:\/\/yoast.com\/product\/yoast-seo-wordpress\/ -->\n<title>Finaliza la experiencia de Parelles Art\u00edstiques en Matar\u00f3 | CFP Maresme<\/title>\n<meta name=\"robots\" content=\"index, follow, max-snippet:-1, max-image-preview:large, max-video-preview:-1\" \/>\n<link rel=\"canonical\" href=\"https:\/\/cfpmaresme.org\/es\/finalitza-el-projecte-de-parelles-artistiques-a-mataro\/\" \/>\n<meta property=\"og:locale\" content=\"es_ES\" \/>\n<meta property=\"og:type\" content=\"article\" \/>\n<meta property=\"og:title\" content=\"Finaliza la experiencia de Parelles Art\u00edstiques en Matar\u00f3 | CFP Maresme\" \/>\n<meta property=\"og:description\" content=\"El programa art\u00edstico del CFP Alterarte se ha encargado por primera vez durante este verano de una iniciativa donde artistas profesionales colaboran con artistas amateurs en formato de parejas y crean conjuntamente sus obras. Los artistas de Alterarte han estado trabajando durante todo el verano...\" \/>\n<meta property=\"og:url\" content=\"https:\/\/cfpmaresme.org\/es\/finalitza-el-projecte-de-parelles-artistiques-a-mataro\/\" \/>\n<meta property=\"og:site_name\" content=\"CFP Maresme\" \/>\n<meta property=\"article:published_time\" content=\"2016-10-04T08:37:55+00:00\" \/>\n<meta property=\"article:modified_time\" content=\"2020-10-28T14:41:31+00:00\" \/>\n<meta property=\"og:image\" content=\"https:\/\/centreformacioprevencio.files.wordpress.com\/2016\/10\/img_20160708_100640.jpg\" \/>\n<meta name=\"author\" content=\"CFPMaresme\" \/>\n<meta name=\"twitter:card\" content=\"summary_large_image\" \/>\n<meta name=\"twitter:creator\" content=\"@cfpmaresme\" \/>\n<meta name=\"twitter:site\" content=\"@cfpmaresme\" \/>\n<meta name=\"twitter:label1\" content=\"Escrito por\" \/>\n\t<meta name=\"twitter:data1\" content=\"CFPMaresme\" \/>\n\t<meta name=\"twitter:label2\" content=\"Tiempo de lectura\" \/>\n\t<meta name=\"twitter:data2\" content=\"1 minuto\" \/>\n<script type=\"application\/ld+json\" class=\"yoast-schema-graph\">{\"@context\":\"https:\\\/\\\/schema.org\",\"@graph\":[{\"@type\":\"Article\",\"@id\":\"https:\\\/\\\/cfpmaresme.org\\\/es\\\/finalitza-el-projecte-de-parelles-artistiques-a-mataro\\\/#article\",\"isPartOf\":{\"@id\":\"https:\\\/\\\/cfpmaresme.org\\\/es\\\/finalitza-el-projecte-de-parelles-artistiques-a-mataro\\\/\"},\"author\":{\"name\":\"CFPMaresme\",\"@id\":\"https:\\\/\\\/cfpmaresme.org\\\/#\\\/schema\\\/person\\\/b2634bcd796fafc667ea4055f61b9b2c\"},\"headline\":\"Finaliza la experiencia de Parelles Art\u00edstiques en Matar\u00f3\",\"datePublished\":\"2016-10-04T08:37:55+00:00\",\"dateModified\":\"2020-10-28T14:41:31+00:00\",\"mainEntityOfPage\":{\"@id\":\"https:\\\/\\\/cfpmaresme.org\\\/es\\\/finalitza-el-projecte-de-parelles-artistiques-a-mataro\\\/\"},\"wordCount\":281,\"commentCount\":0,\"image\":{\"@id\":\"https:\\\/\\\/cfpmaresme.org\\\/es\\\/finalitza-el-projecte-de-parelles-artistiques-a-mataro\\\/#primaryimage\"},\"thumbnailUrl\":\"https:\\\/\\\/centreformacioprevencio.files.wordpress.com\\\/2016\\\/10\\\/img_20160708_100640.jpg\",\"keywords\":[\"alterarte\",\"Art\",\"centre\",\"cfp\",\"formaci\u00f3\",\"prevenci\u00f3\",\"sant lluc\"],\"articleSection\":[\"Alterarte\"],\"inLanguage\":\"es\"},{\"@type\":\"WebPage\",\"@id\":\"https:\\\/\\\/cfpmaresme.org\\\/es\\\/finalitza-el-projecte-de-parelles-artistiques-a-mataro\\\/\",\"url\":\"https:\\\/\\\/cfpmaresme.org\\\/es\\\/finalitza-el-projecte-de-parelles-artistiques-a-mataro\\\/\",\"name\":\"Finaliza la experiencia de Parelles Art\u00edstiques en Matar\u00f3 | CFP Maresme\",\"isPartOf\":{\"@id\":\"https:\\\/\\\/cfpmaresme.org\\\/#website\"},\"primaryImageOfPage\":{\"@id\":\"https:\\\/\\\/cfpmaresme.org\\\/es\\\/finalitza-el-projecte-de-parelles-artistiques-a-mataro\\\/#primaryimage\"},\"image\":{\"@id\":\"https:\\\/\\\/cfpmaresme.org\\\/es\\\/finalitza-el-projecte-de-parelles-artistiques-a-mataro\\\/#primaryimage\"},\"thumbnailUrl\":\"https:\\\/\\\/centreformacioprevencio.files.wordpress.com\\\/2016\\\/10\\\/img_20160708_100640.jpg\",\"datePublished\":\"2016-10-04T08:37:55+00:00\",\"dateModified\":\"2020-10-28T14:41:31+00:00\",\"author\":{\"@id\":\"https:\\\/\\\/cfpmaresme.org\\\/#\\\/schema\\\/person\\\/b2634bcd796fafc667ea4055f61b9b2c\"},\"breadcrumb\":{\"@id\":\"https:\\\/\\\/cfpmaresme.org\\\/es\\\/finalitza-el-projecte-de-parelles-artistiques-a-mataro\\\/#breadcrumb\"},\"inLanguage\":\"es\",\"potentialAction\":[{\"@type\":\"ReadAction\",\"target\":[\"https:\\\/\\\/cfpmaresme.org\\\/es\\\/finalitza-el-projecte-de-parelles-artistiques-a-mataro\\\/\"]}]},{\"@type\":\"ImageObject\",\"inLanguage\":\"es\",\"@id\":\"https:\\\/\\\/cfpmaresme.org\\\/es\\\/finalitza-el-projecte-de-parelles-artistiques-a-mataro\\\/#primaryimage\",\"url\":\"https:\\\/\\\/centreformacioprevencio.files.wordpress.com\\\/2016\\\/10\\\/img_20160708_100640.jpg\",\"contentUrl\":\"https:\\\/\\\/centreformacioprevencio.files.wordpress.com\\\/2016\\\/10\\\/img_20160708_100640.jpg\"},{\"@type\":\"BreadcrumbList\",\"@id\":\"https:\\\/\\\/cfpmaresme.org\\\/es\\\/finalitza-el-projecte-de-parelles-artistiques-a-mataro\\\/#breadcrumb\",\"itemListElement\":[{\"@type\":\"ListItem\",\"position\":1,\"name\":\"Home\",\"item\":\"https:\\\/\\\/cfpmaresme.org\\\/es\\\/\"},{\"@type\":\"ListItem\",\"position\":2,\"name\":\"Finaliza la experiencia de Parelles Art\u00edstiques en Matar\u00f3\"}]},{\"@type\":\"WebSite\",\"@id\":\"https:\\\/\\\/cfpmaresme.org\\\/#website\",\"url\":\"https:\\\/\\\/cfpmaresme.org\\\/\",\"name\":\"CFP Maresme\",\"description\":\"Centre Formaci\u00f3 Prevenci\u00f3\",\"potentialAction\":[{\"@type\":\"SearchAction\",\"target\":{\"@type\":\"EntryPoint\",\"urlTemplate\":\"https:\\\/\\\/cfpmaresme.org\\\/?s={search_term_string}\"},\"query-input\":{\"@type\":\"PropertyValueSpecification\",\"valueRequired\":true,\"valueName\":\"search_term_string\"}}],\"inLanguage\":\"es\"},{\"@type\":\"Person\",\"@id\":\"https:\\\/\\\/cfpmaresme.org\\\/#\\\/schema\\\/person\\\/b2634bcd796fafc667ea4055f61b9b2c\",\"name\":\"CFPMaresme\"}]}<\/script>\n<!-- \/ Yoast SEO plugin. -->","yoast_head_json":{"title":"Finaliza la experiencia de Parelles Art\u00edstiques en Matar\u00f3 | CFP Maresme","robots":{"index":"index","follow":"follow","max-snippet":"max-snippet:-1","max-image-preview":"max-image-preview:large","max-video-preview":"max-video-preview:-1"},"canonical":"https:\/\/cfpmaresme.org\/es\/finalitza-el-projecte-de-parelles-artistiques-a-mataro\/","og_locale":"es_ES","og_type":"article","og_title":"Finaliza la experiencia de Parelles Art\u00edstiques en Matar\u00f3 | CFP Maresme","og_description":"El programa art\u00edstico del CFP Alterarte se ha encargado por primera vez durante este verano de una iniciativa donde artistas profesionales colaboran con artistas amateurs en formato de parejas y crean conjuntamente sus obras. Los artistas de Alterarte han estado trabajando durante todo el verano...","og_url":"https:\/\/cfpmaresme.org\/es\/finalitza-el-projecte-de-parelles-artistiques-a-mataro\/","og_site_name":"CFP Maresme","article_published_time":"2016-10-04T08:37:55+00:00","article_modified_time":"2020-10-28T14:41:31+00:00","og_image":[{"url":"https:\/\/centreformacioprevencio.files.wordpress.com\/2016\/10\/img_20160708_100640.jpg","type":"","width":"","height":""}],"author":"CFPMaresme","twitter_card":"summary_large_image","twitter_creator":"@cfpmaresme","twitter_site":"@cfpmaresme","twitter_misc":{"Escrito por":"CFPMaresme","Tiempo de lectura":"1 minuto"},"schema":{"@context":"https:\/\/schema.org","@graph":[{"@type":"Article","@id":"https:\/\/cfpmaresme.org\/es\/finalitza-el-projecte-de-parelles-artistiques-a-mataro\/#article","isPartOf":{"@id":"https:\/\/cfpmaresme.org\/es\/finalitza-el-projecte-de-parelles-artistiques-a-mataro\/"},"author":{"name":"CFPMaresme","@id":"https:\/\/cfpmaresme.org\/#\/schema\/person\/b2634bcd796fafc667ea4055f61b9b2c"},"headline":"Finaliza la experiencia de Parelles Art\u00edstiques en Matar\u00f3","datePublished":"2016-10-04T08:37:55+00:00","dateModified":"2020-10-28T14:41:31+00:00","mainEntityOfPage":{"@id":"https:\/\/cfpmaresme.org\/es\/finalitza-el-projecte-de-parelles-artistiques-a-mataro\/"},"wordCount":281,"commentCount":0,"image":{"@id":"https:\/\/cfpmaresme.org\/es\/finalitza-el-projecte-de-parelles-artistiques-a-mataro\/#primaryimage"},"thumbnailUrl":"https:\/\/centreformacioprevencio.files.wordpress.com\/2016\/10\/img_20160708_100640.jpg","keywords":["alterarte","Art","centre","cfp","formaci\u00f3","prevenci\u00f3","sant lluc"],"articleSection":["Alterarte"],"inLanguage":"es"},{"@type":"WebPage","@id":"https:\/\/cfpmaresme.org\/es\/finalitza-el-projecte-de-parelles-artistiques-a-mataro\/","url":"https:\/\/cfpmaresme.org\/es\/finalitza-el-projecte-de-parelles-artistiques-a-mataro\/","name":"Finaliza la experiencia de Parelles Art\u00edstiques en Matar\u00f3 | CFP Maresme","isPartOf":{"@id":"https:\/\/cfpmaresme.org\/#website"},"primaryImageOfPage":{"@id":"https:\/\/cfpmaresme.org\/es\/finalitza-el-projecte-de-parelles-artistiques-a-mataro\/#primaryimage"},"image":{"@id":"https:\/\/cfpmaresme.org\/es\/finalitza-el-projecte-de-parelles-artistiques-a-mataro\/#primaryimage"},"thumbnailUrl":"https:\/\/centreformacioprevencio.files.wordpress.com\/2016\/10\/img_20160708_100640.jpg","datePublished":"2016-10-04T08:37:55+00:00","dateModified":"2020-10-28T14:41:31+00:00","author":{"@id":"https:\/\/cfpmaresme.org\/#\/schema\/person\/b2634bcd796fafc667ea4055f61b9b2c"},"breadcrumb":{"@id":"https:\/\/cfpmaresme.org\/es\/finalitza-el-projecte-de-parelles-artistiques-a-mataro\/#breadcrumb"},"inLanguage":"es","potentialAction":[{"@type":"ReadAction","target":["https:\/\/cfpmaresme.org\/es\/finalitza-el-projecte-de-parelles-artistiques-a-mataro\/"]}]},{"@type":"ImageObject","inLanguage":"es","@id":"https:\/\/cfpmaresme.org\/es\/finalitza-el-projecte-de-parelles-artistiques-a-mataro\/#primaryimage","url":"https:\/\/centreformacioprevencio.files.wordpress.com\/2016\/10\/img_20160708_100640.jpg","contentUrl":"https:\/\/centreformacioprevencio.files.wordpress.com\/2016\/10\/img_20160708_100640.jpg"},{"@type":"BreadcrumbList","@id":"https:\/\/cfpmaresme.org\/es\/finalitza-el-projecte-de-parelles-artistiques-a-mataro\/#breadcrumb","itemListElement":[{"@type":"ListItem","position":1,"name":"Home","item":"https:\/\/cfpmaresme.org\/es\/"},{"@type":"ListItem","position":2,"name":"Finaliza la experiencia de Parelles Art\u00edstiques en Matar\u00f3"}]},{"@type":"WebSite","@id":"https:\/\/cfpmaresme.org\/#website","url":"https:\/\/cfpmaresme.org\/","name":"CFP Maresme","description":"Centre Formaci\u00f3 Prevenci\u00f3","potentialAction":[{"@type":"SearchAction","target":{"@type":"EntryPoint","urlTemplate":"https:\/\/cfpmaresme.org\/?s={search_term_string}"},"query-input":{"@type":"PropertyValueSpecification","valueRequired":true,"valueName":"search_term_string"}}],"inLanguage":"es"},{"@type":"Person","@id":"https:\/\/cfpmaresme.org\/#\/schema\/person\/b2634bcd796fafc667ea4055f61b9b2c","name":"CFPMaresme"}]}},"_links":{"self":[{"href":"https:\/\/cfpmaresme.org\/es\/wp-json\/wp\/v2\/posts\/16978","targetHints":{"allow":["GET"]}}],"collection":[{"href":"https:\/\/cfpmaresme.org\/es\/wp-json\/wp\/v2\/posts"}],"about":[{"href":"https:\/\/cfpmaresme.org\/es\/wp-json\/wp\/v2\/types\/post"}],"author":[{"embeddable":true,"href":"https:\/\/cfpmaresme.org\/es\/wp-json\/wp\/v2\/users\/2"}],"replies":[{"embeddable":true,"href":"https:\/\/cfpmaresme.org\/es\/wp-json\/wp\/v2\/comments?post=16978"}],"version-history":[{"count":3,"href":"https:\/\/cfpmaresme.org\/es\/wp-json\/wp\/v2\/posts\/16978\/revisions"}],"predecessor-version":[{"id":22147,"href":"https:\/\/cfpmaresme.org\/es\/wp-json\/wp\/v2\/posts\/16978\/revisions\/22147"}],"wp:attachment":[{"href":"https:\/\/cfpmaresme.org\/es\/wp-json\/wp\/v2\/media?parent=16978"}],"wp:term":[{"taxonomy":"category","embeddable":true,"href":"https:\/\/cfpmaresme.org\/es\/wp-json\/wp\/v2\/categories?post=16978"},{"taxonomy":"post_tag","embeddable":true,"href":"https:\/\/cfpmaresme.org\/es\/wp-json\/wp\/v2\/tags?post=16978"}],"curies":[{"name":"wp","href":"https:\/\/api.w.org\/{rel}","templated":true}]}}