{"id":16979,"date":"2016-10-04T07:51:24","date_gmt":"2016-10-04T07:51:24","guid":{"rendered":"http:\/\/cfpmaresme.org\/el-cfp-sera-present-a-la-celebracio-del-dia-de-la-salut-mental-a-barcelona\/"},"modified":"2021-07-02T12:03:41","modified_gmt":"2021-07-02T10:03:41","slug":"el-cfp-sera-present-a-la-celebracio-del-dia-de-la-salut-mental-a-barcelona","status":"publish","type":"post","link":"https:\/\/cfpmaresme.org\/es\/el-cfp-sera-present-a-la-celebracio-del-dia-de-la-salut-mental-a-barcelona\/","title":{"rendered":"El CFP ser\u00e1 presente en la celebraci\u00f3n del D\u00eda de la Salud Mental en Barcelona"},"content":{"rendered":"<p>Educadores y usuarios de la entidad asistir\u00e1n como cada a\u00f1o al acto que organiza F\u00f2rum Salut Mental este viernes 7 de octubre<\/p>\n<p><img loading=\"lazy\" decoding=\"async\" class=\"alignnone size-full wp-image-833\" src=\"https:\/\/centreformacioprevencio.files.wordpress.com\/2016\/10\/6a9400d6-21dd-4253-bf3c-1e16e96530ae.jpg\" alt=\"6a9400d6-21dd-4253-bf3c-1e16e96530ae\" width=\"900\" height=\"450\" \/><\/p>\n<p style=\"text-align: justify;\">Un grupo grupo de educadores y usuarios en representaci\u00f3n del Centre de Formaci\u00f3 i Prevenci\u00f3 celebrar\u00e1 el D\u00eda de la Salud Mental el pr\u00f3ximo viernes 7 de octubre en Plaza Universidad de Barcelona. El acto lo organiza F\u00f2rum Salut Mental, federaci\u00f3n de la cual es miembro el CFP, que agrupa a numerosas entidades en defensa de este colectivo.<\/p>\n<p style=\"text-align: justify;\"><!--more--><\/p>\n<p style=\"text-align: justify;\">La jornada contar\u00e1 con la presencia de la periodista badalonina Lidia Heredia, que presentar\u00e1 el acto. Tambi\u00e9n est\u00e1 confirmada la asistencia de personalidades pol\u00edticas como la Consejera de la Presidencia Neus Munt\u00e9 y la Comisionada de Salud Gemma Tarafa, que se sumar\u00e1n a las reivindicaciones de las personas que sufren problemas de salud mental. El lema de la jornada de este a\u00f1o es \u00abHacemos visible lo que es invisible\u00bb y su hashtag ser\u00e1 #SomVisibles.<\/p>\n<p style=\"text-align: justify;\">El Centre de Formaci\u00f3 i Prevenci\u00f3 ser\u00e1 presente a la cita como miembro de F\u00f2rum y como entidad que vela para mejorar las condiciones de todas estas personas. Nuestros compa\u00f1eros dispondr\u00e1n de una parada donde las personas que se acerquen podr\u00e1n conocer las actividades que organiza la asociaci\u00f3n y recibir informaci\u00f3n sobre ellas.<\/p>\n","protected":false},"excerpt":{"rendered":"<p>Educadores y usuarios de la entidad asistir\u00e1n como cada a\u00f1o al acto que organiza F\u00f2rum Salut Mental este viernes 7 de octubre Un grupo grupo de educadores y usuarios en representaci\u00f3n del Centre de Formaci\u00f3 i Prevenci\u00f3 celebrar\u00e1 el D\u00eda de la Salud Mental el&#8230;<\/p>\n","protected":false},"author":2,"featured_media":0,"comment_status":"open","ping_status":"open","sticky":false,"template":"","format":"standard","meta":{"footnotes":""},"categories":[1187],"tags":[806,630,798,671,936,635,783,706,850,851,638,681,797],"class_list":["post-16979","post","type-post","status-publish","format-standard","hentry","category-cfp-maresme-es","tag-barcelona-es","tag-centre-es","tag-cfp-es","tag-dia-es","tag-educadors-es","tag-formacio-es","tag-forum-es","tag-mental-es","tag-munte-es","tag-neus-es","tag-prevencio-es","tag-salut-es","tag-usuaris-es"],"yoast_head":"<!-- This site is optimized with the Yoast SEO plugin v27.4 - https:\/\/yoast.com\/product\/yoast-seo-wordpress\/ -->\n<title>El CFP ser\u00e1 presente en la celebraci\u00f3n del D\u00eda de la Salud Mental en Barcelona | CFP Maresme<\/title>\n<meta name=\"robots\" content=\"index, follow, max-snippet:-1, max-image-preview:large, max-video-preview:-1\" \/>\n<link rel=\"canonical\" href=\"https:\/\/cfpmaresme.org\/es\/el-cfp-sera-present-a-la-celebracio-del-dia-de-la-salut-mental-a-barcelona\/\" \/>\n<meta property=\"og:locale\" content=\"es_ES\" \/>\n<meta property=\"og:type\" content=\"article\" \/>\n<meta property=\"og:title\" content=\"El CFP ser\u00e1 presente en la celebraci\u00f3n del D\u00eda de la Salud Mental en Barcelona | CFP Maresme\" \/>\n<meta property=\"og:description\" content=\"Educadores y usuarios de la entidad asistir\u00e1n como cada a\u00f1o al acto que organiza F\u00f2rum Salut Mental este viernes 7 de octubre Un grupo grupo de educadores y usuarios en representaci\u00f3n del Centre de Formaci\u00f3 i Prevenci\u00f3 celebrar\u00e1 el D\u00eda de la Salud Mental el...\" \/>\n<meta property=\"og:url\" content=\"https:\/\/cfpmaresme.org\/es\/el-cfp-sera-present-a-la-celebracio-del-dia-de-la-salut-mental-a-barcelona\/\" \/>\n<meta property=\"og:site_name\" content=\"CFP Maresme\" \/>\n<meta property=\"article:published_time\" content=\"2016-10-04T07:51:24+00:00\" \/>\n<meta property=\"article:modified_time\" content=\"2021-07-02T10:03:41+00:00\" \/>\n<meta property=\"og:image\" content=\"https:\/\/centreformacioprevencio.files.wordpress.com\/2016\/10\/6a9400d6-21dd-4253-bf3c-1e16e96530ae.jpg\" \/>\n<meta name=\"author\" content=\"CFPMaresme\" \/>\n<meta name=\"twitter:card\" content=\"summary_large_image\" \/>\n<meta name=\"twitter:creator\" content=\"@cfpmaresme\" \/>\n<meta name=\"twitter:site\" content=\"@cfpmaresme\" \/>\n<meta name=\"twitter:label1\" content=\"Escrito por\" \/>\n\t<meta name=\"twitter:data1\" content=\"CFPMaresme\" \/>\n\t<meta name=\"twitter:label2\" content=\"Tiempo de lectura\" \/>\n\t<meta name=\"twitter:data2\" content=\"1 minuto\" \/>\n<script type=\"application\/ld+json\" class=\"yoast-schema-graph\">{\"@context\":\"https:\\\/\\\/schema.org\",\"@graph\":[{\"@type\":\"Article\",\"@id\":\"https:\\\/\\\/cfpmaresme.org\\\/es\\\/el-cfp-sera-present-a-la-celebracio-del-dia-de-la-salut-mental-a-barcelona\\\/#article\",\"isPartOf\":{\"@id\":\"https:\\\/\\\/cfpmaresme.org\\\/es\\\/el-cfp-sera-present-a-la-celebracio-del-dia-de-la-salut-mental-a-barcelona\\\/\"},\"author\":{\"name\":\"CFPMaresme\",\"@id\":\"https:\\\/\\\/cfpmaresme.org\\\/#\\\/schema\\\/person\\\/b2634bcd796fafc667ea4055f61b9b2c\"},\"headline\":\"El CFP ser\u00e1 presente en la celebraci\u00f3n del D\u00eda de la Salud Mental en Barcelona\",\"datePublished\":\"2016-10-04T07:51:24+00:00\",\"dateModified\":\"2021-07-02T10:03:41+00:00\",\"mainEntityOfPage\":{\"@id\":\"https:\\\/\\\/cfpmaresme.org\\\/es\\\/el-cfp-sera-present-a-la-celebracio-del-dia-de-la-salut-mental-a-barcelona\\\/\"},\"wordCount\":240,\"commentCount\":0,\"image\":{\"@id\":\"https:\\\/\\\/cfpmaresme.org\\\/es\\\/el-cfp-sera-present-a-la-celebracio-del-dia-de-la-salut-mental-a-barcelona\\\/#primaryimage\"},\"thumbnailUrl\":\"https:\\\/\\\/centreformacioprevencio.files.wordpress.com\\\/2016\\\/10\\\/6a9400d6-21dd-4253-bf3c-1e16e96530ae.jpg\",\"keywords\":[\"barcelona\",\"centre\",\"cfp\",\"dia\",\"educadors\",\"formaci\u00f3\",\"f\u00f2rum\",\"mental\",\"munt\u00e9\",\"neus\",\"prevenci\u00f3\",\"salut\",\"usuaris\"],\"articleSection\":[\"CFP Maresme\"],\"inLanguage\":\"es\"},{\"@type\":\"WebPage\",\"@id\":\"https:\\\/\\\/cfpmaresme.org\\\/es\\\/el-cfp-sera-present-a-la-celebracio-del-dia-de-la-salut-mental-a-barcelona\\\/\",\"url\":\"https:\\\/\\\/cfpmaresme.org\\\/es\\\/el-cfp-sera-present-a-la-celebracio-del-dia-de-la-salut-mental-a-barcelona\\\/\",\"name\":\"El CFP ser\u00e1 presente en la celebraci\u00f3n del D\u00eda de la Salud Mental en Barcelona | CFP Maresme\",\"isPartOf\":{\"@id\":\"https:\\\/\\\/cfpmaresme.org\\\/#website\"},\"primaryImageOfPage\":{\"@id\":\"https:\\\/\\\/cfpmaresme.org\\\/es\\\/el-cfp-sera-present-a-la-celebracio-del-dia-de-la-salut-mental-a-barcelona\\\/#primaryimage\"},\"image\":{\"@id\":\"https:\\\/\\\/cfpmaresme.org\\\/es\\\/el-cfp-sera-present-a-la-celebracio-del-dia-de-la-salut-mental-a-barcelona\\\/#primaryimage\"},\"thumbnailUrl\":\"https:\\\/\\\/centreformacioprevencio.files.wordpress.com\\\/2016\\\/10\\\/6a9400d6-21dd-4253-bf3c-1e16e96530ae.jpg\",\"datePublished\":\"2016-10-04T07:51:24+00:00\",\"dateModified\":\"2021-07-02T10:03:41+00:00\",\"author\":{\"@id\":\"https:\\\/\\\/cfpmaresme.org\\\/#\\\/schema\\\/person\\\/b2634bcd796fafc667ea4055f61b9b2c\"},\"breadcrumb\":{\"@id\":\"https:\\\/\\\/cfpmaresme.org\\\/es\\\/el-cfp-sera-present-a-la-celebracio-del-dia-de-la-salut-mental-a-barcelona\\\/#breadcrumb\"},\"inLanguage\":\"es\",\"potentialAction\":[{\"@type\":\"ReadAction\",\"target\":[\"https:\\\/\\\/cfpmaresme.org\\\/es\\\/el-cfp-sera-present-a-la-celebracio-del-dia-de-la-salut-mental-a-barcelona\\\/\"]}]},{\"@type\":\"ImageObject\",\"inLanguage\":\"es\",\"@id\":\"https:\\\/\\\/cfpmaresme.org\\\/es\\\/el-cfp-sera-present-a-la-celebracio-del-dia-de-la-salut-mental-a-barcelona\\\/#primaryimage\",\"url\":\"https:\\\/\\\/centreformacioprevencio.files.wordpress.com\\\/2016\\\/10\\\/6a9400d6-21dd-4253-bf3c-1e16e96530ae.jpg\",\"contentUrl\":\"https:\\\/\\\/centreformacioprevencio.files.wordpress.com\\\/2016\\\/10\\\/6a9400d6-21dd-4253-bf3c-1e16e96530ae.jpg\"},{\"@type\":\"BreadcrumbList\",\"@id\":\"https:\\\/\\\/cfpmaresme.org\\\/es\\\/el-cfp-sera-present-a-la-celebracio-del-dia-de-la-salut-mental-a-barcelona\\\/#breadcrumb\",\"itemListElement\":[{\"@type\":\"ListItem\",\"position\":1,\"name\":\"Home\",\"item\":\"https:\\\/\\\/cfpmaresme.org\\\/es\\\/\"},{\"@type\":\"ListItem\",\"position\":2,\"name\":\"El CFP ser\u00e1 presente en la celebraci\u00f3n del D\u00eda de la Salud Mental en Barcelona\"}]},{\"@type\":\"WebSite\",\"@id\":\"https:\\\/\\\/cfpmaresme.org\\\/#website\",\"url\":\"https:\\\/\\\/cfpmaresme.org\\\/\",\"name\":\"CFP Maresme\",\"description\":\"Centre Formaci\u00f3 Prevenci\u00f3\",\"potentialAction\":[{\"@type\":\"SearchAction\",\"target\":{\"@type\":\"EntryPoint\",\"urlTemplate\":\"https:\\\/\\\/cfpmaresme.org\\\/?s={search_term_string}\"},\"query-input\":{\"@type\":\"PropertyValueSpecification\",\"valueRequired\":true,\"valueName\":\"search_term_string\"}}],\"inLanguage\":\"es\"},{\"@type\":\"Person\",\"@id\":\"https:\\\/\\\/cfpmaresme.org\\\/#\\\/schema\\\/person\\\/b2634bcd796fafc667ea4055f61b9b2c\",\"name\":\"CFPMaresme\"}]}<\/script>\n<!-- \/ Yoast SEO plugin. -->","yoast_head_json":{"title":"El CFP ser\u00e1 presente en la celebraci\u00f3n del D\u00eda de la Salud Mental en Barcelona | CFP Maresme","robots":{"index":"index","follow":"follow","max-snippet":"max-snippet:-1","max-image-preview":"max-image-preview:large","max-video-preview":"max-video-preview:-1"},"canonical":"https:\/\/cfpmaresme.org\/es\/el-cfp-sera-present-a-la-celebracio-del-dia-de-la-salut-mental-a-barcelona\/","og_locale":"es_ES","og_type":"article","og_title":"El CFP ser\u00e1 presente en la celebraci\u00f3n del D\u00eda de la Salud Mental en Barcelona | CFP Maresme","og_description":"Educadores y usuarios de la entidad asistir\u00e1n como cada a\u00f1o al acto que organiza F\u00f2rum Salut Mental este viernes 7 de octubre Un grupo grupo de educadores y usuarios en representaci\u00f3n del Centre de Formaci\u00f3 i Prevenci\u00f3 celebrar\u00e1 el D\u00eda de la Salud Mental el...","og_url":"https:\/\/cfpmaresme.org\/es\/el-cfp-sera-present-a-la-celebracio-del-dia-de-la-salut-mental-a-barcelona\/","og_site_name":"CFP Maresme","article_published_time":"2016-10-04T07:51:24+00:00","article_modified_time":"2021-07-02T10:03:41+00:00","og_image":[{"url":"https:\/\/centreformacioprevencio.files.wordpress.com\/2016\/10\/6a9400d6-21dd-4253-bf3c-1e16e96530ae.jpg","type":"","width":"","height":""}],"author":"CFPMaresme","twitter_card":"summary_large_image","twitter_creator":"@cfpmaresme","twitter_site":"@cfpmaresme","twitter_misc":{"Escrito por":"CFPMaresme","Tiempo de lectura":"1 minuto"},"schema":{"@context":"https:\/\/schema.org","@graph":[{"@type":"Article","@id":"https:\/\/cfpmaresme.org\/es\/el-cfp-sera-present-a-la-celebracio-del-dia-de-la-salut-mental-a-barcelona\/#article","isPartOf":{"@id":"https:\/\/cfpmaresme.org\/es\/el-cfp-sera-present-a-la-celebracio-del-dia-de-la-salut-mental-a-barcelona\/"},"author":{"name":"CFPMaresme","@id":"https:\/\/cfpmaresme.org\/#\/schema\/person\/b2634bcd796fafc667ea4055f61b9b2c"},"headline":"El CFP ser\u00e1 presente en la celebraci\u00f3n del D\u00eda de la Salud Mental en Barcelona","datePublished":"2016-10-04T07:51:24+00:00","dateModified":"2021-07-02T10:03:41+00:00","mainEntityOfPage":{"@id":"https:\/\/cfpmaresme.org\/es\/el-cfp-sera-present-a-la-celebracio-del-dia-de-la-salut-mental-a-barcelona\/"},"wordCount":240,"commentCount":0,"image":{"@id":"https:\/\/cfpmaresme.org\/es\/el-cfp-sera-present-a-la-celebracio-del-dia-de-la-salut-mental-a-barcelona\/#primaryimage"},"thumbnailUrl":"https:\/\/centreformacioprevencio.files.wordpress.com\/2016\/10\/6a9400d6-21dd-4253-bf3c-1e16e96530ae.jpg","keywords":["barcelona","centre","cfp","dia","educadors","formaci\u00f3","f\u00f2rum","mental","munt\u00e9","neus","prevenci\u00f3","salut","usuaris"],"articleSection":["CFP Maresme"],"inLanguage":"es"},{"@type":"WebPage","@id":"https:\/\/cfpmaresme.org\/es\/el-cfp-sera-present-a-la-celebracio-del-dia-de-la-salut-mental-a-barcelona\/","url":"https:\/\/cfpmaresme.org\/es\/el-cfp-sera-present-a-la-celebracio-del-dia-de-la-salut-mental-a-barcelona\/","name":"El CFP ser\u00e1 presente en la celebraci\u00f3n del D\u00eda de la Salud Mental en Barcelona | CFP Maresme","isPartOf":{"@id":"https:\/\/cfpmaresme.org\/#website"},"primaryImageOfPage":{"@id":"https:\/\/cfpmaresme.org\/es\/el-cfp-sera-present-a-la-celebracio-del-dia-de-la-salut-mental-a-barcelona\/#primaryimage"},"image":{"@id":"https:\/\/cfpmaresme.org\/es\/el-cfp-sera-present-a-la-celebracio-del-dia-de-la-salut-mental-a-barcelona\/#primaryimage"},"thumbnailUrl":"https:\/\/centreformacioprevencio.files.wordpress.com\/2016\/10\/6a9400d6-21dd-4253-bf3c-1e16e96530ae.jpg","datePublished":"2016-10-04T07:51:24+00:00","dateModified":"2021-07-02T10:03:41+00:00","author":{"@id":"https:\/\/cfpmaresme.org\/#\/schema\/person\/b2634bcd796fafc667ea4055f61b9b2c"},"breadcrumb":{"@id":"https:\/\/cfpmaresme.org\/es\/el-cfp-sera-present-a-la-celebracio-del-dia-de-la-salut-mental-a-barcelona\/#breadcrumb"},"inLanguage":"es","potentialAction":[{"@type":"ReadAction","target":["https:\/\/cfpmaresme.org\/es\/el-cfp-sera-present-a-la-celebracio-del-dia-de-la-salut-mental-a-barcelona\/"]}]},{"@type":"ImageObject","inLanguage":"es","@id":"https:\/\/cfpmaresme.org\/es\/el-cfp-sera-present-a-la-celebracio-del-dia-de-la-salut-mental-a-barcelona\/#primaryimage","url":"https:\/\/centreformacioprevencio.files.wordpress.com\/2016\/10\/6a9400d6-21dd-4253-bf3c-1e16e96530ae.jpg","contentUrl":"https:\/\/centreformacioprevencio.files.wordpress.com\/2016\/10\/6a9400d6-21dd-4253-bf3c-1e16e96530ae.jpg"},{"@type":"BreadcrumbList","@id":"https:\/\/cfpmaresme.org\/es\/el-cfp-sera-present-a-la-celebracio-del-dia-de-la-salut-mental-a-barcelona\/#breadcrumb","itemListElement":[{"@type":"ListItem","position":1,"name":"Home","item":"https:\/\/cfpmaresme.org\/es\/"},{"@type":"ListItem","position":2,"name":"El CFP ser\u00e1 presente en la celebraci\u00f3n del D\u00eda de la Salud Mental en Barcelona"}]},{"@type":"WebSite","@id":"https:\/\/cfpmaresme.org\/#website","url":"https:\/\/cfpmaresme.org\/","name":"CFP Maresme","description":"Centre Formaci\u00f3 Prevenci\u00f3","potentialAction":[{"@type":"SearchAction","target":{"@type":"EntryPoint","urlTemplate":"https:\/\/cfpmaresme.org\/?s={search_term_string}"},"query-input":{"@type":"PropertyValueSpecification","valueRequired":true,"valueName":"search_term_string"}}],"inLanguage":"es"},{"@type":"Person","@id":"https:\/\/cfpmaresme.org\/#\/schema\/person\/b2634bcd796fafc667ea4055f61b9b2c","name":"CFPMaresme"}]}},"_links":{"self":[{"href":"https:\/\/cfpmaresme.org\/es\/wp-json\/wp\/v2\/posts\/16979","targetHints":{"allow":["GET"]}}],"collection":[{"href":"https:\/\/cfpmaresme.org\/es\/wp-json\/wp\/v2\/posts"}],"about":[{"href":"https:\/\/cfpmaresme.org\/es\/wp-json\/wp\/v2\/types\/post"}],"author":[{"embeddable":true,"href":"https:\/\/cfpmaresme.org\/es\/wp-json\/wp\/v2\/users\/2"}],"replies":[{"embeddable":true,"href":"https:\/\/cfpmaresme.org\/es\/wp-json\/wp\/v2\/comments?post=16979"}],"version-history":[{"count":3,"href":"https:\/\/cfpmaresme.org\/es\/wp-json\/wp\/v2\/posts\/16979\/revisions"}],"predecessor-version":[{"id":25625,"href":"https:\/\/cfpmaresme.org\/es\/wp-json\/wp\/v2\/posts\/16979\/revisions\/25625"}],"wp:attachment":[{"href":"https:\/\/cfpmaresme.org\/es\/wp-json\/wp\/v2\/media?parent=16979"}],"wp:term":[{"taxonomy":"category","embeddable":true,"href":"https:\/\/cfpmaresme.org\/es\/wp-json\/wp\/v2\/categories?post=16979"},{"taxonomy":"post_tag","embeddable":true,"href":"https:\/\/cfpmaresme.org\/es\/wp-json\/wp\/v2\/tags?post=16979"}],"curies":[{"name":"wp","href":"https:\/\/api.w.org\/{rel}","templated":true}]}}