{"id":16981,"date":"2016-06-23T09:17:34","date_gmt":"2016-06-23T09:17:34","guid":{"rendered":"http:\/\/cfpmaresme.org\/el-cfp-visita-lescola-angela-bransuela-en-la-cloenda-del-projecte-cueme\/"},"modified":"2021-07-02T12:15:08","modified_gmt":"2021-07-02T10:15:08","slug":"el-cfp-visita-lescola-angela-bransuela-en-la-cloenda-del-projecte-cueme","status":"publish","type":"post","link":"https:\/\/cfpmaresme.org\/es\/el-cfp-visita-lescola-angela-bransuela-en-la-cloenda-del-projecte-cueme\/","title":{"rendered":"El CFP visita la escuela \u00c0ngela Bransuela en la clausura del proyecto CUEME"},"content":{"rendered":"<p style=\"text-align: justify;\">Los alumnos de 6\u00e8A del centro educativo dieron una aportaci\u00f3n solidaria a la entidad y recibieron un diploma de agradecimiento<\/p>\n<p style=\"text-align: justify;\"><img loading=\"lazy\" decoding=\"async\" class=\"alignnone size-full wp-image-801\" src=\"https:\/\/centreformacioprevencio.files.wordpress.com\/2016\/06\/escola_cueme1.jpg\" alt=\"Escola_CUEME1\" width=\"3024\" height=\"2052\" \/><\/p>\n<p style=\"text-align: justify;\">El pasado martes 21 de junio el Centre de Formaci\u00f3 i Prevenci\u00f3 visit\u00f3 la escuela \u00c0ngela Bransuela de Matar\u00f3 para agradecer a los alumnos de 6\u00baA que escogieran la entidad para llevar a cabo su proyecto de emprendedur\u00eda CUEME.\u00a0 La clase entreg\u00f3 a los dos representantes del centro la aportaci\u00f3n simb\u00f3lica que recogieron el 20 de mayo en la Feria de Matar\u00f3 vendiendo sus productos manufacturados y recibieron la felicitaci\u00f3n del CFP y un presente en forma de diploma como recuerdo de esta colaboraci\u00f3n.<\/p>\n<p style=\"text-align: justify;\"><!--more--><\/p>\n<p style=\"text-align: justify;\">Este 21 de junio era el \u00faltimo d\u00eda de clase y fue un buen momento porque los alumnos de 6\u00baA dieran al Centre de Formaci\u00f3 i Prevenci\u00f3 su contribuci\u00f3n solidaria a la entidad. Bernat, presidente de la cooperativa ABSECOOP (creada por el proyecto emprendedor por los propios estudiantes) fue el encargado de entregar el cheque que certificaba su colaboraci\u00f3n con el CFP. Por otro lado los dos representantes de la asociaci\u00f3n otorgaron a los alumnos un diploma de agradecimiento por haber pensado en el Centre de Formaci\u00f3 i Prevenci\u00f3 por su proyecto CUEME.<\/p>\n<p style=\"text-align: justify;\"><img loading=\"lazy\" decoding=\"async\" class=\"alignnone size-full wp-image-802\" src=\"https:\/\/centreformacioprevencio.files.wordpress.com\/2016\/06\/escola_cueme2.jpg\" alt=\"Escola_CUEME2\" width=\"3990\" height=\"2226\" \/><\/p>\n<p style=\"text-align: justify;\"><strong>Una visita de bienvenida y una de despedida\u00a0<\/strong><\/p>\n<p style=\"text-align: justify;\">Esta era la segunda ocasi\u00f3n en que el subdirector del CFP Jordi Mela y el responsable de Imagen y Comunicaci\u00f3n de la entidad Albert Clop\u00e9s asist\u00edan a la escuela \u00c0ngela Bransuela. La primera sirvi\u00f3 para explicar a los alumnos como funciona la asociaci\u00f3n y en qu\u00e9 \u00e1mbitos trabaja y para animarlos a hacer esta actividad de emprendedur\u00eda. Y esta \u00faltima se ha producido por la finalizaci\u00f3n del proyecto y para darse las graciacs m\u00fatuamente por esta relaci\u00f3n escuela-entidad.<\/p>\n<p style=\"text-align: justify;\"><strong>Un proyecto de emprendedur\u00eda de \u00e9xito en las escuelas\u00a0<\/strong><\/p>\n<p style=\"text-align: justify;\">El proyecto CUEME llegaba este a\u00f1o a la quinta edici\u00f3n con la participaci\u00f3n de cuatro escuelas mataroninas. El objetivo de esta iniciativa es que el alumnado pueda conocer el trabajo de las asociaciones e instituciones sociales de la ciudad y construir su propia acci\u00f3n solidaria. En el caso del Centre de Formaci\u00f3 i Prevenci\u00f3, que participaba por primera vez, ha sido una experiencia muy gratificante formar parte de esta iniciativa en colaboraci\u00f3n con la escuela\u00a0 \u00c0ngela Bransuela.<\/p>\n","protected":false},"excerpt":{"rendered":"<p>Los alumnos de 6\u00e8A del centro educativo dieron una aportaci\u00f3n solidaria a la entidad y recibieron un diploma de agradecimiento El pasado martes 21 de junio el Centre de Formaci\u00f3 i Prevenci\u00f3 visit\u00f3 la escuela \u00c0ngela Bransuela de Matar\u00f3 para agradecer a los alumnos de&#8230;<\/p>\n","protected":false},"author":2,"featured_media":0,"comment_status":"open","ping_status":"open","sticky":false,"template":"","format":"standard","meta":{"footnotes":""},"categories":[1187],"tags":[627,629,630,632,633,634,687,635,638,823,889],"class_list":["post-16981","post","type-post","status-publish","format-standard","hentry","category-cfp-maresme-es","tag-angela-es","tag-bransuela-es","tag-centre-es","tag-cueme-es","tag-emprenedoria-es","tag-escola-es","tag-escolar-es","tag-formacio-es","tag-prevencio-es","tag-projecte-es","tag-solidari-es"],"yoast_head":"<!-- This site is optimized with the Yoast SEO plugin v27.4 - https:\/\/yoast.com\/product\/yoast-seo-wordpress\/ -->\n<title>El CFP visita la escuela \u00c0ngela Bransuela en la clausura del proyecto CUEME | CFP Maresme<\/title>\n<meta name=\"robots\" content=\"index, follow, max-snippet:-1, max-image-preview:large, max-video-preview:-1\" \/>\n<link rel=\"canonical\" href=\"https:\/\/cfpmaresme.org\/es\/el-cfp-visita-lescola-angela-bransuela-en-la-cloenda-del-projecte-cueme\/\" \/>\n<meta property=\"og:locale\" content=\"es_ES\" \/>\n<meta property=\"og:type\" content=\"article\" \/>\n<meta property=\"og:title\" content=\"El CFP visita la escuela \u00c0ngela Bransuela en la clausura del proyecto CUEME | CFP Maresme\" \/>\n<meta property=\"og:description\" content=\"Los alumnos de 6\u00e8A del centro educativo dieron una aportaci\u00f3n solidaria a la entidad y recibieron un diploma de agradecimiento El pasado martes 21 de junio el Centre de Formaci\u00f3 i Prevenci\u00f3 visit\u00f3 la escuela \u00c0ngela Bransuela de Matar\u00f3 para agradecer a los alumnos de...\" \/>\n<meta property=\"og:url\" content=\"https:\/\/cfpmaresme.org\/es\/el-cfp-visita-lescola-angela-bransuela-en-la-cloenda-del-projecte-cueme\/\" \/>\n<meta property=\"og:site_name\" content=\"CFP Maresme\" \/>\n<meta property=\"article:published_time\" content=\"2016-06-23T09:17:34+00:00\" \/>\n<meta property=\"article:modified_time\" content=\"2021-07-02T10:15:08+00:00\" \/>\n<meta property=\"og:image\" content=\"https:\/\/centreformacioprevencio.files.wordpress.com\/2016\/06\/escola_cueme1.jpg\" \/>\n<meta name=\"author\" content=\"CFPMaresme\" \/>\n<meta name=\"twitter:card\" content=\"summary_large_image\" \/>\n<meta name=\"twitter:creator\" content=\"@cfpmaresme\" \/>\n<meta name=\"twitter:site\" content=\"@cfpmaresme\" \/>\n<meta name=\"twitter:label1\" content=\"Escrito por\" \/>\n\t<meta name=\"twitter:data1\" content=\"CFPMaresme\" \/>\n\t<meta name=\"twitter:label2\" content=\"Tiempo de lectura\" \/>\n\t<meta name=\"twitter:data2\" content=\"2 minutos\" \/>\n<script type=\"application\/ld+json\" class=\"yoast-schema-graph\">{\"@context\":\"https:\\\/\\\/schema.org\",\"@graph\":[{\"@type\":\"Article\",\"@id\":\"https:\\\/\\\/cfpmaresme.org\\\/es\\\/el-cfp-visita-lescola-angela-bransuela-en-la-cloenda-del-projecte-cueme\\\/#article\",\"isPartOf\":{\"@id\":\"https:\\\/\\\/cfpmaresme.org\\\/es\\\/el-cfp-visita-lescola-angela-bransuela-en-la-cloenda-del-projecte-cueme\\\/\"},\"author\":{\"name\":\"CFPMaresme\",\"@id\":\"https:\\\/\\\/cfpmaresme.org\\\/#\\\/schema\\\/person\\\/b2634bcd796fafc667ea4055f61b9b2c\"},\"headline\":\"El CFP visita la escuela \u00c0ngela Bransuela en la clausura del proyecto CUEME\",\"datePublished\":\"2016-06-23T09:17:34+00:00\",\"dateModified\":\"2021-07-02T10:15:08+00:00\",\"mainEntityOfPage\":{\"@id\":\"https:\\\/\\\/cfpmaresme.org\\\/es\\\/el-cfp-visita-lescola-angela-bransuela-en-la-cloenda-del-projecte-cueme\\\/\"},\"wordCount\":404,\"commentCount\":0,\"image\":{\"@id\":\"https:\\\/\\\/cfpmaresme.org\\\/es\\\/el-cfp-visita-lescola-angela-bransuela-en-la-cloenda-del-projecte-cueme\\\/#primaryimage\"},\"thumbnailUrl\":\"https:\\\/\\\/centreformacioprevencio.files.wordpress.com\\\/2016\\\/06\\\/escola_cueme1.jpg\",\"keywords\":[\"angela\",\"bransuela\",\"centre\",\"cueme\",\"emprenedoria\",\"escola\",\"escolar\",\"formaci\u00f3\",\"prevenci\u00f3\",\"projecte\",\"solidari\"],\"articleSection\":[\"CFP Maresme\"],\"inLanguage\":\"es\"},{\"@type\":\"WebPage\",\"@id\":\"https:\\\/\\\/cfpmaresme.org\\\/es\\\/el-cfp-visita-lescola-angela-bransuela-en-la-cloenda-del-projecte-cueme\\\/\",\"url\":\"https:\\\/\\\/cfpmaresme.org\\\/es\\\/el-cfp-visita-lescola-angela-bransuela-en-la-cloenda-del-projecte-cueme\\\/\",\"name\":\"El CFP visita la escuela \u00c0ngela Bransuela en la clausura del proyecto CUEME | CFP Maresme\",\"isPartOf\":{\"@id\":\"https:\\\/\\\/cfpmaresme.org\\\/#website\"},\"primaryImageOfPage\":{\"@id\":\"https:\\\/\\\/cfpmaresme.org\\\/es\\\/el-cfp-visita-lescola-angela-bransuela-en-la-cloenda-del-projecte-cueme\\\/#primaryimage\"},\"image\":{\"@id\":\"https:\\\/\\\/cfpmaresme.org\\\/es\\\/el-cfp-visita-lescola-angela-bransuela-en-la-cloenda-del-projecte-cueme\\\/#primaryimage\"},\"thumbnailUrl\":\"https:\\\/\\\/centreformacioprevencio.files.wordpress.com\\\/2016\\\/06\\\/escola_cueme1.jpg\",\"datePublished\":\"2016-06-23T09:17:34+00:00\",\"dateModified\":\"2021-07-02T10:15:08+00:00\",\"author\":{\"@id\":\"https:\\\/\\\/cfpmaresme.org\\\/#\\\/schema\\\/person\\\/b2634bcd796fafc667ea4055f61b9b2c\"},\"breadcrumb\":{\"@id\":\"https:\\\/\\\/cfpmaresme.org\\\/es\\\/el-cfp-visita-lescola-angela-bransuela-en-la-cloenda-del-projecte-cueme\\\/#breadcrumb\"},\"inLanguage\":\"es\",\"potentialAction\":[{\"@type\":\"ReadAction\",\"target\":[\"https:\\\/\\\/cfpmaresme.org\\\/es\\\/el-cfp-visita-lescola-angela-bransuela-en-la-cloenda-del-projecte-cueme\\\/\"]}]},{\"@type\":\"ImageObject\",\"inLanguage\":\"es\",\"@id\":\"https:\\\/\\\/cfpmaresme.org\\\/es\\\/el-cfp-visita-lescola-angela-bransuela-en-la-cloenda-del-projecte-cueme\\\/#primaryimage\",\"url\":\"https:\\\/\\\/centreformacioprevencio.files.wordpress.com\\\/2016\\\/06\\\/escola_cueme1.jpg\",\"contentUrl\":\"https:\\\/\\\/centreformacioprevencio.files.wordpress.com\\\/2016\\\/06\\\/escola_cueme1.jpg\"},{\"@type\":\"BreadcrumbList\",\"@id\":\"https:\\\/\\\/cfpmaresme.org\\\/es\\\/el-cfp-visita-lescola-angela-bransuela-en-la-cloenda-del-projecte-cueme\\\/#breadcrumb\",\"itemListElement\":[{\"@type\":\"ListItem\",\"position\":1,\"name\":\"Home\",\"item\":\"https:\\\/\\\/cfpmaresme.org\\\/es\\\/\"},{\"@type\":\"ListItem\",\"position\":2,\"name\":\"El CFP visita la escuela \u00c0ngela Bransuela en la clausura del proyecto CUEME\"}]},{\"@type\":\"WebSite\",\"@id\":\"https:\\\/\\\/cfpmaresme.org\\\/#website\",\"url\":\"https:\\\/\\\/cfpmaresme.org\\\/\",\"name\":\"CFP Maresme\",\"description\":\"Centre Formaci\u00f3 Prevenci\u00f3\",\"potentialAction\":[{\"@type\":\"SearchAction\",\"target\":{\"@type\":\"EntryPoint\",\"urlTemplate\":\"https:\\\/\\\/cfpmaresme.org\\\/?s={search_term_string}\"},\"query-input\":{\"@type\":\"PropertyValueSpecification\",\"valueRequired\":true,\"valueName\":\"search_term_string\"}}],\"inLanguage\":\"es\"},{\"@type\":\"Person\",\"@id\":\"https:\\\/\\\/cfpmaresme.org\\\/#\\\/schema\\\/person\\\/b2634bcd796fafc667ea4055f61b9b2c\",\"name\":\"CFPMaresme\"}]}<\/script>\n<!-- \/ Yoast SEO plugin. -->","yoast_head_json":{"title":"El CFP visita la escuela \u00c0ngela Bransuela en la clausura del proyecto CUEME | CFP Maresme","robots":{"index":"index","follow":"follow","max-snippet":"max-snippet:-1","max-image-preview":"max-image-preview:large","max-video-preview":"max-video-preview:-1"},"canonical":"https:\/\/cfpmaresme.org\/es\/el-cfp-visita-lescola-angela-bransuela-en-la-cloenda-del-projecte-cueme\/","og_locale":"es_ES","og_type":"article","og_title":"El CFP visita la escuela \u00c0ngela Bransuela en la clausura del proyecto CUEME | CFP Maresme","og_description":"Los alumnos de 6\u00e8A del centro educativo dieron una aportaci\u00f3n solidaria a la entidad y recibieron un diploma de agradecimiento El pasado martes 21 de junio el Centre de Formaci\u00f3 i Prevenci\u00f3 visit\u00f3 la escuela \u00c0ngela Bransuela de Matar\u00f3 para agradecer a los alumnos de...","og_url":"https:\/\/cfpmaresme.org\/es\/el-cfp-visita-lescola-angela-bransuela-en-la-cloenda-del-projecte-cueme\/","og_site_name":"CFP Maresme","article_published_time":"2016-06-23T09:17:34+00:00","article_modified_time":"2021-07-02T10:15:08+00:00","og_image":[{"url":"https:\/\/centreformacioprevencio.files.wordpress.com\/2016\/06\/escola_cueme1.jpg","type":"","width":"","height":""}],"author":"CFPMaresme","twitter_card":"summary_large_image","twitter_creator":"@cfpmaresme","twitter_site":"@cfpmaresme","twitter_misc":{"Escrito por":"CFPMaresme","Tiempo de lectura":"2 minutos"},"schema":{"@context":"https:\/\/schema.org","@graph":[{"@type":"Article","@id":"https:\/\/cfpmaresme.org\/es\/el-cfp-visita-lescola-angela-bransuela-en-la-cloenda-del-projecte-cueme\/#article","isPartOf":{"@id":"https:\/\/cfpmaresme.org\/es\/el-cfp-visita-lescola-angela-bransuela-en-la-cloenda-del-projecte-cueme\/"},"author":{"name":"CFPMaresme","@id":"https:\/\/cfpmaresme.org\/#\/schema\/person\/b2634bcd796fafc667ea4055f61b9b2c"},"headline":"El CFP visita la escuela \u00c0ngela Bransuela en la clausura del proyecto CUEME","datePublished":"2016-06-23T09:17:34+00:00","dateModified":"2021-07-02T10:15:08+00:00","mainEntityOfPage":{"@id":"https:\/\/cfpmaresme.org\/es\/el-cfp-visita-lescola-angela-bransuela-en-la-cloenda-del-projecte-cueme\/"},"wordCount":404,"commentCount":0,"image":{"@id":"https:\/\/cfpmaresme.org\/es\/el-cfp-visita-lescola-angela-bransuela-en-la-cloenda-del-projecte-cueme\/#primaryimage"},"thumbnailUrl":"https:\/\/centreformacioprevencio.files.wordpress.com\/2016\/06\/escola_cueme1.jpg","keywords":["angela","bransuela","centre","cueme","emprenedoria","escola","escolar","formaci\u00f3","prevenci\u00f3","projecte","solidari"],"articleSection":["CFP Maresme"],"inLanguage":"es"},{"@type":"WebPage","@id":"https:\/\/cfpmaresme.org\/es\/el-cfp-visita-lescola-angela-bransuela-en-la-cloenda-del-projecte-cueme\/","url":"https:\/\/cfpmaresme.org\/es\/el-cfp-visita-lescola-angela-bransuela-en-la-cloenda-del-projecte-cueme\/","name":"El CFP visita la escuela \u00c0ngela Bransuela en la clausura del proyecto CUEME | CFP Maresme","isPartOf":{"@id":"https:\/\/cfpmaresme.org\/#website"},"primaryImageOfPage":{"@id":"https:\/\/cfpmaresme.org\/es\/el-cfp-visita-lescola-angela-bransuela-en-la-cloenda-del-projecte-cueme\/#primaryimage"},"image":{"@id":"https:\/\/cfpmaresme.org\/es\/el-cfp-visita-lescola-angela-bransuela-en-la-cloenda-del-projecte-cueme\/#primaryimage"},"thumbnailUrl":"https:\/\/centreformacioprevencio.files.wordpress.com\/2016\/06\/escola_cueme1.jpg","datePublished":"2016-06-23T09:17:34+00:00","dateModified":"2021-07-02T10:15:08+00:00","author":{"@id":"https:\/\/cfpmaresme.org\/#\/schema\/person\/b2634bcd796fafc667ea4055f61b9b2c"},"breadcrumb":{"@id":"https:\/\/cfpmaresme.org\/es\/el-cfp-visita-lescola-angela-bransuela-en-la-cloenda-del-projecte-cueme\/#breadcrumb"},"inLanguage":"es","potentialAction":[{"@type":"ReadAction","target":["https:\/\/cfpmaresme.org\/es\/el-cfp-visita-lescola-angela-bransuela-en-la-cloenda-del-projecte-cueme\/"]}]},{"@type":"ImageObject","inLanguage":"es","@id":"https:\/\/cfpmaresme.org\/es\/el-cfp-visita-lescola-angela-bransuela-en-la-cloenda-del-projecte-cueme\/#primaryimage","url":"https:\/\/centreformacioprevencio.files.wordpress.com\/2016\/06\/escola_cueme1.jpg","contentUrl":"https:\/\/centreformacioprevencio.files.wordpress.com\/2016\/06\/escola_cueme1.jpg"},{"@type":"BreadcrumbList","@id":"https:\/\/cfpmaresme.org\/es\/el-cfp-visita-lescola-angela-bransuela-en-la-cloenda-del-projecte-cueme\/#breadcrumb","itemListElement":[{"@type":"ListItem","position":1,"name":"Home","item":"https:\/\/cfpmaresme.org\/es\/"},{"@type":"ListItem","position":2,"name":"El CFP visita la escuela \u00c0ngela Bransuela en la clausura del proyecto CUEME"}]},{"@type":"WebSite","@id":"https:\/\/cfpmaresme.org\/#website","url":"https:\/\/cfpmaresme.org\/","name":"CFP Maresme","description":"Centre Formaci\u00f3 Prevenci\u00f3","potentialAction":[{"@type":"SearchAction","target":{"@type":"EntryPoint","urlTemplate":"https:\/\/cfpmaresme.org\/?s={search_term_string}"},"query-input":{"@type":"PropertyValueSpecification","valueRequired":true,"valueName":"search_term_string"}}],"inLanguage":"es"},{"@type":"Person","@id":"https:\/\/cfpmaresme.org\/#\/schema\/person\/b2634bcd796fafc667ea4055f61b9b2c","name":"CFPMaresme"}]}},"_links":{"self":[{"href":"https:\/\/cfpmaresme.org\/es\/wp-json\/wp\/v2\/posts\/16981","targetHints":{"allow":["GET"]}}],"collection":[{"href":"https:\/\/cfpmaresme.org\/es\/wp-json\/wp\/v2\/posts"}],"about":[{"href":"https:\/\/cfpmaresme.org\/es\/wp-json\/wp\/v2\/types\/post"}],"author":[{"embeddable":true,"href":"https:\/\/cfpmaresme.org\/es\/wp-json\/wp\/v2\/users\/2"}],"replies":[{"embeddable":true,"href":"https:\/\/cfpmaresme.org\/es\/wp-json\/wp\/v2\/comments?post=16981"}],"version-history":[{"count":3,"href":"https:\/\/cfpmaresme.org\/es\/wp-json\/wp\/v2\/posts\/16981\/revisions"}],"predecessor-version":[{"id":25627,"href":"https:\/\/cfpmaresme.org\/es\/wp-json\/wp\/v2\/posts\/16981\/revisions\/25627"}],"wp:attachment":[{"href":"https:\/\/cfpmaresme.org\/es\/wp-json\/wp\/v2\/media?parent=16981"}],"wp:term":[{"taxonomy":"category","embeddable":true,"href":"https:\/\/cfpmaresme.org\/es\/wp-json\/wp\/v2\/categories?post=16981"},{"taxonomy":"post_tag","embeddable":true,"href":"https:\/\/cfpmaresme.org\/es\/wp-json\/wp\/v2\/tags?post=16981"}],"curies":[{"name":"wp","href":"https:\/\/api.w.org\/{rel}","templated":true}]}}