{"id":16982,"date":"2016-06-17T10:52:09","date_gmt":"2016-06-17T10:52:09","guid":{"rendered":"http:\/\/cfpmaresme.org\/alterarte-i-llibre-actiu-participen-al-v-congres-del-tercer-sector\/"},"modified":"2020-10-28T16:52:20","modified_gmt":"2020-10-28T14:52:20","slug":"alterarte-i-llibre-actiu-participen-al-v-congres-del-tercer-sector","status":"publish","type":"post","link":"https:\/\/cfpmaresme.org\/es\/alterarte-i-llibre-actiu-participen-al-v-congres-del-tercer-sector\/","title":{"rendered":"Alterarte y Llibre Actiu participan al V Congreso del Tercer Sector Social"},"content":{"rendered":"<p style=\"text-align: justify;\">Los dos programas del CFP formaron parte del espacio \u00c0gora d\u2019Experi\u00e8ncies, donde se presentaban los proyectos m\u00e1s innovadores del sector social en Catalu\u00f1a.<\/p>\n<p style=\"text-align: justify;\"><img loading=\"lazy\" decoding=\"async\" class=\"alignnone size-full wp-image-784\" src=\"https:\/\/centreformacioprevencio.files.wordpress.com\/2016\/06\/img-20160616-wa0006.jpg\" alt=\"IMG-20160616-WA0006\" width=\"1599\" height=\"899\" \/><\/p>\n<p style=\"text-align: justify;\">El V Congreso del Tercer Sector Social celebrado en Barcelona entre el 14 y el 17 de junio ha contado con la presencia de dos proyectos del Centre de Formaci\u00f3 i Prevenci\u00f3 dentro de las 154 propuestas que concurr\u00edan a la cita a nivel catal\u00e1n. Las acciones art\u00edsticas para la integraci\u00f3n de Alterarte y el servicio de intercambio de libros Llibre Actiu fueron protagonistas el pasado jueves en el espacio \u00c0gora d\u2019Experi\u00e8ncies, un lugar donde poner en com\u00fan el trabajo de los profesionales del sector mediante mesas de di\u00e1logo.<\/p>\n<p style=\"text-align: justify;\"><strong>Una jornada de interacci\u00f3n entre proyectos innovadores\u00a0<\/strong><\/p>\n<p style=\"text-align: justify;\">Nuestros compa\u00f1eros Blanca Gimeno, H\u00e9ctor Roqueta y Jaume Rodon fueron los encargados de explicar sus programas a distintos profesionales de toda Catalu\u00f1a en grupos de diez personas que iban cambiando de mesa. Fueron dos horas en las que los responsables de Alterarte y Llibre Actiu pudieron establecer lazos con otras iniciativas y contactar con personas que est\u00e1n trabajando paralelamente con el mismo colectivo pero con proyectos de distintos \u00e1mbitos.<\/p>\n<p style=\"text-align: justify;\"><img loading=\"lazy\" decoding=\"async\" class=\"alignnone size-full wp-image-786\" src=\"https:\/\/centreformacioprevencio.files.wordpress.com\/2016\/06\/img-20160616-wa0003.jpg\" alt=\"IMG-20160616-WA0003\" width=\"1599\" height=\"899\" \/><\/p>\n<p style=\"text-align: justify;\">Tambi\u00e9n fue una buena oportunidad para mostrar el material que estos dos programas del CFP han estado generando durante su trayectoria. As\u00ed pues, los asistentes a la mesa de nuestros compa\u00f1eros pudieron ver muestras de cuadros y acciones art\u00edsticas de Alterarte y consultar una peque\u00f1a referencia del listado de publicaciones que tiene el servicio de Llibre Actiu. Tambi\u00e9n recibieron unos d\u00edpticos informativos con los datos de contacto para posibles futuras colaboraciones.<\/p>\n<p style=\"text-align: justify;\"><strong>Un Congreso con una funci\u00f3n de cohesi\u00f3n entre entidades\u00a0<\/strong><\/p>\n<p style=\"text-align: justify;\">Los responsables de Alterarte y Llibre Actiu quedaron muy satisfechos de su participaci\u00f3n en el Congreso porque ellos mismos tambi\u00e9n aprendieron otras opiniones y metodolog\u00edas. El Congreso, y en especial este espacio de \u00c0gora Experi\u00e8ncies, ha servido para cohesionar una red de atenci\u00f3n a las personas mediante la tarea de muchas entidades con sus distintos programas. La cita, que supon\u00eda su quinta edici\u00f3n, ha reunido a 1800 personas, 40 ponentes y 154 propuestas innovadoras durante sus cuatro d\u00edas de duraci\u00f3n.<\/p>\n","protected":false},"excerpt":{"rendered":"<p>Los dos programas del CFP formaron parte del espacio \u00c0gora d\u2019Experi\u00e8ncies, donde se presentaban los proyectos m\u00e1s innovadores del sector social en Catalu\u00f1a. El V Congreso del Tercer Sector Social celebrado en Barcelona entre el 14 y el 17 de junio ha contado con la&#8230;<\/p>\n","protected":false},"author":2,"featured_media":0,"comment_status":"open","ping_status":"open","sticky":false,"template":"","format":"standard","meta":{"footnotes":""},"categories":[1234,599,1199],"tags":[939,709,643,787,630,940,635,720,941,721,638,942],"class_list":["post-16982","post","type-post","status-publish","format-standard","hentry","category-alterarte-es","category-llibre-actiu-es","category-servicios-de-rehabilitacion-comunitaria","tag-agora-es","tag-alterarte-es","tag-art-es","tag-bookcrossing-es","tag-centre-es","tag-congres-es","tag-formacio-es","tag-intercanvi-es","tag-llibreactiu-es","tag-llibres-es","tag-prevencio-es","tag-tercersector-es"],"yoast_head":"<!-- This site is optimized with the Yoast SEO plugin v27.4 - https:\/\/yoast.com\/product\/yoast-seo-wordpress\/ -->\n<title>Alterarte y Llibre Actiu participan al V Congreso del Tercer Sector Social | CFP Maresme<\/title>\n<meta name=\"robots\" content=\"index, follow, max-snippet:-1, max-image-preview:large, max-video-preview:-1\" \/>\n<link rel=\"canonical\" href=\"https:\/\/cfpmaresme.org\/es\/alterarte-i-llibre-actiu-participen-al-v-congres-del-tercer-sector\/\" \/>\n<meta property=\"og:locale\" content=\"es_ES\" \/>\n<meta property=\"og:type\" content=\"article\" \/>\n<meta property=\"og:title\" content=\"Alterarte y Llibre Actiu participan al V Congreso del Tercer Sector Social | CFP Maresme\" \/>\n<meta property=\"og:description\" content=\"Los dos programas del CFP formaron parte del espacio \u00c0gora d\u2019Experi\u00e8ncies, donde se presentaban los proyectos m\u00e1s innovadores del sector social en Catalu\u00f1a. El V Congreso del Tercer Sector Social celebrado en Barcelona entre el 14 y el 17 de junio ha contado con la...\" \/>\n<meta property=\"og:url\" content=\"https:\/\/cfpmaresme.org\/es\/alterarte-i-llibre-actiu-participen-al-v-congres-del-tercer-sector\/\" \/>\n<meta property=\"og:site_name\" content=\"CFP Maresme\" \/>\n<meta property=\"article:published_time\" content=\"2016-06-17T10:52:09+00:00\" \/>\n<meta property=\"article:modified_time\" content=\"2020-10-28T14:52:20+00:00\" \/>\n<meta property=\"og:image\" content=\"https:\/\/centreformacioprevencio.files.wordpress.com\/2016\/06\/img-20160616-wa0006.jpg\" \/>\n<meta name=\"author\" content=\"CFPMaresme\" \/>\n<meta name=\"twitter:card\" content=\"summary_large_image\" \/>\n<meta name=\"twitter:creator\" content=\"@cfpmaresme\" \/>\n<meta name=\"twitter:site\" content=\"@cfpmaresme\" \/>\n<meta name=\"twitter:label1\" content=\"Escrito por\" \/>\n\t<meta name=\"twitter:data1\" content=\"CFPMaresme\" \/>\n\t<meta name=\"twitter:label2\" content=\"Tiempo de lectura\" \/>\n\t<meta name=\"twitter:data2\" content=\"2 minutos\" \/>\n<script type=\"application\/ld+json\" class=\"yoast-schema-graph\">{\"@context\":\"https:\\\/\\\/schema.org\",\"@graph\":[{\"@type\":\"Article\",\"@id\":\"https:\\\/\\\/cfpmaresme.org\\\/es\\\/alterarte-i-llibre-actiu-participen-al-v-congres-del-tercer-sector\\\/#article\",\"isPartOf\":{\"@id\":\"https:\\\/\\\/cfpmaresme.org\\\/es\\\/alterarte-i-llibre-actiu-participen-al-v-congres-del-tercer-sector\\\/\"},\"author\":{\"name\":\"CFPMaresme\",\"@id\":\"https:\\\/\\\/cfpmaresme.org\\\/#\\\/schema\\\/person\\\/b2634bcd796fafc667ea4055f61b9b2c\"},\"headline\":\"Alterarte y Llibre Actiu participan al V Congreso del Tercer Sector Social\",\"datePublished\":\"2016-06-17T10:52:09+00:00\",\"dateModified\":\"2020-10-28T14:52:20+00:00\",\"mainEntityOfPage\":{\"@id\":\"https:\\\/\\\/cfpmaresme.org\\\/es\\\/alterarte-i-llibre-actiu-participen-al-v-congres-del-tercer-sector\\\/\"},\"wordCount\":388,\"commentCount\":0,\"image\":{\"@id\":\"https:\\\/\\\/cfpmaresme.org\\\/es\\\/alterarte-i-llibre-actiu-participen-al-v-congres-del-tercer-sector\\\/#primaryimage\"},\"thumbnailUrl\":\"https:\\\/\\\/centreformacioprevencio.files.wordpress.com\\\/2016\\\/06\\\/img-20160616-wa0006.jpg\",\"keywords\":[\"\u00e0gora\",\"alterarte\",\"Art\",\"bookcrossing\",\"centre\",\"congr\u00e9s\",\"formaci\u00f3\",\"intercanvi\",\"llibreactiu\",\"llibres\",\"prevenci\u00f3\",\"tercersector\"],\"articleSection\":[\"Alterarte\",\"Llibre Actiu\",\"Servicios de Rehabilitaci\u00f3n Comunitaria\"],\"inLanguage\":\"es\"},{\"@type\":\"WebPage\",\"@id\":\"https:\\\/\\\/cfpmaresme.org\\\/es\\\/alterarte-i-llibre-actiu-participen-al-v-congres-del-tercer-sector\\\/\",\"url\":\"https:\\\/\\\/cfpmaresme.org\\\/es\\\/alterarte-i-llibre-actiu-participen-al-v-congres-del-tercer-sector\\\/\",\"name\":\"Alterarte y Llibre Actiu participan al V Congreso del Tercer Sector Social | CFP Maresme\",\"isPartOf\":{\"@id\":\"https:\\\/\\\/cfpmaresme.org\\\/#website\"},\"primaryImageOfPage\":{\"@id\":\"https:\\\/\\\/cfpmaresme.org\\\/es\\\/alterarte-i-llibre-actiu-participen-al-v-congres-del-tercer-sector\\\/#primaryimage\"},\"image\":{\"@id\":\"https:\\\/\\\/cfpmaresme.org\\\/es\\\/alterarte-i-llibre-actiu-participen-al-v-congres-del-tercer-sector\\\/#primaryimage\"},\"thumbnailUrl\":\"https:\\\/\\\/centreformacioprevencio.files.wordpress.com\\\/2016\\\/06\\\/img-20160616-wa0006.jpg\",\"datePublished\":\"2016-06-17T10:52:09+00:00\",\"dateModified\":\"2020-10-28T14:52:20+00:00\",\"author\":{\"@id\":\"https:\\\/\\\/cfpmaresme.org\\\/#\\\/schema\\\/person\\\/b2634bcd796fafc667ea4055f61b9b2c\"},\"breadcrumb\":{\"@id\":\"https:\\\/\\\/cfpmaresme.org\\\/es\\\/alterarte-i-llibre-actiu-participen-al-v-congres-del-tercer-sector\\\/#breadcrumb\"},\"inLanguage\":\"es\",\"potentialAction\":[{\"@type\":\"ReadAction\",\"target\":[\"https:\\\/\\\/cfpmaresme.org\\\/es\\\/alterarte-i-llibre-actiu-participen-al-v-congres-del-tercer-sector\\\/\"]}]},{\"@type\":\"ImageObject\",\"inLanguage\":\"es\",\"@id\":\"https:\\\/\\\/cfpmaresme.org\\\/es\\\/alterarte-i-llibre-actiu-participen-al-v-congres-del-tercer-sector\\\/#primaryimage\",\"url\":\"https:\\\/\\\/centreformacioprevencio.files.wordpress.com\\\/2016\\\/06\\\/img-20160616-wa0006.jpg\",\"contentUrl\":\"https:\\\/\\\/centreformacioprevencio.files.wordpress.com\\\/2016\\\/06\\\/img-20160616-wa0006.jpg\"},{\"@type\":\"BreadcrumbList\",\"@id\":\"https:\\\/\\\/cfpmaresme.org\\\/es\\\/alterarte-i-llibre-actiu-participen-al-v-congres-del-tercer-sector\\\/#breadcrumb\",\"itemListElement\":[{\"@type\":\"ListItem\",\"position\":1,\"name\":\"Home\",\"item\":\"https:\\\/\\\/cfpmaresme.org\\\/es\\\/\"},{\"@type\":\"ListItem\",\"position\":2,\"name\":\"Alterarte y Llibre Actiu participan al V Congreso del Tercer Sector Social\"}]},{\"@type\":\"WebSite\",\"@id\":\"https:\\\/\\\/cfpmaresme.org\\\/#website\",\"url\":\"https:\\\/\\\/cfpmaresme.org\\\/\",\"name\":\"CFP Maresme\",\"description\":\"Centre Formaci\u00f3 Prevenci\u00f3\",\"potentialAction\":[{\"@type\":\"SearchAction\",\"target\":{\"@type\":\"EntryPoint\",\"urlTemplate\":\"https:\\\/\\\/cfpmaresme.org\\\/?s={search_term_string}\"},\"query-input\":{\"@type\":\"PropertyValueSpecification\",\"valueRequired\":true,\"valueName\":\"search_term_string\"}}],\"inLanguage\":\"es\"},{\"@type\":\"Person\",\"@id\":\"https:\\\/\\\/cfpmaresme.org\\\/#\\\/schema\\\/person\\\/b2634bcd796fafc667ea4055f61b9b2c\",\"name\":\"CFPMaresme\"}]}<\/script>\n<!-- \/ Yoast SEO plugin. -->","yoast_head_json":{"title":"Alterarte y Llibre Actiu participan al V Congreso del Tercer Sector Social | CFP Maresme","robots":{"index":"index","follow":"follow","max-snippet":"max-snippet:-1","max-image-preview":"max-image-preview:large","max-video-preview":"max-video-preview:-1"},"canonical":"https:\/\/cfpmaresme.org\/es\/alterarte-i-llibre-actiu-participen-al-v-congres-del-tercer-sector\/","og_locale":"es_ES","og_type":"article","og_title":"Alterarte y Llibre Actiu participan al V Congreso del Tercer Sector Social | CFP Maresme","og_description":"Los dos programas del CFP formaron parte del espacio \u00c0gora d\u2019Experi\u00e8ncies, donde se presentaban los proyectos m\u00e1s innovadores del sector social en Catalu\u00f1a. El V Congreso del Tercer Sector Social celebrado en Barcelona entre el 14 y el 17 de junio ha contado con la...","og_url":"https:\/\/cfpmaresme.org\/es\/alterarte-i-llibre-actiu-participen-al-v-congres-del-tercer-sector\/","og_site_name":"CFP Maresme","article_published_time":"2016-06-17T10:52:09+00:00","article_modified_time":"2020-10-28T14:52:20+00:00","og_image":[{"url":"https:\/\/centreformacioprevencio.files.wordpress.com\/2016\/06\/img-20160616-wa0006.jpg","type":"","width":"","height":""}],"author":"CFPMaresme","twitter_card":"summary_large_image","twitter_creator":"@cfpmaresme","twitter_site":"@cfpmaresme","twitter_misc":{"Escrito por":"CFPMaresme","Tiempo de lectura":"2 minutos"},"schema":{"@context":"https:\/\/schema.org","@graph":[{"@type":"Article","@id":"https:\/\/cfpmaresme.org\/es\/alterarte-i-llibre-actiu-participen-al-v-congres-del-tercer-sector\/#article","isPartOf":{"@id":"https:\/\/cfpmaresme.org\/es\/alterarte-i-llibre-actiu-participen-al-v-congres-del-tercer-sector\/"},"author":{"name":"CFPMaresme","@id":"https:\/\/cfpmaresme.org\/#\/schema\/person\/b2634bcd796fafc667ea4055f61b9b2c"},"headline":"Alterarte y Llibre Actiu participan al V Congreso del Tercer Sector Social","datePublished":"2016-06-17T10:52:09+00:00","dateModified":"2020-10-28T14:52:20+00:00","mainEntityOfPage":{"@id":"https:\/\/cfpmaresme.org\/es\/alterarte-i-llibre-actiu-participen-al-v-congres-del-tercer-sector\/"},"wordCount":388,"commentCount":0,"image":{"@id":"https:\/\/cfpmaresme.org\/es\/alterarte-i-llibre-actiu-participen-al-v-congres-del-tercer-sector\/#primaryimage"},"thumbnailUrl":"https:\/\/centreformacioprevencio.files.wordpress.com\/2016\/06\/img-20160616-wa0006.jpg","keywords":["\u00e0gora","alterarte","Art","bookcrossing","centre","congr\u00e9s","formaci\u00f3","intercanvi","llibreactiu","llibres","prevenci\u00f3","tercersector"],"articleSection":["Alterarte","Llibre Actiu","Servicios de Rehabilitaci\u00f3n Comunitaria"],"inLanguage":"es"},{"@type":"WebPage","@id":"https:\/\/cfpmaresme.org\/es\/alterarte-i-llibre-actiu-participen-al-v-congres-del-tercer-sector\/","url":"https:\/\/cfpmaresme.org\/es\/alterarte-i-llibre-actiu-participen-al-v-congres-del-tercer-sector\/","name":"Alterarte y Llibre Actiu participan al V Congreso del Tercer Sector Social | CFP Maresme","isPartOf":{"@id":"https:\/\/cfpmaresme.org\/#website"},"primaryImageOfPage":{"@id":"https:\/\/cfpmaresme.org\/es\/alterarte-i-llibre-actiu-participen-al-v-congres-del-tercer-sector\/#primaryimage"},"image":{"@id":"https:\/\/cfpmaresme.org\/es\/alterarte-i-llibre-actiu-participen-al-v-congres-del-tercer-sector\/#primaryimage"},"thumbnailUrl":"https:\/\/centreformacioprevencio.files.wordpress.com\/2016\/06\/img-20160616-wa0006.jpg","datePublished":"2016-06-17T10:52:09+00:00","dateModified":"2020-10-28T14:52:20+00:00","author":{"@id":"https:\/\/cfpmaresme.org\/#\/schema\/person\/b2634bcd796fafc667ea4055f61b9b2c"},"breadcrumb":{"@id":"https:\/\/cfpmaresme.org\/es\/alterarte-i-llibre-actiu-participen-al-v-congres-del-tercer-sector\/#breadcrumb"},"inLanguage":"es","potentialAction":[{"@type":"ReadAction","target":["https:\/\/cfpmaresme.org\/es\/alterarte-i-llibre-actiu-participen-al-v-congres-del-tercer-sector\/"]}]},{"@type":"ImageObject","inLanguage":"es","@id":"https:\/\/cfpmaresme.org\/es\/alterarte-i-llibre-actiu-participen-al-v-congres-del-tercer-sector\/#primaryimage","url":"https:\/\/centreformacioprevencio.files.wordpress.com\/2016\/06\/img-20160616-wa0006.jpg","contentUrl":"https:\/\/centreformacioprevencio.files.wordpress.com\/2016\/06\/img-20160616-wa0006.jpg"},{"@type":"BreadcrumbList","@id":"https:\/\/cfpmaresme.org\/es\/alterarte-i-llibre-actiu-participen-al-v-congres-del-tercer-sector\/#breadcrumb","itemListElement":[{"@type":"ListItem","position":1,"name":"Home","item":"https:\/\/cfpmaresme.org\/es\/"},{"@type":"ListItem","position":2,"name":"Alterarte y Llibre Actiu participan al V Congreso del Tercer Sector Social"}]},{"@type":"WebSite","@id":"https:\/\/cfpmaresme.org\/#website","url":"https:\/\/cfpmaresme.org\/","name":"CFP Maresme","description":"Centre Formaci\u00f3 Prevenci\u00f3","potentialAction":[{"@type":"SearchAction","target":{"@type":"EntryPoint","urlTemplate":"https:\/\/cfpmaresme.org\/?s={search_term_string}"},"query-input":{"@type":"PropertyValueSpecification","valueRequired":true,"valueName":"search_term_string"}}],"inLanguage":"es"},{"@type":"Person","@id":"https:\/\/cfpmaresme.org\/#\/schema\/person\/b2634bcd796fafc667ea4055f61b9b2c","name":"CFPMaresme"}]}},"_links":{"self":[{"href":"https:\/\/cfpmaresme.org\/es\/wp-json\/wp\/v2\/posts\/16982","targetHints":{"allow":["GET"]}}],"collection":[{"href":"https:\/\/cfpmaresme.org\/es\/wp-json\/wp\/v2\/posts"}],"about":[{"href":"https:\/\/cfpmaresme.org\/es\/wp-json\/wp\/v2\/types\/post"}],"author":[{"embeddable":true,"href":"https:\/\/cfpmaresme.org\/es\/wp-json\/wp\/v2\/users\/2"}],"replies":[{"embeddable":true,"href":"https:\/\/cfpmaresme.org\/es\/wp-json\/wp\/v2\/comments?post=16982"}],"version-history":[{"count":3,"href":"https:\/\/cfpmaresme.org\/es\/wp-json\/wp\/v2\/posts\/16982\/revisions"}],"predecessor-version":[{"id":22149,"href":"https:\/\/cfpmaresme.org\/es\/wp-json\/wp\/v2\/posts\/16982\/revisions\/22149"}],"wp:attachment":[{"href":"https:\/\/cfpmaresme.org\/es\/wp-json\/wp\/v2\/media?parent=16982"}],"wp:term":[{"taxonomy":"category","embeddable":true,"href":"https:\/\/cfpmaresme.org\/es\/wp-json\/wp\/v2\/categories?post=16982"},{"taxonomy":"post_tag","embeddable":true,"href":"https:\/\/cfpmaresme.org\/es\/wp-json\/wp\/v2\/tags?post=16982"}],"curies":[{"name":"wp","href":"https:\/\/api.w.org\/{rel}","templated":true}]}}