{"id":16983,"date":"2016-06-10T11:28:06","date_gmt":"2016-06-10T11:28:06","guid":{"rendered":"http:\/\/cfpmaresme.org\/el-cfp-exposa-la-seva-metodologia-de-treball-a-la-jornada-sobre-salut-mental-per-a-professionals\/"},"modified":"2021-07-02T14:01:20","modified_gmt":"2021-07-02T12:01:20","slug":"el-cfp-exposa-la-seva-metodologia-de-treball-a-la-jornada-sobre-salut-mental-per-a-professionals","status":"publish","type":"post","link":"https:\/\/cfpmaresme.org\/es\/el-cfp-exposa-la-seva-metodologia-de-treball-a-la-jornada-sobre-salut-mental-per-a-professionals\/","title":{"rendered":"El CFP expone su metodolog\u00eda de trabajo en la jornada sobre salud mental para profesionales"},"content":{"rendered":"<p style=\"text-align: justify;\">Diversos compa\u00f1eros de la entidad explicaron los distintos servicios destinados a personas con trastornos mentales que ofrece el CFP y la labor que desarrollan con los usuarios<\/p>\n<p style=\"text-align: justify;\"><img loading=\"lazy\" decoding=\"async\" class=\"alignnone size-full wp-image-760\" src=\"https:\/\/centreformacioprevencio.files.wordpress.com\/2016\/06\/dsc_0453.jpg\" alt=\"DSC_0453\" width=\"3840\" height=\"2160\" \/><\/p>\n<p style=\"text-align: justify;\">La jornada sobre salud mental para profesionales que tuvo lugar el pasado 9 de junio en el Centro C\u00edvico Pla d\u2019en Boet de Matar\u00f3 tuvo como uno de los protagonistas del acto al Centre de Formaci\u00f3 i Prevenci\u00f3. Los compa\u00f1eros de la asociaci\u00f3n explicaron los servicios que ofrece el CFP en el territorio hacia las personas con problemas de salud mental. H\u00e9ctor Roqueta, Jaume Rodon, M\u00edriam P\u00e9rez, Cristina Almerich, Jordi Escrig y Jordi L\u00f3pez intervinieron para exponer sus experiencias, el funcionamiento de atenci\u00f3n de las distintas ramas de atenci\u00f3n a los usuarios y sus impresiones personales sobre su trabajo y la situaci\u00f3n del colectivo de salud mental en nuestro pa\u00eds.<\/p>\n<p style=\"text-align: justify;\"><!--more--><\/p>\n<p style=\"text-align: justify;\">El acto estaba incluido dentro del Plan de Inclusi\u00f3n 2015-2018 de la Mesa de Promoci\u00f3n Social del Ayuntamiento de Matar\u00f3 y cont\u00f3 con la presencia del regidor de sanidad del consistorio Joan Vinzo y de muchos profesionales del CSMA (consorcio sanitario del Maresme), Servicios Sociales y de la asociaci\u00f3n contra el estigma barcelonina Obertament.<\/p>\n<p style=\"text-align: justify;\">La primera de la las intervenciones del CFP fue la del compa\u00f1ero H\u00e9ctor Roqueta, que explic\u00f3 el funcionamiento y las caracter\u00edsticas de los Hogares con Soporte. Roqueta resalt\u00f3 la responsabilidad de ofrecer una atencion personalizada y constante a las personas que viven en los pisos tutelados y el hecho de que son ellos mismos los que tienen que ser aut\u00f3nomos y escoger sus propias decisiones, aunque siempre con un acompa\u00f1amiento por parte de los educadores. Tambi\u00e9n dio a conocer la intenci\u00f3n de crear un nuevo hogar con inquilinos mixtos, ya que los pisos que tiene actualmente la asociaci\u00f3n son ocupados exclusivamente por hombres.<\/p>\n<p style=\"text-align: justify;\"><img loading=\"lazy\" decoding=\"async\" class=\"alignnone size-full wp-image-763\" src=\"https:\/\/centreformacioprevencio.files.wordpress.com\/2016\/06\/dsc_0438.jpg\" alt=\"DSC_0438\" width=\"3840\" height=\"2160\" \/><\/p>\n<p style=\"text-align: justify;\">A continuaci\u00f3n fue el turno de Jaume Rodon, encargado de definir el servicio Prelaboral del centro. De esta manera,\u00a0 Rodon enumer\u00f3 los ejes en los cuales se sustenta este servicio, que son aumentar la motivaci\u00f3n entre los usuarios, intentar la mejora de su nivel de ocupabilidad y el objetivo de favorecer su inserci\u00f3n laboral. Tambi\u00e9n destac\u00f3 la relaci\u00f3n de este servicio con el de Intermediaci\u00f3n Laboral que ofrece paralelamente el CFP.<\/p>\n<p style=\"text-align: justify;\"><img loading=\"lazy\" decoding=\"async\" class=\"alignnone size-full wp-image-766\" src=\"https:\/\/centreformacioprevencio.files.wordpress.com\/2016\/06\/dsc_0442.jpg\" alt=\"DSC_0442\" width=\"3840\" height=\"2160\" \/><\/p>\n<p style=\"text-align: justify;\">Justo despu\u00e9s fue M\u00edriam P\u00e9rez, coordinadora de \u2019intermediaci\u00f3n laboral del centro, la que tom\u00f3 la palabra. Nuestra compa\u00f1era hizo referencia a los talleres de carpinter\u00eda y soldadura que ofrece la entidad y el soporte para que los usuarios y usuarias (que a menudo presentan distintos niveles de compromiso y de capacidades) puedan encontrar su lugar ya sea en la intermediaci\u00f3n laboral, m\u00e1s encarada a encontrar trabajo o en el servicio prelaboral, m\u00e1s especializado en la pre-ocupaci\u00f3n. <img loading=\"lazy\" decoding=\"async\" class=\"alignnone size-full wp-image-769\" src=\"https:\/\/centreformacioprevencio.files.wordpress.com\/2016\/06\/dsc_0444.jpg\" alt=\"DSC_0444\" width=\"3840\" height=\"2160\" \/><\/p>\n<p style=\"text-align: justify;\">Tambi\u00e9n Cristina Almerich, responsable del Servicio de Rehabilitaci\u00f3n del Maresme, quiso explicar la tarea que se desarrolla desde este programa. Almerich nos explic\u00f3 que la asistencia a las actividades del SRC tiene que ser completamente voluntaria y tiene que ser el usuario el que se vincule o desvincule del servicio, hecho que hace que el Servicio de Rehabilitaci\u00f3n sea un lugar de encuentro donde las personas que asisten practiquen proyectos que les ilusionan y tengan la voluntad de contar con la ayuda de los profesionales del centro.<\/p>\n<p style=\"text-align: justify;\"><img loading=\"lazy\" decoding=\"async\" class=\"alignnone size-full wp-image-772\" src=\"https:\/\/centreformacioprevencio.files.wordpress.com\/2016\/06\/dsc_0449.jpg\" alt=\"DSC_0449\" width=\"3840\" height=\"2160\" \/><\/p>\n<p style=\"text-align: justify;\">Finalmente, nuestros compa\u00f1eros Jordi Escrig, Jordi L\u00f3pez y H\u00e9ctor Roqueta se sentaron en la mesa para reflexionar sobre el estado del colectivo de salud mental. Mediante experiencias propias y an\u00e9cdotas surgidas durante sus a\u00f1os trabajando en este \u00e1mbito, denunciaron el estigma que sufren estas personas y destacaron tambi\u00e9n la dificultad de enfrentarse a algunas situaciones que el marco legislativo vigente no contempla. Es en estos casos cuando el trabajo del educador o t\u00e9cnico es vital para conseguir resultados positivos con los usuarios y evitar episodios de tensi\u00f3n.<\/p>\n<p style=\"text-align: justify;\"><img loading=\"lazy\" decoding=\"async\" class=\"alignnone size-full wp-image-775\" src=\"https:\/\/centreformacioprevencio.files.wordpress.com\/2016\/06\/dsc_0454.jpg\" alt=\"DSC_0454\" width=\"3840\" height=\"2160\" \/><\/p>\n<p style=\"text-align: justify;\">Con estas \u00faltimas intervenciones finaliz\u00f3 la aportaci\u00f3n del Centre de Formaci\u00f3 i Prevenci\u00f3 en esta jornada, que sirvi\u00f3 para acercar posiciones en cuanto a metodolog\u00eda entre los distintos servicios en red territoriales de la salud mental. Los asistentes discutieron y pusieron en com\u00fan las dificultades con las que se encuentran los profesionales a la hora de tratar con un colectivo tan sensible as\u00ed como su objetivo de elaborar nuevas propuestas para mejorar su integraci\u00f3n social.<\/p>\n","protected":false},"excerpt":{"rendered":"<p>Diversos compa\u00f1eros de la entidad explicaron los distintos servicios destinados a personas con trastornos mentales que ofrece el CFP y la labor que desarrollan con los usuarios La jornada sobre salud mental para profesionales que tuvo lugar el pasado 9 de junio en el Centro&#8230;<\/p>\n","protected":false},"author":2,"featured_media":0,"comment_status":"open","ping_status":"open","sticky":false,"template":"","format":"standard","meta":{"footnotes":""},"categories":[1187],"tags":[],"class_list":["post-16983","post","type-post","status-publish","format-standard","hentry","category-cfp-maresme-es"],"yoast_head":"<!-- This site is optimized with the Yoast SEO plugin v27.4 - https:\/\/yoast.com\/product\/yoast-seo-wordpress\/ -->\n<title>El CFP expone su metodolog\u00eda de trabajo en la jornada sobre salud mental para profesionales | CFP Maresme<\/title>\n<meta name=\"robots\" content=\"index, follow, max-snippet:-1, max-image-preview:large, max-video-preview:-1\" \/>\n<link rel=\"canonical\" href=\"https:\/\/cfpmaresme.org\/es\/el-cfp-exposa-la-seva-metodologia-de-treball-a-la-jornada-sobre-salut-mental-per-a-professionals\/\" \/>\n<meta property=\"og:locale\" content=\"es_ES\" \/>\n<meta property=\"og:type\" content=\"article\" \/>\n<meta property=\"og:title\" content=\"El CFP expone su metodolog\u00eda de trabajo en la jornada sobre salud mental para profesionales | CFP Maresme\" \/>\n<meta property=\"og:description\" content=\"Diversos compa\u00f1eros de la entidad explicaron los distintos servicios destinados a personas con trastornos mentales que ofrece el CFP y la labor que desarrollan con los usuarios La jornada sobre salud mental para profesionales que tuvo lugar el pasado 9 de junio en el Centro...\" \/>\n<meta property=\"og:url\" content=\"https:\/\/cfpmaresme.org\/es\/el-cfp-exposa-la-seva-metodologia-de-treball-a-la-jornada-sobre-salut-mental-per-a-professionals\/\" \/>\n<meta property=\"og:site_name\" content=\"CFP Maresme\" \/>\n<meta property=\"article:published_time\" content=\"2016-06-10T11:28:06+00:00\" \/>\n<meta property=\"article:modified_time\" content=\"2021-07-02T12:01:20+00:00\" \/>\n<meta property=\"og:image\" content=\"https:\/\/centreformacioprevencio.files.wordpress.com\/2016\/06\/dsc_0453.jpg\" \/>\n<meta name=\"author\" content=\"CFPMaresme\" \/>\n<meta name=\"twitter:card\" content=\"summary_large_image\" \/>\n<meta name=\"twitter:creator\" content=\"@cfpmaresme\" \/>\n<meta name=\"twitter:site\" content=\"@cfpmaresme\" \/>\n<meta name=\"twitter:label1\" content=\"Escrito por\" \/>\n\t<meta name=\"twitter:data1\" content=\"CFPMaresme\" \/>\n\t<meta name=\"twitter:label2\" content=\"Tiempo de lectura\" \/>\n\t<meta name=\"twitter:data2\" content=\"4 minutos\" \/>\n<script type=\"application\/ld+json\" class=\"yoast-schema-graph\">{\"@context\":\"https:\\\/\\\/schema.org\",\"@graph\":[{\"@type\":\"Article\",\"@id\":\"https:\\\/\\\/cfpmaresme.org\\\/es\\\/el-cfp-exposa-la-seva-metodologia-de-treball-a-la-jornada-sobre-salut-mental-per-a-professionals\\\/#article\",\"isPartOf\":{\"@id\":\"https:\\\/\\\/cfpmaresme.org\\\/es\\\/el-cfp-exposa-la-seva-metodologia-de-treball-a-la-jornada-sobre-salut-mental-per-a-professionals\\\/\"},\"author\":{\"name\":\"CFPMaresme\",\"@id\":\"https:\\\/\\\/cfpmaresme.org\\\/#\\\/schema\\\/person\\\/b2634bcd796fafc667ea4055f61b9b2c\"},\"headline\":\"El CFP expone su metodolog\u00eda de trabajo en la jornada sobre salud mental para profesionales\",\"datePublished\":\"2016-06-10T11:28:06+00:00\",\"dateModified\":\"2021-07-02T12:01:20+00:00\",\"mainEntityOfPage\":{\"@id\":\"https:\\\/\\\/cfpmaresme.org\\\/es\\\/el-cfp-exposa-la-seva-metodologia-de-treball-a-la-jornada-sobre-salut-mental-per-a-professionals\\\/\"},\"wordCount\":760,\"commentCount\":0,\"image\":{\"@id\":\"https:\\\/\\\/cfpmaresme.org\\\/es\\\/el-cfp-exposa-la-seva-metodologia-de-treball-a-la-jornada-sobre-salut-mental-per-a-professionals\\\/#primaryimage\"},\"thumbnailUrl\":\"https:\\\/\\\/centreformacioprevencio.files.wordpress.com\\\/2016\\\/06\\\/dsc_0453.jpg\",\"articleSection\":[\"CFP Maresme\"],\"inLanguage\":\"es\"},{\"@type\":\"WebPage\",\"@id\":\"https:\\\/\\\/cfpmaresme.org\\\/es\\\/el-cfp-exposa-la-seva-metodologia-de-treball-a-la-jornada-sobre-salut-mental-per-a-professionals\\\/\",\"url\":\"https:\\\/\\\/cfpmaresme.org\\\/es\\\/el-cfp-exposa-la-seva-metodologia-de-treball-a-la-jornada-sobre-salut-mental-per-a-professionals\\\/\",\"name\":\"El CFP expone su metodolog\u00eda de trabajo en la jornada sobre salud mental para profesionales | CFP Maresme\",\"isPartOf\":{\"@id\":\"https:\\\/\\\/cfpmaresme.org\\\/#website\"},\"primaryImageOfPage\":{\"@id\":\"https:\\\/\\\/cfpmaresme.org\\\/es\\\/el-cfp-exposa-la-seva-metodologia-de-treball-a-la-jornada-sobre-salut-mental-per-a-professionals\\\/#primaryimage\"},\"image\":{\"@id\":\"https:\\\/\\\/cfpmaresme.org\\\/es\\\/el-cfp-exposa-la-seva-metodologia-de-treball-a-la-jornada-sobre-salut-mental-per-a-professionals\\\/#primaryimage\"},\"thumbnailUrl\":\"https:\\\/\\\/centreformacioprevencio.files.wordpress.com\\\/2016\\\/06\\\/dsc_0453.jpg\",\"datePublished\":\"2016-06-10T11:28:06+00:00\",\"dateModified\":\"2021-07-02T12:01:20+00:00\",\"author\":{\"@id\":\"https:\\\/\\\/cfpmaresme.org\\\/#\\\/schema\\\/person\\\/b2634bcd796fafc667ea4055f61b9b2c\"},\"breadcrumb\":{\"@id\":\"https:\\\/\\\/cfpmaresme.org\\\/es\\\/el-cfp-exposa-la-seva-metodologia-de-treball-a-la-jornada-sobre-salut-mental-per-a-professionals\\\/#breadcrumb\"},\"inLanguage\":\"es\",\"potentialAction\":[{\"@type\":\"ReadAction\",\"target\":[\"https:\\\/\\\/cfpmaresme.org\\\/es\\\/el-cfp-exposa-la-seva-metodologia-de-treball-a-la-jornada-sobre-salut-mental-per-a-professionals\\\/\"]}]},{\"@type\":\"ImageObject\",\"inLanguage\":\"es\",\"@id\":\"https:\\\/\\\/cfpmaresme.org\\\/es\\\/el-cfp-exposa-la-seva-metodologia-de-treball-a-la-jornada-sobre-salut-mental-per-a-professionals\\\/#primaryimage\",\"url\":\"https:\\\/\\\/centreformacioprevencio.files.wordpress.com\\\/2016\\\/06\\\/dsc_0453.jpg\",\"contentUrl\":\"https:\\\/\\\/centreformacioprevencio.files.wordpress.com\\\/2016\\\/06\\\/dsc_0453.jpg\"},{\"@type\":\"BreadcrumbList\",\"@id\":\"https:\\\/\\\/cfpmaresme.org\\\/es\\\/el-cfp-exposa-la-seva-metodologia-de-treball-a-la-jornada-sobre-salut-mental-per-a-professionals\\\/#breadcrumb\",\"itemListElement\":[{\"@type\":\"ListItem\",\"position\":1,\"name\":\"Home\",\"item\":\"https:\\\/\\\/cfpmaresme.org\\\/es\\\/\"},{\"@type\":\"ListItem\",\"position\":2,\"name\":\"El CFP expone su metodolog\u00eda de trabajo en la jornada sobre salud mental para profesionales\"}]},{\"@type\":\"WebSite\",\"@id\":\"https:\\\/\\\/cfpmaresme.org\\\/#website\",\"url\":\"https:\\\/\\\/cfpmaresme.org\\\/\",\"name\":\"CFP Maresme\",\"description\":\"Centre Formaci\u00f3 Prevenci\u00f3\",\"potentialAction\":[{\"@type\":\"SearchAction\",\"target\":{\"@type\":\"EntryPoint\",\"urlTemplate\":\"https:\\\/\\\/cfpmaresme.org\\\/?s={search_term_string}\"},\"query-input\":{\"@type\":\"PropertyValueSpecification\",\"valueRequired\":true,\"valueName\":\"search_term_string\"}}],\"inLanguage\":\"es\"},{\"@type\":\"Person\",\"@id\":\"https:\\\/\\\/cfpmaresme.org\\\/#\\\/schema\\\/person\\\/b2634bcd796fafc667ea4055f61b9b2c\",\"name\":\"CFPMaresme\"}]}<\/script>\n<!-- \/ Yoast SEO plugin. -->","yoast_head_json":{"title":"El CFP expone su metodolog\u00eda de trabajo en la jornada sobre salud mental para profesionales | CFP Maresme","robots":{"index":"index","follow":"follow","max-snippet":"max-snippet:-1","max-image-preview":"max-image-preview:large","max-video-preview":"max-video-preview:-1"},"canonical":"https:\/\/cfpmaresme.org\/es\/el-cfp-exposa-la-seva-metodologia-de-treball-a-la-jornada-sobre-salut-mental-per-a-professionals\/","og_locale":"es_ES","og_type":"article","og_title":"El CFP expone su metodolog\u00eda de trabajo en la jornada sobre salud mental para profesionales | CFP Maresme","og_description":"Diversos compa\u00f1eros de la entidad explicaron los distintos servicios destinados a personas con trastornos mentales que ofrece el CFP y la labor que desarrollan con los usuarios La jornada sobre salud mental para profesionales que tuvo lugar el pasado 9 de junio en el Centro...","og_url":"https:\/\/cfpmaresme.org\/es\/el-cfp-exposa-la-seva-metodologia-de-treball-a-la-jornada-sobre-salut-mental-per-a-professionals\/","og_site_name":"CFP Maresme","article_published_time":"2016-06-10T11:28:06+00:00","article_modified_time":"2021-07-02T12:01:20+00:00","og_image":[{"url":"https:\/\/centreformacioprevencio.files.wordpress.com\/2016\/06\/dsc_0453.jpg","type":"","width":"","height":""}],"author":"CFPMaresme","twitter_card":"summary_large_image","twitter_creator":"@cfpmaresme","twitter_site":"@cfpmaresme","twitter_misc":{"Escrito por":"CFPMaresme","Tiempo de lectura":"4 minutos"},"schema":{"@context":"https:\/\/schema.org","@graph":[{"@type":"Article","@id":"https:\/\/cfpmaresme.org\/es\/el-cfp-exposa-la-seva-metodologia-de-treball-a-la-jornada-sobre-salut-mental-per-a-professionals\/#article","isPartOf":{"@id":"https:\/\/cfpmaresme.org\/es\/el-cfp-exposa-la-seva-metodologia-de-treball-a-la-jornada-sobre-salut-mental-per-a-professionals\/"},"author":{"name":"CFPMaresme","@id":"https:\/\/cfpmaresme.org\/#\/schema\/person\/b2634bcd796fafc667ea4055f61b9b2c"},"headline":"El CFP expone su metodolog\u00eda de trabajo en la jornada sobre salud mental para profesionales","datePublished":"2016-06-10T11:28:06+00:00","dateModified":"2021-07-02T12:01:20+00:00","mainEntityOfPage":{"@id":"https:\/\/cfpmaresme.org\/es\/el-cfp-exposa-la-seva-metodologia-de-treball-a-la-jornada-sobre-salut-mental-per-a-professionals\/"},"wordCount":760,"commentCount":0,"image":{"@id":"https:\/\/cfpmaresme.org\/es\/el-cfp-exposa-la-seva-metodologia-de-treball-a-la-jornada-sobre-salut-mental-per-a-professionals\/#primaryimage"},"thumbnailUrl":"https:\/\/centreformacioprevencio.files.wordpress.com\/2016\/06\/dsc_0453.jpg","articleSection":["CFP Maresme"],"inLanguage":"es"},{"@type":"WebPage","@id":"https:\/\/cfpmaresme.org\/es\/el-cfp-exposa-la-seva-metodologia-de-treball-a-la-jornada-sobre-salut-mental-per-a-professionals\/","url":"https:\/\/cfpmaresme.org\/es\/el-cfp-exposa-la-seva-metodologia-de-treball-a-la-jornada-sobre-salut-mental-per-a-professionals\/","name":"El CFP expone su metodolog\u00eda de trabajo en la jornada sobre salud mental para profesionales | CFP Maresme","isPartOf":{"@id":"https:\/\/cfpmaresme.org\/#website"},"primaryImageOfPage":{"@id":"https:\/\/cfpmaresme.org\/es\/el-cfp-exposa-la-seva-metodologia-de-treball-a-la-jornada-sobre-salut-mental-per-a-professionals\/#primaryimage"},"image":{"@id":"https:\/\/cfpmaresme.org\/es\/el-cfp-exposa-la-seva-metodologia-de-treball-a-la-jornada-sobre-salut-mental-per-a-professionals\/#primaryimage"},"thumbnailUrl":"https:\/\/centreformacioprevencio.files.wordpress.com\/2016\/06\/dsc_0453.jpg","datePublished":"2016-06-10T11:28:06+00:00","dateModified":"2021-07-02T12:01:20+00:00","author":{"@id":"https:\/\/cfpmaresme.org\/#\/schema\/person\/b2634bcd796fafc667ea4055f61b9b2c"},"breadcrumb":{"@id":"https:\/\/cfpmaresme.org\/es\/el-cfp-exposa-la-seva-metodologia-de-treball-a-la-jornada-sobre-salut-mental-per-a-professionals\/#breadcrumb"},"inLanguage":"es","potentialAction":[{"@type":"ReadAction","target":["https:\/\/cfpmaresme.org\/es\/el-cfp-exposa-la-seva-metodologia-de-treball-a-la-jornada-sobre-salut-mental-per-a-professionals\/"]}]},{"@type":"ImageObject","inLanguage":"es","@id":"https:\/\/cfpmaresme.org\/es\/el-cfp-exposa-la-seva-metodologia-de-treball-a-la-jornada-sobre-salut-mental-per-a-professionals\/#primaryimage","url":"https:\/\/centreformacioprevencio.files.wordpress.com\/2016\/06\/dsc_0453.jpg","contentUrl":"https:\/\/centreformacioprevencio.files.wordpress.com\/2016\/06\/dsc_0453.jpg"},{"@type":"BreadcrumbList","@id":"https:\/\/cfpmaresme.org\/es\/el-cfp-exposa-la-seva-metodologia-de-treball-a-la-jornada-sobre-salut-mental-per-a-professionals\/#breadcrumb","itemListElement":[{"@type":"ListItem","position":1,"name":"Home","item":"https:\/\/cfpmaresme.org\/es\/"},{"@type":"ListItem","position":2,"name":"El CFP expone su metodolog\u00eda de trabajo en la jornada sobre salud mental para profesionales"}]},{"@type":"WebSite","@id":"https:\/\/cfpmaresme.org\/#website","url":"https:\/\/cfpmaresme.org\/","name":"CFP Maresme","description":"Centre Formaci\u00f3 Prevenci\u00f3","potentialAction":[{"@type":"SearchAction","target":{"@type":"EntryPoint","urlTemplate":"https:\/\/cfpmaresme.org\/?s={search_term_string}"},"query-input":{"@type":"PropertyValueSpecification","valueRequired":true,"valueName":"search_term_string"}}],"inLanguage":"es"},{"@type":"Person","@id":"https:\/\/cfpmaresme.org\/#\/schema\/person\/b2634bcd796fafc667ea4055f61b9b2c","name":"CFPMaresme"}]}},"_links":{"self":[{"href":"https:\/\/cfpmaresme.org\/es\/wp-json\/wp\/v2\/posts\/16983","targetHints":{"allow":["GET"]}}],"collection":[{"href":"https:\/\/cfpmaresme.org\/es\/wp-json\/wp\/v2\/posts"}],"about":[{"href":"https:\/\/cfpmaresme.org\/es\/wp-json\/wp\/v2\/types\/post"}],"author":[{"embeddable":true,"href":"https:\/\/cfpmaresme.org\/es\/wp-json\/wp\/v2\/users\/2"}],"replies":[{"embeddable":true,"href":"https:\/\/cfpmaresme.org\/es\/wp-json\/wp\/v2\/comments?post=16983"}],"version-history":[{"count":3,"href":"https:\/\/cfpmaresme.org\/es\/wp-json\/wp\/v2\/posts\/16983\/revisions"}],"predecessor-version":[{"id":25629,"href":"https:\/\/cfpmaresme.org\/es\/wp-json\/wp\/v2\/posts\/16983\/revisions\/25629"}],"wp:attachment":[{"href":"https:\/\/cfpmaresme.org\/es\/wp-json\/wp\/v2\/media?parent=16983"}],"wp:term":[{"taxonomy":"category","embeddable":true,"href":"https:\/\/cfpmaresme.org\/es\/wp-json\/wp\/v2\/categories?post=16983"},{"taxonomy":"post_tag","embeddable":true,"href":"https:\/\/cfpmaresme.org\/es\/wp-json\/wp\/v2\/tags?post=16983"}],"curies":[{"name":"wp","href":"https:\/\/api.w.org\/{rel}","templated":true}]}}