{"id":16986,"date":"2016-03-03T11:04:01","date_gmt":"2016-03-03T11:04:01","guid":{"rendered":"http:\/\/cfpmaresme.org\/el-cfp-debat-sobre-la-diversitat-de-lautonomia-personal\/"},"modified":"2021-07-05T12:46:08","modified_gmt":"2021-07-05T10:46:08","slug":"el-cfp-debat-sobre-la-diversitat-de-lautonomia-personal","status":"publish","type":"post","link":"https:\/\/cfpmaresme.org\/es\/el-cfp-debat-sobre-la-diversitat-de-lautonomia-personal\/","title":{"rendered":"El CFP debate sobre la diversidad de la autonom\u00eda personal"},"content":{"rendered":"<p style=\"text-align: justify;\">T\u00e9cnicos y profesionales del centro participan activamente en la jornada organizada por la Mesa de Accesibilidad a la antigua f\u00e1brica de g\u00e9nero de punto Can Marf\u00e0 de Matar\u00f3<\/p>\n<p style=\"text-align: justify;\"><img loading=\"lazy\" decoding=\"async\" class=\"alignnone size-full wp-image-706\" src=\"https:\/\/centreformacioprevencio.files.wordpress.com\/2016\/03\/img_2950.jpg\" alt=\"IMG_2950\" width=\"5184\" height=\"3456\" \/><\/p>\n<p style=\"text-align: justify;\">El pasado mi\u00e9rcoles 2 de marzo tuvo lugar la jornada \u00abLa diversidad de la autonom\u00eda personal\u00bb en Can Marf\u00e0 y un buen grupo de miembros del Centre de Formaci\u00f3 i Prevenci\u00f3 asistieron en nombre de la entidad a fin de debatir y establecer v\u00ednculos entorno los retos cotidianos de las personas con diversidad funcional con las otras asociaciones participantes.<\/p>\n<p style=\"text-align: justify;\">La cita, organizada por la Mesa de Accesibilidad, ten\u00eda el objetivo de reflexionar y explorar los distintos puntos de vista y situaciones a los que se enfrenta este colectivo tan heterog\u00e9neo y las posibles maneras de actuar por parte de las entidades que atienden a estas personas.<\/p>\n<p style=\"text-align: justify;\"><!--more--><\/p>\n<p style=\"text-align: justify;\"><strong><em>La Mesa de Accesibilidad, vinculada al Consejo de Bienestar Social mataron\u00edn, incluye las entidades de la ciudad que luchan por la integraci\u00f3n social de los colectivos con diversidad funcional y el CFP forma parte. <\/em><\/strong><\/p>\n<p>&nbsp;<\/p>\n<p style=\"text-align: justify;\"><strong>Presencia institucional por parte del consistorio\u00a0<\/strong><\/p>\n<p style=\"text-align: justify;\">La bienvenida fue a cargo de Maria S\u00e1nchez, miembro de la Mesa y presidenta de Amiba, que agradeci\u00f3 la participaci\u00f3n de los asistentes. Seguidamente fue el turno de Isabel Mart\u00ednez Cid, regidora delegada de Bienestar Social, Convivencia y Vivienda del Ayuntamiento de Matar\u00f3.<\/p>\n<p style=\"text-align: justify;\">En su breve intervenci\u00f3n, la regidora quiso destacar que \u201cla diversidad funcional es integridad, es dignidad y es un derecho fundamental. A pesar de la bajada de presupuestos en los \u00faltimos tiempos, tenemos que seguir trabajando por este colectivo\u00bb. Tambi\u00e9n asisti\u00f3 al acto en representaci\u00f3n del Ayuntamiento el regidor delegado de Sanidad, Salud, Consumo y Gente Mayor Activa, Joan Vinzo.<\/p>\n<p style=\"text-align: justify;\">.<\/p>\n<p style=\"text-align: justify;\"><strong>La diversidad conceptual dentro de la diversidad funcional\u00a0<\/strong><\/p>\n<p style=\"text-align: justify;\">Despu\u00e9s de la introducci\u00f3n de las autoridades, tuvo el tuvo de palabra Joan Canimas Brugu\u00e9, doctor en filosof\u00eda, que dirigi\u00f3 una conferencia dirigida a esclarecer los conceptos que utilizamos para hablar de la diversidad funcional. As\u00ed pues, Canimas destac\u00f3 la hetereogene\u00efdad del colectivo, ya que nos estamos refiriendo desde personas con trastornos mentales muy grandes hasta personas que no pueden caminar.<\/p>\n<p style=\"text-align: justify;\"><img loading=\"lazy\" decoding=\"async\" class=\"alignnone size-full wp-image-723\" src=\"https:\/\/centreformacioprevencio.files.wordpress.com\/2016\/03\/img_29171.jpg\" alt=\"IMG_2917\" width=\"5184\" height=\"3456\" \/><\/p>\n<p style=\"text-align: justify;\">Teniendo en cuenta esta realidad, Canimas apost\u00f3 durante su intervenci\u00f3n por la adopci\u00f3n de un modelo de responsabilidad por parte de las entidades a la hora de tratar a sus usuarios y usuarias en funci\u00f3n del caso particular. Para Joan Canimas, se tiene que mular el plan de tratamiento a una persona teniendo en cuenta si su autonom\u00eda est\u00e1 en entredicho debido a causas f\u00edsicas o sensoriales, psicol\u00f3gicas o econ\u00f3micas. E incluso dentro de estos tres \u00e1mbitos, establecer tambi\u00e9n diferencias seg\u00fan las circunstancias personales.<\/p>\n<p style=\"text-align: justify;\"><strong>Espacio de debate con responsables de los distintos \u00e1mbitos involucrados\u00a0<\/strong><\/p>\n<p style=\"text-align: justify;\">Justo despu\u00e9s tuvo lugar una mesa de debate en la que responsables de las \u00e1reas que tratan con personas con diversidad funcional pusieron en com\u00fan sus experiencias en su lugar de trabajo. De esta manera, los \u00e1mbitos educativo, de salud, laboral, sexual y afectivo, de ocio, legislativo, familiar y de perspectiva personal pudieron debatir sobre las t\u00e9cnicas de atenci\u00f3n con la participaci\u00f3n del p\u00fablico.<\/p>\n<p style=\"text-align: justify;\">.<\/p>\n<p style=\"text-align: justify;\"><strong>\u201cEl Circo de la Mariposa\u201d y el espacio de participaci\u00f3n de trabajo en grupo\u00a0\u00a0<\/strong><\/p>\n<p style=\"text-align: justify;\">En la jornada de tarde, los asistentes pudieron ver el cortometraje \u201cEl Circo de la Mariposa\u201d de Joshua Weigel, una cinta que explora la capacidad de superaci\u00f3n de una persona y su fuerza de voluntad a partir de la historia de un chico sin extremidades que trabaja en un circo.<\/p>\n<p style=\"text-align: justify;\">Posteriormente, se establecieron grupos de trabajo entre profesionales y usuarios de las asociaciones participantes para presentar propuestas, llegar a acuerdos y buscar unanimidad en las decisiones que afectan al tratamiento y la atenci\u00f3n a las personas con diversidad funcional.<\/p>\n<p style=\"text-align: justify;\"><img loading=\"lazy\" decoding=\"async\" class=\"alignnone size-full wp-image-714\" src=\"https:\/\/centreformacioprevencio.files.wordpress.com\/2016\/03\/img_2960.jpg\" alt=\"IMG_2960\" width=\"5184\" height=\"3456\" \/><\/p>\n<p style=\"text-align: justify;\">.<\/p>\n<p style=\"text-align: justify;\"><strong>Una jornada de cohesi\u00f3n entre entidades<\/strong><\/p>\n<p style=\"text-align: justify;\">La jornada \u201cLa diversidad de la autonom\u00eda personal\u00bb sirvi\u00f3 para cohesionar el conjunto de asociaciones, fundaciones y centros que trabajan en el \u00e1mbito de la mejora de la autonom\u00eda de las personas en la ciudad de Matar\u00f3. Cont\u00f3 con la participaci\u00f3n de 17 instituciones y agrup\u00f3 a m\u00e1s de 100 personas interesadas laboral y personalmente en la tem\u00e1tica. Fue pues una iniciativa existosa que podr\u00eda repetirse los pr\u00f3ximos a\u00f1os para continuar analizando el trabajo que desarrollan d\u00eda a d\u00eda todas las entidades que han participado hoy en la jornada.<\/p>\n<p style=\"text-align: justify;\"><em><strong>Las instituciones participantes fueron AGIM, Associaci\u00f3 Asperger del Alt Maresme, Associaci\u00f3 Entramats, Associaci\u00f3 d&#8217;integraci\u00f3 social Taller d&#8217;Idees, AFAM (Associaci\u00f3 de Familiars Alzheimer Maremse), AFAMMMA (Associaci\u00f3 de Familiars de Malalts Mentals del Maresme), AMIBA, Associaci\u00f3 Parkinson Maresme, CEE Les Aig\u00fces, Centre de Formaci\u00f3 i Prevenci\u00f3, Centre de Persones Sordes del Maresme, Creu Roja, Fundaci\u00f3 El Maresme, Fundaci\u00f3 Suport, Llar Pla d&#8217;en Boet- Fundaci\u00f3 Llars de l&#8217;Amistat Cheshire, ONCE y SIL Matar\u00f3 de la Fundaci\u00f3 ECOM.<\/strong><\/em><\/p>\n","protected":false},"excerpt":{"rendered":"<p>T\u00e9cnicos y profesionales del centro participan activamente en la jornada organizada por la Mesa de Accesibilidad a la antigua f\u00e1brica de g\u00e9nero de punto Can Marf\u00e0 de Matar\u00f3 El pasado mi\u00e9rcoles 2 de marzo tuvo lugar la jornada \u00abLa diversidad de la autonom\u00eda personal\u00bb en&#8230;<\/p>\n","protected":false},"author":2,"featured_media":0,"comment_status":"open","ping_status":"open","sticky":false,"template":"","format":"standard","meta":{"footnotes":""},"categories":[1187],"tags":[946,947,693,630,763,635,876,638,701,754],"class_list":["post-16986","post","type-post","status-publish","format-standard","hentry","category-cfp-maresme-es","tag-accessibilitat-es","tag-autonomia-es","tag-benestar-es","tag-centre-es","tag-diversitat-es","tag-formacio-es","tag-jornada-es","tag-prevencio-es","tag-social-es","tag-taula-es"],"yoast_head":"<!-- This site is optimized with the Yoast SEO plugin v27.4 - https:\/\/yoast.com\/product\/yoast-seo-wordpress\/ -->\n<title>El CFP debate sobre la diversidad de la autonom\u00eda personal | CFP Maresme<\/title>\n<meta name=\"robots\" content=\"index, follow, max-snippet:-1, max-image-preview:large, max-video-preview:-1\" \/>\n<link rel=\"canonical\" href=\"https:\/\/cfpmaresme.org\/es\/el-cfp-debat-sobre-la-diversitat-de-lautonomia-personal\/\" \/>\n<meta property=\"og:locale\" content=\"es_ES\" \/>\n<meta property=\"og:type\" content=\"article\" \/>\n<meta property=\"og:title\" content=\"El CFP debate sobre la diversidad de la autonom\u00eda personal | CFP Maresme\" \/>\n<meta property=\"og:description\" content=\"T\u00e9cnicos y profesionales del centro participan activamente en la jornada organizada por la Mesa de Accesibilidad a la antigua f\u00e1brica de g\u00e9nero de punto Can Marf\u00e0 de Matar\u00f3 El pasado mi\u00e9rcoles 2 de marzo tuvo lugar la jornada \u00abLa diversidad de la autonom\u00eda personal\u00bb en...\" \/>\n<meta property=\"og:url\" content=\"https:\/\/cfpmaresme.org\/es\/el-cfp-debat-sobre-la-diversitat-de-lautonomia-personal\/\" \/>\n<meta property=\"og:site_name\" content=\"CFP Maresme\" \/>\n<meta property=\"article:published_time\" content=\"2016-03-03T11:04:01+00:00\" \/>\n<meta property=\"article:modified_time\" content=\"2021-07-05T10:46:08+00:00\" \/>\n<meta property=\"og:image\" content=\"https:\/\/centreformacioprevencio.files.wordpress.com\/2016\/03\/img_2950.jpg\" \/>\n<meta name=\"author\" content=\"CFPMaresme\" \/>\n<meta name=\"twitter:card\" content=\"summary_large_image\" \/>\n<meta name=\"twitter:creator\" content=\"@cfpmaresme\" \/>\n<meta name=\"twitter:site\" content=\"@cfpmaresme\" \/>\n<meta name=\"twitter:label1\" content=\"Escrito por\" \/>\n\t<meta name=\"twitter:data1\" content=\"CFPMaresme\" \/>\n\t<meta name=\"twitter:label2\" content=\"Tiempo de lectura\" \/>\n\t<meta name=\"twitter:data2\" content=\"4 minutos\" \/>\n<script type=\"application\/ld+json\" class=\"yoast-schema-graph\">{\"@context\":\"https:\\\/\\\/schema.org\",\"@graph\":[{\"@type\":\"Article\",\"@id\":\"https:\\\/\\\/cfpmaresme.org\\\/es\\\/el-cfp-debat-sobre-la-diversitat-de-lautonomia-personal\\\/#article\",\"isPartOf\":{\"@id\":\"https:\\\/\\\/cfpmaresme.org\\\/es\\\/el-cfp-debat-sobre-la-diversitat-de-lautonomia-personal\\\/\"},\"author\":{\"name\":\"CFPMaresme\",\"@id\":\"https:\\\/\\\/cfpmaresme.org\\\/#\\\/schema\\\/person\\\/b2634bcd796fafc667ea4055f61b9b2c\"},\"headline\":\"El CFP debate sobre la diversidad de la autonom\u00eda personal\",\"datePublished\":\"2016-03-03T11:04:01+00:00\",\"dateModified\":\"2021-07-05T10:46:08+00:00\",\"mainEntityOfPage\":{\"@id\":\"https:\\\/\\\/cfpmaresme.org\\\/es\\\/el-cfp-debat-sobre-la-diversitat-de-lautonomia-personal\\\/\"},\"wordCount\":839,\"commentCount\":0,\"image\":{\"@id\":\"https:\\\/\\\/cfpmaresme.org\\\/es\\\/el-cfp-debat-sobre-la-diversitat-de-lautonomia-personal\\\/#primaryimage\"},\"thumbnailUrl\":\"https:\\\/\\\/centreformacioprevencio.files.wordpress.com\\\/2016\\\/03\\\/img_2950.jpg\",\"keywords\":[\"accessibilitat\",\"autonomia\",\"benestar\",\"centre\",\"diversitat\",\"formaci\u00f3\",\"jornada\",\"prevenci\u00f3\",\"social\",\"taula\"],\"articleSection\":[\"CFP Maresme\"],\"inLanguage\":\"es\"},{\"@type\":\"WebPage\",\"@id\":\"https:\\\/\\\/cfpmaresme.org\\\/es\\\/el-cfp-debat-sobre-la-diversitat-de-lautonomia-personal\\\/\",\"url\":\"https:\\\/\\\/cfpmaresme.org\\\/es\\\/el-cfp-debat-sobre-la-diversitat-de-lautonomia-personal\\\/\",\"name\":\"El CFP debate sobre la diversidad de la autonom\u00eda personal | CFP Maresme\",\"isPartOf\":{\"@id\":\"https:\\\/\\\/cfpmaresme.org\\\/#website\"},\"primaryImageOfPage\":{\"@id\":\"https:\\\/\\\/cfpmaresme.org\\\/es\\\/el-cfp-debat-sobre-la-diversitat-de-lautonomia-personal\\\/#primaryimage\"},\"image\":{\"@id\":\"https:\\\/\\\/cfpmaresme.org\\\/es\\\/el-cfp-debat-sobre-la-diversitat-de-lautonomia-personal\\\/#primaryimage\"},\"thumbnailUrl\":\"https:\\\/\\\/centreformacioprevencio.files.wordpress.com\\\/2016\\\/03\\\/img_2950.jpg\",\"datePublished\":\"2016-03-03T11:04:01+00:00\",\"dateModified\":\"2021-07-05T10:46:08+00:00\",\"author\":{\"@id\":\"https:\\\/\\\/cfpmaresme.org\\\/#\\\/schema\\\/person\\\/b2634bcd796fafc667ea4055f61b9b2c\"},\"breadcrumb\":{\"@id\":\"https:\\\/\\\/cfpmaresme.org\\\/es\\\/el-cfp-debat-sobre-la-diversitat-de-lautonomia-personal\\\/#breadcrumb\"},\"inLanguage\":\"es\",\"potentialAction\":[{\"@type\":\"ReadAction\",\"target\":[\"https:\\\/\\\/cfpmaresme.org\\\/es\\\/el-cfp-debat-sobre-la-diversitat-de-lautonomia-personal\\\/\"]}]},{\"@type\":\"ImageObject\",\"inLanguage\":\"es\",\"@id\":\"https:\\\/\\\/cfpmaresme.org\\\/es\\\/el-cfp-debat-sobre-la-diversitat-de-lautonomia-personal\\\/#primaryimage\",\"url\":\"https:\\\/\\\/centreformacioprevencio.files.wordpress.com\\\/2016\\\/03\\\/img_2950.jpg\",\"contentUrl\":\"https:\\\/\\\/centreformacioprevencio.files.wordpress.com\\\/2016\\\/03\\\/img_2950.jpg\"},{\"@type\":\"BreadcrumbList\",\"@id\":\"https:\\\/\\\/cfpmaresme.org\\\/es\\\/el-cfp-debat-sobre-la-diversitat-de-lautonomia-personal\\\/#breadcrumb\",\"itemListElement\":[{\"@type\":\"ListItem\",\"position\":1,\"name\":\"Home\",\"item\":\"https:\\\/\\\/cfpmaresme.org\\\/es\\\/\"},{\"@type\":\"ListItem\",\"position\":2,\"name\":\"El CFP debate sobre la diversidad de la autonom\u00eda personal\"}]},{\"@type\":\"WebSite\",\"@id\":\"https:\\\/\\\/cfpmaresme.org\\\/#website\",\"url\":\"https:\\\/\\\/cfpmaresme.org\\\/\",\"name\":\"CFP Maresme\",\"description\":\"Centre Formaci\u00f3 Prevenci\u00f3\",\"potentialAction\":[{\"@type\":\"SearchAction\",\"target\":{\"@type\":\"EntryPoint\",\"urlTemplate\":\"https:\\\/\\\/cfpmaresme.org\\\/?s={search_term_string}\"},\"query-input\":{\"@type\":\"PropertyValueSpecification\",\"valueRequired\":true,\"valueName\":\"search_term_string\"}}],\"inLanguage\":\"es\"},{\"@type\":\"Person\",\"@id\":\"https:\\\/\\\/cfpmaresme.org\\\/#\\\/schema\\\/person\\\/b2634bcd796fafc667ea4055f61b9b2c\",\"name\":\"CFPMaresme\"}]}<\/script>\n<!-- \/ Yoast SEO plugin. -->","yoast_head_json":{"title":"El CFP debate sobre la diversidad de la autonom\u00eda personal | CFP Maresme","robots":{"index":"index","follow":"follow","max-snippet":"max-snippet:-1","max-image-preview":"max-image-preview:large","max-video-preview":"max-video-preview:-1"},"canonical":"https:\/\/cfpmaresme.org\/es\/el-cfp-debat-sobre-la-diversitat-de-lautonomia-personal\/","og_locale":"es_ES","og_type":"article","og_title":"El CFP debate sobre la diversidad de la autonom\u00eda personal | CFP Maresme","og_description":"T\u00e9cnicos y profesionales del centro participan activamente en la jornada organizada por la Mesa de Accesibilidad a la antigua f\u00e1brica de g\u00e9nero de punto Can Marf\u00e0 de Matar\u00f3 El pasado mi\u00e9rcoles 2 de marzo tuvo lugar la jornada \u00abLa diversidad de la autonom\u00eda personal\u00bb en...","og_url":"https:\/\/cfpmaresme.org\/es\/el-cfp-debat-sobre-la-diversitat-de-lautonomia-personal\/","og_site_name":"CFP Maresme","article_published_time":"2016-03-03T11:04:01+00:00","article_modified_time":"2021-07-05T10:46:08+00:00","og_image":[{"url":"https:\/\/centreformacioprevencio.files.wordpress.com\/2016\/03\/img_2950.jpg","type":"","width":"","height":""}],"author":"CFPMaresme","twitter_card":"summary_large_image","twitter_creator":"@cfpmaresme","twitter_site":"@cfpmaresme","twitter_misc":{"Escrito por":"CFPMaresme","Tiempo de lectura":"4 minutos"},"schema":{"@context":"https:\/\/schema.org","@graph":[{"@type":"Article","@id":"https:\/\/cfpmaresme.org\/es\/el-cfp-debat-sobre-la-diversitat-de-lautonomia-personal\/#article","isPartOf":{"@id":"https:\/\/cfpmaresme.org\/es\/el-cfp-debat-sobre-la-diversitat-de-lautonomia-personal\/"},"author":{"name":"CFPMaresme","@id":"https:\/\/cfpmaresme.org\/#\/schema\/person\/b2634bcd796fafc667ea4055f61b9b2c"},"headline":"El CFP debate sobre la diversidad de la autonom\u00eda personal","datePublished":"2016-03-03T11:04:01+00:00","dateModified":"2021-07-05T10:46:08+00:00","mainEntityOfPage":{"@id":"https:\/\/cfpmaresme.org\/es\/el-cfp-debat-sobre-la-diversitat-de-lautonomia-personal\/"},"wordCount":839,"commentCount":0,"image":{"@id":"https:\/\/cfpmaresme.org\/es\/el-cfp-debat-sobre-la-diversitat-de-lautonomia-personal\/#primaryimage"},"thumbnailUrl":"https:\/\/centreformacioprevencio.files.wordpress.com\/2016\/03\/img_2950.jpg","keywords":["accessibilitat","autonomia","benestar","centre","diversitat","formaci\u00f3","jornada","prevenci\u00f3","social","taula"],"articleSection":["CFP Maresme"],"inLanguage":"es"},{"@type":"WebPage","@id":"https:\/\/cfpmaresme.org\/es\/el-cfp-debat-sobre-la-diversitat-de-lautonomia-personal\/","url":"https:\/\/cfpmaresme.org\/es\/el-cfp-debat-sobre-la-diversitat-de-lautonomia-personal\/","name":"El CFP debate sobre la diversidad de la autonom\u00eda personal | CFP Maresme","isPartOf":{"@id":"https:\/\/cfpmaresme.org\/#website"},"primaryImageOfPage":{"@id":"https:\/\/cfpmaresme.org\/es\/el-cfp-debat-sobre-la-diversitat-de-lautonomia-personal\/#primaryimage"},"image":{"@id":"https:\/\/cfpmaresme.org\/es\/el-cfp-debat-sobre-la-diversitat-de-lautonomia-personal\/#primaryimage"},"thumbnailUrl":"https:\/\/centreformacioprevencio.files.wordpress.com\/2016\/03\/img_2950.jpg","datePublished":"2016-03-03T11:04:01+00:00","dateModified":"2021-07-05T10:46:08+00:00","author":{"@id":"https:\/\/cfpmaresme.org\/#\/schema\/person\/b2634bcd796fafc667ea4055f61b9b2c"},"breadcrumb":{"@id":"https:\/\/cfpmaresme.org\/es\/el-cfp-debat-sobre-la-diversitat-de-lautonomia-personal\/#breadcrumb"},"inLanguage":"es","potentialAction":[{"@type":"ReadAction","target":["https:\/\/cfpmaresme.org\/es\/el-cfp-debat-sobre-la-diversitat-de-lautonomia-personal\/"]}]},{"@type":"ImageObject","inLanguage":"es","@id":"https:\/\/cfpmaresme.org\/es\/el-cfp-debat-sobre-la-diversitat-de-lautonomia-personal\/#primaryimage","url":"https:\/\/centreformacioprevencio.files.wordpress.com\/2016\/03\/img_2950.jpg","contentUrl":"https:\/\/centreformacioprevencio.files.wordpress.com\/2016\/03\/img_2950.jpg"},{"@type":"BreadcrumbList","@id":"https:\/\/cfpmaresme.org\/es\/el-cfp-debat-sobre-la-diversitat-de-lautonomia-personal\/#breadcrumb","itemListElement":[{"@type":"ListItem","position":1,"name":"Home","item":"https:\/\/cfpmaresme.org\/es\/"},{"@type":"ListItem","position":2,"name":"El CFP debate sobre la diversidad de la autonom\u00eda personal"}]},{"@type":"WebSite","@id":"https:\/\/cfpmaresme.org\/#website","url":"https:\/\/cfpmaresme.org\/","name":"CFP Maresme","description":"Centre Formaci\u00f3 Prevenci\u00f3","potentialAction":[{"@type":"SearchAction","target":{"@type":"EntryPoint","urlTemplate":"https:\/\/cfpmaresme.org\/?s={search_term_string}"},"query-input":{"@type":"PropertyValueSpecification","valueRequired":true,"valueName":"search_term_string"}}],"inLanguage":"es"},{"@type":"Person","@id":"https:\/\/cfpmaresme.org\/#\/schema\/person\/b2634bcd796fafc667ea4055f61b9b2c","name":"CFPMaresme"}]}},"_links":{"self":[{"href":"https:\/\/cfpmaresme.org\/es\/wp-json\/wp\/v2\/posts\/16986","targetHints":{"allow":["GET"]}}],"collection":[{"href":"https:\/\/cfpmaresme.org\/es\/wp-json\/wp\/v2\/posts"}],"about":[{"href":"https:\/\/cfpmaresme.org\/es\/wp-json\/wp\/v2\/types\/post"}],"author":[{"embeddable":true,"href":"https:\/\/cfpmaresme.org\/es\/wp-json\/wp\/v2\/users\/2"}],"replies":[{"embeddable":true,"href":"https:\/\/cfpmaresme.org\/es\/wp-json\/wp\/v2\/comments?post=16986"}],"version-history":[{"count":3,"href":"https:\/\/cfpmaresme.org\/es\/wp-json\/wp\/v2\/posts\/16986\/revisions"}],"predecessor-version":[{"id":25666,"href":"https:\/\/cfpmaresme.org\/es\/wp-json\/wp\/v2\/posts\/16986\/revisions\/25666"}],"wp:attachment":[{"href":"https:\/\/cfpmaresme.org\/es\/wp-json\/wp\/v2\/media?parent=16986"}],"wp:term":[{"taxonomy":"category","embeddable":true,"href":"https:\/\/cfpmaresme.org\/es\/wp-json\/wp\/v2\/categories?post=16986"},{"taxonomy":"post_tag","embeddable":true,"href":"https:\/\/cfpmaresme.org\/es\/wp-json\/wp\/v2\/tags?post=16986"}],"curies":[{"name":"wp","href":"https:\/\/api.w.org\/{rel}","templated":true}]}}