{"id":16987,"date":"2016-01-25T12:11:53","date_gmt":"2016-01-25T12:11:53","guid":{"rendered":"http:\/\/cfpmaresme.org\/la-nau-gaudi-de-mataro-acull-la-inauguracio-duna-mostra-dart-brut-amb-obres-dalterarte\/"},"modified":"2020-10-29T15:26:39","modified_gmt":"2020-10-29T13:26:39","slug":"la-nau-gaudi-de-mataro-acull-la-inauguracio-duna-mostra-dart-brut-amb-obres-dalterarte","status":"publish","type":"post","link":"https:\/\/cfpmaresme.org\/es\/la-nau-gaudi-de-mataro-acull-la-inauguracio-duna-mostra-dart-brut-amb-obres-dalterarte\/","title":{"rendered":"La Nau Gaud\u00ed de Matar\u00f3 acoge la inauguraci\u00f3n de una muestra de Arte Bruto con obras de Alterarte"},"content":{"rendered":"<p style=\"text-align: justify;\">La exposici\u00f3n contiene un centenar de obras de tres entidades que reflejan la t\u00e9cnica y la expresi\u00f3n art\u00edstica y emocional de las personas con problemas de salud mental<\/p>\n<p><img loading=\"lazy\" decoding=\"async\" class=\"alignnone size-full wp-image-683\" src=\"https:\/\/centreformacioprevencio.files.wordpress.com\/2016\/01\/sam_0750.jpg\" alt=\"SAMSUNG CAMERA PICTURES\" width=\"3648\" height=\"2736\" \/><\/p>\n<p style=\"text-align: justify;\">El pasado viernes 22 de enero por la tarde tuvo lugar la presentaci\u00f3n de una exposici\u00f3n sobre Arte Bruto en la\u00a0 Nau Gaud\u00ed de Matar\u00f3 con la participaci\u00f3n activa de Alteararte. La muestra conten\u00eda obras del proyecto art\u00edstico por la integraci\u00f3n del CFP conjuntamente con otras creaciones de la Fundaci\u00f3 Setba de Barcelona y del Museu d\u2019Art Brut Catalunya.<\/p>\n<p style=\"text-align: justify;\">Acudieron a la cita Lluis Bassat de la Fundaci\u00f3 Carme i Lluis Bassat, propietaria del fondo de arte que habitualmente llena el recinto, el alcalde de Matar\u00f3 y presidente del Consorci Museu d\u2019Art Contemporani de Matar\u00f3 David Bote, el regidor de Cultura, Quim Fern\u00e1ndez, los directores y responsables de las entidades participantes y muchos artistas que expon\u00edan sus obras.<\/p>\n<p style=\"text-align: justify;\">El Arte Bruto, asociado a la expresi\u00f3n creativa de personas con problemas de salud mental, era el gran protagonista de la exposici\u00f3n. En la muestra se pod\u00edan encontrar todo tipo de obras confeccionadas con diferentes t\u00e9cnicas pict\u00f3ricas. Cuadros con pintura acr\u00edlica, grandes telas pigmentadas con tintes naturales, dibujos pintados a l\u00e1piz o esculturas hechas con hilos y papel eran algunas de las creaciones que los usuarios y usuarias de las tres entidades involucradas prepararon para la ocasi\u00f3n.<\/p>\n<p><img loading=\"lazy\" decoding=\"async\" class=\"alignnone size-full wp-image-689\" src=\"https:\/\/centreformacioprevencio.files.wordpress.com\/2016\/01\/sam_0740.jpg\" alt=\"SAMSUNG CAMERA PICTURES\" width=\"3648\" height=\"2736\" \/><\/p>\n<p style=\"text-align: justify;\">Particularmente nuestros compa\u00f1eros y compa\u00f1eras de Alterarte presentaron las obras que regularmente practican en sus c\u00e1psulas art\u00edsticas juntamente con algunas que pudieron aprender durante su estancia en el programa Natura\u00e9sCultura, dirigido por la Fundaci\u00f3 Setba. En total m\u00e1s de una veintena de trabajos con el car\u00e1cter propio y distintivo de los usuarios y usuarias de la entidad.<\/p>\n<p style=\"text-align: justify;\"><strong>Obiols y Sarr\u00f3 tambi\u00e9n estuvieron representados en la exposici\u00f3n\u00a0\u00a0<\/strong><\/p>\n<p style=\"text-align: justify;\">A parte de las obras de Alterarte, Fundaci\u00f3 Setba i Art Brut Catalunya, tambi\u00e9n se pudieron ver en la inauguraci\u00f3n de la muestra algunas creaciones de la colecci\u00f3n de Obiols i Sarr\u00f3, dos eminentes psiquiatras que trabajaron en el \u00e1mbito de la salud mental y que recogieron durante su etapa profesional muchos ejemplos significativos de este Arte Bruto que el viernes ocupaba la Nau Gaud\u00ed.<\/p>\n<p><img loading=\"lazy\" decoding=\"async\" class=\"alignnone size-full wp-image-694\" src=\"https:\/\/centreformacioprevencio.files.wordpress.com\/2016\/01\/sam_0741.jpg\" alt=\"SAMSUNG CAMERA PICTURES\" width=\"3648\" height=\"2736\" \/><\/p>\n<p style=\"text-align: justify;\"><strong>Agradecimientos y reconocimientos a las obras de los artistas\u00a0<\/strong><\/p>\n<p style=\"text-align: justify;\">La velada goz\u00f3 de las intervenciones de los responsables de la exposici\u00f3n, que agradecieron el esfuerzo y la sensibilidad de los artistas para aportar un car\u00e1cter de calidad a la muestra. As\u00ed pues, N\u00faria Poch, directora del Consorci Museu d\u2019Art Contemporani de Matar\u00f3, abri\u00f3 el turno de palabra destacando \u00abel buen trabajo que est\u00e1n haciendo en todas estas entidades\u00bb.<\/p>\n<p style=\"text-align: left;\">Por su parte, el director de la Fundaci\u00f3 Setba, Dar\u00edo Olaortua, puso de manifiesto que \u00abla expresi\u00f3n art\u00edstica de todas estas personas no solo est\u00e1 ligada a su salud mental, sin\u00f3 a la vocaic\u00f3n y a las inquietudes creativas como la de cualquier persona interesada en el arte\u00bb. Tambi\u00e9n el alcalde David Bote declar\u00f3 \u201cestas iniciativas son muy importantes para Matar\u00f3\u201d y agradeci\u00f3 la asistencia a todos los presentes.\u00a0 <img loading=\"lazy\" decoding=\"async\" class=\"alignnone size-full wp-image-697\" src=\"https:\/\/centreformacioprevencio.files.wordpress.com\/2016\/01\/dsc_0098.jpg\" alt=\"DSC_0098\" width=\"3840\" height=\"2160\" \/><\/p>\n<p style=\"text-align: justify;\"><strong>Una muestra con un claro tono reivindicativo<\/strong><\/p>\n<p style=\"text-align: justify;\">La inauguraci\u00f3n del viernes fue una oportunidad inmejorable para reivindicar el colectivo de la salud mental. Tal como dec\u00eda la misma directora N\u00faria Poch en la entrevista que le hicimos desde el CFP ahora hace casi un a\u00f1o, los usuarios Alterarte tienen menos prejuicios que el p\u00fablico general. Pues nosotros pudimos comprobar con esta magn\u00edfica exposici\u00f3n un tipo de culminaci\u00f3n del trabajo que estas personas han estado haciendo durante tanto tiempo y pudimos ver sin ning\u00fan tipo de duda a sus autores tal y como son, unos aut\u00e9nticos artistas.<\/p>\n","protected":false},"excerpt":{"rendered":"<p>La exposici\u00f3n contiene un centenar de obras de tres entidades que reflejan la t\u00e9cnica y la expresi\u00f3n art\u00edstica y emocional de las personas con problemas de salud mental El pasado viernes 22 de enero por la tarde tuvo lugar la presentaci\u00f3n de una exposici\u00f3n sobre&#8230;<\/p>\n","protected":false},"author":2,"featured_media":0,"comment_status":"open","ping_status":"open","sticky":false,"template":"","format":"standard","meta":{"footnotes":""},"categories":[1234],"tags":[709,643,726,630,711,635,948,706,714,949,950,681],"class_list":["post-16987","post","type-post","status-publish","format-standard","hentry","category-alterarte-es","tag-alterarte-es","tag-art-es","tag-artistic-es","tag-centre-es","tag-exposicio-es","tag-formacio-es","tag-gaudi-es","tag-mental-es","tag-mostra-es","tag-nau-es","tag-prevnecio-es","tag-salut-es"],"yoast_head":"<!-- This site is optimized with the Yoast SEO plugin v27.4 - https:\/\/yoast.com\/product\/yoast-seo-wordpress\/ -->\n<title>La Nau Gaud\u00ed de Matar\u00f3 acoge la inauguraci\u00f3n de una muestra de Arte Bruto con obras de Alterarte | CFP Maresme<\/title>\n<meta name=\"robots\" content=\"index, follow, max-snippet:-1, max-image-preview:large, max-video-preview:-1\" \/>\n<link rel=\"canonical\" href=\"https:\/\/cfpmaresme.org\/es\/la-nau-gaudi-de-mataro-acull-la-inauguracio-duna-mostra-dart-brut-amb-obres-dalterarte\/\" \/>\n<meta property=\"og:locale\" content=\"es_ES\" \/>\n<meta property=\"og:type\" content=\"article\" \/>\n<meta property=\"og:title\" content=\"La Nau Gaud\u00ed de Matar\u00f3 acoge la inauguraci\u00f3n de una muestra de Arte Bruto con obras de Alterarte | CFP Maresme\" \/>\n<meta property=\"og:description\" content=\"La exposici\u00f3n contiene un centenar de obras de tres entidades que reflejan la t\u00e9cnica y la expresi\u00f3n art\u00edstica y emocional de las personas con problemas de salud mental El pasado viernes 22 de enero por la tarde tuvo lugar la presentaci\u00f3n de una exposici\u00f3n sobre...\" \/>\n<meta property=\"og:url\" content=\"https:\/\/cfpmaresme.org\/es\/la-nau-gaudi-de-mataro-acull-la-inauguracio-duna-mostra-dart-brut-amb-obres-dalterarte\/\" \/>\n<meta property=\"og:site_name\" content=\"CFP Maresme\" \/>\n<meta property=\"article:published_time\" content=\"2016-01-25T12:11:53+00:00\" \/>\n<meta property=\"article:modified_time\" content=\"2020-10-29T13:26:39+00:00\" \/>\n<meta property=\"og:image\" content=\"https:\/\/centreformacioprevencio.files.wordpress.com\/2016\/01\/sam_0750.jpg\" \/>\n<meta name=\"author\" content=\"CFPMaresme\" \/>\n<meta name=\"twitter:card\" content=\"summary_large_image\" \/>\n<meta name=\"twitter:creator\" content=\"@cfpmaresme\" \/>\n<meta name=\"twitter:site\" content=\"@cfpmaresme\" \/>\n<meta name=\"twitter:label1\" content=\"Escrito por\" \/>\n\t<meta name=\"twitter:data1\" content=\"CFPMaresme\" \/>\n\t<meta name=\"twitter:label2\" content=\"Tiempo de lectura\" \/>\n\t<meta name=\"twitter:data2\" content=\"3 minutos\" \/>\n<script type=\"application\/ld+json\" class=\"yoast-schema-graph\">{\"@context\":\"https:\\\/\\\/schema.org\",\"@graph\":[{\"@type\":\"Article\",\"@id\":\"https:\\\/\\\/cfpmaresme.org\\\/es\\\/la-nau-gaudi-de-mataro-acull-la-inauguracio-duna-mostra-dart-brut-amb-obres-dalterarte\\\/#article\",\"isPartOf\":{\"@id\":\"https:\\\/\\\/cfpmaresme.org\\\/es\\\/la-nau-gaudi-de-mataro-acull-la-inauguracio-duna-mostra-dart-brut-amb-obres-dalterarte\\\/\"},\"author\":{\"name\":\"CFPMaresme\",\"@id\":\"https:\\\/\\\/cfpmaresme.org\\\/#\\\/schema\\\/person\\\/b2634bcd796fafc667ea4055f61b9b2c\"},\"headline\":\"La Nau Gaud\u00ed de Matar\u00f3 acoge la inauguraci\u00f3n de una muestra de Arte Bruto con obras de Alterarte\",\"datePublished\":\"2016-01-25T12:11:53+00:00\",\"dateModified\":\"2020-10-29T13:26:39+00:00\",\"mainEntityOfPage\":{\"@id\":\"https:\\\/\\\/cfpmaresme.org\\\/es\\\/la-nau-gaudi-de-mataro-acull-la-inauguracio-duna-mostra-dart-brut-amb-obres-dalterarte\\\/\"},\"wordCount\":659,\"commentCount\":0,\"image\":{\"@id\":\"https:\\\/\\\/cfpmaresme.org\\\/es\\\/la-nau-gaudi-de-mataro-acull-la-inauguracio-duna-mostra-dart-brut-amb-obres-dalterarte\\\/#primaryimage\"},\"thumbnailUrl\":\"https:\\\/\\\/centreformacioprevencio.files.wordpress.com\\\/2016\\\/01\\\/sam_0750.jpg\",\"keywords\":[\"alterarte\",\"Art\",\"art\u00edstic\",\"centre\",\"exposicio\",\"formaci\u00f3\",\"gaud\u00ed\",\"mental\",\"mostra\",\"nau\",\"prevneci\u00f3\",\"salut\"],\"articleSection\":[\"Alterarte\"],\"inLanguage\":\"es\"},{\"@type\":\"WebPage\",\"@id\":\"https:\\\/\\\/cfpmaresme.org\\\/es\\\/la-nau-gaudi-de-mataro-acull-la-inauguracio-duna-mostra-dart-brut-amb-obres-dalterarte\\\/\",\"url\":\"https:\\\/\\\/cfpmaresme.org\\\/es\\\/la-nau-gaudi-de-mataro-acull-la-inauguracio-duna-mostra-dart-brut-amb-obres-dalterarte\\\/\",\"name\":\"La Nau Gaud\u00ed de Matar\u00f3 acoge la inauguraci\u00f3n de una muestra de Arte Bruto con obras de Alterarte | CFP Maresme\",\"isPartOf\":{\"@id\":\"https:\\\/\\\/cfpmaresme.org\\\/#website\"},\"primaryImageOfPage\":{\"@id\":\"https:\\\/\\\/cfpmaresme.org\\\/es\\\/la-nau-gaudi-de-mataro-acull-la-inauguracio-duna-mostra-dart-brut-amb-obres-dalterarte\\\/#primaryimage\"},\"image\":{\"@id\":\"https:\\\/\\\/cfpmaresme.org\\\/es\\\/la-nau-gaudi-de-mataro-acull-la-inauguracio-duna-mostra-dart-brut-amb-obres-dalterarte\\\/#primaryimage\"},\"thumbnailUrl\":\"https:\\\/\\\/centreformacioprevencio.files.wordpress.com\\\/2016\\\/01\\\/sam_0750.jpg\",\"datePublished\":\"2016-01-25T12:11:53+00:00\",\"dateModified\":\"2020-10-29T13:26:39+00:00\",\"author\":{\"@id\":\"https:\\\/\\\/cfpmaresme.org\\\/#\\\/schema\\\/person\\\/b2634bcd796fafc667ea4055f61b9b2c\"},\"breadcrumb\":{\"@id\":\"https:\\\/\\\/cfpmaresme.org\\\/es\\\/la-nau-gaudi-de-mataro-acull-la-inauguracio-duna-mostra-dart-brut-amb-obres-dalterarte\\\/#breadcrumb\"},\"inLanguage\":\"es\",\"potentialAction\":[{\"@type\":\"ReadAction\",\"target\":[\"https:\\\/\\\/cfpmaresme.org\\\/es\\\/la-nau-gaudi-de-mataro-acull-la-inauguracio-duna-mostra-dart-brut-amb-obres-dalterarte\\\/\"]}]},{\"@type\":\"ImageObject\",\"inLanguage\":\"es\",\"@id\":\"https:\\\/\\\/cfpmaresme.org\\\/es\\\/la-nau-gaudi-de-mataro-acull-la-inauguracio-duna-mostra-dart-brut-amb-obres-dalterarte\\\/#primaryimage\",\"url\":\"https:\\\/\\\/centreformacioprevencio.files.wordpress.com\\\/2016\\\/01\\\/sam_0750.jpg\",\"contentUrl\":\"https:\\\/\\\/centreformacioprevencio.files.wordpress.com\\\/2016\\\/01\\\/sam_0750.jpg\"},{\"@type\":\"BreadcrumbList\",\"@id\":\"https:\\\/\\\/cfpmaresme.org\\\/es\\\/la-nau-gaudi-de-mataro-acull-la-inauguracio-duna-mostra-dart-brut-amb-obres-dalterarte\\\/#breadcrumb\",\"itemListElement\":[{\"@type\":\"ListItem\",\"position\":1,\"name\":\"Home\",\"item\":\"https:\\\/\\\/cfpmaresme.org\\\/es\\\/\"},{\"@type\":\"ListItem\",\"position\":2,\"name\":\"La Nau Gaud\u00ed de Matar\u00f3 acoge la inauguraci\u00f3n de una muestra de Arte Bruto con obras de Alterarte\"}]},{\"@type\":\"WebSite\",\"@id\":\"https:\\\/\\\/cfpmaresme.org\\\/#website\",\"url\":\"https:\\\/\\\/cfpmaresme.org\\\/\",\"name\":\"CFP Maresme\",\"description\":\"Centre Formaci\u00f3 Prevenci\u00f3\",\"potentialAction\":[{\"@type\":\"SearchAction\",\"target\":{\"@type\":\"EntryPoint\",\"urlTemplate\":\"https:\\\/\\\/cfpmaresme.org\\\/?s={search_term_string}\"},\"query-input\":{\"@type\":\"PropertyValueSpecification\",\"valueRequired\":true,\"valueName\":\"search_term_string\"}}],\"inLanguage\":\"es\"},{\"@type\":\"Person\",\"@id\":\"https:\\\/\\\/cfpmaresme.org\\\/#\\\/schema\\\/person\\\/b2634bcd796fafc667ea4055f61b9b2c\",\"name\":\"CFPMaresme\"}]}<\/script>\n<!-- \/ Yoast SEO plugin. -->","yoast_head_json":{"title":"La Nau Gaud\u00ed de Matar\u00f3 acoge la inauguraci\u00f3n de una muestra de Arte Bruto con obras de Alterarte | CFP Maresme","robots":{"index":"index","follow":"follow","max-snippet":"max-snippet:-1","max-image-preview":"max-image-preview:large","max-video-preview":"max-video-preview:-1"},"canonical":"https:\/\/cfpmaresme.org\/es\/la-nau-gaudi-de-mataro-acull-la-inauguracio-duna-mostra-dart-brut-amb-obres-dalterarte\/","og_locale":"es_ES","og_type":"article","og_title":"La Nau Gaud\u00ed de Matar\u00f3 acoge la inauguraci\u00f3n de una muestra de Arte Bruto con obras de Alterarte | CFP Maresme","og_description":"La exposici\u00f3n contiene un centenar de obras de tres entidades que reflejan la t\u00e9cnica y la expresi\u00f3n art\u00edstica y emocional de las personas con problemas de salud mental El pasado viernes 22 de enero por la tarde tuvo lugar la presentaci\u00f3n de una exposici\u00f3n sobre...","og_url":"https:\/\/cfpmaresme.org\/es\/la-nau-gaudi-de-mataro-acull-la-inauguracio-duna-mostra-dart-brut-amb-obres-dalterarte\/","og_site_name":"CFP Maresme","article_published_time":"2016-01-25T12:11:53+00:00","article_modified_time":"2020-10-29T13:26:39+00:00","og_image":[{"url":"https:\/\/centreformacioprevencio.files.wordpress.com\/2016\/01\/sam_0750.jpg","type":"","width":"","height":""}],"author":"CFPMaresme","twitter_card":"summary_large_image","twitter_creator":"@cfpmaresme","twitter_site":"@cfpmaresme","twitter_misc":{"Escrito por":"CFPMaresme","Tiempo de lectura":"3 minutos"},"schema":{"@context":"https:\/\/schema.org","@graph":[{"@type":"Article","@id":"https:\/\/cfpmaresme.org\/es\/la-nau-gaudi-de-mataro-acull-la-inauguracio-duna-mostra-dart-brut-amb-obres-dalterarte\/#article","isPartOf":{"@id":"https:\/\/cfpmaresme.org\/es\/la-nau-gaudi-de-mataro-acull-la-inauguracio-duna-mostra-dart-brut-amb-obres-dalterarte\/"},"author":{"name":"CFPMaresme","@id":"https:\/\/cfpmaresme.org\/#\/schema\/person\/b2634bcd796fafc667ea4055f61b9b2c"},"headline":"La Nau Gaud\u00ed de Matar\u00f3 acoge la inauguraci\u00f3n de una muestra de Arte Bruto con obras de Alterarte","datePublished":"2016-01-25T12:11:53+00:00","dateModified":"2020-10-29T13:26:39+00:00","mainEntityOfPage":{"@id":"https:\/\/cfpmaresme.org\/es\/la-nau-gaudi-de-mataro-acull-la-inauguracio-duna-mostra-dart-brut-amb-obres-dalterarte\/"},"wordCount":659,"commentCount":0,"image":{"@id":"https:\/\/cfpmaresme.org\/es\/la-nau-gaudi-de-mataro-acull-la-inauguracio-duna-mostra-dart-brut-amb-obres-dalterarte\/#primaryimage"},"thumbnailUrl":"https:\/\/centreformacioprevencio.files.wordpress.com\/2016\/01\/sam_0750.jpg","keywords":["alterarte","Art","art\u00edstic","centre","exposicio","formaci\u00f3","gaud\u00ed","mental","mostra","nau","prevneci\u00f3","salut"],"articleSection":["Alterarte"],"inLanguage":"es"},{"@type":"WebPage","@id":"https:\/\/cfpmaresme.org\/es\/la-nau-gaudi-de-mataro-acull-la-inauguracio-duna-mostra-dart-brut-amb-obres-dalterarte\/","url":"https:\/\/cfpmaresme.org\/es\/la-nau-gaudi-de-mataro-acull-la-inauguracio-duna-mostra-dart-brut-amb-obres-dalterarte\/","name":"La Nau Gaud\u00ed de Matar\u00f3 acoge la inauguraci\u00f3n de una muestra de Arte Bruto con obras de Alterarte | CFP Maresme","isPartOf":{"@id":"https:\/\/cfpmaresme.org\/#website"},"primaryImageOfPage":{"@id":"https:\/\/cfpmaresme.org\/es\/la-nau-gaudi-de-mataro-acull-la-inauguracio-duna-mostra-dart-brut-amb-obres-dalterarte\/#primaryimage"},"image":{"@id":"https:\/\/cfpmaresme.org\/es\/la-nau-gaudi-de-mataro-acull-la-inauguracio-duna-mostra-dart-brut-amb-obres-dalterarte\/#primaryimage"},"thumbnailUrl":"https:\/\/centreformacioprevencio.files.wordpress.com\/2016\/01\/sam_0750.jpg","datePublished":"2016-01-25T12:11:53+00:00","dateModified":"2020-10-29T13:26:39+00:00","author":{"@id":"https:\/\/cfpmaresme.org\/#\/schema\/person\/b2634bcd796fafc667ea4055f61b9b2c"},"breadcrumb":{"@id":"https:\/\/cfpmaresme.org\/es\/la-nau-gaudi-de-mataro-acull-la-inauguracio-duna-mostra-dart-brut-amb-obres-dalterarte\/#breadcrumb"},"inLanguage":"es","potentialAction":[{"@type":"ReadAction","target":["https:\/\/cfpmaresme.org\/es\/la-nau-gaudi-de-mataro-acull-la-inauguracio-duna-mostra-dart-brut-amb-obres-dalterarte\/"]}]},{"@type":"ImageObject","inLanguage":"es","@id":"https:\/\/cfpmaresme.org\/es\/la-nau-gaudi-de-mataro-acull-la-inauguracio-duna-mostra-dart-brut-amb-obres-dalterarte\/#primaryimage","url":"https:\/\/centreformacioprevencio.files.wordpress.com\/2016\/01\/sam_0750.jpg","contentUrl":"https:\/\/centreformacioprevencio.files.wordpress.com\/2016\/01\/sam_0750.jpg"},{"@type":"BreadcrumbList","@id":"https:\/\/cfpmaresme.org\/es\/la-nau-gaudi-de-mataro-acull-la-inauguracio-duna-mostra-dart-brut-amb-obres-dalterarte\/#breadcrumb","itemListElement":[{"@type":"ListItem","position":1,"name":"Home","item":"https:\/\/cfpmaresme.org\/es\/"},{"@type":"ListItem","position":2,"name":"La Nau Gaud\u00ed de Matar\u00f3 acoge la inauguraci\u00f3n de una muestra de Arte Bruto con obras de Alterarte"}]},{"@type":"WebSite","@id":"https:\/\/cfpmaresme.org\/#website","url":"https:\/\/cfpmaresme.org\/","name":"CFP Maresme","description":"Centre Formaci\u00f3 Prevenci\u00f3","potentialAction":[{"@type":"SearchAction","target":{"@type":"EntryPoint","urlTemplate":"https:\/\/cfpmaresme.org\/?s={search_term_string}"},"query-input":{"@type":"PropertyValueSpecification","valueRequired":true,"valueName":"search_term_string"}}],"inLanguage":"es"},{"@type":"Person","@id":"https:\/\/cfpmaresme.org\/#\/schema\/person\/b2634bcd796fafc667ea4055f61b9b2c","name":"CFPMaresme"}]}},"_links":{"self":[{"href":"https:\/\/cfpmaresme.org\/es\/wp-json\/wp\/v2\/posts\/16987","targetHints":{"allow":["GET"]}}],"collection":[{"href":"https:\/\/cfpmaresme.org\/es\/wp-json\/wp\/v2\/posts"}],"about":[{"href":"https:\/\/cfpmaresme.org\/es\/wp-json\/wp\/v2\/types\/post"}],"author":[{"embeddable":true,"href":"https:\/\/cfpmaresme.org\/es\/wp-json\/wp\/v2\/users\/2"}],"replies":[{"embeddable":true,"href":"https:\/\/cfpmaresme.org\/es\/wp-json\/wp\/v2\/comments?post=16987"}],"version-history":[{"count":3,"href":"https:\/\/cfpmaresme.org\/es\/wp-json\/wp\/v2\/posts\/16987\/revisions"}],"predecessor-version":[{"id":22160,"href":"https:\/\/cfpmaresme.org\/es\/wp-json\/wp\/v2\/posts\/16987\/revisions\/22160"}],"wp:attachment":[{"href":"https:\/\/cfpmaresme.org\/es\/wp-json\/wp\/v2\/media?parent=16987"}],"wp:term":[{"taxonomy":"category","embeddable":true,"href":"https:\/\/cfpmaresme.org\/es\/wp-json\/wp\/v2\/categories?post=16987"},{"taxonomy":"post_tag","embeddable":true,"href":"https:\/\/cfpmaresme.org\/es\/wp-json\/wp\/v2\/tags?post=16987"}],"curies":[{"name":"wp","href":"https:\/\/api.w.org\/{rel}","templated":true}]}}