{"id":16988,"date":"2015-12-22T10:52:51","date_gmt":"2015-12-22T10:52:51","guid":{"rendered":"http:\/\/cfpmaresme.org\/el-cfp-impartira-un-programa-de-garantia-juvenil-a-partir-del-gener\/"},"modified":"2021-07-23T12:52:57","modified_gmt":"2021-07-23T10:52:57","slug":"el-cfp-impartira-un-programa-de-garantia-juvenil-a-partir-del-gener","status":"publish","type":"post","link":"https:\/\/cfpmaresme.org\/es\/el-cfp-impartira-un-programa-de-garantia-juvenil-a-partir-del-gener\/","title":{"rendered":"El CFP impartir\u00e1 un Programa de Garant\u00eda Juvenil a partir de enero"},"content":{"rendered":"<p style=\"text-align: justify;\">Las plazas estar\u00e1n reservadas a j\u00f3venes menores de treinta a\u00f1os en situaci\u00f3n de riesgo de exclusi\u00f3n social o problemas de salud mental<\/p>\n<p style=\"text-align: justify;\"><img loading=\"lazy\" decoding=\"async\" class=\"alignnone size-full wp-image-676\" src=\"https:\/\/centreformacioprevencio.files.wordpress.com\/2015\/12\/20141203_garantia_1300028839.jpg\" alt=\"20141203_garantia.jpg_1300028839.jpg\" width=\"750\" height=\"459\" \/><\/p>\n<p style=\"text-align: justify;\">A partir de este pr\u00f3ximo mes de enero, el CFP y la Comunitat Terap\u00e8utica del Maresme contar\u00e1n con diecis\u00e9is plazas subvencionadas por el Departamento de Empresa y Ocupaci\u00f3n de la Generalitat de Catalunya.\u00a0 Estas plazas se destinar\u00e1n a personas j\u00f3venes de menos de 30 a\u00f1os que est\u00e9n o bien en una situaci\u00f3n compleja de riesgo de exclusi\u00f3n o tengan problemas de salud mental. El proyecto, que se extender\u00e1 durante todo el 2016, pretende ofrecerles un asesoramiento personalizado para que escojan si quieren inserirse en el \u00e1mbito laboral o si, por el contrario, prefieren reincorporarse en sus estudios.<\/p>\n<p style=\"text-align: justify;\"><!--more--><\/p>\n<p style=\"text-align: justify;\">El programa estar\u00e1 dividido en tres etapas. En la primera se orientar\u00e1 a los participantes para saber cu\u00e1les son sus necesidades y as\u00ed poderles dise\u00f1ar una hoja de ruta de su itinerario personal. En la segunda se seguir\u00e1n todos los pasos que describa este documento para alcanzar sus objetivos y finalmente, en la tercera, se podr\u00e1 optar por la b\u00fasqueda de un trabajo o por la vuelta al mundo educativo, donde podr\u00e1n continuar los estudios que hab\u00edan dejado como la ESO o emprender de nuevos como la Formaci\u00f3n Professional.<\/p>\n<p style=\"text-align: justify;\">Para participar en este programa, del que todav\u00eda quedan plazas libres, se tiene que estar apuntado en el fichero de garant\u00eda juvenil del Servicio de Ocupaci\u00f3n de Catalu\u00f1a y reunir los requisitos de edad y situaci\u00f3n personal anteriormente descritos. Si os interesa apuntaros a la convocatoria, ten\u00e9is que llamar al 93 755 36 06 y pedir por\u00a0 Dom\u00e8nec L\u00f3pez, t\u00e9cnico del CFP encargado del proyecto.<\/p>\n","protected":false},"excerpt":{"rendered":"<p>Las plazas estar\u00e1n reservadas a j\u00f3venes menores de treinta a\u00f1os en situaci\u00f3n de riesgo de exclusi\u00f3n social o problemas de salud mental A partir de este pr\u00f3ximo mes de enero, el CFP y la Comunitat Terap\u00e8utica del Maresme contar\u00e1n con diecis\u00e9is plazas subvencionadas por el&#8230;<\/p>\n","protected":false},"author":2,"featured_media":0,"comment_status":"open","ping_status":"open","sticky":false,"template":"","format":"standard","meta":{"footnotes":""},"categories":[1193],"tags":[798,911,951,952,953,651,706,954,681,955,701,956],"class_list":["post-16988","post","type-post","status-publish","format-standard","hentry","category-servicio-de-formacion-e-intermediacion-laboral","tag-cfp-es","tag-comunitat-es","tag-exclusio-es","tag-garantia-es","tag-juvenil-es","tag-maresme-es","tag-mental-es","tag-programa-es","tag-salut-es","tag-soc-es","tag-social-es","tag-terapeutica-es"],"yoast_head":"<!-- This site is optimized with the Yoast SEO plugin v27.4 - https:\/\/yoast.com\/product\/yoast-seo-wordpress\/ -->\n<title>El CFP impartir\u00e1 un Programa de Garant\u00eda Juvenil a partir de enero | CFP Maresme<\/title>\n<meta name=\"robots\" content=\"index, follow, max-snippet:-1, max-image-preview:large, max-video-preview:-1\" \/>\n<link rel=\"canonical\" href=\"https:\/\/cfpmaresme.org\/es\/el-cfp-impartira-un-programa-de-garantia-juvenil-a-partir-del-gener\/\" \/>\n<meta property=\"og:locale\" content=\"es_ES\" \/>\n<meta property=\"og:type\" content=\"article\" \/>\n<meta property=\"og:title\" content=\"El CFP impartir\u00e1 un Programa de Garant\u00eda Juvenil a partir de enero | CFP Maresme\" \/>\n<meta property=\"og:description\" content=\"Las plazas estar\u00e1n reservadas a j\u00f3venes menores de treinta a\u00f1os en situaci\u00f3n de riesgo de exclusi\u00f3n social o problemas de salud mental A partir de este pr\u00f3ximo mes de enero, el CFP y la Comunitat Terap\u00e8utica del Maresme contar\u00e1n con diecis\u00e9is plazas subvencionadas por el...\" \/>\n<meta property=\"og:url\" content=\"https:\/\/cfpmaresme.org\/es\/el-cfp-impartira-un-programa-de-garantia-juvenil-a-partir-del-gener\/\" \/>\n<meta property=\"og:site_name\" content=\"CFP Maresme\" \/>\n<meta property=\"article:published_time\" content=\"2015-12-22T10:52:51+00:00\" \/>\n<meta property=\"article:modified_time\" content=\"2021-07-23T10:52:57+00:00\" \/>\n<meta property=\"og:image\" content=\"https:\/\/centreformacioprevencio.files.wordpress.com\/2015\/12\/20141203_garantia_1300028839.jpg\" \/>\n<meta name=\"author\" content=\"CFPMaresme\" \/>\n<meta name=\"twitter:card\" content=\"summary_large_image\" \/>\n<meta name=\"twitter:creator\" content=\"@cfpmaresme\" \/>\n<meta name=\"twitter:site\" content=\"@cfpmaresme\" \/>\n<meta name=\"twitter:label1\" content=\"Escrito por\" \/>\n\t<meta name=\"twitter:data1\" content=\"CFPMaresme\" \/>\n\t<meta name=\"twitter:label2\" content=\"Tiempo de lectura\" \/>\n\t<meta name=\"twitter:data2\" content=\"1 minuto\" \/>\n<script type=\"application\/ld+json\" class=\"yoast-schema-graph\">{\"@context\":\"https:\\\/\\\/schema.org\",\"@graph\":[{\"@type\":\"Article\",\"@id\":\"https:\\\/\\\/cfpmaresme.org\\\/es\\\/el-cfp-impartira-un-programa-de-garantia-juvenil-a-partir-del-gener\\\/#article\",\"isPartOf\":{\"@id\":\"https:\\\/\\\/cfpmaresme.org\\\/es\\\/el-cfp-impartira-un-programa-de-garantia-juvenil-a-partir-del-gener\\\/\"},\"author\":{\"name\":\"CFPMaresme\",\"@id\":\"https:\\\/\\\/cfpmaresme.org\\\/#\\\/schema\\\/person\\\/b2634bcd796fafc667ea4055f61b9b2c\"},\"headline\":\"El CFP impartir\u00e1 un Programa de Garant\u00eda Juvenil a partir de enero\",\"datePublished\":\"2015-12-22T10:52:51+00:00\",\"dateModified\":\"2021-07-23T10:52:57+00:00\",\"mainEntityOfPage\":{\"@id\":\"https:\\\/\\\/cfpmaresme.org\\\/es\\\/el-cfp-impartira-un-programa-de-garantia-juvenil-a-partir-del-gener\\\/\"},\"wordCount\":312,\"commentCount\":0,\"image\":{\"@id\":\"https:\\\/\\\/cfpmaresme.org\\\/es\\\/el-cfp-impartira-un-programa-de-garantia-juvenil-a-partir-del-gener\\\/#primaryimage\"},\"thumbnailUrl\":\"https:\\\/\\\/centreformacioprevencio.files.wordpress.com\\\/2015\\\/12\\\/20141203_garantia_1300028839.jpg\",\"keywords\":[\"cfp\",\"comunitat\",\"exclusi\u00f3\",\"garantia\",\"juvenil\",\"maresme\",\"mental\",\"programa\",\"salut\",\"soc\",\"social\",\"terap\u00e8utica\"],\"articleSection\":[\"Formaci\u00f3n e Intermediaci\u00f3n Laboral\"],\"inLanguage\":\"es\"},{\"@type\":\"WebPage\",\"@id\":\"https:\\\/\\\/cfpmaresme.org\\\/es\\\/el-cfp-impartira-un-programa-de-garantia-juvenil-a-partir-del-gener\\\/\",\"url\":\"https:\\\/\\\/cfpmaresme.org\\\/es\\\/el-cfp-impartira-un-programa-de-garantia-juvenil-a-partir-del-gener\\\/\",\"name\":\"El CFP impartir\u00e1 un Programa de Garant\u00eda Juvenil a partir de enero | CFP Maresme\",\"isPartOf\":{\"@id\":\"https:\\\/\\\/cfpmaresme.org\\\/#website\"},\"primaryImageOfPage\":{\"@id\":\"https:\\\/\\\/cfpmaresme.org\\\/es\\\/el-cfp-impartira-un-programa-de-garantia-juvenil-a-partir-del-gener\\\/#primaryimage\"},\"image\":{\"@id\":\"https:\\\/\\\/cfpmaresme.org\\\/es\\\/el-cfp-impartira-un-programa-de-garantia-juvenil-a-partir-del-gener\\\/#primaryimage\"},\"thumbnailUrl\":\"https:\\\/\\\/centreformacioprevencio.files.wordpress.com\\\/2015\\\/12\\\/20141203_garantia_1300028839.jpg\",\"datePublished\":\"2015-12-22T10:52:51+00:00\",\"dateModified\":\"2021-07-23T10:52:57+00:00\",\"author\":{\"@id\":\"https:\\\/\\\/cfpmaresme.org\\\/#\\\/schema\\\/person\\\/b2634bcd796fafc667ea4055f61b9b2c\"},\"breadcrumb\":{\"@id\":\"https:\\\/\\\/cfpmaresme.org\\\/es\\\/el-cfp-impartira-un-programa-de-garantia-juvenil-a-partir-del-gener\\\/#breadcrumb\"},\"inLanguage\":\"es\",\"potentialAction\":[{\"@type\":\"ReadAction\",\"target\":[\"https:\\\/\\\/cfpmaresme.org\\\/es\\\/el-cfp-impartira-un-programa-de-garantia-juvenil-a-partir-del-gener\\\/\"]}]},{\"@type\":\"ImageObject\",\"inLanguage\":\"es\",\"@id\":\"https:\\\/\\\/cfpmaresme.org\\\/es\\\/el-cfp-impartira-un-programa-de-garantia-juvenil-a-partir-del-gener\\\/#primaryimage\",\"url\":\"https:\\\/\\\/centreformacioprevencio.files.wordpress.com\\\/2015\\\/12\\\/20141203_garantia_1300028839.jpg\",\"contentUrl\":\"https:\\\/\\\/centreformacioprevencio.files.wordpress.com\\\/2015\\\/12\\\/20141203_garantia_1300028839.jpg\"},{\"@type\":\"BreadcrumbList\",\"@id\":\"https:\\\/\\\/cfpmaresme.org\\\/es\\\/el-cfp-impartira-un-programa-de-garantia-juvenil-a-partir-del-gener\\\/#breadcrumb\",\"itemListElement\":[{\"@type\":\"ListItem\",\"position\":1,\"name\":\"Home\",\"item\":\"https:\\\/\\\/cfpmaresme.org\\\/es\\\/\"},{\"@type\":\"ListItem\",\"position\":2,\"name\":\"El CFP impartir\u00e1 un Programa de Garant\u00eda Juvenil a partir de enero\"}]},{\"@type\":\"WebSite\",\"@id\":\"https:\\\/\\\/cfpmaresme.org\\\/#website\",\"url\":\"https:\\\/\\\/cfpmaresme.org\\\/\",\"name\":\"CFP Maresme\",\"description\":\"Centre Formaci\u00f3 Prevenci\u00f3\",\"potentialAction\":[{\"@type\":\"SearchAction\",\"target\":{\"@type\":\"EntryPoint\",\"urlTemplate\":\"https:\\\/\\\/cfpmaresme.org\\\/?s={search_term_string}\"},\"query-input\":{\"@type\":\"PropertyValueSpecification\",\"valueRequired\":true,\"valueName\":\"search_term_string\"}}],\"inLanguage\":\"es\"},{\"@type\":\"Person\",\"@id\":\"https:\\\/\\\/cfpmaresme.org\\\/#\\\/schema\\\/person\\\/b2634bcd796fafc667ea4055f61b9b2c\",\"name\":\"CFPMaresme\"}]}<\/script>\n<!-- \/ Yoast SEO plugin. -->","yoast_head_json":{"title":"El CFP impartir\u00e1 un Programa de Garant\u00eda Juvenil a partir de enero | CFP Maresme","robots":{"index":"index","follow":"follow","max-snippet":"max-snippet:-1","max-image-preview":"max-image-preview:large","max-video-preview":"max-video-preview:-1"},"canonical":"https:\/\/cfpmaresme.org\/es\/el-cfp-impartira-un-programa-de-garantia-juvenil-a-partir-del-gener\/","og_locale":"es_ES","og_type":"article","og_title":"El CFP impartir\u00e1 un Programa de Garant\u00eda Juvenil a partir de enero | CFP Maresme","og_description":"Las plazas estar\u00e1n reservadas a j\u00f3venes menores de treinta a\u00f1os en situaci\u00f3n de riesgo de exclusi\u00f3n social o problemas de salud mental A partir de este pr\u00f3ximo mes de enero, el CFP y la Comunitat Terap\u00e8utica del Maresme contar\u00e1n con diecis\u00e9is plazas subvencionadas por el...","og_url":"https:\/\/cfpmaresme.org\/es\/el-cfp-impartira-un-programa-de-garantia-juvenil-a-partir-del-gener\/","og_site_name":"CFP Maresme","article_published_time":"2015-12-22T10:52:51+00:00","article_modified_time":"2021-07-23T10:52:57+00:00","og_image":[{"url":"https:\/\/centreformacioprevencio.files.wordpress.com\/2015\/12\/20141203_garantia_1300028839.jpg","type":"","width":"","height":""}],"author":"CFPMaresme","twitter_card":"summary_large_image","twitter_creator":"@cfpmaresme","twitter_site":"@cfpmaresme","twitter_misc":{"Escrito por":"CFPMaresme","Tiempo de lectura":"1 minuto"},"schema":{"@context":"https:\/\/schema.org","@graph":[{"@type":"Article","@id":"https:\/\/cfpmaresme.org\/es\/el-cfp-impartira-un-programa-de-garantia-juvenil-a-partir-del-gener\/#article","isPartOf":{"@id":"https:\/\/cfpmaresme.org\/es\/el-cfp-impartira-un-programa-de-garantia-juvenil-a-partir-del-gener\/"},"author":{"name":"CFPMaresme","@id":"https:\/\/cfpmaresme.org\/#\/schema\/person\/b2634bcd796fafc667ea4055f61b9b2c"},"headline":"El CFP impartir\u00e1 un Programa de Garant\u00eda Juvenil a partir de enero","datePublished":"2015-12-22T10:52:51+00:00","dateModified":"2021-07-23T10:52:57+00:00","mainEntityOfPage":{"@id":"https:\/\/cfpmaresme.org\/es\/el-cfp-impartira-un-programa-de-garantia-juvenil-a-partir-del-gener\/"},"wordCount":312,"commentCount":0,"image":{"@id":"https:\/\/cfpmaresme.org\/es\/el-cfp-impartira-un-programa-de-garantia-juvenil-a-partir-del-gener\/#primaryimage"},"thumbnailUrl":"https:\/\/centreformacioprevencio.files.wordpress.com\/2015\/12\/20141203_garantia_1300028839.jpg","keywords":["cfp","comunitat","exclusi\u00f3","garantia","juvenil","maresme","mental","programa","salut","soc","social","terap\u00e8utica"],"articleSection":["Formaci\u00f3n e Intermediaci\u00f3n Laboral"],"inLanguage":"es"},{"@type":"WebPage","@id":"https:\/\/cfpmaresme.org\/es\/el-cfp-impartira-un-programa-de-garantia-juvenil-a-partir-del-gener\/","url":"https:\/\/cfpmaresme.org\/es\/el-cfp-impartira-un-programa-de-garantia-juvenil-a-partir-del-gener\/","name":"El CFP impartir\u00e1 un Programa de Garant\u00eda Juvenil a partir de enero | CFP Maresme","isPartOf":{"@id":"https:\/\/cfpmaresme.org\/#website"},"primaryImageOfPage":{"@id":"https:\/\/cfpmaresme.org\/es\/el-cfp-impartira-un-programa-de-garantia-juvenil-a-partir-del-gener\/#primaryimage"},"image":{"@id":"https:\/\/cfpmaresme.org\/es\/el-cfp-impartira-un-programa-de-garantia-juvenil-a-partir-del-gener\/#primaryimage"},"thumbnailUrl":"https:\/\/centreformacioprevencio.files.wordpress.com\/2015\/12\/20141203_garantia_1300028839.jpg","datePublished":"2015-12-22T10:52:51+00:00","dateModified":"2021-07-23T10:52:57+00:00","author":{"@id":"https:\/\/cfpmaresme.org\/#\/schema\/person\/b2634bcd796fafc667ea4055f61b9b2c"},"breadcrumb":{"@id":"https:\/\/cfpmaresme.org\/es\/el-cfp-impartira-un-programa-de-garantia-juvenil-a-partir-del-gener\/#breadcrumb"},"inLanguage":"es","potentialAction":[{"@type":"ReadAction","target":["https:\/\/cfpmaresme.org\/es\/el-cfp-impartira-un-programa-de-garantia-juvenil-a-partir-del-gener\/"]}]},{"@type":"ImageObject","inLanguage":"es","@id":"https:\/\/cfpmaresme.org\/es\/el-cfp-impartira-un-programa-de-garantia-juvenil-a-partir-del-gener\/#primaryimage","url":"https:\/\/centreformacioprevencio.files.wordpress.com\/2015\/12\/20141203_garantia_1300028839.jpg","contentUrl":"https:\/\/centreformacioprevencio.files.wordpress.com\/2015\/12\/20141203_garantia_1300028839.jpg"},{"@type":"BreadcrumbList","@id":"https:\/\/cfpmaresme.org\/es\/el-cfp-impartira-un-programa-de-garantia-juvenil-a-partir-del-gener\/#breadcrumb","itemListElement":[{"@type":"ListItem","position":1,"name":"Home","item":"https:\/\/cfpmaresme.org\/es\/"},{"@type":"ListItem","position":2,"name":"El CFP impartir\u00e1 un Programa de Garant\u00eda Juvenil a partir de enero"}]},{"@type":"WebSite","@id":"https:\/\/cfpmaresme.org\/#website","url":"https:\/\/cfpmaresme.org\/","name":"CFP Maresme","description":"Centre Formaci\u00f3 Prevenci\u00f3","potentialAction":[{"@type":"SearchAction","target":{"@type":"EntryPoint","urlTemplate":"https:\/\/cfpmaresme.org\/?s={search_term_string}"},"query-input":{"@type":"PropertyValueSpecification","valueRequired":true,"valueName":"search_term_string"}}],"inLanguage":"es"},{"@type":"Person","@id":"https:\/\/cfpmaresme.org\/#\/schema\/person\/b2634bcd796fafc667ea4055f61b9b2c","name":"CFPMaresme"}]}},"_links":{"self":[{"href":"https:\/\/cfpmaresme.org\/es\/wp-json\/wp\/v2\/posts\/16988","targetHints":{"allow":["GET"]}}],"collection":[{"href":"https:\/\/cfpmaresme.org\/es\/wp-json\/wp\/v2\/posts"}],"about":[{"href":"https:\/\/cfpmaresme.org\/es\/wp-json\/wp\/v2\/types\/post"}],"author":[{"embeddable":true,"href":"https:\/\/cfpmaresme.org\/es\/wp-json\/wp\/v2\/users\/2"}],"replies":[{"embeddable":true,"href":"https:\/\/cfpmaresme.org\/es\/wp-json\/wp\/v2\/comments?post=16988"}],"version-history":[{"count":4,"href":"https:\/\/cfpmaresme.org\/es\/wp-json\/wp\/v2\/posts\/16988\/revisions"}],"predecessor-version":[{"id":25915,"href":"https:\/\/cfpmaresme.org\/es\/wp-json\/wp\/v2\/posts\/16988\/revisions\/25915"}],"wp:attachment":[{"href":"https:\/\/cfpmaresme.org\/es\/wp-json\/wp\/v2\/media?parent=16988"}],"wp:term":[{"taxonomy":"category","embeddable":true,"href":"https:\/\/cfpmaresme.org\/es\/wp-json\/wp\/v2\/categories?post=16988"},{"taxonomy":"post_tag","embeddable":true,"href":"https:\/\/cfpmaresme.org\/es\/wp-json\/wp\/v2\/tags?post=16988"}],"curies":[{"name":"wp","href":"https:\/\/api.w.org\/{rel}","templated":true}]}}