{"id":16989,"date":"2015-12-11T10:20:05","date_gmt":"2015-12-11T10:20:05","guid":{"rendered":"http:\/\/cfpmaresme.org\/els-nens-i-nenes-del-crae-visiten-el-camp-nou-per-veure-el-barca-villanovense\/"},"modified":"2021-03-31T13:48:54","modified_gmt":"2021-03-31T11:48:54","slug":"els-nens-i-nenes-del-crae-visiten-el-camp-nou-per-veure-el-barca-villanovense","status":"publish","type":"post","link":"https:\/\/cfpmaresme.org\/es\/els-nens-i-nenes-del-crae-visiten-el-camp-nou-per-veure-el-barca-villanovense\/","title":{"rendered":"Los ni\u00f1os y ni\u00f1as del CRAE visitan el Camp Nou para ver el Bar\u00e7a- Villanovense"},"content":{"rendered":"<p style=\"text-align: justify;\">La quinta jornada del socio solidario promovida por el FC Barcelona permiti\u00f3 a los infantes del CRAE asistir al campo en motivo del partido de vuelta de sextos de la final de la Copa del Rei<\/p>\n<p style=\"text-align: justify;\"><img loading=\"lazy\" decoding=\"async\" class=\"alignnone size-full wp-image-668\" src=\"https:\/\/centreformacioprevencio.files.wordpress.com\/2015\/12\/img-20151210-wa0000-3.jpg\" alt=\"IMG-20151210-WA0000 (3)\" width=\"1600\" height=\"951\" \/><\/p>\n<p style=\"text-align: justify;\">El partido que enfrent\u00f3 el FC Barcelona con el FC Villanovense el pasado mi\u00e9rcoles 2 de diciembre supuso la quinta edici\u00f3n de la diada del socio solidario, una oportunidad para que personas de distintas asociaciones e instituciones de acci\u00f3n social puedan disfrutar de ver un partido del equipo blaugrana en el Camp Nou. Y, gracias a esto, ocho ni\u00f1os y ni\u00f1as del CRAE asistieron a esta eliminatoria de la Copa del Rei.<\/p>\n<p style=\"text-align: justify;\"><!--more--><\/p>\n<p style=\"text-align: justify;\">Mediante la DGAIA (Direcci\u00f3n General de Atenci\u00f3n a la Infancia y la Adolescencia) que recibi\u00f3 entradas por parte del club, los infantes fueron testimonios de la goleada por 6\u00a0 a 1 de los hombres de Luis Enrique ante el modesto equipo de segunda divisi\u00f3n B. Por la mayor\u00eda de ellos era la primera vez que visitaban el Camp Nou y se lo pasaron muy bien con el partido.<\/p>\n<p style=\"text-align: justify;\">La iniciativa de esta jornada especial de futbol fue todo un \u00e9xito, ya que la asistencia al Camp Nou fue de 67703 espectadores, superando los 57655 del a\u00f1o 2012 con la visita del Alav\u00e9s en la misma ronda eliminatoria. Y con esta diada del socio solidario, adem\u00e1s, el club da una vez al a\u00f1o la posibilidad de vivir un partido en directo a gente que habitualmente no puede pagar las entradas.<\/p>\n","protected":false},"excerpt":{"rendered":"<p>La quinta jornada del socio solidario promovida por el FC Barcelona permiti\u00f3 a los infantes del CRAE asistir al campo en motivo del partido de vuelta de sextos de la final de la Copa del Rei El partido que enfrent\u00f3 el FC Barcelona con el&#8230;<\/p>\n","protected":false},"author":2,"featured_media":0,"comment_status":"open","ping_status":"open","sticky":false,"template":"","format":"standard","meta":{"footnotes":""},"categories":[1144,1243],"tags":[884,630,798,694,847,745,635,748,957,638],"class_list":["post-16989","post","type-post","status-publish","format-standard","hentry","category-infancia-y-familia","category-crae","tag-barca-es","tag-centre-es","tag-cfp-es","tag-crae-es","tag-dgaia-es","tag-esport-es","tag-formacio-es","tag-futbol-es","tag-infancia-es","tag-prevencio-es"],"yoast_head":"<!-- This site is optimized with the Yoast SEO plugin v27.4 - https:\/\/yoast.com\/product\/yoast-seo-wordpress\/ -->\n<title>Los ni\u00f1os y ni\u00f1as del CRAE visitan el Camp Nou para ver el Bar\u00e7a- Villanovense | CFP Maresme<\/title>\n<meta name=\"robots\" content=\"index, follow, max-snippet:-1, max-image-preview:large, max-video-preview:-1\" \/>\n<link rel=\"canonical\" href=\"https:\/\/cfpmaresme.org\/es\/els-nens-i-nenes-del-crae-visiten-el-camp-nou-per-veure-el-barca-villanovense\/\" \/>\n<meta property=\"og:locale\" content=\"es_ES\" \/>\n<meta property=\"og:type\" content=\"article\" \/>\n<meta property=\"og:title\" content=\"Los ni\u00f1os y ni\u00f1as del CRAE visitan el Camp Nou para ver el Bar\u00e7a- Villanovense | CFP Maresme\" \/>\n<meta property=\"og:description\" content=\"La quinta jornada del socio solidario promovida por el FC Barcelona permiti\u00f3 a los infantes del CRAE asistir al campo en motivo del partido de vuelta de sextos de la final de la Copa del Rei El partido que enfrent\u00f3 el FC Barcelona con el...\" \/>\n<meta property=\"og:url\" content=\"https:\/\/cfpmaresme.org\/es\/els-nens-i-nenes-del-crae-visiten-el-camp-nou-per-veure-el-barca-villanovense\/\" \/>\n<meta property=\"og:site_name\" content=\"CFP Maresme\" \/>\n<meta property=\"article:published_time\" content=\"2015-12-11T10:20:05+00:00\" \/>\n<meta property=\"article:modified_time\" content=\"2021-03-31T11:48:54+00:00\" \/>\n<meta property=\"og:image\" content=\"https:\/\/centreformacioprevencio.files.wordpress.com\/2015\/12\/img-20151210-wa0000-3.jpg\" \/>\n<meta name=\"author\" content=\"CFPMaresme\" \/>\n<meta name=\"twitter:card\" content=\"summary_large_image\" \/>\n<meta name=\"twitter:creator\" content=\"@cfpmaresme\" \/>\n<meta name=\"twitter:site\" content=\"@cfpmaresme\" \/>\n<meta name=\"twitter:label1\" content=\"Escrito por\" \/>\n\t<meta name=\"twitter:data1\" content=\"CFPMaresme\" \/>\n\t<meta name=\"twitter:label2\" content=\"Tiempo de lectura\" \/>\n\t<meta name=\"twitter:data2\" content=\"1 minuto\" \/>\n<script type=\"application\/ld+json\" class=\"yoast-schema-graph\">{\"@context\":\"https:\\\/\\\/schema.org\",\"@graph\":[{\"@type\":\"Article\",\"@id\":\"https:\\\/\\\/cfpmaresme.org\\\/es\\\/els-nens-i-nenes-del-crae-visiten-el-camp-nou-per-veure-el-barca-villanovense\\\/#article\",\"isPartOf\":{\"@id\":\"https:\\\/\\\/cfpmaresme.org\\\/es\\\/els-nens-i-nenes-del-crae-visiten-el-camp-nou-per-veure-el-barca-villanovense\\\/\"},\"author\":{\"name\":\"CFPMaresme\",\"@id\":\"https:\\\/\\\/cfpmaresme.org\\\/#\\\/schema\\\/person\\\/b2634bcd796fafc667ea4055f61b9b2c\"},\"headline\":\"Los ni\u00f1os y ni\u00f1as del CRAE visitan el Camp Nou para ver el Bar\u00e7a- Villanovense\",\"datePublished\":\"2015-12-11T10:20:05+00:00\",\"dateModified\":\"2021-03-31T11:48:54+00:00\",\"mainEntityOfPage\":{\"@id\":\"https:\\\/\\\/cfpmaresme.org\\\/es\\\/els-nens-i-nenes-del-crae-visiten-el-camp-nou-per-veure-el-barca-villanovense\\\/\"},\"wordCount\":272,\"commentCount\":0,\"image\":{\"@id\":\"https:\\\/\\\/cfpmaresme.org\\\/es\\\/els-nens-i-nenes-del-crae-visiten-el-camp-nou-per-veure-el-barca-villanovense\\\/#primaryimage\"},\"thumbnailUrl\":\"https:\\\/\\\/centreformacioprevencio.files.wordpress.com\\\/2015\\\/12\\\/img-20151210-wa0000-3.jpg\",\"keywords\":[\"bar\u00e7a\",\"centre\",\"cfp\",\"crae\",\"dgaia\",\"esport\",\"formaci\u00f3\",\"futbol\",\"inf\u00e0ncia\",\"prevenci\u00f3\"],\"articleSection\":[\"\u00c1rea de infancia, adolescencia y fam\u00edlia\",\"CRAE\"],\"inLanguage\":\"es\"},{\"@type\":\"WebPage\",\"@id\":\"https:\\\/\\\/cfpmaresme.org\\\/es\\\/els-nens-i-nenes-del-crae-visiten-el-camp-nou-per-veure-el-barca-villanovense\\\/\",\"url\":\"https:\\\/\\\/cfpmaresme.org\\\/es\\\/els-nens-i-nenes-del-crae-visiten-el-camp-nou-per-veure-el-barca-villanovense\\\/\",\"name\":\"Los ni\u00f1os y ni\u00f1as del CRAE visitan el Camp Nou para ver el Bar\u00e7a- Villanovense | CFP Maresme\",\"isPartOf\":{\"@id\":\"https:\\\/\\\/cfpmaresme.org\\\/#website\"},\"primaryImageOfPage\":{\"@id\":\"https:\\\/\\\/cfpmaresme.org\\\/es\\\/els-nens-i-nenes-del-crae-visiten-el-camp-nou-per-veure-el-barca-villanovense\\\/#primaryimage\"},\"image\":{\"@id\":\"https:\\\/\\\/cfpmaresme.org\\\/es\\\/els-nens-i-nenes-del-crae-visiten-el-camp-nou-per-veure-el-barca-villanovense\\\/#primaryimage\"},\"thumbnailUrl\":\"https:\\\/\\\/centreformacioprevencio.files.wordpress.com\\\/2015\\\/12\\\/img-20151210-wa0000-3.jpg\",\"datePublished\":\"2015-12-11T10:20:05+00:00\",\"dateModified\":\"2021-03-31T11:48:54+00:00\",\"author\":{\"@id\":\"https:\\\/\\\/cfpmaresme.org\\\/#\\\/schema\\\/person\\\/b2634bcd796fafc667ea4055f61b9b2c\"},\"breadcrumb\":{\"@id\":\"https:\\\/\\\/cfpmaresme.org\\\/es\\\/els-nens-i-nenes-del-crae-visiten-el-camp-nou-per-veure-el-barca-villanovense\\\/#breadcrumb\"},\"inLanguage\":\"es\",\"potentialAction\":[{\"@type\":\"ReadAction\",\"target\":[\"https:\\\/\\\/cfpmaresme.org\\\/es\\\/els-nens-i-nenes-del-crae-visiten-el-camp-nou-per-veure-el-barca-villanovense\\\/\"]}]},{\"@type\":\"ImageObject\",\"inLanguage\":\"es\",\"@id\":\"https:\\\/\\\/cfpmaresme.org\\\/es\\\/els-nens-i-nenes-del-crae-visiten-el-camp-nou-per-veure-el-barca-villanovense\\\/#primaryimage\",\"url\":\"https:\\\/\\\/centreformacioprevencio.files.wordpress.com\\\/2015\\\/12\\\/img-20151210-wa0000-3.jpg\",\"contentUrl\":\"https:\\\/\\\/centreformacioprevencio.files.wordpress.com\\\/2015\\\/12\\\/img-20151210-wa0000-3.jpg\"},{\"@type\":\"BreadcrumbList\",\"@id\":\"https:\\\/\\\/cfpmaresme.org\\\/es\\\/els-nens-i-nenes-del-crae-visiten-el-camp-nou-per-veure-el-barca-villanovense\\\/#breadcrumb\",\"itemListElement\":[{\"@type\":\"ListItem\",\"position\":1,\"name\":\"Home\",\"item\":\"https:\\\/\\\/cfpmaresme.org\\\/es\\\/\"},{\"@type\":\"ListItem\",\"position\":2,\"name\":\"Los ni\u00f1os y ni\u00f1as del CRAE visitan el Camp Nou para ver el Bar\u00e7a- Villanovense\"}]},{\"@type\":\"WebSite\",\"@id\":\"https:\\\/\\\/cfpmaresme.org\\\/#website\",\"url\":\"https:\\\/\\\/cfpmaresme.org\\\/\",\"name\":\"CFP Maresme\",\"description\":\"Centre Formaci\u00f3 Prevenci\u00f3\",\"potentialAction\":[{\"@type\":\"SearchAction\",\"target\":{\"@type\":\"EntryPoint\",\"urlTemplate\":\"https:\\\/\\\/cfpmaresme.org\\\/?s={search_term_string}\"},\"query-input\":{\"@type\":\"PropertyValueSpecification\",\"valueRequired\":true,\"valueName\":\"search_term_string\"}}],\"inLanguage\":\"es\"},{\"@type\":\"Person\",\"@id\":\"https:\\\/\\\/cfpmaresme.org\\\/#\\\/schema\\\/person\\\/b2634bcd796fafc667ea4055f61b9b2c\",\"name\":\"CFPMaresme\"}]}<\/script>\n<!-- \/ Yoast SEO plugin. -->","yoast_head_json":{"title":"Los ni\u00f1os y ni\u00f1as del CRAE visitan el Camp Nou para ver el Bar\u00e7a- Villanovense | CFP Maresme","robots":{"index":"index","follow":"follow","max-snippet":"max-snippet:-1","max-image-preview":"max-image-preview:large","max-video-preview":"max-video-preview:-1"},"canonical":"https:\/\/cfpmaresme.org\/es\/els-nens-i-nenes-del-crae-visiten-el-camp-nou-per-veure-el-barca-villanovense\/","og_locale":"es_ES","og_type":"article","og_title":"Los ni\u00f1os y ni\u00f1as del CRAE visitan el Camp Nou para ver el Bar\u00e7a- Villanovense | CFP Maresme","og_description":"La quinta jornada del socio solidario promovida por el FC Barcelona permiti\u00f3 a los infantes del CRAE asistir al campo en motivo del partido de vuelta de sextos de la final de la Copa del Rei El partido que enfrent\u00f3 el FC Barcelona con el...","og_url":"https:\/\/cfpmaresme.org\/es\/els-nens-i-nenes-del-crae-visiten-el-camp-nou-per-veure-el-barca-villanovense\/","og_site_name":"CFP Maresme","article_published_time":"2015-12-11T10:20:05+00:00","article_modified_time":"2021-03-31T11:48:54+00:00","og_image":[{"url":"https:\/\/centreformacioprevencio.files.wordpress.com\/2015\/12\/img-20151210-wa0000-3.jpg","type":"","width":"","height":""}],"author":"CFPMaresme","twitter_card":"summary_large_image","twitter_creator":"@cfpmaresme","twitter_site":"@cfpmaresme","twitter_misc":{"Escrito por":"CFPMaresme","Tiempo de lectura":"1 minuto"},"schema":{"@context":"https:\/\/schema.org","@graph":[{"@type":"Article","@id":"https:\/\/cfpmaresme.org\/es\/els-nens-i-nenes-del-crae-visiten-el-camp-nou-per-veure-el-barca-villanovense\/#article","isPartOf":{"@id":"https:\/\/cfpmaresme.org\/es\/els-nens-i-nenes-del-crae-visiten-el-camp-nou-per-veure-el-barca-villanovense\/"},"author":{"name":"CFPMaresme","@id":"https:\/\/cfpmaresme.org\/#\/schema\/person\/b2634bcd796fafc667ea4055f61b9b2c"},"headline":"Los ni\u00f1os y ni\u00f1as del CRAE visitan el Camp Nou para ver el Bar\u00e7a- Villanovense","datePublished":"2015-12-11T10:20:05+00:00","dateModified":"2021-03-31T11:48:54+00:00","mainEntityOfPage":{"@id":"https:\/\/cfpmaresme.org\/es\/els-nens-i-nenes-del-crae-visiten-el-camp-nou-per-veure-el-barca-villanovense\/"},"wordCount":272,"commentCount":0,"image":{"@id":"https:\/\/cfpmaresme.org\/es\/els-nens-i-nenes-del-crae-visiten-el-camp-nou-per-veure-el-barca-villanovense\/#primaryimage"},"thumbnailUrl":"https:\/\/centreformacioprevencio.files.wordpress.com\/2015\/12\/img-20151210-wa0000-3.jpg","keywords":["bar\u00e7a","centre","cfp","crae","dgaia","esport","formaci\u00f3","futbol","inf\u00e0ncia","prevenci\u00f3"],"articleSection":["\u00c1rea de infancia, adolescencia y fam\u00edlia","CRAE"],"inLanguage":"es"},{"@type":"WebPage","@id":"https:\/\/cfpmaresme.org\/es\/els-nens-i-nenes-del-crae-visiten-el-camp-nou-per-veure-el-barca-villanovense\/","url":"https:\/\/cfpmaresme.org\/es\/els-nens-i-nenes-del-crae-visiten-el-camp-nou-per-veure-el-barca-villanovense\/","name":"Los ni\u00f1os y ni\u00f1as del CRAE visitan el Camp Nou para ver el Bar\u00e7a- Villanovense | CFP Maresme","isPartOf":{"@id":"https:\/\/cfpmaresme.org\/#website"},"primaryImageOfPage":{"@id":"https:\/\/cfpmaresme.org\/es\/els-nens-i-nenes-del-crae-visiten-el-camp-nou-per-veure-el-barca-villanovense\/#primaryimage"},"image":{"@id":"https:\/\/cfpmaresme.org\/es\/els-nens-i-nenes-del-crae-visiten-el-camp-nou-per-veure-el-barca-villanovense\/#primaryimage"},"thumbnailUrl":"https:\/\/centreformacioprevencio.files.wordpress.com\/2015\/12\/img-20151210-wa0000-3.jpg","datePublished":"2015-12-11T10:20:05+00:00","dateModified":"2021-03-31T11:48:54+00:00","author":{"@id":"https:\/\/cfpmaresme.org\/#\/schema\/person\/b2634bcd796fafc667ea4055f61b9b2c"},"breadcrumb":{"@id":"https:\/\/cfpmaresme.org\/es\/els-nens-i-nenes-del-crae-visiten-el-camp-nou-per-veure-el-barca-villanovense\/#breadcrumb"},"inLanguage":"es","potentialAction":[{"@type":"ReadAction","target":["https:\/\/cfpmaresme.org\/es\/els-nens-i-nenes-del-crae-visiten-el-camp-nou-per-veure-el-barca-villanovense\/"]}]},{"@type":"ImageObject","inLanguage":"es","@id":"https:\/\/cfpmaresme.org\/es\/els-nens-i-nenes-del-crae-visiten-el-camp-nou-per-veure-el-barca-villanovense\/#primaryimage","url":"https:\/\/centreformacioprevencio.files.wordpress.com\/2015\/12\/img-20151210-wa0000-3.jpg","contentUrl":"https:\/\/centreformacioprevencio.files.wordpress.com\/2015\/12\/img-20151210-wa0000-3.jpg"},{"@type":"BreadcrumbList","@id":"https:\/\/cfpmaresme.org\/es\/els-nens-i-nenes-del-crae-visiten-el-camp-nou-per-veure-el-barca-villanovense\/#breadcrumb","itemListElement":[{"@type":"ListItem","position":1,"name":"Home","item":"https:\/\/cfpmaresme.org\/es\/"},{"@type":"ListItem","position":2,"name":"Los ni\u00f1os y ni\u00f1as del CRAE visitan el Camp Nou para ver el Bar\u00e7a- Villanovense"}]},{"@type":"WebSite","@id":"https:\/\/cfpmaresme.org\/#website","url":"https:\/\/cfpmaresme.org\/","name":"CFP Maresme","description":"Centre Formaci\u00f3 Prevenci\u00f3","potentialAction":[{"@type":"SearchAction","target":{"@type":"EntryPoint","urlTemplate":"https:\/\/cfpmaresme.org\/?s={search_term_string}"},"query-input":{"@type":"PropertyValueSpecification","valueRequired":true,"valueName":"search_term_string"}}],"inLanguage":"es"},{"@type":"Person","@id":"https:\/\/cfpmaresme.org\/#\/schema\/person\/b2634bcd796fafc667ea4055f61b9b2c","name":"CFPMaresme"}]}},"_links":{"self":[{"href":"https:\/\/cfpmaresme.org\/es\/wp-json\/wp\/v2\/posts\/16989","targetHints":{"allow":["GET"]}}],"collection":[{"href":"https:\/\/cfpmaresme.org\/es\/wp-json\/wp\/v2\/posts"}],"about":[{"href":"https:\/\/cfpmaresme.org\/es\/wp-json\/wp\/v2\/types\/post"}],"author":[{"embeddable":true,"href":"https:\/\/cfpmaresme.org\/es\/wp-json\/wp\/v2\/users\/2"}],"replies":[{"embeddable":true,"href":"https:\/\/cfpmaresme.org\/es\/wp-json\/wp\/v2\/comments?post=16989"}],"version-history":[{"count":3,"href":"https:\/\/cfpmaresme.org\/es\/wp-json\/wp\/v2\/posts\/16989\/revisions"}],"predecessor-version":[{"id":24176,"href":"https:\/\/cfpmaresme.org\/es\/wp-json\/wp\/v2\/posts\/16989\/revisions\/24176"}],"wp:attachment":[{"href":"https:\/\/cfpmaresme.org\/es\/wp-json\/wp\/v2\/media?parent=16989"}],"wp:term":[{"taxonomy":"category","embeddable":true,"href":"https:\/\/cfpmaresme.org\/es\/wp-json\/wp\/v2\/categories?post=16989"},{"taxonomy":"post_tag","embeddable":true,"href":"https:\/\/cfpmaresme.org\/es\/wp-json\/wp\/v2\/tags?post=16989"}],"curies":[{"name":"wp","href":"https:\/\/api.w.org\/{rel}","templated":true}]}}