{"id":16990,"date":"2015-12-11T09:19:43","date_gmt":"2015-12-11T09:19:43","guid":{"rendered":"http:\/\/cfpmaresme.org\/els-beneficis-de-la-biblioterapia-en-la-salut-mental-de-les-persones\/"},"modified":"2021-09-29T12:35:43","modified_gmt":"2021-09-29T10:35:43","slug":"els-beneficis-de-la-biblioterapia-en-la-salut-mental-de-les-persones","status":"publish","type":"post","link":"https:\/\/cfpmaresme.org\/es\/els-beneficis-de-la-biblioterapia-en-la-salut-mental-de-les-persones\/","title":{"rendered":"Los beneficios de la bibliotecoterapia en la salud mental de las personas"},"content":{"rendered":"<p style=\"text-align: justify;\">Maribel Del Molino de la biblioteca municipal Mart\u00ed Rossell\u00f3 i Lloveras de Premi\u00e0 de Mar lleva m\u00e1s de doce a\u00f1os ofreciendo un taller de lectura a los usuarios y usuarias del Servicio de Rehabilitaci\u00f3n Comunitaria Burriac con buenos resultados<\/p>\n<p style=\"text-align: justify;\"><img loading=\"lazy\" decoding=\"async\" class=\"alignnone size-full wp-image-653\" src=\"https:\/\/centreformacioprevencio.files.wordpress.com\/2015\/12\/dsc_1712.jpg\" alt=\"DSC_1712\" width=\"3840\" height=\"2160\" \/><\/p>\n<p style=\"text-align: justify;\">El pasado jueves 3 de diciembre visitamos la biblioteca Mart\u00ed Rossell\u00f3 i Lloveras de Premi\u00e0 de Mar para hablar con una persona que dirige una actividad dirigida al colectivo de la salud mental. Es<\/p>\n<p style=\"text-align: justify;\">Maribel del Molino, una bibliotecaria que ha cedido parte de su tiempo para ayudar a nuestros compa\u00f1eros del Servicio de Rehabilitaci\u00f3n Burriac. Mediante la biblioterapia, con lecturas cortas y en voz alta, ha despertado el inter\u00e9s de los usuarios y usuarias del centro y les ha fomentado un h\u00e1bito de contribuye al crecimiento personal.<\/p>\n<p style=\"text-align: justify;\"><!--more--><\/p>\n<p style=\"text-align: justify;\">En abril del a\u00f1o 2002 la Comunitat Terap\u00e8utica del Maresme design\u00f3 un premio a la mejor propuesta de integraci\u00f3n social del territorio y Maribel present\u00f3 su actividad de\u00a0 biblioterapia. Despu\u00e9s de resultar vencedora en la convocatoria, ofreci\u00f3 el Servicio de Rehabilitaci\u00f3n Comunitaria Burriac la posibilidad de trabajar con los usuarios y usuarias del centro. Y as\u00ed empez\u00f3 esta actividad que continua hasta d\u00eda de hoy.<\/p>\n<p style=\"text-align: justify;\">El taller de lectura que Maribel imparte es quincenal,\u00a0 dura unos cuarenta-cinco minutos y asisten regularmente entre ocho y diez personas. Ella misma escoge las lecturas que se trabajan en cada sesi\u00f3n, se encarga de leerlas en voz alta y de organizar las rondas de comentarios y de debate.<\/p>\n<p style=\"text-align: justify;\">Seg\u00fan Maribel \u00abal principio fue necesario un per\u00edodo de adaptaci\u00f3n, ya que para los usuarios y usuarias era una actividad que se hac\u00eda fuera del centro de d\u00eda y que dirig\u00eda una persona que ellos no conocen. Pero a medida que ha ido pasando el tiempo, hemos conseguido cada vez un grupo m\u00e1s humano y un ambiente m\u00e1s distendido\u00bb.<\/p>\n<p style=\"text-align: justify;\"><strong>Art\u00edculos de diario, relatos cortos y \u00e1lbumes ilustrados son habituales en el taller\u00a0<\/strong><\/p>\n<p style=\"text-align: justify;\">Cuando le preguntamos cu\u00e1les son las lecturas que propone cada semana a los compa\u00f1eros del SRC Burriac, nos comenta que \u201cleemos un poco de todo. Normalmente primero les leo un escrito que aparece en alg\u00fan diario y que trata sobre psicolog\u00eda. Voy con mucho cuidado con las tem\u00e1ticas que escojo. Cuando me encuentro alguno de interesante, a ellos les gusta reflexionar con estos escritos. Despu\u00e9s tambi\u00e9n leemos cuentos cortos. Tienen que ser r\u00e1pidos y f\u00e1ciles de leer. Hemos visto de Jorge Bucay, Poe, Kafka, Tx\u00e8khov y muchos m\u00e1s.\u201d<\/p>\n<p style=\"text-align: justify;\"><img loading=\"lazy\" decoding=\"async\" class=\"alignnone size-full wp-image-656\" src=\"https:\/\/centreformacioprevencio.files.wordpress.com\/2015\/12\/dsc_1718.jpg\" alt=\"DSC_1718\" width=\"3840\" height=\"2160\" \/><\/p>\n<p style=\"text-align: justify;\">Pero lo que realmente tiene m\u00e1s \u00e9xito en la sesi\u00f3n de biblioterapia son los \u00e1lbumes ilustrados. Relatos cortos llenos de colores con los que los usuarios y usuarias del Servicio de Rehabilitaci\u00f3n quedan embobaos. En cada taller Maribel escoge uno y lo lee en voz alta, girando las p\u00e1ginas lentamente y ense\u00f1ando las ilustraciones a todos y todas para poder seguir bien la historia que nos quieren explicar.<\/p>\n<p style=\"text-align: justify;\">Tal y como nos indica Maribel, estos cuentos \u00abno son para ni\u00f1os y ni\u00f1as, aunque en la biblioteca muchos de ellos est\u00e9n en la secci\u00f3n infantil. Todos se basan en el aprendizaje de alguna lecci\u00f3n y tratan temas que esconden muchas cosas detr\u00e1s de los dibujos. Y precisamente por este motivo y tambi\u00e9n por el contenido visual que tienen, es el momento que m\u00e1s esperan los y las alumnos del taller.\u201d<\/p>\n<p style=\"text-align: justify;\"><strong>Una actividad cultural para mejorar la atenci\u00f3n y el crecimiento personal\u00a0<\/strong><\/p>\n<p style=\"text-align: justify;\">Despu\u00e9s de m\u00e1s de doce a\u00f1os realizando esta actividad regularmente, Maribel ha visto mucha progresi\u00f3n en los alumnos. Seg\u00fan ella \u201che notado un crecimiento en la atenci\u00f3n por parte de todos ellos. Yo no s\u00e9 si mi taller se podr\u00eda considerar biblioterapia en sentido estricto, pero lo que intento es que ellos se interesen cada vez m\u00e1s por las lecturas que les propongo. Muchas de ellas tienen un poder curativo\u00bb. \u2019<\/p>\n<p style=\"text-align: justify;\">A partir del pr\u00f3ximo enero, la actividad del taller de lectura estar\u00e1 abierta a todos los que quieran participar. Ser\u00e1 un nuevo paso en la integraci\u00f3n del colectivo de la salud mental, que podr\u00e1 compartir el tiempo en la biblioteca con otras personas que se apunten a las sesiones. Aunque ahora mismo ya lo est\u00e1n haciendo. Muchos de los usuarios que participan en la biblioterapia son socios de las instalaciones y pasan parte de su tiempo libre aqu\u00ed. Otros tambi\u00e9n practican sus conocimientos inform\u00e1ticos.<\/p>\n<p style=\"text-align: justify;\">La biblioteca Mart\u00ed Rossell\u00f3 i Lloveras es un equipamiento cultural p\u00fablico que est\u00e1 dando un servicio a todas estas personas. Y gracias a profesionales como Maribel Del Molino pueden disfrutar del placer de la lectura y realizar una actividad intelectual que les haga aprender y reflexionar sobre muchos \u00e1mbitos de la vida.<\/p>\n","protected":false},"excerpt":{"rendered":"<p>Maribel Del Molino de la biblioteca municipal Mart\u00ed Rossell\u00f3 i Lloveras de Premi\u00e0 de Mar lleva m\u00e1s de doce a\u00f1os ofreciendo un taller de lectura a los usuarios y usuarias del Servicio de Rehabilitaci\u00f3n Comunitaria Burriac con buenos resultados El pasado jueves 3 de diciembre&#8230;<\/p>\n","protected":false},"author":2,"featured_media":0,"comment_status":"open","ping_status":"open","sticky":false,"template":"","format":"standard","meta":{"footnotes":""},"categories":[1199],"tags":[628,958,669,645,677,654,623,959],"class_list":["post-16990","post","type-post","status-publish","format-standard","hentry","category-servicios-de-rehabilitacion-comunitaria","tag-biblioteca-es","tag-biblioterapia-es","tag-burriac-es","tag-comunitaria-es","tag-premia-es","tag-rehabilitacio-es","tag-servei-es","tag-src-premia-es"],"yoast_head":"<!-- This site is optimized with the Yoast SEO plugin v27.4 - https:\/\/yoast.com\/product\/yoast-seo-wordpress\/ -->\n<title>Los beneficios de la bibliotecoterapia en la salud mental de las personas | CFP Maresme<\/title>\n<meta name=\"robots\" content=\"index, follow, max-snippet:-1, max-image-preview:large, max-video-preview:-1\" \/>\n<link rel=\"canonical\" href=\"https:\/\/cfpmaresme.org\/es\/els-beneficis-de-la-biblioterapia-en-la-salut-mental-de-les-persones\/\" \/>\n<meta property=\"og:locale\" content=\"es_ES\" \/>\n<meta property=\"og:type\" content=\"article\" \/>\n<meta property=\"og:title\" content=\"Los beneficios de la bibliotecoterapia en la salud mental de las personas | CFP Maresme\" \/>\n<meta property=\"og:description\" content=\"Maribel Del Molino de la biblioteca municipal Mart\u00ed Rossell\u00f3 i Lloveras de Premi\u00e0 de Mar lleva m\u00e1s de doce a\u00f1os ofreciendo un taller de lectura a los usuarios y usuarias del Servicio de Rehabilitaci\u00f3n Comunitaria Burriac con buenos resultados El pasado jueves 3 de diciembre...\" \/>\n<meta property=\"og:url\" content=\"https:\/\/cfpmaresme.org\/es\/els-beneficis-de-la-biblioterapia-en-la-salut-mental-de-les-persones\/\" \/>\n<meta property=\"og:site_name\" content=\"CFP Maresme\" \/>\n<meta property=\"article:published_time\" content=\"2015-12-11T09:19:43+00:00\" \/>\n<meta property=\"article:modified_time\" content=\"2021-09-29T10:35:43+00:00\" \/>\n<meta property=\"og:image\" content=\"https:\/\/centreformacioprevencio.files.wordpress.com\/2015\/12\/dsc_1712.jpg\" \/>\n<meta name=\"author\" content=\"CFPMaresme\" \/>\n<meta name=\"twitter:card\" content=\"summary_large_image\" \/>\n<meta name=\"twitter:creator\" content=\"@cfpmaresme\" \/>\n<meta name=\"twitter:site\" content=\"@cfpmaresme\" \/>\n<meta name=\"twitter:label1\" content=\"Escrito por\" \/>\n\t<meta name=\"twitter:data1\" content=\"CFPMaresme\" \/>\n\t<meta name=\"twitter:label2\" content=\"Tiempo de lectura\" \/>\n\t<meta name=\"twitter:data2\" content=\"4 minutos\" \/>\n<script type=\"application\/ld+json\" class=\"yoast-schema-graph\">{\"@context\":\"https:\\\/\\\/schema.org\",\"@graph\":[{\"@type\":\"Article\",\"@id\":\"https:\\\/\\\/cfpmaresme.org\\\/es\\\/els-beneficis-de-la-biblioterapia-en-la-salut-mental-de-les-persones\\\/#article\",\"isPartOf\":{\"@id\":\"https:\\\/\\\/cfpmaresme.org\\\/es\\\/els-beneficis-de-la-biblioterapia-en-la-salut-mental-de-les-persones\\\/\"},\"author\":{\"name\":\"CFPMaresme\",\"@id\":\"https:\\\/\\\/cfpmaresme.org\\\/#\\\/schema\\\/person\\\/b2634bcd796fafc667ea4055f61b9b2c\"},\"headline\":\"Los beneficios de la bibliotecoterapia en la salud mental de las personas\",\"datePublished\":\"2015-12-11T09:19:43+00:00\",\"dateModified\":\"2021-09-29T10:35:43+00:00\",\"mainEntityOfPage\":{\"@id\":\"https:\\\/\\\/cfpmaresme.org\\\/es\\\/els-beneficis-de-la-biblioterapia-en-la-salut-mental-de-les-persones\\\/\"},\"wordCount\":829,\"commentCount\":0,\"image\":{\"@id\":\"https:\\\/\\\/cfpmaresme.org\\\/es\\\/els-beneficis-de-la-biblioterapia-en-la-salut-mental-de-les-persones\\\/#primaryimage\"},\"thumbnailUrl\":\"https:\\\/\\\/centreformacioprevencio.files.wordpress.com\\\/2015\\\/12\\\/dsc_1712.jpg\",\"keywords\":[\"biblioteca\",\"biblioter\u00e0pia\",\"burriac\",\"comunit\u00e0ria\",\"premi\u00e0\",\"rehabilitaci\u00f3\",\"servei\",\"src premi\u00e0\"],\"articleSection\":[\"Servicios de Rehabilitaci\u00f3n Comunitaria\"],\"inLanguage\":\"es\"},{\"@type\":\"WebPage\",\"@id\":\"https:\\\/\\\/cfpmaresme.org\\\/es\\\/els-beneficis-de-la-biblioterapia-en-la-salut-mental-de-les-persones\\\/\",\"url\":\"https:\\\/\\\/cfpmaresme.org\\\/es\\\/els-beneficis-de-la-biblioterapia-en-la-salut-mental-de-les-persones\\\/\",\"name\":\"Los beneficios de la bibliotecoterapia en la salud mental de las personas | CFP Maresme\",\"isPartOf\":{\"@id\":\"https:\\\/\\\/cfpmaresme.org\\\/#website\"},\"primaryImageOfPage\":{\"@id\":\"https:\\\/\\\/cfpmaresme.org\\\/es\\\/els-beneficis-de-la-biblioterapia-en-la-salut-mental-de-les-persones\\\/#primaryimage\"},\"image\":{\"@id\":\"https:\\\/\\\/cfpmaresme.org\\\/es\\\/els-beneficis-de-la-biblioterapia-en-la-salut-mental-de-les-persones\\\/#primaryimage\"},\"thumbnailUrl\":\"https:\\\/\\\/centreformacioprevencio.files.wordpress.com\\\/2015\\\/12\\\/dsc_1712.jpg\",\"datePublished\":\"2015-12-11T09:19:43+00:00\",\"dateModified\":\"2021-09-29T10:35:43+00:00\",\"author\":{\"@id\":\"https:\\\/\\\/cfpmaresme.org\\\/#\\\/schema\\\/person\\\/b2634bcd796fafc667ea4055f61b9b2c\"},\"breadcrumb\":{\"@id\":\"https:\\\/\\\/cfpmaresme.org\\\/es\\\/els-beneficis-de-la-biblioterapia-en-la-salut-mental-de-les-persones\\\/#breadcrumb\"},\"inLanguage\":\"es\",\"potentialAction\":[{\"@type\":\"ReadAction\",\"target\":[\"https:\\\/\\\/cfpmaresme.org\\\/es\\\/els-beneficis-de-la-biblioterapia-en-la-salut-mental-de-les-persones\\\/\"]}]},{\"@type\":\"ImageObject\",\"inLanguage\":\"es\",\"@id\":\"https:\\\/\\\/cfpmaresme.org\\\/es\\\/els-beneficis-de-la-biblioterapia-en-la-salut-mental-de-les-persones\\\/#primaryimage\",\"url\":\"https:\\\/\\\/centreformacioprevencio.files.wordpress.com\\\/2015\\\/12\\\/dsc_1712.jpg\",\"contentUrl\":\"https:\\\/\\\/centreformacioprevencio.files.wordpress.com\\\/2015\\\/12\\\/dsc_1712.jpg\"},{\"@type\":\"BreadcrumbList\",\"@id\":\"https:\\\/\\\/cfpmaresme.org\\\/es\\\/els-beneficis-de-la-biblioterapia-en-la-salut-mental-de-les-persones\\\/#breadcrumb\",\"itemListElement\":[{\"@type\":\"ListItem\",\"position\":1,\"name\":\"Home\",\"item\":\"https:\\\/\\\/cfpmaresme.org\\\/es\\\/\"},{\"@type\":\"ListItem\",\"position\":2,\"name\":\"Los beneficios de la bibliotecoterapia en la salud mental de las personas\"}]},{\"@type\":\"WebSite\",\"@id\":\"https:\\\/\\\/cfpmaresme.org\\\/#website\",\"url\":\"https:\\\/\\\/cfpmaresme.org\\\/\",\"name\":\"CFP Maresme\",\"description\":\"Centre Formaci\u00f3 Prevenci\u00f3\",\"potentialAction\":[{\"@type\":\"SearchAction\",\"target\":{\"@type\":\"EntryPoint\",\"urlTemplate\":\"https:\\\/\\\/cfpmaresme.org\\\/?s={search_term_string}\"},\"query-input\":{\"@type\":\"PropertyValueSpecification\",\"valueRequired\":true,\"valueName\":\"search_term_string\"}}],\"inLanguage\":\"es\"},{\"@type\":\"Person\",\"@id\":\"https:\\\/\\\/cfpmaresme.org\\\/#\\\/schema\\\/person\\\/b2634bcd796fafc667ea4055f61b9b2c\",\"name\":\"CFPMaresme\"}]}<\/script>\n<!-- \/ Yoast SEO plugin. -->","yoast_head_json":{"title":"Los beneficios de la bibliotecoterapia en la salud mental de las personas | CFP Maresme","robots":{"index":"index","follow":"follow","max-snippet":"max-snippet:-1","max-image-preview":"max-image-preview:large","max-video-preview":"max-video-preview:-1"},"canonical":"https:\/\/cfpmaresme.org\/es\/els-beneficis-de-la-biblioterapia-en-la-salut-mental-de-les-persones\/","og_locale":"es_ES","og_type":"article","og_title":"Los beneficios de la bibliotecoterapia en la salud mental de las personas | CFP Maresme","og_description":"Maribel Del Molino de la biblioteca municipal Mart\u00ed Rossell\u00f3 i Lloveras de Premi\u00e0 de Mar lleva m\u00e1s de doce a\u00f1os ofreciendo un taller de lectura a los usuarios y usuarias del Servicio de Rehabilitaci\u00f3n Comunitaria Burriac con buenos resultados El pasado jueves 3 de diciembre...","og_url":"https:\/\/cfpmaresme.org\/es\/els-beneficis-de-la-biblioterapia-en-la-salut-mental-de-les-persones\/","og_site_name":"CFP Maresme","article_published_time":"2015-12-11T09:19:43+00:00","article_modified_time":"2021-09-29T10:35:43+00:00","og_image":[{"url":"https:\/\/centreformacioprevencio.files.wordpress.com\/2015\/12\/dsc_1712.jpg","type":"","width":"","height":""}],"author":"CFPMaresme","twitter_card":"summary_large_image","twitter_creator":"@cfpmaresme","twitter_site":"@cfpmaresme","twitter_misc":{"Escrito por":"CFPMaresme","Tiempo de lectura":"4 minutos"},"schema":{"@context":"https:\/\/schema.org","@graph":[{"@type":"Article","@id":"https:\/\/cfpmaresme.org\/es\/els-beneficis-de-la-biblioterapia-en-la-salut-mental-de-les-persones\/#article","isPartOf":{"@id":"https:\/\/cfpmaresme.org\/es\/els-beneficis-de-la-biblioterapia-en-la-salut-mental-de-les-persones\/"},"author":{"name":"CFPMaresme","@id":"https:\/\/cfpmaresme.org\/#\/schema\/person\/b2634bcd796fafc667ea4055f61b9b2c"},"headline":"Los beneficios de la bibliotecoterapia en la salud mental de las personas","datePublished":"2015-12-11T09:19:43+00:00","dateModified":"2021-09-29T10:35:43+00:00","mainEntityOfPage":{"@id":"https:\/\/cfpmaresme.org\/es\/els-beneficis-de-la-biblioterapia-en-la-salut-mental-de-les-persones\/"},"wordCount":829,"commentCount":0,"image":{"@id":"https:\/\/cfpmaresme.org\/es\/els-beneficis-de-la-biblioterapia-en-la-salut-mental-de-les-persones\/#primaryimage"},"thumbnailUrl":"https:\/\/centreformacioprevencio.files.wordpress.com\/2015\/12\/dsc_1712.jpg","keywords":["biblioteca","biblioter\u00e0pia","burriac","comunit\u00e0ria","premi\u00e0","rehabilitaci\u00f3","servei","src premi\u00e0"],"articleSection":["Servicios de Rehabilitaci\u00f3n Comunitaria"],"inLanguage":"es"},{"@type":"WebPage","@id":"https:\/\/cfpmaresme.org\/es\/els-beneficis-de-la-biblioterapia-en-la-salut-mental-de-les-persones\/","url":"https:\/\/cfpmaresme.org\/es\/els-beneficis-de-la-biblioterapia-en-la-salut-mental-de-les-persones\/","name":"Los beneficios de la bibliotecoterapia en la salud mental de las personas | CFP Maresme","isPartOf":{"@id":"https:\/\/cfpmaresme.org\/#website"},"primaryImageOfPage":{"@id":"https:\/\/cfpmaresme.org\/es\/els-beneficis-de-la-biblioterapia-en-la-salut-mental-de-les-persones\/#primaryimage"},"image":{"@id":"https:\/\/cfpmaresme.org\/es\/els-beneficis-de-la-biblioterapia-en-la-salut-mental-de-les-persones\/#primaryimage"},"thumbnailUrl":"https:\/\/centreformacioprevencio.files.wordpress.com\/2015\/12\/dsc_1712.jpg","datePublished":"2015-12-11T09:19:43+00:00","dateModified":"2021-09-29T10:35:43+00:00","author":{"@id":"https:\/\/cfpmaresme.org\/#\/schema\/person\/b2634bcd796fafc667ea4055f61b9b2c"},"breadcrumb":{"@id":"https:\/\/cfpmaresme.org\/es\/els-beneficis-de-la-biblioterapia-en-la-salut-mental-de-les-persones\/#breadcrumb"},"inLanguage":"es","potentialAction":[{"@type":"ReadAction","target":["https:\/\/cfpmaresme.org\/es\/els-beneficis-de-la-biblioterapia-en-la-salut-mental-de-les-persones\/"]}]},{"@type":"ImageObject","inLanguage":"es","@id":"https:\/\/cfpmaresme.org\/es\/els-beneficis-de-la-biblioterapia-en-la-salut-mental-de-les-persones\/#primaryimage","url":"https:\/\/centreformacioprevencio.files.wordpress.com\/2015\/12\/dsc_1712.jpg","contentUrl":"https:\/\/centreformacioprevencio.files.wordpress.com\/2015\/12\/dsc_1712.jpg"},{"@type":"BreadcrumbList","@id":"https:\/\/cfpmaresme.org\/es\/els-beneficis-de-la-biblioterapia-en-la-salut-mental-de-les-persones\/#breadcrumb","itemListElement":[{"@type":"ListItem","position":1,"name":"Home","item":"https:\/\/cfpmaresme.org\/es\/"},{"@type":"ListItem","position":2,"name":"Los beneficios de la bibliotecoterapia en la salud mental de las personas"}]},{"@type":"WebSite","@id":"https:\/\/cfpmaresme.org\/#website","url":"https:\/\/cfpmaresme.org\/","name":"CFP Maresme","description":"Centre Formaci\u00f3 Prevenci\u00f3","potentialAction":[{"@type":"SearchAction","target":{"@type":"EntryPoint","urlTemplate":"https:\/\/cfpmaresme.org\/?s={search_term_string}"},"query-input":{"@type":"PropertyValueSpecification","valueRequired":true,"valueName":"search_term_string"}}],"inLanguage":"es"},{"@type":"Person","@id":"https:\/\/cfpmaresme.org\/#\/schema\/person\/b2634bcd796fafc667ea4055f61b9b2c","name":"CFPMaresme"}]}},"_links":{"self":[{"href":"https:\/\/cfpmaresme.org\/es\/wp-json\/wp\/v2\/posts\/16990","targetHints":{"allow":["GET"]}}],"collection":[{"href":"https:\/\/cfpmaresme.org\/es\/wp-json\/wp\/v2\/posts"}],"about":[{"href":"https:\/\/cfpmaresme.org\/es\/wp-json\/wp\/v2\/types\/post"}],"author":[{"embeddable":true,"href":"https:\/\/cfpmaresme.org\/es\/wp-json\/wp\/v2\/users\/2"}],"replies":[{"embeddable":true,"href":"https:\/\/cfpmaresme.org\/es\/wp-json\/wp\/v2\/comments?post=16990"}],"version-history":[{"count":4,"href":"https:\/\/cfpmaresme.org\/es\/wp-json\/wp\/v2\/posts\/16990\/revisions"}],"predecessor-version":[{"id":26635,"href":"https:\/\/cfpmaresme.org\/es\/wp-json\/wp\/v2\/posts\/16990\/revisions\/26635"}],"wp:attachment":[{"href":"https:\/\/cfpmaresme.org\/es\/wp-json\/wp\/v2\/media?parent=16990"}],"wp:term":[{"taxonomy":"category","embeddable":true,"href":"https:\/\/cfpmaresme.org\/es\/wp-json\/wp\/v2\/categories?post=16990"},{"taxonomy":"post_tag","embeddable":true,"href":"https:\/\/cfpmaresme.org\/es\/wp-json\/wp\/v2\/tags?post=16990"}],"curies":[{"name":"wp","href":"https:\/\/api.w.org\/{rel}","templated":true}]}}