{"id":16993,"date":"2015-12-03T11:53:13","date_gmt":"2015-12-03T11:53:13","guid":{"rendered":"http:\/\/cfpmaresme.org\/entitats-socials-mataronines-presenten-els-resultats-del-seu-projecte-inser4\/"},"modified":"2021-07-23T13:13:19","modified_gmt":"2021-07-23T11:13:19","slug":"entitats-socials-mataronines-presenten-els-resultats-del-seu-projecte-inser4","status":"publish","type":"post","link":"https:\/\/cfpmaresme.org\/es\/entitats-socials-mataronines-presenten-els-resultats-del-seu-projecte-inser4\/","title":{"rendered":"Entidades sociales mataroninas presentan los resultados de su proyecto INSER4"},"content":{"rendered":"<p style=\"text-align: justify;\">Responsables de C\u00e0ritas Interparroquial de Matar\u00f3, Salesians Sant Jordi, Creu Roja Matar\u00f3 y el Centre de Formaci\u00f3 i Prevenci\u00f3 muestran los datos finales de este programa de inserci\u00f3n sociolaboral<\/p>\n<p><img loading=\"lazy\" decoding=\"async\" class=\"alignnone size-full wp-image-611\" src=\"https:\/\/centreformacioprevencio.files.wordpress.com\/2015\/12\/dsc_1706.jpg\" alt=\"DSC_1706\" width=\"3840\" height=\"2160\" \/><\/p>\n<p style=\"text-align: justify;\">El proyecto INSER4 finaliz\u00f3 su a\u00f1o de despegue este pasado 31 de noviembre. Por este motivo, las entidades participantes presentaron el d\u00eda siguiente en la sede de Creu Roja Matar\u00f3 los resultados que ha alcanzado durante este per\u00edodo de vigencia. INSER4 ha sido financiado con el soporte de la Fundaci\u00f3 Obra Social La Caixa y ha contado con la colaboraci\u00f3n de cuatro asociaciones mataroninas que se han encargado de ofrecer a los usuarios y usuarias los planes de itinerarios de inserci\u00f3n y an\u00e1lisis competenciales.<\/p>\n<p style=\"text-align: justify;\"><!--more--><\/p>\n<p style=\"text-align: justify;\">Estas entidades (C\u00e0ritas, Salesians Sant Jordi, Creu Roja y el CFP) han atendido durante este a\u00f1o a 178 persones cuando la previsi\u00f3n inicial del proyecto era de 150. Los participantes al programa han disfrutado de tutor\u00edas individuales, se han avaluado sus competencias para encontrar el perfil adecuado para el sitio de trabajo y se les ha elaborado un plan de inserci\u00f3n laboral, personalizado para facilitar su proceso de entrada al mercado.<\/p>\n<p style=\"text-align: justify;\">La mayor\u00eda de las personas que se han acogido al programa est\u00e1n en la franja de edad de los 30 a los 45 a\u00f1os, muchas de ellas con educaci\u00f3n secundaria y en contra de lo que se podr\u00eda pensar, un 40% son personas nacidas en nuestro pa\u00eds. Seg\u00fan Juanma Cabrera, director de la \u00e1rea social de Salesians Sant Jordi \u201ctenemos muchos perfiles distintos, pero en todos los casos son ellos qui\u00e9n han puesto las ganas y todo el trabajo, nosotros solamente les proporcionamos las herramientas\u00bb.<\/p>\n<p style=\"text-align: justify;\">Gracias al esfuerzo de este programa enfocado claramente hacia la relaci\u00f3n de convenios con las empresas, finalmente, han sido posibles 54 inserciones en sociedades del territorio y en sitios de trabajo bien diferentes. Cabrera matiza que \u201calgunos no han podido finalizar su proceso de inserci\u00f3n porque quiz\u00e1s han entrado a INSER4 a media convocatoria y no han tenido tiempo de hacer todo el proceso o otros todav\u00eda no estaban preparados del todo, por este motivo tenemos que seguir trabajando en esta l\u00ednia para poder atenderlos mejor\u00bb.<\/p>\n","protected":false},"excerpt":{"rendered":"<p>Responsables de C\u00e0ritas Interparroquial de Matar\u00f3, Salesians Sant Jordi, Creu Roja Matar\u00f3 y el Centre de Formaci\u00f3 i Prevenci\u00f3 muestran los datos finales de este programa de inserci\u00f3n sociolaboral El proyecto INSER4 finaliz\u00f3 su a\u00f1o de despegue este pasado 31 de noviembre. Por este motivo,&#8230;<\/p>\n","protected":false},"author":2,"featured_media":0,"comment_status":"open","ping_status":"open","sticky":false,"template":"","format":"standard","meta":{"footnotes":""},"categories":[1193],"tags":[964,630,798,965,635,766,966,767,967,638,968,969],"class_list":["post-16993","post","type-post","status-publish","format-standard","hentry","category-servicio-de-formacion-e-intermediacion-laboral","tag-caritas-es","tag-centre-es","tag-cfp-es","tag-creu-roja-es","tag-formacio-es","tag-fundacio-es","tag-inser4-es","tag-insercio-es","tag-lacaixa-es","tag-prevencio-es","tag-salesians-es","tag-sociolaboral-es"],"yoast_head":"<!-- This site is optimized with the Yoast SEO plugin v27.4 - https:\/\/yoast.com\/product\/yoast-seo-wordpress\/ -->\n<title>Entidades sociales mataroninas presentan los resultados de su proyecto INSER4 | CFP Maresme<\/title>\n<meta name=\"robots\" content=\"index, follow, max-snippet:-1, max-image-preview:large, max-video-preview:-1\" \/>\n<link rel=\"canonical\" href=\"https:\/\/cfpmaresme.org\/es\/entitats-socials-mataronines-presenten-els-resultats-del-seu-projecte-inser4\/\" \/>\n<meta property=\"og:locale\" content=\"es_ES\" \/>\n<meta property=\"og:type\" content=\"article\" \/>\n<meta property=\"og:title\" content=\"Entidades sociales mataroninas presentan los resultados de su proyecto INSER4 | CFP Maresme\" \/>\n<meta property=\"og:description\" content=\"Responsables de C\u00e0ritas Interparroquial de Matar\u00f3, Salesians Sant Jordi, Creu Roja Matar\u00f3 y el Centre de Formaci\u00f3 i Prevenci\u00f3 muestran los datos finales de este programa de inserci\u00f3n sociolaboral El proyecto INSER4 finaliz\u00f3 su a\u00f1o de despegue este pasado 31 de noviembre. Por este motivo,...\" \/>\n<meta property=\"og:url\" content=\"https:\/\/cfpmaresme.org\/es\/entitats-socials-mataronines-presenten-els-resultats-del-seu-projecte-inser4\/\" \/>\n<meta property=\"og:site_name\" content=\"CFP Maresme\" \/>\n<meta property=\"article:published_time\" content=\"2015-12-03T11:53:13+00:00\" \/>\n<meta property=\"article:modified_time\" content=\"2021-07-23T11:13:19+00:00\" \/>\n<meta property=\"og:image\" content=\"https:\/\/centreformacioprevencio.files.wordpress.com\/2015\/12\/dsc_1706.jpg\" \/>\n<meta name=\"author\" content=\"CFPMaresme\" \/>\n<meta name=\"twitter:card\" content=\"summary_large_image\" \/>\n<meta name=\"twitter:creator\" content=\"@cfpmaresme\" \/>\n<meta name=\"twitter:site\" content=\"@cfpmaresme\" \/>\n<meta name=\"twitter:label1\" content=\"Escrito por\" \/>\n\t<meta name=\"twitter:data1\" content=\"CFPMaresme\" \/>\n\t<meta name=\"twitter:label2\" content=\"Tiempo de lectura\" \/>\n\t<meta name=\"twitter:data2\" content=\"2 minutos\" \/>\n<script type=\"application\/ld+json\" class=\"yoast-schema-graph\">{\"@context\":\"https:\\\/\\\/schema.org\",\"@graph\":[{\"@type\":\"Article\",\"@id\":\"https:\\\/\\\/cfpmaresme.org\\\/es\\\/entitats-socials-mataronines-presenten-els-resultats-del-seu-projecte-inser4\\\/#article\",\"isPartOf\":{\"@id\":\"https:\\\/\\\/cfpmaresme.org\\\/es\\\/entitats-socials-mataronines-presenten-els-resultats-del-seu-projecte-inser4\\\/\"},\"author\":{\"name\":\"CFPMaresme\",\"@id\":\"https:\\\/\\\/cfpmaresme.org\\\/es\\\/#\\\/schema\\\/person\\\/b2634bcd796fafc667ea4055f61b9b2c\"},\"headline\":\"Entidades sociales mataroninas presentan los resultados de su proyecto INSER4\",\"datePublished\":\"2015-12-03T11:53:13+00:00\",\"dateModified\":\"2021-07-23T11:13:19+00:00\",\"mainEntityOfPage\":{\"@id\":\"https:\\\/\\\/cfpmaresme.org\\\/es\\\/entitats-socials-mataronines-presenten-els-resultats-del-seu-projecte-inser4\\\/\"},\"wordCount\":384,\"commentCount\":0,\"image\":{\"@id\":\"https:\\\/\\\/cfpmaresme.org\\\/es\\\/entitats-socials-mataronines-presenten-els-resultats-del-seu-projecte-inser4\\\/#primaryimage\"},\"thumbnailUrl\":\"https:\\\/\\\/centreformacioprevencio.files.wordpress.com\\\/2015\\\/12\\\/dsc_1706.jpg\",\"keywords\":[\"caritas\",\"centre\",\"cfp\",\"creu roja\",\"formaci\u00f3\",\"fundaci\u00f3\",\"inser4\",\"inserci\u00f3\",\"lacaixa\",\"prevenci\u00f3\",\"salesians\",\"sociolaboral\"],\"articleSection\":[\"Formaci\u00f3n e Intermediaci\u00f3n Laboral\"],\"inLanguage\":\"es\"},{\"@type\":\"WebPage\",\"@id\":\"https:\\\/\\\/cfpmaresme.org\\\/es\\\/entitats-socials-mataronines-presenten-els-resultats-del-seu-projecte-inser4\\\/\",\"url\":\"https:\\\/\\\/cfpmaresme.org\\\/es\\\/entitats-socials-mataronines-presenten-els-resultats-del-seu-projecte-inser4\\\/\",\"name\":\"Entidades sociales mataroninas presentan los resultados de su proyecto INSER4 | CFP Maresme\",\"isPartOf\":{\"@id\":\"https:\\\/\\\/cfpmaresme.org\\\/es\\\/#website\"},\"primaryImageOfPage\":{\"@id\":\"https:\\\/\\\/cfpmaresme.org\\\/es\\\/entitats-socials-mataronines-presenten-els-resultats-del-seu-projecte-inser4\\\/#primaryimage\"},\"image\":{\"@id\":\"https:\\\/\\\/cfpmaresme.org\\\/es\\\/entitats-socials-mataronines-presenten-els-resultats-del-seu-projecte-inser4\\\/#primaryimage\"},\"thumbnailUrl\":\"https:\\\/\\\/centreformacioprevencio.files.wordpress.com\\\/2015\\\/12\\\/dsc_1706.jpg\",\"datePublished\":\"2015-12-03T11:53:13+00:00\",\"dateModified\":\"2021-07-23T11:13:19+00:00\",\"author\":{\"@id\":\"https:\\\/\\\/cfpmaresme.org\\\/es\\\/#\\\/schema\\\/person\\\/b2634bcd796fafc667ea4055f61b9b2c\"},\"breadcrumb\":{\"@id\":\"https:\\\/\\\/cfpmaresme.org\\\/es\\\/entitats-socials-mataronines-presenten-els-resultats-del-seu-projecte-inser4\\\/#breadcrumb\"},\"inLanguage\":\"es\",\"potentialAction\":[{\"@type\":\"ReadAction\",\"target\":[\"https:\\\/\\\/cfpmaresme.org\\\/es\\\/entitats-socials-mataronines-presenten-els-resultats-del-seu-projecte-inser4\\\/\"]}]},{\"@type\":\"ImageObject\",\"inLanguage\":\"es\",\"@id\":\"https:\\\/\\\/cfpmaresme.org\\\/es\\\/entitats-socials-mataronines-presenten-els-resultats-del-seu-projecte-inser4\\\/#primaryimage\",\"url\":\"https:\\\/\\\/centreformacioprevencio.files.wordpress.com\\\/2015\\\/12\\\/dsc_1706.jpg\",\"contentUrl\":\"https:\\\/\\\/centreformacioprevencio.files.wordpress.com\\\/2015\\\/12\\\/dsc_1706.jpg\"},{\"@type\":\"BreadcrumbList\",\"@id\":\"https:\\\/\\\/cfpmaresme.org\\\/es\\\/entitats-socials-mataronines-presenten-els-resultats-del-seu-projecte-inser4\\\/#breadcrumb\",\"itemListElement\":[{\"@type\":\"ListItem\",\"position\":1,\"name\":\"Home\",\"item\":\"https:\\\/\\\/cfpmaresme.org\\\/es\\\/\"},{\"@type\":\"ListItem\",\"position\":2,\"name\":\"Entidades sociales mataroninas presentan los resultados de su proyecto INSER4\"}]},{\"@type\":\"WebSite\",\"@id\":\"https:\\\/\\\/cfpmaresme.org\\\/es\\\/#website\",\"url\":\"https:\\\/\\\/cfpmaresme.org\\\/es\\\/\",\"name\":\"CFP Maresme\",\"description\":\"Centre Formaci\u00f3 Prevenci\u00f3\",\"potentialAction\":[{\"@type\":\"SearchAction\",\"target\":{\"@type\":\"EntryPoint\",\"urlTemplate\":\"https:\\\/\\\/cfpmaresme.org\\\/es\\\/?s={search_term_string}\"},\"query-input\":{\"@type\":\"PropertyValueSpecification\",\"valueRequired\":true,\"valueName\":\"search_term_string\"}}],\"inLanguage\":\"es\"},{\"@type\":\"Person\",\"@id\":\"https:\\\/\\\/cfpmaresme.org\\\/es\\\/#\\\/schema\\\/person\\\/b2634bcd796fafc667ea4055f61b9b2c\",\"name\":\"CFPMaresme\"}]}<\/script>\n<!-- \/ Yoast SEO plugin. -->","yoast_head_json":{"title":"Entidades sociales mataroninas presentan los resultados de su proyecto INSER4 | CFP Maresme","robots":{"index":"index","follow":"follow","max-snippet":"max-snippet:-1","max-image-preview":"max-image-preview:large","max-video-preview":"max-video-preview:-1"},"canonical":"https:\/\/cfpmaresme.org\/es\/entitats-socials-mataronines-presenten-els-resultats-del-seu-projecte-inser4\/","og_locale":"es_ES","og_type":"article","og_title":"Entidades sociales mataroninas presentan los resultados de su proyecto INSER4 | CFP Maresme","og_description":"Responsables de C\u00e0ritas Interparroquial de Matar\u00f3, Salesians Sant Jordi, Creu Roja Matar\u00f3 y el Centre de Formaci\u00f3 i Prevenci\u00f3 muestran los datos finales de este programa de inserci\u00f3n sociolaboral El proyecto INSER4 finaliz\u00f3 su a\u00f1o de despegue este pasado 31 de noviembre. Por este motivo,...","og_url":"https:\/\/cfpmaresme.org\/es\/entitats-socials-mataronines-presenten-els-resultats-del-seu-projecte-inser4\/","og_site_name":"CFP Maresme","article_published_time":"2015-12-03T11:53:13+00:00","article_modified_time":"2021-07-23T11:13:19+00:00","og_image":[{"url":"https:\/\/centreformacioprevencio.files.wordpress.com\/2015\/12\/dsc_1706.jpg","type":"","width":"","height":""}],"author":"CFPMaresme","twitter_card":"summary_large_image","twitter_creator":"@cfpmaresme","twitter_site":"@cfpmaresme","twitter_misc":{"Escrito por":"CFPMaresme","Tiempo de lectura":"2 minutos"},"schema":{"@context":"https:\/\/schema.org","@graph":[{"@type":"Article","@id":"https:\/\/cfpmaresme.org\/es\/entitats-socials-mataronines-presenten-els-resultats-del-seu-projecte-inser4\/#article","isPartOf":{"@id":"https:\/\/cfpmaresme.org\/es\/entitats-socials-mataronines-presenten-els-resultats-del-seu-projecte-inser4\/"},"author":{"name":"CFPMaresme","@id":"https:\/\/cfpmaresme.org\/es\/#\/schema\/person\/b2634bcd796fafc667ea4055f61b9b2c"},"headline":"Entidades sociales mataroninas presentan los resultados de su proyecto INSER4","datePublished":"2015-12-03T11:53:13+00:00","dateModified":"2021-07-23T11:13:19+00:00","mainEntityOfPage":{"@id":"https:\/\/cfpmaresme.org\/es\/entitats-socials-mataronines-presenten-els-resultats-del-seu-projecte-inser4\/"},"wordCount":384,"commentCount":0,"image":{"@id":"https:\/\/cfpmaresme.org\/es\/entitats-socials-mataronines-presenten-els-resultats-del-seu-projecte-inser4\/#primaryimage"},"thumbnailUrl":"https:\/\/centreformacioprevencio.files.wordpress.com\/2015\/12\/dsc_1706.jpg","keywords":["caritas","centre","cfp","creu roja","formaci\u00f3","fundaci\u00f3","inser4","inserci\u00f3","lacaixa","prevenci\u00f3","salesians","sociolaboral"],"articleSection":["Formaci\u00f3n e Intermediaci\u00f3n Laboral"],"inLanguage":"es"},{"@type":"WebPage","@id":"https:\/\/cfpmaresme.org\/es\/entitats-socials-mataronines-presenten-els-resultats-del-seu-projecte-inser4\/","url":"https:\/\/cfpmaresme.org\/es\/entitats-socials-mataronines-presenten-els-resultats-del-seu-projecte-inser4\/","name":"Entidades sociales mataroninas presentan los resultados de su proyecto INSER4 | CFP Maresme","isPartOf":{"@id":"https:\/\/cfpmaresme.org\/es\/#website"},"primaryImageOfPage":{"@id":"https:\/\/cfpmaresme.org\/es\/entitats-socials-mataronines-presenten-els-resultats-del-seu-projecte-inser4\/#primaryimage"},"image":{"@id":"https:\/\/cfpmaresme.org\/es\/entitats-socials-mataronines-presenten-els-resultats-del-seu-projecte-inser4\/#primaryimage"},"thumbnailUrl":"https:\/\/centreformacioprevencio.files.wordpress.com\/2015\/12\/dsc_1706.jpg","datePublished":"2015-12-03T11:53:13+00:00","dateModified":"2021-07-23T11:13:19+00:00","author":{"@id":"https:\/\/cfpmaresme.org\/es\/#\/schema\/person\/b2634bcd796fafc667ea4055f61b9b2c"},"breadcrumb":{"@id":"https:\/\/cfpmaresme.org\/es\/entitats-socials-mataronines-presenten-els-resultats-del-seu-projecte-inser4\/#breadcrumb"},"inLanguage":"es","potentialAction":[{"@type":"ReadAction","target":["https:\/\/cfpmaresme.org\/es\/entitats-socials-mataronines-presenten-els-resultats-del-seu-projecte-inser4\/"]}]},{"@type":"ImageObject","inLanguage":"es","@id":"https:\/\/cfpmaresme.org\/es\/entitats-socials-mataronines-presenten-els-resultats-del-seu-projecte-inser4\/#primaryimage","url":"https:\/\/centreformacioprevencio.files.wordpress.com\/2015\/12\/dsc_1706.jpg","contentUrl":"https:\/\/centreformacioprevencio.files.wordpress.com\/2015\/12\/dsc_1706.jpg"},{"@type":"BreadcrumbList","@id":"https:\/\/cfpmaresme.org\/es\/entitats-socials-mataronines-presenten-els-resultats-del-seu-projecte-inser4\/#breadcrumb","itemListElement":[{"@type":"ListItem","position":1,"name":"Home","item":"https:\/\/cfpmaresme.org\/es\/"},{"@type":"ListItem","position":2,"name":"Entidades sociales mataroninas presentan los resultados de su proyecto INSER4"}]},{"@type":"WebSite","@id":"https:\/\/cfpmaresme.org\/es\/#website","url":"https:\/\/cfpmaresme.org\/es\/","name":"CFP Maresme","description":"Centre Formaci\u00f3 Prevenci\u00f3","potentialAction":[{"@type":"SearchAction","target":{"@type":"EntryPoint","urlTemplate":"https:\/\/cfpmaresme.org\/es\/?s={search_term_string}"},"query-input":{"@type":"PropertyValueSpecification","valueRequired":true,"valueName":"search_term_string"}}],"inLanguage":"es"},{"@type":"Person","@id":"https:\/\/cfpmaresme.org\/es\/#\/schema\/person\/b2634bcd796fafc667ea4055f61b9b2c","name":"CFPMaresme"}]}},"_links":{"self":[{"href":"https:\/\/cfpmaresme.org\/es\/wp-json\/wp\/v2\/posts\/16993","targetHints":{"allow":["GET"]}}],"collection":[{"href":"https:\/\/cfpmaresme.org\/es\/wp-json\/wp\/v2\/posts"}],"about":[{"href":"https:\/\/cfpmaresme.org\/es\/wp-json\/wp\/v2\/types\/post"}],"author":[{"embeddable":true,"href":"https:\/\/cfpmaresme.org\/es\/wp-json\/wp\/v2\/users\/2"}],"replies":[{"embeddable":true,"href":"https:\/\/cfpmaresme.org\/es\/wp-json\/wp\/v2\/comments?post=16993"}],"version-history":[{"count":3,"href":"https:\/\/cfpmaresme.org\/es\/wp-json\/wp\/v2\/posts\/16993\/revisions"}],"predecessor-version":[{"id":25919,"href":"https:\/\/cfpmaresme.org\/es\/wp-json\/wp\/v2\/posts\/16993\/revisions\/25919"}],"wp:attachment":[{"href":"https:\/\/cfpmaresme.org\/es\/wp-json\/wp\/v2\/media?parent=16993"}],"wp:term":[{"taxonomy":"category","embeddable":true,"href":"https:\/\/cfpmaresme.org\/es\/wp-json\/wp\/v2\/categories?post=16993"},{"taxonomy":"post_tag","embeddable":true,"href":"https:\/\/cfpmaresme.org\/es\/wp-json\/wp\/v2\/tags?post=16993"}],"curies":[{"name":"wp","href":"https:\/\/api.w.org\/{rel}","templated":true}]}}