{"id":16994,"date":"2015-11-27T09:00:04","date_gmt":"2015-11-27T09:00:04","guid":{"rendered":"http:\/\/cfpmaresme.org\/el-cfp-i-la-comunitat-terapeutica-del-maresme-amplien-el-seu-compromis-amb-el-projecte-cominser\/"},"modified":"2021-07-23T13:37:32","modified_gmt":"2021-07-23T11:37:32","slug":"el-cfp-i-la-comunitat-terapeutica-del-maresme-amplien-el-seu-compromis-amb-el-projecte-cominser","status":"publish","type":"post","link":"https:\/\/cfpmaresme.org\/es\/el-cfp-i-la-comunitat-terapeutica-del-maresme-amplien-el-seu-compromis-amb-el-projecte-cominser\/","title":{"rendered":"El CFP y la Comunitat Terap\u00e8utica del Maresme ampl\u00edan su compromiso con el proyecto Cominser"},"content":{"rendered":"<p style=\"text-align: justify;\">Una vez finalizada la subvenci\u00f3n por un a\u00f1o de la Fundaci\u00f3 La Caixa, las dos entidades han decidido continuar con el programa por los buenos datos que ha evidenciado<\/p>\n<p style=\"text-align: justify;\"><img loading=\"lazy\" decoding=\"async\" class=\"alignnone size-full wp-image-600\" src=\"https:\/\/centreformacioprevencio.files.wordpress.com\/2015\/11\/sin-nombre.png\" alt=\"Sin nombre\" width=\"1233\" height=\"873\" \/><\/p>\n<p style=\"text-align: justify;\">El pasado 31 de octubre termin\u00f3 el periodo de financiamiento que la Fundaci\u00f3 La Caixa hab\u00eda dipositado en el proyecto Cominser. Las dos asociaciones participantes, el Centre de Formaci\u00f3 i Prevenci\u00f3 i la Comunitat Terap\u00e8utica del Maresme, se reunieron recientemente y acordaron seguir con el programa. La aportaci\u00f3n de La Fundaci\u00f3 La Caixa ha sido un impulso muy importante para consolidarlo durante este primer a\u00f1o, por el que las dos entidades han decidido asumir y dar continuidad al proyecto. La decisi\u00f3n se ha basado en los buenos datos que ha mostrado desde su inicio.<\/p>\n<p style=\"text-align: justify;\"><!--more--><\/p>\n<p style=\"text-align: justify;\">El proyecto Cominser pretende potenciar la inserci\u00f3n sociolaboral de personas con problemas de salud mental con un programa de adquisici\u00f3n de competencias. Es decir, se trabajan con los usuarios y usuarias distintos puntos importantes para que se puedan incorporar en el mercado de trabajo, asesor\u00e1ndolos y acompa\u00f1\u00e1ndolos para que este proceso sea una experiencia atractiva.<\/p>\n<p style=\"text-align: justify;\">Durante este a\u00f1o que lleva en funcionamiento, ha conseguido unas cifras que hablan por s\u00ed solas. 80 personas participantes y 25 empresas vinculadas al proyecto. De esta relaci\u00f3n los usuarios y usuarias se han inserido al mercado de trabajo mediante 31 contratos laborales. Esto supone casi un 40% de porcentaje de \u00e9xito del programa en este sentido. Tambi\u00e9n se han conseguido 22 convenios de pr\u00e1cticas, los cuales algunos de ellos han resultado posteriormente en contratos de trabajo y otros desgraciadamente no.<\/p>\n<p style=\"text-align: justify;\">Dejando de lado la estad\u00edstica, los responsables del proyecto Cominser tambi\u00e9n han apreciado el per\u00edodo de aprendizaje mejoras a nivel de estabilidad cl\u00ednica y social por parte de los participantes. Este es un dato muy a tener en cuenta, ya que uno de los objetivos era en primer lugar generar auto-estima y motivaci\u00f3n a las personas atendidas durante su camino hacia la b\u00fasqueda de trabajo.<\/p>\n<p style=\"text-align: justify;\">Han sido todos estos motivos los que han llevado a las dos entidades, el Centre de Formaci\u00f3 i Prevenci\u00f3 y la Comunitat Terap\u00e8utica del Maresme, a continuar con este acuerdo de colaboraci\u00f3n para que el proyecto Cominser pueda continuar ayudando a m\u00e1s personas a encontrar un lugar de trabajo.<\/p>\n","protected":false},"excerpt":{"rendered":"<p>Una vez finalizada la subvenci\u00f3n por un a\u00f1o de la Fundaci\u00f3 La Caixa, las dos entidades han decidido continuar con el programa por los buenos datos que ha evidenciado El pasado 31 de octubre termin\u00f3 el periodo de financiamiento que la Fundaci\u00f3 La Caixa hab\u00eda&#8230;<\/p>\n","protected":false},"author":2,"featured_media":0,"comment_status":"open","ping_status":"open","sticky":false,"template":"","format":"standard","meta":{"footnotes":""},"categories":[1193],"tags":[630,970,911,635,766,767,705,967,651,617,638,971,956],"class_list":["post-16994","post","type-post","status-publish","format-standard","hentry","category-servicio-de-formacion-e-intermediacion-laboral","tag-centre-es","tag-cominser-es","tag-comunitat-es","tag-formacio-es","tag-fundacio-es","tag-insercio-es","tag-laboral-es","tag-lacaixa-es","tag-maresme-es","tag-mataro-es","tag-prevencio-es","tag-salut-mental-es","tag-terapeutica-es"],"yoast_head":"<!-- This site is optimized with the Yoast SEO plugin v27.4 - https:\/\/yoast.com\/product\/yoast-seo-wordpress\/ -->\n<title>El CFP y la Comunitat Terap\u00e8utica del Maresme ampl\u00edan su compromiso con el proyecto Cominser | CFP Maresme<\/title>\n<meta name=\"robots\" content=\"index, follow, max-snippet:-1, max-image-preview:large, max-video-preview:-1\" \/>\n<link rel=\"canonical\" href=\"https:\/\/cfpmaresme.org\/es\/el-cfp-i-la-comunitat-terapeutica-del-maresme-amplien-el-seu-compromis-amb-el-projecte-cominser\/\" \/>\n<meta property=\"og:locale\" content=\"es_ES\" \/>\n<meta property=\"og:type\" content=\"article\" \/>\n<meta property=\"og:title\" content=\"El CFP y la Comunitat Terap\u00e8utica del Maresme ampl\u00edan su compromiso con el proyecto Cominser | CFP Maresme\" \/>\n<meta property=\"og:description\" content=\"Una vez finalizada la subvenci\u00f3n por un a\u00f1o de la Fundaci\u00f3 La Caixa, las dos entidades han decidido continuar con el programa por los buenos datos que ha evidenciado El pasado 31 de octubre termin\u00f3 el periodo de financiamiento que la Fundaci\u00f3 La Caixa hab\u00eda...\" \/>\n<meta property=\"og:url\" content=\"https:\/\/cfpmaresme.org\/es\/el-cfp-i-la-comunitat-terapeutica-del-maresme-amplien-el-seu-compromis-amb-el-projecte-cominser\/\" \/>\n<meta property=\"og:site_name\" content=\"CFP Maresme\" \/>\n<meta property=\"article:published_time\" content=\"2015-11-27T09:00:04+00:00\" \/>\n<meta property=\"article:modified_time\" content=\"2021-07-23T11:37:32+00:00\" \/>\n<meta property=\"og:image\" content=\"https:\/\/centreformacioprevencio.files.wordpress.com\/2015\/11\/sin-nombre.png\" \/>\n<meta name=\"author\" content=\"CFPMaresme\" \/>\n<meta name=\"twitter:card\" content=\"summary_large_image\" \/>\n<meta name=\"twitter:creator\" content=\"@cfpmaresme\" \/>\n<meta name=\"twitter:site\" content=\"@cfpmaresme\" \/>\n<meta name=\"twitter:label1\" content=\"Escrito por\" \/>\n\t<meta name=\"twitter:data1\" content=\"CFPMaresme\" \/>\n\t<meta name=\"twitter:label2\" content=\"Tiempo de lectura\" \/>\n\t<meta name=\"twitter:data2\" content=\"2 minutos\" \/>\n<script type=\"application\/ld+json\" class=\"yoast-schema-graph\">{\"@context\":\"https:\\\/\\\/schema.org\",\"@graph\":[{\"@type\":\"Article\",\"@id\":\"https:\\\/\\\/cfpmaresme.org\\\/es\\\/el-cfp-i-la-comunitat-terapeutica-del-maresme-amplien-el-seu-compromis-amb-el-projecte-cominser\\\/#article\",\"isPartOf\":{\"@id\":\"https:\\\/\\\/cfpmaresme.org\\\/es\\\/el-cfp-i-la-comunitat-terapeutica-del-maresme-amplien-el-seu-compromis-amb-el-projecte-cominser\\\/\"},\"author\":{\"name\":\"CFPMaresme\",\"@id\":\"https:\\\/\\\/cfpmaresme.org\\\/#\\\/schema\\\/person\\\/b2634bcd796fafc667ea4055f61b9b2c\"},\"headline\":\"El CFP y la Comunitat Terap\u00e8utica del Maresme ampl\u00edan su compromiso con el proyecto Cominser\",\"datePublished\":\"2015-11-27T09:00:04+00:00\",\"dateModified\":\"2021-07-23T11:37:32+00:00\",\"mainEntityOfPage\":{\"@id\":\"https:\\\/\\\/cfpmaresme.org\\\/es\\\/el-cfp-i-la-comunitat-terapeutica-del-maresme-amplien-el-seu-compromis-amb-el-projecte-cominser\\\/\"},\"wordCount\":408,\"commentCount\":0,\"image\":{\"@id\":\"https:\\\/\\\/cfpmaresme.org\\\/es\\\/el-cfp-i-la-comunitat-terapeutica-del-maresme-amplien-el-seu-compromis-amb-el-projecte-cominser\\\/#primaryimage\"},\"thumbnailUrl\":\"https:\\\/\\\/centreformacioprevencio.files.wordpress.com\\\/2015\\\/11\\\/sin-nombre.png\",\"keywords\":[\"centre\",\"cominser\",\"comunitat\",\"formaci\u00f3\",\"fundaci\u00f3\",\"inserci\u00f3\",\"laboral\",\"lacaixa\",\"maresme\",\"matar\u00f3\",\"prevenci\u00f3\",\"salut mental\",\"terap\u00e8utica\"],\"articleSection\":[\"Formaci\u00f3n e Intermediaci\u00f3n Laboral\"],\"inLanguage\":\"es\"},{\"@type\":\"WebPage\",\"@id\":\"https:\\\/\\\/cfpmaresme.org\\\/es\\\/el-cfp-i-la-comunitat-terapeutica-del-maresme-amplien-el-seu-compromis-amb-el-projecte-cominser\\\/\",\"url\":\"https:\\\/\\\/cfpmaresme.org\\\/es\\\/el-cfp-i-la-comunitat-terapeutica-del-maresme-amplien-el-seu-compromis-amb-el-projecte-cominser\\\/\",\"name\":\"El CFP y la Comunitat Terap\u00e8utica del Maresme ampl\u00edan su compromiso con el proyecto Cominser | CFP Maresme\",\"isPartOf\":{\"@id\":\"https:\\\/\\\/cfpmaresme.org\\\/#website\"},\"primaryImageOfPage\":{\"@id\":\"https:\\\/\\\/cfpmaresme.org\\\/es\\\/el-cfp-i-la-comunitat-terapeutica-del-maresme-amplien-el-seu-compromis-amb-el-projecte-cominser\\\/#primaryimage\"},\"image\":{\"@id\":\"https:\\\/\\\/cfpmaresme.org\\\/es\\\/el-cfp-i-la-comunitat-terapeutica-del-maresme-amplien-el-seu-compromis-amb-el-projecte-cominser\\\/#primaryimage\"},\"thumbnailUrl\":\"https:\\\/\\\/centreformacioprevencio.files.wordpress.com\\\/2015\\\/11\\\/sin-nombre.png\",\"datePublished\":\"2015-11-27T09:00:04+00:00\",\"dateModified\":\"2021-07-23T11:37:32+00:00\",\"author\":{\"@id\":\"https:\\\/\\\/cfpmaresme.org\\\/#\\\/schema\\\/person\\\/b2634bcd796fafc667ea4055f61b9b2c\"},\"breadcrumb\":{\"@id\":\"https:\\\/\\\/cfpmaresme.org\\\/es\\\/el-cfp-i-la-comunitat-terapeutica-del-maresme-amplien-el-seu-compromis-amb-el-projecte-cominser\\\/#breadcrumb\"},\"inLanguage\":\"es\",\"potentialAction\":[{\"@type\":\"ReadAction\",\"target\":[\"https:\\\/\\\/cfpmaresme.org\\\/es\\\/el-cfp-i-la-comunitat-terapeutica-del-maresme-amplien-el-seu-compromis-amb-el-projecte-cominser\\\/\"]}]},{\"@type\":\"ImageObject\",\"inLanguage\":\"es\",\"@id\":\"https:\\\/\\\/cfpmaresme.org\\\/es\\\/el-cfp-i-la-comunitat-terapeutica-del-maresme-amplien-el-seu-compromis-amb-el-projecte-cominser\\\/#primaryimage\",\"url\":\"https:\\\/\\\/centreformacioprevencio.files.wordpress.com\\\/2015\\\/11\\\/sin-nombre.png\",\"contentUrl\":\"https:\\\/\\\/centreformacioprevencio.files.wordpress.com\\\/2015\\\/11\\\/sin-nombre.png\"},{\"@type\":\"BreadcrumbList\",\"@id\":\"https:\\\/\\\/cfpmaresme.org\\\/es\\\/el-cfp-i-la-comunitat-terapeutica-del-maresme-amplien-el-seu-compromis-amb-el-projecte-cominser\\\/#breadcrumb\",\"itemListElement\":[{\"@type\":\"ListItem\",\"position\":1,\"name\":\"Home\",\"item\":\"https:\\\/\\\/cfpmaresme.org\\\/es\\\/\"},{\"@type\":\"ListItem\",\"position\":2,\"name\":\"El CFP y la Comunitat Terap\u00e8utica del Maresme ampl\u00edan su compromiso con el proyecto Cominser\"}]},{\"@type\":\"WebSite\",\"@id\":\"https:\\\/\\\/cfpmaresme.org\\\/#website\",\"url\":\"https:\\\/\\\/cfpmaresme.org\\\/\",\"name\":\"CFP Maresme\",\"description\":\"Centre Formaci\u00f3 Prevenci\u00f3\",\"potentialAction\":[{\"@type\":\"SearchAction\",\"target\":{\"@type\":\"EntryPoint\",\"urlTemplate\":\"https:\\\/\\\/cfpmaresme.org\\\/?s={search_term_string}\"},\"query-input\":{\"@type\":\"PropertyValueSpecification\",\"valueRequired\":true,\"valueName\":\"search_term_string\"}}],\"inLanguage\":\"es\"},{\"@type\":\"Person\",\"@id\":\"https:\\\/\\\/cfpmaresme.org\\\/#\\\/schema\\\/person\\\/b2634bcd796fafc667ea4055f61b9b2c\",\"name\":\"CFPMaresme\"}]}<\/script>\n<!-- \/ Yoast SEO plugin. -->","yoast_head_json":{"title":"El CFP y la Comunitat Terap\u00e8utica del Maresme ampl\u00edan su compromiso con el proyecto Cominser | CFP Maresme","robots":{"index":"index","follow":"follow","max-snippet":"max-snippet:-1","max-image-preview":"max-image-preview:large","max-video-preview":"max-video-preview:-1"},"canonical":"https:\/\/cfpmaresme.org\/es\/el-cfp-i-la-comunitat-terapeutica-del-maresme-amplien-el-seu-compromis-amb-el-projecte-cominser\/","og_locale":"es_ES","og_type":"article","og_title":"El CFP y la Comunitat Terap\u00e8utica del Maresme ampl\u00edan su compromiso con el proyecto Cominser | CFP Maresme","og_description":"Una vez finalizada la subvenci\u00f3n por un a\u00f1o de la Fundaci\u00f3 La Caixa, las dos entidades han decidido continuar con el programa por los buenos datos que ha evidenciado El pasado 31 de octubre termin\u00f3 el periodo de financiamiento que la Fundaci\u00f3 La Caixa hab\u00eda...","og_url":"https:\/\/cfpmaresme.org\/es\/el-cfp-i-la-comunitat-terapeutica-del-maresme-amplien-el-seu-compromis-amb-el-projecte-cominser\/","og_site_name":"CFP Maresme","article_published_time":"2015-11-27T09:00:04+00:00","article_modified_time":"2021-07-23T11:37:32+00:00","og_image":[{"url":"https:\/\/centreformacioprevencio.files.wordpress.com\/2015\/11\/sin-nombre.png","type":"","width":"","height":""}],"author":"CFPMaresme","twitter_card":"summary_large_image","twitter_creator":"@cfpmaresme","twitter_site":"@cfpmaresme","twitter_misc":{"Escrito por":"CFPMaresme","Tiempo de lectura":"2 minutos"},"schema":{"@context":"https:\/\/schema.org","@graph":[{"@type":"Article","@id":"https:\/\/cfpmaresme.org\/es\/el-cfp-i-la-comunitat-terapeutica-del-maresme-amplien-el-seu-compromis-amb-el-projecte-cominser\/#article","isPartOf":{"@id":"https:\/\/cfpmaresme.org\/es\/el-cfp-i-la-comunitat-terapeutica-del-maresme-amplien-el-seu-compromis-amb-el-projecte-cominser\/"},"author":{"name":"CFPMaresme","@id":"https:\/\/cfpmaresme.org\/#\/schema\/person\/b2634bcd796fafc667ea4055f61b9b2c"},"headline":"El CFP y la Comunitat Terap\u00e8utica del Maresme ampl\u00edan su compromiso con el proyecto Cominser","datePublished":"2015-11-27T09:00:04+00:00","dateModified":"2021-07-23T11:37:32+00:00","mainEntityOfPage":{"@id":"https:\/\/cfpmaresme.org\/es\/el-cfp-i-la-comunitat-terapeutica-del-maresme-amplien-el-seu-compromis-amb-el-projecte-cominser\/"},"wordCount":408,"commentCount":0,"image":{"@id":"https:\/\/cfpmaresme.org\/es\/el-cfp-i-la-comunitat-terapeutica-del-maresme-amplien-el-seu-compromis-amb-el-projecte-cominser\/#primaryimage"},"thumbnailUrl":"https:\/\/centreformacioprevencio.files.wordpress.com\/2015\/11\/sin-nombre.png","keywords":["centre","cominser","comunitat","formaci\u00f3","fundaci\u00f3","inserci\u00f3","laboral","lacaixa","maresme","matar\u00f3","prevenci\u00f3","salut mental","terap\u00e8utica"],"articleSection":["Formaci\u00f3n e Intermediaci\u00f3n Laboral"],"inLanguage":"es"},{"@type":"WebPage","@id":"https:\/\/cfpmaresme.org\/es\/el-cfp-i-la-comunitat-terapeutica-del-maresme-amplien-el-seu-compromis-amb-el-projecte-cominser\/","url":"https:\/\/cfpmaresme.org\/es\/el-cfp-i-la-comunitat-terapeutica-del-maresme-amplien-el-seu-compromis-amb-el-projecte-cominser\/","name":"El CFP y la Comunitat Terap\u00e8utica del Maresme ampl\u00edan su compromiso con el proyecto Cominser | CFP Maresme","isPartOf":{"@id":"https:\/\/cfpmaresme.org\/#website"},"primaryImageOfPage":{"@id":"https:\/\/cfpmaresme.org\/es\/el-cfp-i-la-comunitat-terapeutica-del-maresme-amplien-el-seu-compromis-amb-el-projecte-cominser\/#primaryimage"},"image":{"@id":"https:\/\/cfpmaresme.org\/es\/el-cfp-i-la-comunitat-terapeutica-del-maresme-amplien-el-seu-compromis-amb-el-projecte-cominser\/#primaryimage"},"thumbnailUrl":"https:\/\/centreformacioprevencio.files.wordpress.com\/2015\/11\/sin-nombre.png","datePublished":"2015-11-27T09:00:04+00:00","dateModified":"2021-07-23T11:37:32+00:00","author":{"@id":"https:\/\/cfpmaresme.org\/#\/schema\/person\/b2634bcd796fafc667ea4055f61b9b2c"},"breadcrumb":{"@id":"https:\/\/cfpmaresme.org\/es\/el-cfp-i-la-comunitat-terapeutica-del-maresme-amplien-el-seu-compromis-amb-el-projecte-cominser\/#breadcrumb"},"inLanguage":"es","potentialAction":[{"@type":"ReadAction","target":["https:\/\/cfpmaresme.org\/es\/el-cfp-i-la-comunitat-terapeutica-del-maresme-amplien-el-seu-compromis-amb-el-projecte-cominser\/"]}]},{"@type":"ImageObject","inLanguage":"es","@id":"https:\/\/cfpmaresme.org\/es\/el-cfp-i-la-comunitat-terapeutica-del-maresme-amplien-el-seu-compromis-amb-el-projecte-cominser\/#primaryimage","url":"https:\/\/centreformacioprevencio.files.wordpress.com\/2015\/11\/sin-nombre.png","contentUrl":"https:\/\/centreformacioprevencio.files.wordpress.com\/2015\/11\/sin-nombre.png"},{"@type":"BreadcrumbList","@id":"https:\/\/cfpmaresme.org\/es\/el-cfp-i-la-comunitat-terapeutica-del-maresme-amplien-el-seu-compromis-amb-el-projecte-cominser\/#breadcrumb","itemListElement":[{"@type":"ListItem","position":1,"name":"Home","item":"https:\/\/cfpmaresme.org\/es\/"},{"@type":"ListItem","position":2,"name":"El CFP y la Comunitat Terap\u00e8utica del Maresme ampl\u00edan su compromiso con el proyecto Cominser"}]},{"@type":"WebSite","@id":"https:\/\/cfpmaresme.org\/#website","url":"https:\/\/cfpmaresme.org\/","name":"CFP Maresme","description":"Centre Formaci\u00f3 Prevenci\u00f3","potentialAction":[{"@type":"SearchAction","target":{"@type":"EntryPoint","urlTemplate":"https:\/\/cfpmaresme.org\/?s={search_term_string}"},"query-input":{"@type":"PropertyValueSpecification","valueRequired":true,"valueName":"search_term_string"}}],"inLanguage":"es"},{"@type":"Person","@id":"https:\/\/cfpmaresme.org\/#\/schema\/person\/b2634bcd796fafc667ea4055f61b9b2c","name":"CFPMaresme"}]}},"_links":{"self":[{"href":"https:\/\/cfpmaresme.org\/es\/wp-json\/wp\/v2\/posts\/16994","targetHints":{"allow":["GET"]}}],"collection":[{"href":"https:\/\/cfpmaresme.org\/es\/wp-json\/wp\/v2\/posts"}],"about":[{"href":"https:\/\/cfpmaresme.org\/es\/wp-json\/wp\/v2\/types\/post"}],"author":[{"embeddable":true,"href":"https:\/\/cfpmaresme.org\/es\/wp-json\/wp\/v2\/users\/2"}],"replies":[{"embeddable":true,"href":"https:\/\/cfpmaresme.org\/es\/wp-json\/wp\/v2\/comments?post=16994"}],"version-history":[{"count":3,"href":"https:\/\/cfpmaresme.org\/es\/wp-json\/wp\/v2\/posts\/16994\/revisions"}],"predecessor-version":[{"id":25921,"href":"https:\/\/cfpmaresme.org\/es\/wp-json\/wp\/v2\/posts\/16994\/revisions\/25921"}],"wp:attachment":[{"href":"https:\/\/cfpmaresme.org\/es\/wp-json\/wp\/v2\/media?parent=16994"}],"wp:term":[{"taxonomy":"category","embeddable":true,"href":"https:\/\/cfpmaresme.org\/es\/wp-json\/wp\/v2\/categories?post=16994"},{"taxonomy":"post_tag","embeddable":true,"href":"https:\/\/cfpmaresme.org\/es\/wp-json\/wp\/v2\/tags?post=16994"}],"curies":[{"name":"wp","href":"https:\/\/api.w.org\/{rel}","templated":true}]}}