{"id":16995,"date":"2015-11-26T10:34:01","date_gmt":"2015-11-26T10:34:01","guid":{"rendered":"http:\/\/cfpmaresme.org\/el-cfp-i-el-centre-per-la-normalitzacio-linguistica-del-maresme-signen-un-acord-per-a-ensenyar-catala-als-usuaris-de-lentitat\/"},"modified":"2021-07-05T12:57:47","modified_gmt":"2021-07-05T10:57:47","slug":"el-cfp-i-el-centre-per-la-normalitzacio-linguistica-del-maresme-signen-un-acord-per-a-ensenyar-catala-als-usuaris-de-lentitat","status":"publish","type":"post","link":"https:\/\/cfpmaresme.org\/es\/el-cfp-i-el-centre-per-la-normalitzacio-linguistica-del-maresme-signen-un-acord-per-a-ensenyar-catala-als-usuaris-de-lentitat\/","title":{"rendered":"El CFP y el Centro para la Normalizaci\u00f3n Ling\u00fc\u00edstica del Maresme firman un acuerdo para ense\u00f1ar catal\u00e1n a los usuarios de la entidad"},"content":{"rendered":"<p style=\"text-align: justify;\"><strong>Un grupo de chicos y chicas participar\u00e1n en el programa \u201cParejas Ling\u00fc\u00edsticas\u00bb, en el que personas que hablan catal\u00e1n fluidamente ense\u00f1an a otras que no lo conocen\u00a0 \u00a0 \u00a0 \u00a0<\/strong><\/p>\n<p style=\"text-align: justify;\"><img loading=\"lazy\" decoding=\"async\" class=\"alignnone size-full wp-image-618\" src=\"https:\/\/centreformacioprevencio.files.wordpress.com\/2015\/12\/cnl.png\" alt=\"cnl.png\" width=\"760\" height=\"460\" \/><\/p>\n<p style=\"text-align: justify;\">El Centre de Formaci\u00f3 i Prevenci\u00f3 y el Centre de Normalitzaci\u00f3 Ling\u00fc\u00edstica del Maresme signaron un documento la semanada pasada en el cual dos entidades se compromet\u00edan a poner los medios necesarios para participar en el programa \u201cParelles Ling\u00fc\u00edstiques\u201d. El CFP tiene una base de usuarios y usuarias y algunos de ellos no tienen un conocimiento total de la lengua catalana. Es por esto que los responsables de la asociaci\u00f3n contactaron con el CNL para conseguir que estas personas puedan mejorar su nivel de catal\u00e1n. <!--more--><\/p>\n<p style=\"text-align: justify;\">El programa parejas ling\u00fc\u00edsticas es un proyecto que depende del Voluntariado por la Lengua, nacido el a\u00f1o 2003 y que ya ha acogido a m\u00e1s de 90000 parejas. Se basa en que una persona que conoce y habla habitualmente el catal\u00e1n tenga un aprendiz con voluntad de conocer el idioma y los dos conversen mejorando el nivel de esta persona.<\/p>\n<p style=\"text-align: justify;\">Este acuerdo, que tendr\u00e1 una vigencia de dos a\u00f1os, permitir\u00e1 a los usuarios y usuarias del CFP participar voluntariamente en este programa. pr\u00f3ximamente se empezar\u00e1n a inscribir los primeros interesados que sacar\u00e1n un rendimiento interesante de este programa a nivel sociolaboral. Uno de los objetivos del CFP es la inserci\u00f3n de personas en riesgo de exclusi\u00f3n o con problemas de salud mental y, mediante estas iniciativas,\u00a0 un pilar fundamental como es la lengua tambi\u00e9n formar\u00e1 parte de su proceso de aprendizaje dentro de la entidad.<\/p>\n","protected":false},"excerpt":{"rendered":"<p>Un grupo de chicos y chicas participar\u00e1n en el programa \u201cParejas Ling\u00fc\u00edsticas\u00bb, en el que personas que hablan catal\u00e1n fluidamente ense\u00f1an a otras que no lo conocen\u00a0 \u00a0 \u00a0 \u00a0 El Centre de Formaci\u00f3 i Prevenci\u00f3 y el Centre de Normalitzaci\u00f3 Ling\u00fc\u00edstica del Maresme signaron&#8230;<\/p>\n","protected":false},"author":2,"featured_media":0,"comment_status":"open","ping_status":"open","sticky":false,"template":"","format":"standard","meta":{"footnotes":""},"categories":[1187],"tags":[972,973,630,798,760,635,974,975,976,844,638],"class_list":["post-16995","post","type-post","status-publish","format-standard","hentry","category-cfp-maresme-es","tag-aprenentatge-es","tag-catala-es","tag-centre-es","tag-cfp-es","tag-consell-es","tag-formacio-es","tag-linguistica-es","tag-llengua-es","tag-normalitzacio-es","tag-parelles-es","tag-prevencio-es"],"yoast_head":"<!-- This site is optimized with the Yoast SEO plugin v27.4 - https:\/\/yoast.com\/product\/yoast-seo-wordpress\/ -->\n<title>El CFP y el Centro para la Normalizaci\u00f3n Ling\u00fc\u00edstica del Maresme firman un acuerdo para ense\u00f1ar catal\u00e1n a los usuarios de la entidad | CFP Maresme<\/title>\n<meta name=\"robots\" content=\"index, follow, max-snippet:-1, max-image-preview:large, max-video-preview:-1\" \/>\n<link rel=\"canonical\" href=\"https:\/\/cfpmaresme.org\/el-cfp-i-el-centre-per-la-normalitzacio-linguistica-del-maresme-signen-un-acord-per-a-ensenyar-catala-als-usuaris-de-lentitat\/\" \/>\n<meta property=\"og:locale\" content=\"es_ES\" \/>\n<meta property=\"og:type\" content=\"article\" \/>\n<meta property=\"og:title\" content=\"El CFP y el Centro para la Normalizaci\u00f3n Ling\u00fc\u00edstica del Maresme firman un acuerdo para ense\u00f1ar catal\u00e1n a los usuarios de la entidad | CFP Maresme\" \/>\n<meta property=\"og:description\" content=\"Un grupo de chicos y chicas participar\u00e1n en el programa \u201cParejas Ling\u00fc\u00edsticas\u00bb, en el que personas que hablan catal\u00e1n fluidamente ense\u00f1an a otras que no lo conocen\u00a0 \u00a0 \u00a0 \u00a0 El Centre de Formaci\u00f3 i Prevenci\u00f3 y el Centre de Normalitzaci\u00f3 Ling\u00fc\u00edstica del Maresme signaron...\" \/>\n<meta property=\"og:url\" content=\"https:\/\/cfpmaresme.org\/el-cfp-i-el-centre-per-la-normalitzacio-linguistica-del-maresme-signen-un-acord-per-a-ensenyar-catala-als-usuaris-de-lentitat\/\" \/>\n<meta property=\"og:site_name\" content=\"CFP Maresme\" \/>\n<meta property=\"article:published_time\" content=\"2015-11-26T10:34:01+00:00\" \/>\n<meta property=\"article:modified_time\" content=\"2021-07-05T10:57:47+00:00\" \/>\n<meta property=\"og:image\" content=\"https:\/\/centreformacioprevencio.files.wordpress.com\/2015\/12\/cnl.png\" \/>\n<meta name=\"author\" content=\"CFPMaresme\" \/>\n<meta name=\"twitter:card\" content=\"summary_large_image\" \/>\n<meta name=\"twitter:creator\" content=\"@cfpmaresme\" \/>\n<meta name=\"twitter:site\" content=\"@cfpmaresme\" \/>\n<meta name=\"twitter:label1\" content=\"Escrito por\" \/>\n\t<meta name=\"twitter:data1\" content=\"CFPMaresme\" \/>\n\t<meta name=\"twitter:label2\" content=\"Tiempo de lectura\" \/>\n\t<meta name=\"twitter:data2\" content=\"1 minuto\" \/>\n<script type=\"application\/ld+json\" class=\"yoast-schema-graph\">{\"@context\":\"https:\\\/\\\/schema.org\",\"@graph\":[{\"@type\":\"Article\",\"@id\":\"https:\\\/\\\/cfpmaresme.org\\\/el-cfp-i-el-centre-per-la-normalitzacio-linguistica-del-maresme-signen-un-acord-per-a-ensenyar-catala-als-usuaris-de-lentitat\\\/#article\",\"isPartOf\":{\"@id\":\"https:\\\/\\\/cfpmaresme.org\\\/el-cfp-i-el-centre-per-la-normalitzacio-linguistica-del-maresme-signen-un-acord-per-a-ensenyar-catala-als-usuaris-de-lentitat\\\/\"},\"author\":{\"name\":\"CFPMaresme\",\"@id\":\"https:\\\/\\\/cfpmaresme.org\\\/#\\\/schema\\\/person\\\/b2634bcd796fafc667ea4055f61b9b2c\"},\"headline\":\"El CFP y el Centro para la Normalizaci\u00f3n Ling\u00fc\u00edstica del Maresme firman un acuerdo para ense\u00f1ar catal\u00e1n a los usuarios de la entidad\",\"datePublished\":\"2015-11-26T10:34:01+00:00\",\"dateModified\":\"2021-07-05T10:57:47+00:00\",\"mainEntityOfPage\":{\"@id\":\"https:\\\/\\\/cfpmaresme.org\\\/el-cfp-i-el-centre-per-la-normalitzacio-linguistica-del-maresme-signen-un-acord-per-a-ensenyar-catala-als-usuaris-de-lentitat\\\/\"},\"wordCount\":302,\"commentCount\":0,\"image\":{\"@id\":\"https:\\\/\\\/cfpmaresme.org\\\/el-cfp-i-el-centre-per-la-normalitzacio-linguistica-del-maresme-signen-un-acord-per-a-ensenyar-catala-als-usuaris-de-lentitat\\\/#primaryimage\"},\"thumbnailUrl\":\"https:\\\/\\\/centreformacioprevencio.files.wordpress.com\\\/2015\\\/12\\\/cnl.png\",\"keywords\":[\"aprenentatge\",\"catal\u00e0\",\"centre\",\"cfp\",\"consell\",\"formaci\u00f3\",\"ling\u00fc\u00edstica\",\"llengua\",\"normalitzaci\u00f3\",\"parelles\",\"prevenci\u00f3\"],\"articleSection\":[\"CFP Maresme\"],\"inLanguage\":\"es\"},{\"@type\":\"WebPage\",\"@id\":\"https:\\\/\\\/cfpmaresme.org\\\/el-cfp-i-el-centre-per-la-normalitzacio-linguistica-del-maresme-signen-un-acord-per-a-ensenyar-catala-als-usuaris-de-lentitat\\\/\",\"url\":\"https:\\\/\\\/cfpmaresme.org\\\/el-cfp-i-el-centre-per-la-normalitzacio-linguistica-del-maresme-signen-un-acord-per-a-ensenyar-catala-als-usuaris-de-lentitat\\\/\",\"name\":\"El CFP y el Centro para la Normalizaci\u00f3n Ling\u00fc\u00edstica del Maresme firman un acuerdo para ense\u00f1ar catal\u00e1n a los usuarios de la entidad | CFP Maresme\",\"isPartOf\":{\"@id\":\"https:\\\/\\\/cfpmaresme.org\\\/#website\"},\"primaryImageOfPage\":{\"@id\":\"https:\\\/\\\/cfpmaresme.org\\\/el-cfp-i-el-centre-per-la-normalitzacio-linguistica-del-maresme-signen-un-acord-per-a-ensenyar-catala-als-usuaris-de-lentitat\\\/#primaryimage\"},\"image\":{\"@id\":\"https:\\\/\\\/cfpmaresme.org\\\/el-cfp-i-el-centre-per-la-normalitzacio-linguistica-del-maresme-signen-un-acord-per-a-ensenyar-catala-als-usuaris-de-lentitat\\\/#primaryimage\"},\"thumbnailUrl\":\"https:\\\/\\\/centreformacioprevencio.files.wordpress.com\\\/2015\\\/12\\\/cnl.png\",\"datePublished\":\"2015-11-26T10:34:01+00:00\",\"dateModified\":\"2021-07-05T10:57:47+00:00\",\"author\":{\"@id\":\"https:\\\/\\\/cfpmaresme.org\\\/#\\\/schema\\\/person\\\/b2634bcd796fafc667ea4055f61b9b2c\"},\"breadcrumb\":{\"@id\":\"https:\\\/\\\/cfpmaresme.org\\\/el-cfp-i-el-centre-per-la-normalitzacio-linguistica-del-maresme-signen-un-acord-per-a-ensenyar-catala-als-usuaris-de-lentitat\\\/#breadcrumb\"},\"inLanguage\":\"es\",\"potentialAction\":[{\"@type\":\"ReadAction\",\"target\":[\"https:\\\/\\\/cfpmaresme.org\\\/el-cfp-i-el-centre-per-la-normalitzacio-linguistica-del-maresme-signen-un-acord-per-a-ensenyar-catala-als-usuaris-de-lentitat\\\/\"]}]},{\"@type\":\"ImageObject\",\"inLanguage\":\"es\",\"@id\":\"https:\\\/\\\/cfpmaresme.org\\\/el-cfp-i-el-centre-per-la-normalitzacio-linguistica-del-maresme-signen-un-acord-per-a-ensenyar-catala-als-usuaris-de-lentitat\\\/#primaryimage\",\"url\":\"https:\\\/\\\/centreformacioprevencio.files.wordpress.com\\\/2015\\\/12\\\/cnl.png\",\"contentUrl\":\"https:\\\/\\\/centreformacioprevencio.files.wordpress.com\\\/2015\\\/12\\\/cnl.png\"},{\"@type\":\"BreadcrumbList\",\"@id\":\"https:\\\/\\\/cfpmaresme.org\\\/el-cfp-i-el-centre-per-la-normalitzacio-linguistica-del-maresme-signen-un-acord-per-a-ensenyar-catala-als-usuaris-de-lentitat\\\/#breadcrumb\",\"itemListElement\":[{\"@type\":\"ListItem\",\"position\":1,\"name\":\"Home\",\"item\":\"https:\\\/\\\/cfpmaresme.org\\\/es\\\/\"},{\"@type\":\"ListItem\",\"position\":2,\"name\":\"El CFP y el Centro para la Normalizaci\u00f3n Ling\u00fc\u00edstica del Maresme firman un acuerdo para ense\u00f1ar catal\u00e1n a los usuarios de la entidad\"}]},{\"@type\":\"WebSite\",\"@id\":\"https:\\\/\\\/cfpmaresme.org\\\/#website\",\"url\":\"https:\\\/\\\/cfpmaresme.org\\\/\",\"name\":\"CFP Maresme\",\"description\":\"Centre Formaci\u00f3 Prevenci\u00f3\",\"potentialAction\":[{\"@type\":\"SearchAction\",\"target\":{\"@type\":\"EntryPoint\",\"urlTemplate\":\"https:\\\/\\\/cfpmaresme.org\\\/?s={search_term_string}\"},\"query-input\":{\"@type\":\"PropertyValueSpecification\",\"valueRequired\":true,\"valueName\":\"search_term_string\"}}],\"inLanguage\":\"es\"},{\"@type\":\"Person\",\"@id\":\"https:\\\/\\\/cfpmaresme.org\\\/#\\\/schema\\\/person\\\/b2634bcd796fafc667ea4055f61b9b2c\",\"name\":\"CFPMaresme\"}]}<\/script>\n<!-- \/ Yoast SEO plugin. -->","yoast_head_json":{"title":"El CFP y el Centro para la Normalizaci\u00f3n Ling\u00fc\u00edstica del Maresme firman un acuerdo para ense\u00f1ar catal\u00e1n a los usuarios de la entidad | CFP Maresme","robots":{"index":"index","follow":"follow","max-snippet":"max-snippet:-1","max-image-preview":"max-image-preview:large","max-video-preview":"max-video-preview:-1"},"canonical":"https:\/\/cfpmaresme.org\/el-cfp-i-el-centre-per-la-normalitzacio-linguistica-del-maresme-signen-un-acord-per-a-ensenyar-catala-als-usuaris-de-lentitat\/","og_locale":"es_ES","og_type":"article","og_title":"El CFP y el Centro para la Normalizaci\u00f3n Ling\u00fc\u00edstica del Maresme firman un acuerdo para ense\u00f1ar catal\u00e1n a los usuarios de la entidad | CFP Maresme","og_description":"Un grupo de chicos y chicas participar\u00e1n en el programa \u201cParejas Ling\u00fc\u00edsticas\u00bb, en el que personas que hablan catal\u00e1n fluidamente ense\u00f1an a otras que no lo conocen\u00a0 \u00a0 \u00a0 \u00a0 El Centre de Formaci\u00f3 i Prevenci\u00f3 y el Centre de Normalitzaci\u00f3 Ling\u00fc\u00edstica del Maresme signaron...","og_url":"https:\/\/cfpmaresme.org\/el-cfp-i-el-centre-per-la-normalitzacio-linguistica-del-maresme-signen-un-acord-per-a-ensenyar-catala-als-usuaris-de-lentitat\/","og_site_name":"CFP Maresme","article_published_time":"2015-11-26T10:34:01+00:00","article_modified_time":"2021-07-05T10:57:47+00:00","og_image":[{"url":"https:\/\/centreformacioprevencio.files.wordpress.com\/2015\/12\/cnl.png","type":"","width":"","height":""}],"author":"CFPMaresme","twitter_card":"summary_large_image","twitter_creator":"@cfpmaresme","twitter_site":"@cfpmaresme","twitter_misc":{"Escrito por":"CFPMaresme","Tiempo de lectura":"1 minuto"},"schema":{"@context":"https:\/\/schema.org","@graph":[{"@type":"Article","@id":"https:\/\/cfpmaresme.org\/el-cfp-i-el-centre-per-la-normalitzacio-linguistica-del-maresme-signen-un-acord-per-a-ensenyar-catala-als-usuaris-de-lentitat\/#article","isPartOf":{"@id":"https:\/\/cfpmaresme.org\/el-cfp-i-el-centre-per-la-normalitzacio-linguistica-del-maresme-signen-un-acord-per-a-ensenyar-catala-als-usuaris-de-lentitat\/"},"author":{"name":"CFPMaresme","@id":"https:\/\/cfpmaresme.org\/#\/schema\/person\/b2634bcd796fafc667ea4055f61b9b2c"},"headline":"El CFP y el Centro para la Normalizaci\u00f3n Ling\u00fc\u00edstica del Maresme firman un acuerdo para ense\u00f1ar catal\u00e1n a los usuarios de la entidad","datePublished":"2015-11-26T10:34:01+00:00","dateModified":"2021-07-05T10:57:47+00:00","mainEntityOfPage":{"@id":"https:\/\/cfpmaresme.org\/el-cfp-i-el-centre-per-la-normalitzacio-linguistica-del-maresme-signen-un-acord-per-a-ensenyar-catala-als-usuaris-de-lentitat\/"},"wordCount":302,"commentCount":0,"image":{"@id":"https:\/\/cfpmaresme.org\/el-cfp-i-el-centre-per-la-normalitzacio-linguistica-del-maresme-signen-un-acord-per-a-ensenyar-catala-als-usuaris-de-lentitat\/#primaryimage"},"thumbnailUrl":"https:\/\/centreformacioprevencio.files.wordpress.com\/2015\/12\/cnl.png","keywords":["aprenentatge","catal\u00e0","centre","cfp","consell","formaci\u00f3","ling\u00fc\u00edstica","llengua","normalitzaci\u00f3","parelles","prevenci\u00f3"],"articleSection":["CFP Maresme"],"inLanguage":"es"},{"@type":"WebPage","@id":"https:\/\/cfpmaresme.org\/el-cfp-i-el-centre-per-la-normalitzacio-linguistica-del-maresme-signen-un-acord-per-a-ensenyar-catala-als-usuaris-de-lentitat\/","url":"https:\/\/cfpmaresme.org\/el-cfp-i-el-centre-per-la-normalitzacio-linguistica-del-maresme-signen-un-acord-per-a-ensenyar-catala-als-usuaris-de-lentitat\/","name":"El CFP y el Centro para la Normalizaci\u00f3n Ling\u00fc\u00edstica del Maresme firman un acuerdo para ense\u00f1ar catal\u00e1n a los usuarios de la entidad | CFP Maresme","isPartOf":{"@id":"https:\/\/cfpmaresme.org\/#website"},"primaryImageOfPage":{"@id":"https:\/\/cfpmaresme.org\/el-cfp-i-el-centre-per-la-normalitzacio-linguistica-del-maresme-signen-un-acord-per-a-ensenyar-catala-als-usuaris-de-lentitat\/#primaryimage"},"image":{"@id":"https:\/\/cfpmaresme.org\/el-cfp-i-el-centre-per-la-normalitzacio-linguistica-del-maresme-signen-un-acord-per-a-ensenyar-catala-als-usuaris-de-lentitat\/#primaryimage"},"thumbnailUrl":"https:\/\/centreformacioprevencio.files.wordpress.com\/2015\/12\/cnl.png","datePublished":"2015-11-26T10:34:01+00:00","dateModified":"2021-07-05T10:57:47+00:00","author":{"@id":"https:\/\/cfpmaresme.org\/#\/schema\/person\/b2634bcd796fafc667ea4055f61b9b2c"},"breadcrumb":{"@id":"https:\/\/cfpmaresme.org\/el-cfp-i-el-centre-per-la-normalitzacio-linguistica-del-maresme-signen-un-acord-per-a-ensenyar-catala-als-usuaris-de-lentitat\/#breadcrumb"},"inLanguage":"es","potentialAction":[{"@type":"ReadAction","target":["https:\/\/cfpmaresme.org\/el-cfp-i-el-centre-per-la-normalitzacio-linguistica-del-maresme-signen-un-acord-per-a-ensenyar-catala-als-usuaris-de-lentitat\/"]}]},{"@type":"ImageObject","inLanguage":"es","@id":"https:\/\/cfpmaresme.org\/el-cfp-i-el-centre-per-la-normalitzacio-linguistica-del-maresme-signen-un-acord-per-a-ensenyar-catala-als-usuaris-de-lentitat\/#primaryimage","url":"https:\/\/centreformacioprevencio.files.wordpress.com\/2015\/12\/cnl.png","contentUrl":"https:\/\/centreformacioprevencio.files.wordpress.com\/2015\/12\/cnl.png"},{"@type":"BreadcrumbList","@id":"https:\/\/cfpmaresme.org\/el-cfp-i-el-centre-per-la-normalitzacio-linguistica-del-maresme-signen-un-acord-per-a-ensenyar-catala-als-usuaris-de-lentitat\/#breadcrumb","itemListElement":[{"@type":"ListItem","position":1,"name":"Home","item":"https:\/\/cfpmaresme.org\/es\/"},{"@type":"ListItem","position":2,"name":"El CFP y el Centro para la Normalizaci\u00f3n Ling\u00fc\u00edstica del Maresme firman un acuerdo para ense\u00f1ar catal\u00e1n a los usuarios de la entidad"}]},{"@type":"WebSite","@id":"https:\/\/cfpmaresme.org\/#website","url":"https:\/\/cfpmaresme.org\/","name":"CFP Maresme","description":"Centre Formaci\u00f3 Prevenci\u00f3","potentialAction":[{"@type":"SearchAction","target":{"@type":"EntryPoint","urlTemplate":"https:\/\/cfpmaresme.org\/?s={search_term_string}"},"query-input":{"@type":"PropertyValueSpecification","valueRequired":true,"valueName":"search_term_string"}}],"inLanguage":"es"},{"@type":"Person","@id":"https:\/\/cfpmaresme.org\/#\/schema\/person\/b2634bcd796fafc667ea4055f61b9b2c","name":"CFPMaresme"}]}},"_links":{"self":[{"href":"https:\/\/cfpmaresme.org\/es\/wp-json\/wp\/v2\/posts\/16995","targetHints":{"allow":["GET"]}}],"collection":[{"href":"https:\/\/cfpmaresme.org\/es\/wp-json\/wp\/v2\/posts"}],"about":[{"href":"https:\/\/cfpmaresme.org\/es\/wp-json\/wp\/v2\/types\/post"}],"author":[{"embeddable":true,"href":"https:\/\/cfpmaresme.org\/es\/wp-json\/wp\/v2\/users\/2"}],"replies":[{"embeddable":true,"href":"https:\/\/cfpmaresme.org\/es\/wp-json\/wp\/v2\/comments?post=16995"}],"version-history":[{"count":3,"href":"https:\/\/cfpmaresme.org\/es\/wp-json\/wp\/v2\/posts\/16995\/revisions"}],"predecessor-version":[{"id":25668,"href":"https:\/\/cfpmaresme.org\/es\/wp-json\/wp\/v2\/posts\/16995\/revisions\/25668"}],"wp:attachment":[{"href":"https:\/\/cfpmaresme.org\/es\/wp-json\/wp\/v2\/media?parent=16995"}],"wp:term":[{"taxonomy":"category","embeddable":true,"href":"https:\/\/cfpmaresme.org\/es\/wp-json\/wp\/v2\/categories?post=16995"},{"taxonomy":"post_tag","embeddable":true,"href":"https:\/\/cfpmaresme.org\/es\/wp-json\/wp\/v2\/tags?post=16995"}],"curies":[{"name":"wp","href":"https:\/\/api.w.org\/{rel}","templated":true}]}}