{"id":16996,"date":"2015-11-24T10:54:17","date_gmt":"2015-11-24T10:54:17","guid":{"rendered":"http:\/\/cfpmaresme.org\/alterarte-redescobreix-el-passat-textil-de-la-capital-del-maresme\/"},"modified":"2020-10-28T17:48:46","modified_gmt":"2020-10-28T15:48:46","slug":"alterarte-redescobreix-el-passat-textil-de-la-capital-del-maresme","status":"publish","type":"post","link":"https:\/\/cfpmaresme.org\/es\/alterarte-redescobreix-el-passat-textil-de-la-capital-del-maresme\/","title":{"rendered":"AlterArte redescubre el pasado t\u00e9xtil de la capital del Maresme"},"content":{"rendered":"<p style=\"text-align: justify;\"><strong>Los usuarios y usuarias del programa art\u00edstico del CFP visitaron una exposici\u00f3n de cuatro creadores que se han inspirado en la \u00e9poca de auge industrial mataronina<\/strong><\/p>\n<p style=\"text-align: justify;\"><img loading=\"lazy\" decoding=\"async\" class=\"alignnone size-full wp-image-579\" src=\"https:\/\/centreformacioprevencio.files.wordpress.com\/2015\/11\/factory.jpg\" alt=\"factory\" width=\"3732\" height=\"2154\" \/><\/p>\n<p style=\"text-align: justify;\">Los usuarios y usuarias del programa AlterArte se acercaron hasta la exposici\u00f3n\u00a0 \u201cT\u00e8xtil, mirant enrere\u201d el pasado jueves 19 de noviembre para coger ideas para sus pr\u00f3ximas actividades. Esta muestra, que se presenta en la sala de exposiciones Sant Lluc del Casal de la Alian\u00e7a de Matar\u00f3 hasta el 6 de diciembre, contiene obras de cuatro artistas que han querido recordar el pasado de la industria textil mataronina, que tuvo una importancia cabdal sobretodo durante la primera mitad del siglo XX.<\/p>\n<p style=\"text-align: justify;\"><!--more--><\/p>\n<p style=\"text-align: justify;\">Una vez dentro de la sala, los compa\u00f1eros de AlterArte pudieron ver distintas creaciones hechas con t\u00e9cnicas diferentes: estampados, acr\u00edlicos sobre tela, acuarelas y fotograf\u00edas relacionadas con el \u00e1mbito de las f\u00e1bricas que produc\u00edan tejidos en la capital maresmence.<\/p>\n<p style=\"text-align: justify;\"><img loading=\"lazy\" decoding=\"async\" class=\"alignnone size-full wp-image-585\" src=\"https:\/\/centreformacioprevencio.files.wordpress.com\/2015\/11\/dsc_1610.jpg\" alt=\"DSC_1610\" width=\"3840\" height=\"2160\" \/><\/p>\n<p style=\"text-align: justify;\">Los cuatro responsables de estas obras\u00a0 (Pilar D\u00edaz-Mariblanca, Trini G\u00f3mez, Antoni Luis i Pepi Roig) han demostrado un gran conocimiento de este sector industrial y un cuidado especial para reinterpretar nuestros tiempos como era la vida en aquellas condiciones econ\u00f3micas y laborales.<\/p>\n<p style=\"text-align: justify;\">Recuperan im\u00e1genes antiguas que nos rebelan c\u00f3mo trabajaban las personas en las f\u00e1bricas, los grandes ventanales que daban luz al interior de las naves, los instrumentos utilizados para la obtenci\u00f3n de las piezas de ropa o los dise\u00f1os de \u00e9poca que vest\u00edan a se\u00f1ores y se\u00f1oras.<\/p>\n<p style=\"text-align: justify;\"><img loading=\"lazy\" decoding=\"async\" class=\"alignnone size-full wp-image-591\" src=\"https:\/\/centreformacioprevencio.files.wordpress.com\/2015\/11\/dsc_1627.jpg\" alt=\"DSC_1627\" width=\"3840\" height=\"2160\" \/><\/p>\n<p style=\"text-align: justify;\">Tambi\u00e9n entre todas las creaciones se puede encontrar un libro sobre la antigua f\u00e1brica de Can Marf\u00e0, proyectando con diversas telas y t\u00e9cnicas de cosido juntamente con instant\u00e1neas antiguas que resultan en un tipo de cuento para adultos que transporta al movimiento de la factor\u00eda y al ruido de las m\u00e1quinas.<\/p>\n<p style=\"text-align: justify;\">Nuestros amigos de AlterArte quedaron muy satisfechos de su asistencia a la muestra y pudieron recoger la inspiraci\u00f3n para trasladar todo lo que observaron en las futuras obras. AlterArte est\u00e1 trabajando actualmente en una c\u00e1psula con t\u00e9cnicas textiles y la visita al Casal de l\u2019Alian\u00e7a fue una muy buena excusa para aprender todas las cosas que se pueden hacer con esta disciplina art\u00edstica.<\/p>\n","protected":false},"excerpt":{"rendered":"<p>Los usuarios y usuarias del programa art\u00edstico del CFP visitaron una exposici\u00f3n de cuatro creadores que se han inspirado en la \u00e9poca de auge industrial mataronina Los usuarios y usuarias del programa AlterArte se acercaron hasta la exposici\u00f3n\u00a0 \u201cT\u00e8xtil, mirant enrere\u201d el pasado jueves 19&#8230;<\/p>\n","protected":false},"author":2,"featured_media":0,"comment_status":"open","ping_status":"open","sticky":false,"template":"","format":"standard","meta":{"footnotes":""},"categories":[1234],"tags":[709,711,714,935,977],"class_list":["post-16996","post","type-post","status-publish","format-standard","hentry","category-alterarte-es","tag-alterarte-es","tag-exposicio-es","tag-mostra-es","tag-sant-lluc-es","tag-textil-es"],"yoast_head":"<!-- This site is optimized with the Yoast SEO plugin v27.4 - https:\/\/yoast.com\/product\/yoast-seo-wordpress\/ -->\n<title>AlterArte redescubre el pasado t\u00e9xtil de la capital del Maresme | CFP Maresme<\/title>\n<meta name=\"robots\" content=\"index, follow, max-snippet:-1, max-image-preview:large, max-video-preview:-1\" \/>\n<link rel=\"canonical\" href=\"https:\/\/cfpmaresme.org\/es\/alterarte-redescobreix-el-passat-textil-de-la-capital-del-maresme\/\" \/>\n<meta property=\"og:locale\" content=\"es_ES\" \/>\n<meta property=\"og:type\" content=\"article\" \/>\n<meta property=\"og:title\" content=\"AlterArte redescubre el pasado t\u00e9xtil de la capital del Maresme | CFP Maresme\" \/>\n<meta property=\"og:description\" content=\"Los usuarios y usuarias del programa art\u00edstico del CFP visitaron una exposici\u00f3n de cuatro creadores que se han inspirado en la \u00e9poca de auge industrial mataronina Los usuarios y usuarias del programa AlterArte se acercaron hasta la exposici\u00f3n\u00a0 \u201cT\u00e8xtil, mirant enrere\u201d el pasado jueves 19...\" \/>\n<meta property=\"og:url\" content=\"https:\/\/cfpmaresme.org\/es\/alterarte-redescobreix-el-passat-textil-de-la-capital-del-maresme\/\" \/>\n<meta property=\"og:site_name\" content=\"CFP Maresme\" \/>\n<meta property=\"article:published_time\" content=\"2015-11-24T10:54:17+00:00\" \/>\n<meta property=\"article:modified_time\" content=\"2020-10-28T15:48:46+00:00\" \/>\n<meta property=\"og:image\" content=\"https:\/\/centreformacioprevencio.files.wordpress.com\/2015\/11\/factory.jpg\" \/>\n<meta name=\"author\" content=\"CFPMaresme\" \/>\n<meta name=\"twitter:card\" content=\"summary_large_image\" \/>\n<meta name=\"twitter:creator\" content=\"@cfpmaresme\" \/>\n<meta name=\"twitter:site\" content=\"@cfpmaresme\" \/>\n<meta name=\"twitter:label1\" content=\"Escrito por\" \/>\n\t<meta name=\"twitter:data1\" content=\"CFPMaresme\" \/>\n\t<meta name=\"twitter:label2\" content=\"Tiempo de lectura\" \/>\n\t<meta name=\"twitter:data2\" content=\"2 minutos\" \/>\n<script type=\"application\/ld+json\" class=\"yoast-schema-graph\">{\"@context\":\"https:\\\/\\\/schema.org\",\"@graph\":[{\"@type\":\"Article\",\"@id\":\"https:\\\/\\\/cfpmaresme.org\\\/es\\\/alterarte-redescobreix-el-passat-textil-de-la-capital-del-maresme\\\/#article\",\"isPartOf\":{\"@id\":\"https:\\\/\\\/cfpmaresme.org\\\/es\\\/alterarte-redescobreix-el-passat-textil-de-la-capital-del-maresme\\\/\"},\"author\":{\"name\":\"CFPMaresme\",\"@id\":\"https:\\\/\\\/cfpmaresme.org\\\/#\\\/schema\\\/person\\\/b2634bcd796fafc667ea4055f61b9b2c\"},\"headline\":\"AlterArte redescubre el pasado t\u00e9xtil de la capital del Maresme\",\"datePublished\":\"2015-11-24T10:54:17+00:00\",\"dateModified\":\"2020-10-28T15:48:46+00:00\",\"mainEntityOfPage\":{\"@id\":\"https:\\\/\\\/cfpmaresme.org\\\/es\\\/alterarte-redescobreix-el-passat-textil-de-la-capital-del-maresme\\\/\"},\"wordCount\":392,\"commentCount\":0,\"image\":{\"@id\":\"https:\\\/\\\/cfpmaresme.org\\\/es\\\/alterarte-redescobreix-el-passat-textil-de-la-capital-del-maresme\\\/#primaryimage\"},\"thumbnailUrl\":\"https:\\\/\\\/centreformacioprevencio.files.wordpress.com\\\/2015\\\/11\\\/factory.jpg\",\"keywords\":[\"alterarte\",\"exposicio\",\"mostra\",\"sant lluc\",\"t\u00e8xtil\"],\"articleSection\":[\"Alterarte\"],\"inLanguage\":\"es\"},{\"@type\":\"WebPage\",\"@id\":\"https:\\\/\\\/cfpmaresme.org\\\/es\\\/alterarte-redescobreix-el-passat-textil-de-la-capital-del-maresme\\\/\",\"url\":\"https:\\\/\\\/cfpmaresme.org\\\/es\\\/alterarte-redescobreix-el-passat-textil-de-la-capital-del-maresme\\\/\",\"name\":\"AlterArte redescubre el pasado t\u00e9xtil de la capital del Maresme | CFP Maresme\",\"isPartOf\":{\"@id\":\"https:\\\/\\\/cfpmaresme.org\\\/#website\"},\"primaryImageOfPage\":{\"@id\":\"https:\\\/\\\/cfpmaresme.org\\\/es\\\/alterarte-redescobreix-el-passat-textil-de-la-capital-del-maresme\\\/#primaryimage\"},\"image\":{\"@id\":\"https:\\\/\\\/cfpmaresme.org\\\/es\\\/alterarte-redescobreix-el-passat-textil-de-la-capital-del-maresme\\\/#primaryimage\"},\"thumbnailUrl\":\"https:\\\/\\\/centreformacioprevencio.files.wordpress.com\\\/2015\\\/11\\\/factory.jpg\",\"datePublished\":\"2015-11-24T10:54:17+00:00\",\"dateModified\":\"2020-10-28T15:48:46+00:00\",\"author\":{\"@id\":\"https:\\\/\\\/cfpmaresme.org\\\/#\\\/schema\\\/person\\\/b2634bcd796fafc667ea4055f61b9b2c\"},\"breadcrumb\":{\"@id\":\"https:\\\/\\\/cfpmaresme.org\\\/es\\\/alterarte-redescobreix-el-passat-textil-de-la-capital-del-maresme\\\/#breadcrumb\"},\"inLanguage\":\"es\",\"potentialAction\":[{\"@type\":\"ReadAction\",\"target\":[\"https:\\\/\\\/cfpmaresme.org\\\/es\\\/alterarte-redescobreix-el-passat-textil-de-la-capital-del-maresme\\\/\"]}]},{\"@type\":\"ImageObject\",\"inLanguage\":\"es\",\"@id\":\"https:\\\/\\\/cfpmaresme.org\\\/es\\\/alterarte-redescobreix-el-passat-textil-de-la-capital-del-maresme\\\/#primaryimage\",\"url\":\"https:\\\/\\\/centreformacioprevencio.files.wordpress.com\\\/2015\\\/11\\\/factory.jpg\",\"contentUrl\":\"https:\\\/\\\/centreformacioprevencio.files.wordpress.com\\\/2015\\\/11\\\/factory.jpg\"},{\"@type\":\"BreadcrumbList\",\"@id\":\"https:\\\/\\\/cfpmaresme.org\\\/es\\\/alterarte-redescobreix-el-passat-textil-de-la-capital-del-maresme\\\/#breadcrumb\",\"itemListElement\":[{\"@type\":\"ListItem\",\"position\":1,\"name\":\"Home\",\"item\":\"https:\\\/\\\/cfpmaresme.org\\\/es\\\/\"},{\"@type\":\"ListItem\",\"position\":2,\"name\":\"AlterArte redescubre el pasado t\u00e9xtil de la capital del Maresme\"}]},{\"@type\":\"WebSite\",\"@id\":\"https:\\\/\\\/cfpmaresme.org\\\/#website\",\"url\":\"https:\\\/\\\/cfpmaresme.org\\\/\",\"name\":\"CFP Maresme\",\"description\":\"Centre Formaci\u00f3 Prevenci\u00f3\",\"potentialAction\":[{\"@type\":\"SearchAction\",\"target\":{\"@type\":\"EntryPoint\",\"urlTemplate\":\"https:\\\/\\\/cfpmaresme.org\\\/?s={search_term_string}\"},\"query-input\":{\"@type\":\"PropertyValueSpecification\",\"valueRequired\":true,\"valueName\":\"search_term_string\"}}],\"inLanguage\":\"es\"},{\"@type\":\"Person\",\"@id\":\"https:\\\/\\\/cfpmaresme.org\\\/#\\\/schema\\\/person\\\/b2634bcd796fafc667ea4055f61b9b2c\",\"name\":\"CFPMaresme\"}]}<\/script>\n<!-- \/ Yoast SEO plugin. -->","yoast_head_json":{"title":"AlterArte redescubre el pasado t\u00e9xtil de la capital del Maresme | CFP Maresme","robots":{"index":"index","follow":"follow","max-snippet":"max-snippet:-1","max-image-preview":"max-image-preview:large","max-video-preview":"max-video-preview:-1"},"canonical":"https:\/\/cfpmaresme.org\/es\/alterarte-redescobreix-el-passat-textil-de-la-capital-del-maresme\/","og_locale":"es_ES","og_type":"article","og_title":"AlterArte redescubre el pasado t\u00e9xtil de la capital del Maresme | CFP Maresme","og_description":"Los usuarios y usuarias del programa art\u00edstico del CFP visitaron una exposici\u00f3n de cuatro creadores que se han inspirado en la \u00e9poca de auge industrial mataronina Los usuarios y usuarias del programa AlterArte se acercaron hasta la exposici\u00f3n\u00a0 \u201cT\u00e8xtil, mirant enrere\u201d el pasado jueves 19...","og_url":"https:\/\/cfpmaresme.org\/es\/alterarte-redescobreix-el-passat-textil-de-la-capital-del-maresme\/","og_site_name":"CFP Maresme","article_published_time":"2015-11-24T10:54:17+00:00","article_modified_time":"2020-10-28T15:48:46+00:00","og_image":[{"url":"https:\/\/centreformacioprevencio.files.wordpress.com\/2015\/11\/factory.jpg","type":"","width":"","height":""}],"author":"CFPMaresme","twitter_card":"summary_large_image","twitter_creator":"@cfpmaresme","twitter_site":"@cfpmaresme","twitter_misc":{"Escrito por":"CFPMaresme","Tiempo de lectura":"2 minutos"},"schema":{"@context":"https:\/\/schema.org","@graph":[{"@type":"Article","@id":"https:\/\/cfpmaresme.org\/es\/alterarte-redescobreix-el-passat-textil-de-la-capital-del-maresme\/#article","isPartOf":{"@id":"https:\/\/cfpmaresme.org\/es\/alterarte-redescobreix-el-passat-textil-de-la-capital-del-maresme\/"},"author":{"name":"CFPMaresme","@id":"https:\/\/cfpmaresme.org\/#\/schema\/person\/b2634bcd796fafc667ea4055f61b9b2c"},"headline":"AlterArte redescubre el pasado t\u00e9xtil de la capital del Maresme","datePublished":"2015-11-24T10:54:17+00:00","dateModified":"2020-10-28T15:48:46+00:00","mainEntityOfPage":{"@id":"https:\/\/cfpmaresme.org\/es\/alterarte-redescobreix-el-passat-textil-de-la-capital-del-maresme\/"},"wordCount":392,"commentCount":0,"image":{"@id":"https:\/\/cfpmaresme.org\/es\/alterarte-redescobreix-el-passat-textil-de-la-capital-del-maresme\/#primaryimage"},"thumbnailUrl":"https:\/\/centreformacioprevencio.files.wordpress.com\/2015\/11\/factory.jpg","keywords":["alterarte","exposicio","mostra","sant lluc","t\u00e8xtil"],"articleSection":["Alterarte"],"inLanguage":"es"},{"@type":"WebPage","@id":"https:\/\/cfpmaresme.org\/es\/alterarte-redescobreix-el-passat-textil-de-la-capital-del-maresme\/","url":"https:\/\/cfpmaresme.org\/es\/alterarte-redescobreix-el-passat-textil-de-la-capital-del-maresme\/","name":"AlterArte redescubre el pasado t\u00e9xtil de la capital del Maresme | CFP Maresme","isPartOf":{"@id":"https:\/\/cfpmaresme.org\/#website"},"primaryImageOfPage":{"@id":"https:\/\/cfpmaresme.org\/es\/alterarte-redescobreix-el-passat-textil-de-la-capital-del-maresme\/#primaryimage"},"image":{"@id":"https:\/\/cfpmaresme.org\/es\/alterarte-redescobreix-el-passat-textil-de-la-capital-del-maresme\/#primaryimage"},"thumbnailUrl":"https:\/\/centreformacioprevencio.files.wordpress.com\/2015\/11\/factory.jpg","datePublished":"2015-11-24T10:54:17+00:00","dateModified":"2020-10-28T15:48:46+00:00","author":{"@id":"https:\/\/cfpmaresme.org\/#\/schema\/person\/b2634bcd796fafc667ea4055f61b9b2c"},"breadcrumb":{"@id":"https:\/\/cfpmaresme.org\/es\/alterarte-redescobreix-el-passat-textil-de-la-capital-del-maresme\/#breadcrumb"},"inLanguage":"es","potentialAction":[{"@type":"ReadAction","target":["https:\/\/cfpmaresme.org\/es\/alterarte-redescobreix-el-passat-textil-de-la-capital-del-maresme\/"]}]},{"@type":"ImageObject","inLanguage":"es","@id":"https:\/\/cfpmaresme.org\/es\/alterarte-redescobreix-el-passat-textil-de-la-capital-del-maresme\/#primaryimage","url":"https:\/\/centreformacioprevencio.files.wordpress.com\/2015\/11\/factory.jpg","contentUrl":"https:\/\/centreformacioprevencio.files.wordpress.com\/2015\/11\/factory.jpg"},{"@type":"BreadcrumbList","@id":"https:\/\/cfpmaresme.org\/es\/alterarte-redescobreix-el-passat-textil-de-la-capital-del-maresme\/#breadcrumb","itemListElement":[{"@type":"ListItem","position":1,"name":"Home","item":"https:\/\/cfpmaresme.org\/es\/"},{"@type":"ListItem","position":2,"name":"AlterArte redescubre el pasado t\u00e9xtil de la capital del Maresme"}]},{"@type":"WebSite","@id":"https:\/\/cfpmaresme.org\/#website","url":"https:\/\/cfpmaresme.org\/","name":"CFP Maresme","description":"Centre Formaci\u00f3 Prevenci\u00f3","potentialAction":[{"@type":"SearchAction","target":{"@type":"EntryPoint","urlTemplate":"https:\/\/cfpmaresme.org\/?s={search_term_string}"},"query-input":{"@type":"PropertyValueSpecification","valueRequired":true,"valueName":"search_term_string"}}],"inLanguage":"es"},{"@type":"Person","@id":"https:\/\/cfpmaresme.org\/#\/schema\/person\/b2634bcd796fafc667ea4055f61b9b2c","name":"CFPMaresme"}]}},"_links":{"self":[{"href":"https:\/\/cfpmaresme.org\/es\/wp-json\/wp\/v2\/posts\/16996","targetHints":{"allow":["GET"]}}],"collection":[{"href":"https:\/\/cfpmaresme.org\/es\/wp-json\/wp\/v2\/posts"}],"about":[{"href":"https:\/\/cfpmaresme.org\/es\/wp-json\/wp\/v2\/types\/post"}],"author":[{"embeddable":true,"href":"https:\/\/cfpmaresme.org\/es\/wp-json\/wp\/v2\/users\/2"}],"replies":[{"embeddable":true,"href":"https:\/\/cfpmaresme.org\/es\/wp-json\/wp\/v2\/comments?post=16996"}],"version-history":[{"count":3,"href":"https:\/\/cfpmaresme.org\/es\/wp-json\/wp\/v2\/posts\/16996\/revisions"}],"predecessor-version":[{"id":22151,"href":"https:\/\/cfpmaresme.org\/es\/wp-json\/wp\/v2\/posts\/16996\/revisions\/22151"}],"wp:attachment":[{"href":"https:\/\/cfpmaresme.org\/es\/wp-json\/wp\/v2\/media?parent=16996"}],"wp:term":[{"taxonomy":"category","embeddable":true,"href":"https:\/\/cfpmaresme.org\/es\/wp-json\/wp\/v2\/categories?post=16996"},{"taxonomy":"post_tag","embeddable":true,"href":"https:\/\/cfpmaresme.org\/es\/wp-json\/wp\/v2\/tags?post=16996"}],"curies":[{"name":"wp","href":"https:\/\/api.w.org\/{rel}","templated":true}]}}