{"id":16998,"date":"2015-11-12T11:21:57","date_gmt":"2015-11-12T11:21:57","guid":{"rendered":"http:\/\/cfpmaresme.org\/els-nois-i-noies-del-crae-reben-una-donacio-per-part-de-tuc-tuc\/"},"modified":"2021-05-12T14:44:16","modified_gmt":"2021-05-12T12:44:16","slug":"els-nois-i-noies-del-crae-reben-una-donacio-per-part-de-tuc-tuc","status":"publish","type":"post","link":"https:\/\/cfpmaresme.org\/es\/els-nois-i-noies-del-crae-reben-una-donacio-per-part-de-tuc-tuc\/","title":{"rendered":"Los chicos y chicas del CRAE reciben una donaci\u00f3n por parte de Tuc Tuc"},"content":{"rendered":"<p style=\"text-align: justify;\"><strong>La empresa de moda infantil cedi\u00f3 cuatro cajas llenas de ropa para los menores de la entidad en una acci\u00f3n solidaria\u00a0<\/strong><\/p>\n<p style=\"text-align: justify;\"><a href=\"https:\/\/centreformacioprevencio.files.wordpress.com\/2015\/11\/tuctuc.png\"><img loading=\"lazy\" decoding=\"async\" class=\"aligncenter size-large wp-image-549\" src=\"https:\/\/centreformacioprevencio.files.wordpress.com\/2015\/11\/tuctuc.png?w=660\" alt=\"\" width=\"660\" height=\"419\" \/><\/a><\/p>\n<p style=\"text-align: justify;\">La empresa Tuc Tuc se puso en contacto con los responsables del CFP la semana pasada para ofrecer una donaci\u00f3n de ropa infantil a los veinte chicos y chicas que acoje el Centro Residencial de Acci\u00f3n Educativa. El mismo martes los responsables de Tuc Tuc visitaron las instalaciones del CRAE y les llevaron cuatro cajas llenas de ropa que cedieron de manera desinteresada. Se previ\u00f3, adem\u00e1s, que esa colaboraci\u00f3n se pudiera ampliar en un futuro.<\/p>\n<p style=\"text-align: justify;\"><!--more--><\/p>\n<p style=\"text-align: justify;\">En el recorrido que hicieron por el Centro Residencial de Acci\u00f3n Educativa, los trabajadores de la marca de ropa pudieron ver el cuidado que se tiene con sus j\u00f3venes residentes. Carles Claveria, encargado de la donaci\u00f3n de Tuc Tuc, destac\u00f3 que \u00abcuando vimos el centro, nos encoraj\u00f3 todav\u00eda m\u00e1s a colaborar con ellos, nos gust\u00f3 mucho lo que est\u00e1n haciendo\u00bb.<\/p>\n<p style=\"text-align: justify;\">Tambi\u00e9n matiz\u00f3 que \u00abcuando pensamos en llevar a cabo esta iniciativa, quer\u00edamos que nuestra aportaci\u00f3n se hiciera de una forma directa, sin intermediarios. Y el CRAE fue la destinaci\u00f3n m\u00e1s acertada para hacerlo posible.<\/p>\n<p style=\"text-align: justify;\">Por su parte Irene Cerezo, educadora social i psic\u00f3loga del CRAE, quiso agradecer la generosidad de Tuc Tuc porque \u00abno es muy com\u00fan que una empresa ofrezca este tipo de colaboraciones y estamos muy contentos. A nosotros nos llegan a veces donativos de vecinos y particulares, pero no es habitual que nos encontremos con una situaci\u00f3n como la de hoy\u00bb.<\/p>\n<p style=\"text-align: justify;\">Para ella es muy importante ya que \u00abtenemos que destinar anualmente una parte de nuestros fondos a comprar ropa para los chicos y chicas pero si recibimos acciones solidarias como esta, podremos utilizar este dinero para otras necesidades que tambi\u00e9n son muy relevantes\u00bb.<\/p>\n<p style=\"text-align: justify;\">Al finalizar el donativo, los responsables de las dos entidades declararon la intenci\u00f3n de mantener el contacto para posibles futuras colaboraciones. Tambi\u00e9n acordaron que en unos d\u00edas, cuando los menores escojan la ropa que les vaya bien, devolver\u00e1n a Tuc Tuc la que no se pueda utilizar y esta ser\u00e1 repartida posteriormente por otros CRAEs del territorio. Se cerrar\u00e1 as\u00ed un c\u00edculo solidario que quiera contribuir a que las necesidades b\u00e1sicas de los ni\u00f1os y ni\u00f1as como el vestir, queden bien cubiertas.<\/p>\n<p style=\"text-align: justify;\">\n","protected":false},"excerpt":{"rendered":"<p>La empresa de moda infantil cedi\u00f3 cuatro cajas llenas de ropa para los menores de la entidad en una acci\u00f3n solidaria\u00a0 La empresa Tuc Tuc se puso en contacto con los responsables del CFP la semana pasada para ofrecer una donaci\u00f3n de ropa infantil a&#8230;<\/p>\n","protected":false},"author":2,"featured_media":0,"comment_status":"open","ping_status":"open","sticky":false,"template":"","format":"standard","meta":{"footnotes":""},"categories":[1144,1243],"tags":[630,798,978,694,918,635,638,979],"class_list":["post-16998","post","type-post","status-publish","format-standard","hentry","category-infancia-y-familia","category-crae","tag-centre-es","tag-cfp-es","tag-collaboracio-es","tag-crae-es","tag-donacio-es","tag-formacio-es","tag-prevencio-es","tag-tuc-tuc-es"],"yoast_head":"<!-- This site is optimized with the Yoast SEO plugin v27.4 - https:\/\/yoast.com\/product\/yoast-seo-wordpress\/ -->\n<title>Los chicos y chicas del CRAE reciben una donaci\u00f3n por parte de Tuc Tuc | CFP Maresme<\/title>\n<meta name=\"robots\" content=\"index, follow, max-snippet:-1, max-image-preview:large, max-video-preview:-1\" \/>\n<link rel=\"canonical\" href=\"https:\/\/cfpmaresme.org\/els-nois-i-noies-del-crae-reben-una-donacio-per-part-de-tuc-tuc\/\" \/>\n<meta property=\"og:locale\" content=\"es_ES\" \/>\n<meta property=\"og:type\" content=\"article\" \/>\n<meta property=\"og:title\" content=\"Los chicos y chicas del CRAE reciben una donaci\u00f3n por parte de Tuc Tuc | CFP Maresme\" \/>\n<meta property=\"og:description\" content=\"La empresa de moda infantil cedi\u00f3 cuatro cajas llenas de ropa para los menores de la entidad en una acci\u00f3n solidaria\u00a0 La empresa Tuc Tuc se puso en contacto con los responsables del CFP la semana pasada para ofrecer una donaci\u00f3n de ropa infantil a...\" \/>\n<meta property=\"og:url\" content=\"https:\/\/cfpmaresme.org\/els-nois-i-noies-del-crae-reben-una-donacio-per-part-de-tuc-tuc\/\" \/>\n<meta property=\"og:site_name\" content=\"CFP Maresme\" \/>\n<meta property=\"article:published_time\" content=\"2015-11-12T11:21:57+00:00\" \/>\n<meta property=\"article:modified_time\" content=\"2021-05-12T12:44:16+00:00\" \/>\n<meta property=\"og:image\" content=\"https:\/\/centreformacioprevencio.files.wordpress.com\/2015\/11\/tuctuc.png?w=660\" \/>\n<meta name=\"author\" content=\"CFPMaresme\" \/>\n<meta name=\"twitter:card\" content=\"summary_large_image\" \/>\n<meta name=\"twitter:creator\" content=\"@cfpmaresme\" \/>\n<meta name=\"twitter:site\" content=\"@cfpmaresme\" \/>\n<meta name=\"twitter:label1\" content=\"Escrito por\" \/>\n\t<meta name=\"twitter:data1\" content=\"CFPMaresme\" \/>\n\t<meta name=\"twitter:label2\" content=\"Tiempo de lectura\" \/>\n\t<meta name=\"twitter:data2\" content=\"2 minutos\" \/>\n<script type=\"application\/ld+json\" class=\"yoast-schema-graph\">{\"@context\":\"https:\\\/\\\/schema.org\",\"@graph\":[{\"@type\":\"Article\",\"@id\":\"https:\\\/\\\/cfpmaresme.org\\\/els-nois-i-noies-del-crae-reben-una-donacio-per-part-de-tuc-tuc\\\/#article\",\"isPartOf\":{\"@id\":\"https:\\\/\\\/cfpmaresme.org\\\/els-nois-i-noies-del-crae-reben-una-donacio-per-part-de-tuc-tuc\\\/\"},\"author\":{\"name\":\"CFPMaresme\",\"@id\":\"https:\\\/\\\/cfpmaresme.org\\\/#\\\/schema\\\/person\\\/b2634bcd796fafc667ea4055f61b9b2c\"},\"headline\":\"Los chicos y chicas del CRAE reciben una donaci\u00f3n por parte de Tuc Tuc\",\"datePublished\":\"2015-11-12T11:21:57+00:00\",\"dateModified\":\"2021-05-12T12:44:16+00:00\",\"mainEntityOfPage\":{\"@id\":\"https:\\\/\\\/cfpmaresme.org\\\/els-nois-i-noies-del-crae-reben-una-donacio-per-part-de-tuc-tuc\\\/\"},\"wordCount\":418,\"commentCount\":0,\"image\":{\"@id\":\"https:\\\/\\\/cfpmaresme.org\\\/els-nois-i-noies-del-crae-reben-una-donacio-per-part-de-tuc-tuc\\\/#primaryimage\"},\"thumbnailUrl\":\"https:\\\/\\\/centreformacioprevencio.files.wordpress.com\\\/2015\\\/11\\\/tuctuc.png?w=660\",\"keywords\":[\"centre\",\"cfp\",\"col\u00b7laboraci\u00f3\",\"crae\",\"donaci\u00f3\",\"formaci\u00f3\",\"prevenci\u00f3\",\"tuc tuc\"],\"articleSection\":[\"\u00c1rea de infancia, adolescencia y fam\u00edlia\",\"CRAE\"],\"inLanguage\":\"es\"},{\"@type\":\"WebPage\",\"@id\":\"https:\\\/\\\/cfpmaresme.org\\\/els-nois-i-noies-del-crae-reben-una-donacio-per-part-de-tuc-tuc\\\/\",\"url\":\"https:\\\/\\\/cfpmaresme.org\\\/els-nois-i-noies-del-crae-reben-una-donacio-per-part-de-tuc-tuc\\\/\",\"name\":\"Los chicos y chicas del CRAE reciben una donaci\u00f3n por parte de Tuc Tuc | CFP Maresme\",\"isPartOf\":{\"@id\":\"https:\\\/\\\/cfpmaresme.org\\\/#website\"},\"primaryImageOfPage\":{\"@id\":\"https:\\\/\\\/cfpmaresme.org\\\/els-nois-i-noies-del-crae-reben-una-donacio-per-part-de-tuc-tuc\\\/#primaryimage\"},\"image\":{\"@id\":\"https:\\\/\\\/cfpmaresme.org\\\/els-nois-i-noies-del-crae-reben-una-donacio-per-part-de-tuc-tuc\\\/#primaryimage\"},\"thumbnailUrl\":\"https:\\\/\\\/centreformacioprevencio.files.wordpress.com\\\/2015\\\/11\\\/tuctuc.png?w=660\",\"datePublished\":\"2015-11-12T11:21:57+00:00\",\"dateModified\":\"2021-05-12T12:44:16+00:00\",\"author\":{\"@id\":\"https:\\\/\\\/cfpmaresme.org\\\/#\\\/schema\\\/person\\\/b2634bcd796fafc667ea4055f61b9b2c\"},\"breadcrumb\":{\"@id\":\"https:\\\/\\\/cfpmaresme.org\\\/els-nois-i-noies-del-crae-reben-una-donacio-per-part-de-tuc-tuc\\\/#breadcrumb\"},\"inLanguage\":\"es\",\"potentialAction\":[{\"@type\":\"ReadAction\",\"target\":[\"https:\\\/\\\/cfpmaresme.org\\\/els-nois-i-noies-del-crae-reben-una-donacio-per-part-de-tuc-tuc\\\/\"]}]},{\"@type\":\"ImageObject\",\"inLanguage\":\"es\",\"@id\":\"https:\\\/\\\/cfpmaresme.org\\\/els-nois-i-noies-del-crae-reben-una-donacio-per-part-de-tuc-tuc\\\/#primaryimage\",\"url\":\"https:\\\/\\\/centreformacioprevencio.files.wordpress.com\\\/2015\\\/11\\\/tuctuc.png?w=660\",\"contentUrl\":\"https:\\\/\\\/centreformacioprevencio.files.wordpress.com\\\/2015\\\/11\\\/tuctuc.png?w=660\"},{\"@type\":\"BreadcrumbList\",\"@id\":\"https:\\\/\\\/cfpmaresme.org\\\/els-nois-i-noies-del-crae-reben-una-donacio-per-part-de-tuc-tuc\\\/#breadcrumb\",\"itemListElement\":[{\"@type\":\"ListItem\",\"position\":1,\"name\":\"Home\",\"item\":\"https:\\\/\\\/cfpmaresme.org\\\/es\\\/\"},{\"@type\":\"ListItem\",\"position\":2,\"name\":\"Los chicos y chicas del CRAE reciben una donaci\u00f3n por parte de Tuc Tuc\"}]},{\"@type\":\"WebSite\",\"@id\":\"https:\\\/\\\/cfpmaresme.org\\\/#website\",\"url\":\"https:\\\/\\\/cfpmaresme.org\\\/\",\"name\":\"CFP Maresme\",\"description\":\"Centre Formaci\u00f3 Prevenci\u00f3\",\"potentialAction\":[{\"@type\":\"SearchAction\",\"target\":{\"@type\":\"EntryPoint\",\"urlTemplate\":\"https:\\\/\\\/cfpmaresme.org\\\/?s={search_term_string}\"},\"query-input\":{\"@type\":\"PropertyValueSpecification\",\"valueRequired\":true,\"valueName\":\"search_term_string\"}}],\"inLanguage\":\"es\"},{\"@type\":\"Person\",\"@id\":\"https:\\\/\\\/cfpmaresme.org\\\/#\\\/schema\\\/person\\\/b2634bcd796fafc667ea4055f61b9b2c\",\"name\":\"CFPMaresme\"}]}<\/script>\n<!-- \/ Yoast SEO plugin. -->","yoast_head_json":{"title":"Los chicos y chicas del CRAE reciben una donaci\u00f3n por parte de Tuc Tuc | CFP Maresme","robots":{"index":"index","follow":"follow","max-snippet":"max-snippet:-1","max-image-preview":"max-image-preview:large","max-video-preview":"max-video-preview:-1"},"canonical":"https:\/\/cfpmaresme.org\/els-nois-i-noies-del-crae-reben-una-donacio-per-part-de-tuc-tuc\/","og_locale":"es_ES","og_type":"article","og_title":"Los chicos y chicas del CRAE reciben una donaci\u00f3n por parte de Tuc Tuc | CFP Maresme","og_description":"La empresa de moda infantil cedi\u00f3 cuatro cajas llenas de ropa para los menores de la entidad en una acci\u00f3n solidaria\u00a0 La empresa Tuc Tuc se puso en contacto con los responsables del CFP la semana pasada para ofrecer una donaci\u00f3n de ropa infantil a...","og_url":"https:\/\/cfpmaresme.org\/els-nois-i-noies-del-crae-reben-una-donacio-per-part-de-tuc-tuc\/","og_site_name":"CFP Maresme","article_published_time":"2015-11-12T11:21:57+00:00","article_modified_time":"2021-05-12T12:44:16+00:00","og_image":[{"url":"https:\/\/centreformacioprevencio.files.wordpress.com\/2015\/11\/tuctuc.png?w=660","type":"","width":"","height":""}],"author":"CFPMaresme","twitter_card":"summary_large_image","twitter_creator":"@cfpmaresme","twitter_site":"@cfpmaresme","twitter_misc":{"Escrito por":"CFPMaresme","Tiempo de lectura":"2 minutos"},"schema":{"@context":"https:\/\/schema.org","@graph":[{"@type":"Article","@id":"https:\/\/cfpmaresme.org\/els-nois-i-noies-del-crae-reben-una-donacio-per-part-de-tuc-tuc\/#article","isPartOf":{"@id":"https:\/\/cfpmaresme.org\/els-nois-i-noies-del-crae-reben-una-donacio-per-part-de-tuc-tuc\/"},"author":{"name":"CFPMaresme","@id":"https:\/\/cfpmaresme.org\/#\/schema\/person\/b2634bcd796fafc667ea4055f61b9b2c"},"headline":"Los chicos y chicas del CRAE reciben una donaci\u00f3n por parte de Tuc Tuc","datePublished":"2015-11-12T11:21:57+00:00","dateModified":"2021-05-12T12:44:16+00:00","mainEntityOfPage":{"@id":"https:\/\/cfpmaresme.org\/els-nois-i-noies-del-crae-reben-una-donacio-per-part-de-tuc-tuc\/"},"wordCount":418,"commentCount":0,"image":{"@id":"https:\/\/cfpmaresme.org\/els-nois-i-noies-del-crae-reben-una-donacio-per-part-de-tuc-tuc\/#primaryimage"},"thumbnailUrl":"https:\/\/centreformacioprevencio.files.wordpress.com\/2015\/11\/tuctuc.png?w=660","keywords":["centre","cfp","col\u00b7laboraci\u00f3","crae","donaci\u00f3","formaci\u00f3","prevenci\u00f3","tuc tuc"],"articleSection":["\u00c1rea de infancia, adolescencia y fam\u00edlia","CRAE"],"inLanguage":"es"},{"@type":"WebPage","@id":"https:\/\/cfpmaresme.org\/els-nois-i-noies-del-crae-reben-una-donacio-per-part-de-tuc-tuc\/","url":"https:\/\/cfpmaresme.org\/els-nois-i-noies-del-crae-reben-una-donacio-per-part-de-tuc-tuc\/","name":"Los chicos y chicas del CRAE reciben una donaci\u00f3n por parte de Tuc Tuc | CFP Maresme","isPartOf":{"@id":"https:\/\/cfpmaresme.org\/#website"},"primaryImageOfPage":{"@id":"https:\/\/cfpmaresme.org\/els-nois-i-noies-del-crae-reben-una-donacio-per-part-de-tuc-tuc\/#primaryimage"},"image":{"@id":"https:\/\/cfpmaresme.org\/els-nois-i-noies-del-crae-reben-una-donacio-per-part-de-tuc-tuc\/#primaryimage"},"thumbnailUrl":"https:\/\/centreformacioprevencio.files.wordpress.com\/2015\/11\/tuctuc.png?w=660","datePublished":"2015-11-12T11:21:57+00:00","dateModified":"2021-05-12T12:44:16+00:00","author":{"@id":"https:\/\/cfpmaresme.org\/#\/schema\/person\/b2634bcd796fafc667ea4055f61b9b2c"},"breadcrumb":{"@id":"https:\/\/cfpmaresme.org\/els-nois-i-noies-del-crae-reben-una-donacio-per-part-de-tuc-tuc\/#breadcrumb"},"inLanguage":"es","potentialAction":[{"@type":"ReadAction","target":["https:\/\/cfpmaresme.org\/els-nois-i-noies-del-crae-reben-una-donacio-per-part-de-tuc-tuc\/"]}]},{"@type":"ImageObject","inLanguage":"es","@id":"https:\/\/cfpmaresme.org\/els-nois-i-noies-del-crae-reben-una-donacio-per-part-de-tuc-tuc\/#primaryimage","url":"https:\/\/centreformacioprevencio.files.wordpress.com\/2015\/11\/tuctuc.png?w=660","contentUrl":"https:\/\/centreformacioprevencio.files.wordpress.com\/2015\/11\/tuctuc.png?w=660"},{"@type":"BreadcrumbList","@id":"https:\/\/cfpmaresme.org\/els-nois-i-noies-del-crae-reben-una-donacio-per-part-de-tuc-tuc\/#breadcrumb","itemListElement":[{"@type":"ListItem","position":1,"name":"Home","item":"https:\/\/cfpmaresme.org\/es\/"},{"@type":"ListItem","position":2,"name":"Los chicos y chicas del CRAE reciben una donaci\u00f3n por parte de Tuc Tuc"}]},{"@type":"WebSite","@id":"https:\/\/cfpmaresme.org\/#website","url":"https:\/\/cfpmaresme.org\/","name":"CFP Maresme","description":"Centre Formaci\u00f3 Prevenci\u00f3","potentialAction":[{"@type":"SearchAction","target":{"@type":"EntryPoint","urlTemplate":"https:\/\/cfpmaresme.org\/?s={search_term_string}"},"query-input":{"@type":"PropertyValueSpecification","valueRequired":true,"valueName":"search_term_string"}}],"inLanguage":"es"},{"@type":"Person","@id":"https:\/\/cfpmaresme.org\/#\/schema\/person\/b2634bcd796fafc667ea4055f61b9b2c","name":"CFPMaresme"}]}},"_links":{"self":[{"href":"https:\/\/cfpmaresme.org\/es\/wp-json\/wp\/v2\/posts\/16998","targetHints":{"allow":["GET"]}}],"collection":[{"href":"https:\/\/cfpmaresme.org\/es\/wp-json\/wp\/v2\/posts"}],"about":[{"href":"https:\/\/cfpmaresme.org\/es\/wp-json\/wp\/v2\/types\/post"}],"author":[{"embeddable":true,"href":"https:\/\/cfpmaresme.org\/es\/wp-json\/wp\/v2\/users\/2"}],"replies":[{"embeddable":true,"href":"https:\/\/cfpmaresme.org\/es\/wp-json\/wp\/v2\/comments?post=16998"}],"version-history":[{"count":3,"href":"https:\/\/cfpmaresme.org\/es\/wp-json\/wp\/v2\/posts\/16998\/revisions"}],"predecessor-version":[{"id":24762,"href":"https:\/\/cfpmaresme.org\/es\/wp-json\/wp\/v2\/posts\/16998\/revisions\/24762"}],"wp:attachment":[{"href":"https:\/\/cfpmaresme.org\/es\/wp-json\/wp\/v2\/media?parent=16998"}],"wp:term":[{"taxonomy":"category","embeddable":true,"href":"https:\/\/cfpmaresme.org\/es\/wp-json\/wp\/v2\/categories?post=16998"},{"taxonomy":"post_tag","embeddable":true,"href":"https:\/\/cfpmaresme.org\/es\/wp-json\/wp\/v2\/tags?post=16998"}],"curies":[{"name":"wp","href":"https:\/\/api.w.org\/{rel}","templated":true}]}}