{"id":17001,"date":"2015-11-06T10:46:33","date_gmt":"2015-11-06T10:46:33","guid":{"rendered":"http:\/\/cfpmaresme.org\/el-cfp-participa-al-consell-municipal-de-benestar-social\/"},"modified":"2021-07-07T16:08:48","modified_gmt":"2021-07-07T14:08:48","slug":"el-cfp-participa-al-consell-municipal-de-benestar-social","status":"publish","type":"post","link":"https:\/\/cfpmaresme.org\/es\/el-cfp-participa-al-consell-municipal-de-benestar-social\/","title":{"rendered":"El CFP participa en el Consejo Municipal de Bienestar Social"},"content":{"rendered":"<p style=\"text-align: justify;\">Las entidades sociales de la ciudad pusieron sobre la mesa diversas iniciativas encaminadas a formar parte del Programa de Actuaci\u00f3n Municipal del 2016<\/p>\n<p><img loading=\"lazy\" decoding=\"async\" class=\" size-full wp-image-624 aligncenter\" src=\"https:\/\/centreformacioprevencio.files.wordpress.com\/2015\/12\/98ea7996-363b-49a4-b135-a118c3fd1337.png\" alt=\"98ea7996-363b-49a4-b135-a118c3fd1337\" width=\"352\" height=\"348\" \/><\/p>\n<p style=\"text-align: justify;\">El pasado 5 de noviembre se celebr\u00f3 una sesi\u00f3n del Consejo Municipal de Bienestar Social a la que asisti\u00f3 el Centre de Formaci\u00f3 i Prevenci\u00f3. En la reuni\u00f3n se debatieron las distintas propuestas de car\u00e1cter social presentadas por las asociaciones locales del sector con el objetivo de ser incluidas dentro del Programa de Actuaci\u00f3n Municipal del a\u00f1o 2016.<\/p>\n<p style=\"text-align: justify;\"><!--more--><\/p>\n<p style=\"text-align: justify;\">Aprovechando la ocasi\u00f3n, las entidades que organizaron el pasado 22 de abril el debate de pol\u00edticas sociales en pre-campa\u00f1a de las elecciones municipales recuperaron el documento que hab\u00edan hecho llegar a los candidatos en aquel momento. As\u00ed pues, las propuestas de Agimm, C\u00e0ritas Interparroquial de Matar\u00f3, el Centre de Formaci\u00f3 i Prevenci\u00f3, Fundaci\u00f3 el Maresme y Salesians Sant Jordi tambi\u00e9n se pudieron discutir en el s\u00ed del consejo.<\/p>\n<p style=\"text-align: justify;\">Seg\u00fan Jordi Mela, sotsdirector del Centre de Formaci\u00f3 i Prevenci\u00f3, el consejo ha servido porque el Ayuntamiento \u00abpueda escuchar las propuestas de todas las entidades. Es muy bueno que nos tengan en cuenta para elaborar el Programa de Actuaci\u00f3n Municipal. Agradecemos esta predisposici\u00f3n para hablar de lo que nosotros consideramos importante en materia de pol\u00edticas sociales\u00bb.<\/p>\n<p style=\"text-align: justify;\">Una vez celebrado este encuentro, ahora ser\u00e1 el turno de los miembros del consejo para escoger las propuestas m\u00e1s prioritarias para llevar a cabo el a\u00f1o que viene. Se escoger\u00e1n un total de diez de entre las que han presentado todas las entidades. Y dentro de esta cifra tambi\u00e9n se recoger\u00e1n las que aportaron activamente el CFP y las otras entidades participantes en el manifiesto de pol\u00edticas sociales.<\/p>\n","protected":false},"excerpt":{"rendered":"<p>Las entidades sociales de la ciudad pusieron sobre la mesa diversas iniciativas encaminadas a formar parte del Programa de Actuaci\u00f3n Municipal del 2016 El pasado 5 de noviembre se celebr\u00f3 una sesi\u00f3n del Consejo Municipal de Bienestar Social a la que asisti\u00f3 el Centre de&#8230;<\/p>\n","protected":false},"author":2,"featured_media":0,"comment_status":"open","ping_status":"open","sticky":false,"template":"","format":"standard","meta":{"footnotes":""},"categories":[1187],"tags":[983,630,798,760,913,635,984,638,954,701],"class_list":["post-17001","post","type-post","status-publish","format-standard","hentry","category-cfp-maresme-es","tag-actuacio-es","tag-centre-es","tag-cfp-es","tag-consell-es","tag-entitats-es","tag-formacio-es","tag-municipal-es","tag-prevencio-es","tag-programa-es","tag-social-es"],"yoast_head":"<!-- This site is optimized with the Yoast SEO plugin v27.4 - https:\/\/yoast.com\/product\/yoast-seo-wordpress\/ -->\n<title>El CFP participa en el Consejo Municipal de Bienestar Social | CFP Maresme<\/title>\n<meta name=\"robots\" content=\"index, follow, max-snippet:-1, max-image-preview:large, max-video-preview:-1\" \/>\n<link rel=\"canonical\" href=\"https:\/\/cfpmaresme.org\/es\/el-cfp-participa-al-consell-municipal-de-benestar-social\/\" \/>\n<meta property=\"og:locale\" content=\"es_ES\" \/>\n<meta property=\"og:type\" content=\"article\" \/>\n<meta property=\"og:title\" content=\"El CFP participa en el Consejo Municipal de Bienestar Social | CFP Maresme\" \/>\n<meta property=\"og:description\" content=\"Las entidades sociales de la ciudad pusieron sobre la mesa diversas iniciativas encaminadas a formar parte del Programa de Actuaci\u00f3n Municipal del 2016 El pasado 5 de noviembre se celebr\u00f3 una sesi\u00f3n del Consejo Municipal de Bienestar Social a la que asisti\u00f3 el Centre de...\" \/>\n<meta property=\"og:url\" content=\"https:\/\/cfpmaresme.org\/es\/el-cfp-participa-al-consell-municipal-de-benestar-social\/\" \/>\n<meta property=\"og:site_name\" content=\"CFP Maresme\" \/>\n<meta property=\"article:published_time\" content=\"2015-11-06T10:46:33+00:00\" \/>\n<meta property=\"article:modified_time\" content=\"2021-07-07T14:08:48+00:00\" \/>\n<meta property=\"og:image\" content=\"https:\/\/centreformacioprevencio.files.wordpress.com\/2015\/12\/98ea7996-363b-49a4-b135-a118c3fd1337.png\" \/>\n<meta name=\"author\" content=\"CFPMaresme\" \/>\n<meta name=\"twitter:card\" content=\"summary_large_image\" \/>\n<meta name=\"twitter:creator\" content=\"@cfpmaresme\" \/>\n<meta name=\"twitter:site\" content=\"@cfpmaresme\" \/>\n<meta name=\"twitter:label1\" content=\"Escrito por\" \/>\n\t<meta name=\"twitter:data1\" content=\"CFPMaresme\" \/>\n\t<meta name=\"twitter:label2\" content=\"Tiempo de lectura\" \/>\n\t<meta name=\"twitter:data2\" content=\"1 minuto\" \/>\n<script type=\"application\/ld+json\" class=\"yoast-schema-graph\">{\"@context\":\"https:\\\/\\\/schema.org\",\"@graph\":[{\"@type\":\"Article\",\"@id\":\"https:\\\/\\\/cfpmaresme.org\\\/es\\\/el-cfp-participa-al-consell-municipal-de-benestar-social\\\/#article\",\"isPartOf\":{\"@id\":\"https:\\\/\\\/cfpmaresme.org\\\/es\\\/el-cfp-participa-al-consell-municipal-de-benestar-social\\\/\"},\"author\":{\"name\":\"CFPMaresme\",\"@id\":\"https:\\\/\\\/cfpmaresme.org\\\/#\\\/schema\\\/person\\\/b2634bcd796fafc667ea4055f61b9b2c\"},\"headline\":\"El CFP participa en el Consejo Municipal de Bienestar Social\",\"datePublished\":\"2015-11-06T10:46:33+00:00\",\"dateModified\":\"2021-07-07T14:08:48+00:00\",\"mainEntityOfPage\":{\"@id\":\"https:\\\/\\\/cfpmaresme.org\\\/es\\\/el-cfp-participa-al-consell-municipal-de-benestar-social\\\/\"},\"wordCount\":301,\"commentCount\":0,\"image\":{\"@id\":\"https:\\\/\\\/cfpmaresme.org\\\/es\\\/el-cfp-participa-al-consell-municipal-de-benestar-social\\\/#primaryimage\"},\"thumbnailUrl\":\"https:\\\/\\\/centreformacioprevencio.files.wordpress.com\\\/2015\\\/12\\\/98ea7996-363b-49a4-b135-a118c3fd1337.png\",\"keywords\":[\"actuaci\u00f3\",\"centre\",\"cfp\",\"consell\",\"entitats\",\"formaci\u00f3\",\"municipal\",\"prevenci\u00f3\",\"programa\",\"social\"],\"articleSection\":[\"CFP Maresme\"],\"inLanguage\":\"es\"},{\"@type\":\"WebPage\",\"@id\":\"https:\\\/\\\/cfpmaresme.org\\\/es\\\/el-cfp-participa-al-consell-municipal-de-benestar-social\\\/\",\"url\":\"https:\\\/\\\/cfpmaresme.org\\\/es\\\/el-cfp-participa-al-consell-municipal-de-benestar-social\\\/\",\"name\":\"El CFP participa en el Consejo Municipal de Bienestar Social | CFP Maresme\",\"isPartOf\":{\"@id\":\"https:\\\/\\\/cfpmaresme.org\\\/#website\"},\"primaryImageOfPage\":{\"@id\":\"https:\\\/\\\/cfpmaresme.org\\\/es\\\/el-cfp-participa-al-consell-municipal-de-benestar-social\\\/#primaryimage\"},\"image\":{\"@id\":\"https:\\\/\\\/cfpmaresme.org\\\/es\\\/el-cfp-participa-al-consell-municipal-de-benestar-social\\\/#primaryimage\"},\"thumbnailUrl\":\"https:\\\/\\\/centreformacioprevencio.files.wordpress.com\\\/2015\\\/12\\\/98ea7996-363b-49a4-b135-a118c3fd1337.png\",\"datePublished\":\"2015-11-06T10:46:33+00:00\",\"dateModified\":\"2021-07-07T14:08:48+00:00\",\"author\":{\"@id\":\"https:\\\/\\\/cfpmaresme.org\\\/#\\\/schema\\\/person\\\/b2634bcd796fafc667ea4055f61b9b2c\"},\"breadcrumb\":{\"@id\":\"https:\\\/\\\/cfpmaresme.org\\\/es\\\/el-cfp-participa-al-consell-municipal-de-benestar-social\\\/#breadcrumb\"},\"inLanguage\":\"es\",\"potentialAction\":[{\"@type\":\"ReadAction\",\"target\":[\"https:\\\/\\\/cfpmaresme.org\\\/es\\\/el-cfp-participa-al-consell-municipal-de-benestar-social\\\/\"]}]},{\"@type\":\"ImageObject\",\"inLanguage\":\"es\",\"@id\":\"https:\\\/\\\/cfpmaresme.org\\\/es\\\/el-cfp-participa-al-consell-municipal-de-benestar-social\\\/#primaryimage\",\"url\":\"https:\\\/\\\/centreformacioprevencio.files.wordpress.com\\\/2015\\\/12\\\/98ea7996-363b-49a4-b135-a118c3fd1337.png\",\"contentUrl\":\"https:\\\/\\\/centreformacioprevencio.files.wordpress.com\\\/2015\\\/12\\\/98ea7996-363b-49a4-b135-a118c3fd1337.png\"},{\"@type\":\"BreadcrumbList\",\"@id\":\"https:\\\/\\\/cfpmaresme.org\\\/es\\\/el-cfp-participa-al-consell-municipal-de-benestar-social\\\/#breadcrumb\",\"itemListElement\":[{\"@type\":\"ListItem\",\"position\":1,\"name\":\"Home\",\"item\":\"https:\\\/\\\/cfpmaresme.org\\\/es\\\/\"},{\"@type\":\"ListItem\",\"position\":2,\"name\":\"El CFP participa en el Consejo Municipal de Bienestar Social\"}]},{\"@type\":\"WebSite\",\"@id\":\"https:\\\/\\\/cfpmaresme.org\\\/#website\",\"url\":\"https:\\\/\\\/cfpmaresme.org\\\/\",\"name\":\"CFP Maresme\",\"description\":\"Centre Formaci\u00f3 Prevenci\u00f3\",\"potentialAction\":[{\"@type\":\"SearchAction\",\"target\":{\"@type\":\"EntryPoint\",\"urlTemplate\":\"https:\\\/\\\/cfpmaresme.org\\\/?s={search_term_string}\"},\"query-input\":{\"@type\":\"PropertyValueSpecification\",\"valueRequired\":true,\"valueName\":\"search_term_string\"}}],\"inLanguage\":\"es\"},{\"@type\":\"Person\",\"@id\":\"https:\\\/\\\/cfpmaresme.org\\\/#\\\/schema\\\/person\\\/b2634bcd796fafc667ea4055f61b9b2c\",\"name\":\"CFPMaresme\"}]}<\/script>\n<!-- \/ Yoast SEO plugin. -->","yoast_head_json":{"title":"El CFP participa en el Consejo Municipal de Bienestar Social | CFP Maresme","robots":{"index":"index","follow":"follow","max-snippet":"max-snippet:-1","max-image-preview":"max-image-preview:large","max-video-preview":"max-video-preview:-1"},"canonical":"https:\/\/cfpmaresme.org\/es\/el-cfp-participa-al-consell-municipal-de-benestar-social\/","og_locale":"es_ES","og_type":"article","og_title":"El CFP participa en el Consejo Municipal de Bienestar Social | CFP Maresme","og_description":"Las entidades sociales de la ciudad pusieron sobre la mesa diversas iniciativas encaminadas a formar parte del Programa de Actuaci\u00f3n Municipal del 2016 El pasado 5 de noviembre se celebr\u00f3 una sesi\u00f3n del Consejo Municipal de Bienestar Social a la que asisti\u00f3 el Centre de...","og_url":"https:\/\/cfpmaresme.org\/es\/el-cfp-participa-al-consell-municipal-de-benestar-social\/","og_site_name":"CFP Maresme","article_published_time":"2015-11-06T10:46:33+00:00","article_modified_time":"2021-07-07T14:08:48+00:00","og_image":[{"url":"https:\/\/centreformacioprevencio.files.wordpress.com\/2015\/12\/98ea7996-363b-49a4-b135-a118c3fd1337.png","type":"","width":"","height":""}],"author":"CFPMaresme","twitter_card":"summary_large_image","twitter_creator":"@cfpmaresme","twitter_site":"@cfpmaresme","twitter_misc":{"Escrito por":"CFPMaresme","Tiempo de lectura":"1 minuto"},"schema":{"@context":"https:\/\/schema.org","@graph":[{"@type":"Article","@id":"https:\/\/cfpmaresme.org\/es\/el-cfp-participa-al-consell-municipal-de-benestar-social\/#article","isPartOf":{"@id":"https:\/\/cfpmaresme.org\/es\/el-cfp-participa-al-consell-municipal-de-benestar-social\/"},"author":{"name":"CFPMaresme","@id":"https:\/\/cfpmaresme.org\/#\/schema\/person\/b2634bcd796fafc667ea4055f61b9b2c"},"headline":"El CFP participa en el Consejo Municipal de Bienestar Social","datePublished":"2015-11-06T10:46:33+00:00","dateModified":"2021-07-07T14:08:48+00:00","mainEntityOfPage":{"@id":"https:\/\/cfpmaresme.org\/es\/el-cfp-participa-al-consell-municipal-de-benestar-social\/"},"wordCount":301,"commentCount":0,"image":{"@id":"https:\/\/cfpmaresme.org\/es\/el-cfp-participa-al-consell-municipal-de-benestar-social\/#primaryimage"},"thumbnailUrl":"https:\/\/centreformacioprevencio.files.wordpress.com\/2015\/12\/98ea7996-363b-49a4-b135-a118c3fd1337.png","keywords":["actuaci\u00f3","centre","cfp","consell","entitats","formaci\u00f3","municipal","prevenci\u00f3","programa","social"],"articleSection":["CFP Maresme"],"inLanguage":"es"},{"@type":"WebPage","@id":"https:\/\/cfpmaresme.org\/es\/el-cfp-participa-al-consell-municipal-de-benestar-social\/","url":"https:\/\/cfpmaresme.org\/es\/el-cfp-participa-al-consell-municipal-de-benestar-social\/","name":"El CFP participa en el Consejo Municipal de Bienestar Social | CFP Maresme","isPartOf":{"@id":"https:\/\/cfpmaresme.org\/#website"},"primaryImageOfPage":{"@id":"https:\/\/cfpmaresme.org\/es\/el-cfp-participa-al-consell-municipal-de-benestar-social\/#primaryimage"},"image":{"@id":"https:\/\/cfpmaresme.org\/es\/el-cfp-participa-al-consell-municipal-de-benestar-social\/#primaryimage"},"thumbnailUrl":"https:\/\/centreformacioprevencio.files.wordpress.com\/2015\/12\/98ea7996-363b-49a4-b135-a118c3fd1337.png","datePublished":"2015-11-06T10:46:33+00:00","dateModified":"2021-07-07T14:08:48+00:00","author":{"@id":"https:\/\/cfpmaresme.org\/#\/schema\/person\/b2634bcd796fafc667ea4055f61b9b2c"},"breadcrumb":{"@id":"https:\/\/cfpmaresme.org\/es\/el-cfp-participa-al-consell-municipal-de-benestar-social\/#breadcrumb"},"inLanguage":"es","potentialAction":[{"@type":"ReadAction","target":["https:\/\/cfpmaresme.org\/es\/el-cfp-participa-al-consell-municipal-de-benestar-social\/"]}]},{"@type":"ImageObject","inLanguage":"es","@id":"https:\/\/cfpmaresme.org\/es\/el-cfp-participa-al-consell-municipal-de-benestar-social\/#primaryimage","url":"https:\/\/centreformacioprevencio.files.wordpress.com\/2015\/12\/98ea7996-363b-49a4-b135-a118c3fd1337.png","contentUrl":"https:\/\/centreformacioprevencio.files.wordpress.com\/2015\/12\/98ea7996-363b-49a4-b135-a118c3fd1337.png"},{"@type":"BreadcrumbList","@id":"https:\/\/cfpmaresme.org\/es\/el-cfp-participa-al-consell-municipal-de-benestar-social\/#breadcrumb","itemListElement":[{"@type":"ListItem","position":1,"name":"Home","item":"https:\/\/cfpmaresme.org\/es\/"},{"@type":"ListItem","position":2,"name":"El CFP participa en el Consejo Municipal de Bienestar Social"}]},{"@type":"WebSite","@id":"https:\/\/cfpmaresme.org\/#website","url":"https:\/\/cfpmaresme.org\/","name":"CFP Maresme","description":"Centre Formaci\u00f3 Prevenci\u00f3","potentialAction":[{"@type":"SearchAction","target":{"@type":"EntryPoint","urlTemplate":"https:\/\/cfpmaresme.org\/?s={search_term_string}"},"query-input":{"@type":"PropertyValueSpecification","valueRequired":true,"valueName":"search_term_string"}}],"inLanguage":"es"},{"@type":"Person","@id":"https:\/\/cfpmaresme.org\/#\/schema\/person\/b2634bcd796fafc667ea4055f61b9b2c","name":"CFPMaresme"}]}},"_links":{"self":[{"href":"https:\/\/cfpmaresme.org\/es\/wp-json\/wp\/v2\/posts\/17001","targetHints":{"allow":["GET"]}}],"collection":[{"href":"https:\/\/cfpmaresme.org\/es\/wp-json\/wp\/v2\/posts"}],"about":[{"href":"https:\/\/cfpmaresme.org\/es\/wp-json\/wp\/v2\/types\/post"}],"author":[{"embeddable":true,"href":"https:\/\/cfpmaresme.org\/es\/wp-json\/wp\/v2\/users\/2"}],"replies":[{"embeddable":true,"href":"https:\/\/cfpmaresme.org\/es\/wp-json\/wp\/v2\/comments?post=17001"}],"version-history":[{"count":3,"href":"https:\/\/cfpmaresme.org\/es\/wp-json\/wp\/v2\/posts\/17001\/revisions"}],"predecessor-version":[{"id":25696,"href":"https:\/\/cfpmaresme.org\/es\/wp-json\/wp\/v2\/posts\/17001\/revisions\/25696"}],"wp:attachment":[{"href":"https:\/\/cfpmaresme.org\/es\/wp-json\/wp\/v2\/media?parent=17001"}],"wp:term":[{"taxonomy":"category","embeddable":true,"href":"https:\/\/cfpmaresme.org\/es\/wp-json\/wp\/v2\/categories?post=17001"},{"taxonomy":"post_tag","embeddable":true,"href":"https:\/\/cfpmaresme.org\/es\/wp-json\/wp\/v2\/tags?post=17001"}],"curies":[{"name":"wp","href":"https:\/\/api.w.org\/{rel}","templated":true}]}}