{"id":17005,"date":"2015-10-15T11:29:00","date_gmt":"2015-10-15T11:29:00","guid":{"rendered":"http:\/\/cfpmaresme.org\/la-fedaia-presenta-la-seva-nova-campanya-lainfancianopotesperar\/"},"modified":"2021-05-12T14:50:16","modified_gmt":"2021-05-12T12:50:16","slug":"la-fedaia-presenta-la-seva-nova-campanya-lainfancianopotesperar","status":"publish","type":"post","link":"https:\/\/cfpmaresme.org\/es\/la-fedaia-presenta-la-seva-nova-campanya-lainfancianopotesperar\/","title":{"rendered":"Responsables del CRAE Mas Sant Jordi asisten al 19\u00e8 Forum de la Fedaia"},"content":{"rendered":"<p style=\"text-align: justify;\">Jaume Clup\u00e9s, director del CFP y ex-presidente de la instituci\u00f3n, tambi\u00e9n estuvo presente en esta cita anual<\/p>\n<p style=\"text-align: justify;\"><a href=\"https:\/\/centreformacioprevencio.files.wordpress.com\/2015\/10\/fedaia-1024x508.jpg\"><img loading=\"lazy\" decoding=\"async\" class=\"aligncenter size-large wp-image-505\" src=\"https:\/\/centreformacioprevencio.files.wordpress.com\/2015\/10\/fedaia-1024x508.jpg?w=660\" alt=\"\" width=\"660\" height=\"327\" \/><\/a><\/p>\n<p style=\"text-align: justify;\">Los pasados d\u00edas 14 y 15 de octubre Fedaia, la federaci\u00f3n de entidades catalanas que defienden los derechos de los infantes en situaciones de pobreza o desamparo, celebr\u00f3 su 19\u00ba Forum. Responsables del Centre Residencial de Acci\u00f3n Educativa asistieron a la reuni\u00f3n que sirvi\u00f3 para presentar una nueva campa\u00f1a llamada \u00abLa infancia no puede esperar\u00bb, con el objetivo de conseguir mejoras en la atenci\u00f3n a los menores de nuestro pa\u00eds.<\/p>\n<p style=\"text-align: justify;\"><!--more--><\/p>\n<p style=\"text-align: justify;\">Jaume Clup\u00e9s, director del Centre de Formaci\u00f3 i Prevenci\u00f3 y ex-presidente de la Fedaia, tambi\u00e9n estuvo presente en estas jornadas donde se dieron a conocer muchas novedades. Clup\u00e9s y sus compa\u00f1eros de federaci\u00f3n quisieron hacer realidad la PEUC, una prestaci\u00f3n para los infantesde 2500 euros anuales que contribuir\u00eda significativamente a pagar su manutenci\u00f3n, a la que muchas familias no pueden llegar.<\/p>\n<p style=\"text-align: justify;\">Tambi\u00e9n lso aspectos como la mejora efectiva del nivel educativo que permita afrontar con m\u00e1s garant\u00edas a los ni\u00f1os y ni\u00f1as su futuro as\u00ed como evitar el abandono escolar han sido puestas sobre la mesa. Ahora que en manos de la administraci\u00f3n atender estas demandas tan necesarias para asegurar un mejor desarrollo de todos los \u00e1mbitos en los cuales los infantes son los protagonistas.<\/p>\n","protected":false},"excerpt":{"rendered":"<p>Jaume Clup\u00e9s, director del CFP y ex-presidente de la instituci\u00f3n, tambi\u00e9n estuvo presente en esta cita anual Los pasados d\u00edas 14 y 15 de octubre Fedaia, la federaci\u00f3n de entidades catalanas que defienden los derechos de los infantes en situaciones de pobreza o desamparo, celebr\u00f3&#8230;<\/p>\n","protected":false},"author":2,"featured_media":0,"comment_status":"open","ping_status":"open","sticky":false,"template":"","format":"standard","meta":{"footnotes":""},"categories":[1144,1243],"tags":[670,989,673],"class_list":["post-17005","post","type-post","status-publish","format-standard","hentry","category-infancia-y-familia","category-crae","tag-clupes-es","tag-fedaia-es","tag-jaume-es"],"yoast_head":"<!-- This site is optimized with the Yoast SEO plugin v27.4 - https:\/\/yoast.com\/product\/yoast-seo-wordpress\/ -->\n<title>Responsables del CRAE Mas Sant Jordi asisten al 19\u00e8 Forum de la Fedaia | CFP Maresme<\/title>\n<meta name=\"robots\" content=\"index, follow, max-snippet:-1, max-image-preview:large, max-video-preview:-1\" \/>\n<link rel=\"canonical\" href=\"https:\/\/cfpmaresme.org\/es\/la-fedaia-presenta-la-seva-nova-campanya-lainfancianopotesperar\/\" \/>\n<meta property=\"og:locale\" content=\"es_ES\" \/>\n<meta property=\"og:type\" content=\"article\" \/>\n<meta property=\"og:title\" content=\"Responsables del CRAE Mas Sant Jordi asisten al 19\u00e8 Forum de la Fedaia | CFP Maresme\" \/>\n<meta property=\"og:description\" content=\"Jaume Clup\u00e9s, director del CFP y ex-presidente de la instituci\u00f3n, tambi\u00e9n estuvo presente en esta cita anual Los pasados d\u00edas 14 y 15 de octubre Fedaia, la federaci\u00f3n de entidades catalanas que defienden los derechos de los infantes en situaciones de pobreza o desamparo, celebr\u00f3...\" \/>\n<meta property=\"og:url\" content=\"https:\/\/cfpmaresme.org\/es\/la-fedaia-presenta-la-seva-nova-campanya-lainfancianopotesperar\/\" \/>\n<meta property=\"og:site_name\" content=\"CFP Maresme\" \/>\n<meta property=\"article:published_time\" content=\"2015-10-15T11:29:00+00:00\" \/>\n<meta property=\"article:modified_time\" content=\"2021-05-12T12:50:16+00:00\" \/>\n<meta property=\"og:image\" content=\"https:\/\/centreformacioprevencio.files.wordpress.com\/2015\/10\/fedaia-1024x508.jpg?w=660\" \/>\n<meta name=\"author\" content=\"CFPMaresme\" \/>\n<meta name=\"twitter:card\" content=\"summary_large_image\" \/>\n<meta name=\"twitter:creator\" content=\"@cfpmaresme\" \/>\n<meta name=\"twitter:site\" content=\"@cfpmaresme\" \/>\n<meta name=\"twitter:label1\" content=\"Escrito por\" \/>\n\t<meta name=\"twitter:data1\" content=\"CFPMaresme\" \/>\n\t<meta name=\"twitter:label2\" content=\"Tiempo de lectura\" \/>\n\t<meta name=\"twitter:data2\" content=\"1 minuto\" \/>\n<script type=\"application\/ld+json\" class=\"yoast-schema-graph\">{\"@context\":\"https:\\\/\\\/schema.org\",\"@graph\":[{\"@type\":\"Article\",\"@id\":\"https:\\\/\\\/cfpmaresme.org\\\/es\\\/la-fedaia-presenta-la-seva-nova-campanya-lainfancianopotesperar\\\/#article\",\"isPartOf\":{\"@id\":\"https:\\\/\\\/cfpmaresme.org\\\/es\\\/la-fedaia-presenta-la-seva-nova-campanya-lainfancianopotesperar\\\/\"},\"author\":{\"name\":\"CFPMaresme\",\"@id\":\"https:\\\/\\\/cfpmaresme.org\\\/#\\\/schema\\\/person\\\/b2634bcd796fafc667ea4055f61b9b2c\"},\"headline\":\"Responsables del CRAE Mas Sant Jordi asisten al 19\u00e8 Forum de la Fedaia\",\"datePublished\":\"2015-10-15T11:29:00+00:00\",\"dateModified\":\"2021-05-12T12:50:16+00:00\",\"mainEntityOfPage\":{\"@id\":\"https:\\\/\\\/cfpmaresme.org\\\/es\\\/la-fedaia-presenta-la-seva-nova-campanya-lainfancianopotesperar\\\/\"},\"wordCount\":244,\"commentCount\":0,\"image\":{\"@id\":\"https:\\\/\\\/cfpmaresme.org\\\/es\\\/la-fedaia-presenta-la-seva-nova-campanya-lainfancianopotesperar\\\/#primaryimage\"},\"thumbnailUrl\":\"https:\\\/\\\/centreformacioprevencio.files.wordpress.com\\\/2015\\\/10\\\/fedaia-1024x508.jpg?w=660\",\"keywords\":[\"clup\u00e9s\",\"fedaia\",\"jaume\"],\"articleSection\":[\"\u00c1rea de infancia, adolescencia y fam\u00edlia\",\"CRAE\"],\"inLanguage\":\"es\"},{\"@type\":\"WebPage\",\"@id\":\"https:\\\/\\\/cfpmaresme.org\\\/es\\\/la-fedaia-presenta-la-seva-nova-campanya-lainfancianopotesperar\\\/\",\"url\":\"https:\\\/\\\/cfpmaresme.org\\\/es\\\/la-fedaia-presenta-la-seva-nova-campanya-lainfancianopotesperar\\\/\",\"name\":\"Responsables del CRAE Mas Sant Jordi asisten al 19\u00e8 Forum de la Fedaia | CFP Maresme\",\"isPartOf\":{\"@id\":\"https:\\\/\\\/cfpmaresme.org\\\/#website\"},\"primaryImageOfPage\":{\"@id\":\"https:\\\/\\\/cfpmaresme.org\\\/es\\\/la-fedaia-presenta-la-seva-nova-campanya-lainfancianopotesperar\\\/#primaryimage\"},\"image\":{\"@id\":\"https:\\\/\\\/cfpmaresme.org\\\/es\\\/la-fedaia-presenta-la-seva-nova-campanya-lainfancianopotesperar\\\/#primaryimage\"},\"thumbnailUrl\":\"https:\\\/\\\/centreformacioprevencio.files.wordpress.com\\\/2015\\\/10\\\/fedaia-1024x508.jpg?w=660\",\"datePublished\":\"2015-10-15T11:29:00+00:00\",\"dateModified\":\"2021-05-12T12:50:16+00:00\",\"author\":{\"@id\":\"https:\\\/\\\/cfpmaresme.org\\\/#\\\/schema\\\/person\\\/b2634bcd796fafc667ea4055f61b9b2c\"},\"breadcrumb\":{\"@id\":\"https:\\\/\\\/cfpmaresme.org\\\/es\\\/la-fedaia-presenta-la-seva-nova-campanya-lainfancianopotesperar\\\/#breadcrumb\"},\"inLanguage\":\"es\",\"potentialAction\":[{\"@type\":\"ReadAction\",\"target\":[\"https:\\\/\\\/cfpmaresme.org\\\/es\\\/la-fedaia-presenta-la-seva-nova-campanya-lainfancianopotesperar\\\/\"]}]},{\"@type\":\"ImageObject\",\"inLanguage\":\"es\",\"@id\":\"https:\\\/\\\/cfpmaresme.org\\\/es\\\/la-fedaia-presenta-la-seva-nova-campanya-lainfancianopotesperar\\\/#primaryimage\",\"url\":\"https:\\\/\\\/centreformacioprevencio.files.wordpress.com\\\/2015\\\/10\\\/fedaia-1024x508.jpg?w=660\",\"contentUrl\":\"https:\\\/\\\/centreformacioprevencio.files.wordpress.com\\\/2015\\\/10\\\/fedaia-1024x508.jpg?w=660\"},{\"@type\":\"BreadcrumbList\",\"@id\":\"https:\\\/\\\/cfpmaresme.org\\\/es\\\/la-fedaia-presenta-la-seva-nova-campanya-lainfancianopotesperar\\\/#breadcrumb\",\"itemListElement\":[{\"@type\":\"ListItem\",\"position\":1,\"name\":\"Home\",\"item\":\"https:\\\/\\\/cfpmaresme.org\\\/es\\\/\"},{\"@type\":\"ListItem\",\"position\":2,\"name\":\"Responsables del CRAE Mas Sant Jordi asisten al 19\u00e8 Forum de la Fedaia\"}]},{\"@type\":\"WebSite\",\"@id\":\"https:\\\/\\\/cfpmaresme.org\\\/#website\",\"url\":\"https:\\\/\\\/cfpmaresme.org\\\/\",\"name\":\"CFP Maresme\",\"description\":\"Centre Formaci\u00f3 Prevenci\u00f3\",\"potentialAction\":[{\"@type\":\"SearchAction\",\"target\":{\"@type\":\"EntryPoint\",\"urlTemplate\":\"https:\\\/\\\/cfpmaresme.org\\\/?s={search_term_string}\"},\"query-input\":{\"@type\":\"PropertyValueSpecification\",\"valueRequired\":true,\"valueName\":\"search_term_string\"}}],\"inLanguage\":\"es\"},{\"@type\":\"Person\",\"@id\":\"https:\\\/\\\/cfpmaresme.org\\\/#\\\/schema\\\/person\\\/b2634bcd796fafc667ea4055f61b9b2c\",\"name\":\"CFPMaresme\"}]}<\/script>\n<!-- \/ Yoast SEO plugin. -->","yoast_head_json":{"title":"Responsables del CRAE Mas Sant Jordi asisten al 19\u00e8 Forum de la Fedaia | CFP Maresme","robots":{"index":"index","follow":"follow","max-snippet":"max-snippet:-1","max-image-preview":"max-image-preview:large","max-video-preview":"max-video-preview:-1"},"canonical":"https:\/\/cfpmaresme.org\/es\/la-fedaia-presenta-la-seva-nova-campanya-lainfancianopotesperar\/","og_locale":"es_ES","og_type":"article","og_title":"Responsables del CRAE Mas Sant Jordi asisten al 19\u00e8 Forum de la Fedaia | CFP Maresme","og_description":"Jaume Clup\u00e9s, director del CFP y ex-presidente de la instituci\u00f3n, tambi\u00e9n estuvo presente en esta cita anual Los pasados d\u00edas 14 y 15 de octubre Fedaia, la federaci\u00f3n de entidades catalanas que defienden los derechos de los infantes en situaciones de pobreza o desamparo, celebr\u00f3...","og_url":"https:\/\/cfpmaresme.org\/es\/la-fedaia-presenta-la-seva-nova-campanya-lainfancianopotesperar\/","og_site_name":"CFP Maresme","article_published_time":"2015-10-15T11:29:00+00:00","article_modified_time":"2021-05-12T12:50:16+00:00","og_image":[{"url":"https:\/\/centreformacioprevencio.files.wordpress.com\/2015\/10\/fedaia-1024x508.jpg?w=660","type":"","width":"","height":""}],"author":"CFPMaresme","twitter_card":"summary_large_image","twitter_creator":"@cfpmaresme","twitter_site":"@cfpmaresme","twitter_misc":{"Escrito por":"CFPMaresme","Tiempo de lectura":"1 minuto"},"schema":{"@context":"https:\/\/schema.org","@graph":[{"@type":"Article","@id":"https:\/\/cfpmaresme.org\/es\/la-fedaia-presenta-la-seva-nova-campanya-lainfancianopotesperar\/#article","isPartOf":{"@id":"https:\/\/cfpmaresme.org\/es\/la-fedaia-presenta-la-seva-nova-campanya-lainfancianopotesperar\/"},"author":{"name":"CFPMaresme","@id":"https:\/\/cfpmaresme.org\/#\/schema\/person\/b2634bcd796fafc667ea4055f61b9b2c"},"headline":"Responsables del CRAE Mas Sant Jordi asisten al 19\u00e8 Forum de la Fedaia","datePublished":"2015-10-15T11:29:00+00:00","dateModified":"2021-05-12T12:50:16+00:00","mainEntityOfPage":{"@id":"https:\/\/cfpmaresme.org\/es\/la-fedaia-presenta-la-seva-nova-campanya-lainfancianopotesperar\/"},"wordCount":244,"commentCount":0,"image":{"@id":"https:\/\/cfpmaresme.org\/es\/la-fedaia-presenta-la-seva-nova-campanya-lainfancianopotesperar\/#primaryimage"},"thumbnailUrl":"https:\/\/centreformacioprevencio.files.wordpress.com\/2015\/10\/fedaia-1024x508.jpg?w=660","keywords":["clup\u00e9s","fedaia","jaume"],"articleSection":["\u00c1rea de infancia, adolescencia y fam\u00edlia","CRAE"],"inLanguage":"es"},{"@type":"WebPage","@id":"https:\/\/cfpmaresme.org\/es\/la-fedaia-presenta-la-seva-nova-campanya-lainfancianopotesperar\/","url":"https:\/\/cfpmaresme.org\/es\/la-fedaia-presenta-la-seva-nova-campanya-lainfancianopotesperar\/","name":"Responsables del CRAE Mas Sant Jordi asisten al 19\u00e8 Forum de la Fedaia | CFP Maresme","isPartOf":{"@id":"https:\/\/cfpmaresme.org\/#website"},"primaryImageOfPage":{"@id":"https:\/\/cfpmaresme.org\/es\/la-fedaia-presenta-la-seva-nova-campanya-lainfancianopotesperar\/#primaryimage"},"image":{"@id":"https:\/\/cfpmaresme.org\/es\/la-fedaia-presenta-la-seva-nova-campanya-lainfancianopotesperar\/#primaryimage"},"thumbnailUrl":"https:\/\/centreformacioprevencio.files.wordpress.com\/2015\/10\/fedaia-1024x508.jpg?w=660","datePublished":"2015-10-15T11:29:00+00:00","dateModified":"2021-05-12T12:50:16+00:00","author":{"@id":"https:\/\/cfpmaresme.org\/#\/schema\/person\/b2634bcd796fafc667ea4055f61b9b2c"},"breadcrumb":{"@id":"https:\/\/cfpmaresme.org\/es\/la-fedaia-presenta-la-seva-nova-campanya-lainfancianopotesperar\/#breadcrumb"},"inLanguage":"es","potentialAction":[{"@type":"ReadAction","target":["https:\/\/cfpmaresme.org\/es\/la-fedaia-presenta-la-seva-nova-campanya-lainfancianopotesperar\/"]}]},{"@type":"ImageObject","inLanguage":"es","@id":"https:\/\/cfpmaresme.org\/es\/la-fedaia-presenta-la-seva-nova-campanya-lainfancianopotesperar\/#primaryimage","url":"https:\/\/centreformacioprevencio.files.wordpress.com\/2015\/10\/fedaia-1024x508.jpg?w=660","contentUrl":"https:\/\/centreformacioprevencio.files.wordpress.com\/2015\/10\/fedaia-1024x508.jpg?w=660"},{"@type":"BreadcrumbList","@id":"https:\/\/cfpmaresme.org\/es\/la-fedaia-presenta-la-seva-nova-campanya-lainfancianopotesperar\/#breadcrumb","itemListElement":[{"@type":"ListItem","position":1,"name":"Home","item":"https:\/\/cfpmaresme.org\/es\/"},{"@type":"ListItem","position":2,"name":"Responsables del CRAE Mas Sant Jordi asisten al 19\u00e8 Forum de la Fedaia"}]},{"@type":"WebSite","@id":"https:\/\/cfpmaresme.org\/#website","url":"https:\/\/cfpmaresme.org\/","name":"CFP Maresme","description":"Centre Formaci\u00f3 Prevenci\u00f3","potentialAction":[{"@type":"SearchAction","target":{"@type":"EntryPoint","urlTemplate":"https:\/\/cfpmaresme.org\/?s={search_term_string}"},"query-input":{"@type":"PropertyValueSpecification","valueRequired":true,"valueName":"search_term_string"}}],"inLanguage":"es"},{"@type":"Person","@id":"https:\/\/cfpmaresme.org\/#\/schema\/person\/b2634bcd796fafc667ea4055f61b9b2c","name":"CFPMaresme"}]}},"_links":{"self":[{"href":"https:\/\/cfpmaresme.org\/es\/wp-json\/wp\/v2\/posts\/17005","targetHints":{"allow":["GET"]}}],"collection":[{"href":"https:\/\/cfpmaresme.org\/es\/wp-json\/wp\/v2\/posts"}],"about":[{"href":"https:\/\/cfpmaresme.org\/es\/wp-json\/wp\/v2\/types\/post"}],"author":[{"embeddable":true,"href":"https:\/\/cfpmaresme.org\/es\/wp-json\/wp\/v2\/users\/2"}],"replies":[{"embeddable":true,"href":"https:\/\/cfpmaresme.org\/es\/wp-json\/wp\/v2\/comments?post=17005"}],"version-history":[{"count":4,"href":"https:\/\/cfpmaresme.org\/es\/wp-json\/wp\/v2\/posts\/17005\/revisions"}],"predecessor-version":[{"id":24763,"href":"https:\/\/cfpmaresme.org\/es\/wp-json\/wp\/v2\/posts\/17005\/revisions\/24763"}],"wp:attachment":[{"href":"https:\/\/cfpmaresme.org\/es\/wp-json\/wp\/v2\/media?parent=17005"}],"wp:term":[{"taxonomy":"category","embeddable":true,"href":"https:\/\/cfpmaresme.org\/es\/wp-json\/wp\/v2\/categories?post=17005"},{"taxonomy":"post_tag","embeddable":true,"href":"https:\/\/cfpmaresme.org\/es\/wp-json\/wp\/v2\/tags?post=17005"}],"curies":[{"name":"wp","href":"https:\/\/api.w.org\/{rel}","templated":true}]}}