{"id":17007,"date":"2015-10-13T10:10:19","date_gmt":"2015-10-13T10:10:19","guid":{"rendered":"http:\/\/cfpmaresme.org\/el-cfp-col%e2%80%a2labora-en-la-festa-solidaria-del-dia-mundial-de-la-salut-mental\/"},"modified":"2021-07-09T13:44:50","modified_gmt":"2021-07-09T11:44:50","slug":"el-cfp-col%e2%80%a2labora-en-la-festa-solidaria-del-dia-mundial-de-la-salut-mental","status":"publish","type":"post","link":"https:\/\/cfpmaresme.org\/es\/el-cfp-col%e2%80%a2labora-en-la-festa-solidaria-del-dia-mundial-de-la-salut-mental\/","title":{"rendered":"El CFP colabora en la fiesta solidaria del Dia Mundial de la Salud Mental"},"content":{"rendered":"<p style=\"text-align: justify;\"><strong>El pasado 9 de octubre usuarios y educadores del centro se desplazaron hasta Plaza Universidad de Barcelona para participar en los actos preparados para la diada<\/strong><\/p>\n<p><a href=\"https:\/\/centreformacioprevencio.files.wordpress.com\/2015\/10\/dsc_1469.jpg\"><img loading=\"lazy\" decoding=\"async\" class=\"aligncenter size-large wp-image-373\" src=\"https:\/\/centreformacioprevencio.files.wordpress.com\/2015\/10\/dsc_1469.jpg?w=660\" alt=\"DSC_1469\" width=\"660\" height=\"371\" srcset=\"https:\/\/cfpmaresme.org\/wp-content\/uploads\/2015\/10\/dsc_1469.jpg 3840w, https:\/\/cfpmaresme.org\/wp-content\/uploads\/2015\/10\/dsc_1469-300x169.jpg 300w, https:\/\/cfpmaresme.org\/wp-content\/uploads\/2015\/10\/dsc_1469-768x432.jpg 768w, https:\/\/cfpmaresme.org\/wp-content\/uploads\/2015\/10\/dsc_1469-1024x576.jpg 1024w, https:\/\/cfpmaresme.org\/wp-content\/uploads\/2015\/10\/dsc_1469-700x394.jpg 700w, https:\/\/cfpmaresme.org\/wp-content\/uploads\/2015\/10\/dsc_1469-539x303.jpg 539w\" sizes=\"auto, (max-width: 660px) 100vw, 660px\" \/><\/a><\/p>\n<p style=\"text-align: justify;\">El CFP no se quiso perder la oportunidad de celebrar el D\u00eda Mundial de la Salud Mental este pasado 9 de octubre. Educadores y usuarios de los distintos servicios que desarrolla la asociaci\u00f3n salieron rumbo a Barcelona para participar en los actos que F\u00f2rum Salut Mental hab\u00eda organizado para la ocasi\u00f3n en la Plaza Universidad de Barcelona.<\/p>\n<p style=\"text-align: justify;\"><!--more--><\/p>\n<p style=\"text-align: justify;\">Durante el acto se organizaron distintas actividades donde la gente pod\u00eda demostrar su compromiso en la mejora de la salud mental de las personas. As\u00ed pues, se montaron unos espejos en los que los que quisieran se pod\u00edan hacer un \u201cselfie\u201d o un mural donde escribir mensajes relacionados con la tem\u00e1tica de la diada. Tambi\u00e9n las distintas asociaciones implicadas ten\u00edan sus paradas donde la gente se pod\u00eda informar de sus actuaciones y proyectos.<\/p>\n<p><a href=\"https:\/\/centreformacioprevencio.files.wordpress.com\/2015\/10\/12049382_10156147740215634_4270451253389024143_n.jpg\"><img loading=\"lazy\" decoding=\"async\" class=\"aligncenter size-large wp-image-370\" src=\"https:\/\/centreformacioprevencio.files.wordpress.com\/2015\/10\/12049382_10156147740215634_4270451253389024143_n.jpg?w=660\" alt=\"\" width=\"660\" height=\"371\" srcset=\"https:\/\/cfpmaresme.org\/wp-content\/uploads\/2015\/10\/12049382_10156147740215634_4270451253389024143_n.jpg 960w, https:\/\/cfpmaresme.org\/wp-content\/uploads\/2015\/10\/12049382_10156147740215634_4270451253389024143_n-300x169.jpg 300w, https:\/\/cfpmaresme.org\/wp-content\/uploads\/2015\/10\/12049382_10156147740215634_4270451253389024143_n-768x432.jpg 768w, https:\/\/cfpmaresme.org\/wp-content\/uploads\/2015\/10\/12049382_10156147740215634_4270451253389024143_n-700x394.jpg 700w, https:\/\/cfpmaresme.org\/wp-content\/uploads\/2015\/10\/12049382_10156147740215634_4270451253389024143_n-539x303.jpg 539w\" sizes=\"auto, (max-width: 660px) 100vw, 660px\" \/><\/a><\/p>\n<p style=\"text-align: justify;\">Fueron muchas las personas que se acercaron a la parada del Centre de Formaci\u00f3 i Prevenci\u00f3 para preguntar sobre los cursos laborales, la producci\u00f3n de los huevos ecol\u00f3gicos de la granja La Klosca, el servicio de intercambio de libros de Llibre Actiu, el programa art\u00edstico para la integraci\u00f3n de\u00a0 AlterArte y otras actividades que llevamos a cabo desde la entidad.<\/p>\n<p style=\"text-align: justify;\">Para finalizar la jornada, se repartieron unas piezas de Tetris que los asistentes ten\u00edan que levantar en un momento y se interpret\u00f3 una canci\u00f3n que inclu\u00eda el hashtag #socelreflexdelasalutmental, que tuvo mucha presencia en las redes sociales. Por \u00faltimo, la Consejera de Bienestar Social y Familia y\u00a0 Subpresidenta de la Generalitat, Neus Munt\u00e9, y la comisionada de salud del Ayuntamiento\u00a0 de Barcelona, Gemma Tarafa, dirigieron los discursos institucionales para poner punto y final a unos actos con un claro tono solidario y reivindicativo.<\/p>\n","protected":false},"excerpt":{"rendered":"<p>El pasado 9 de octubre usuarios y educadores del centro se desplazaron hasta Plaza Universidad de Barcelona para participar en los actos preparados para la diada El CFP no se quiso perder la oportunidad de celebrar el D\u00eda Mundial de la Salud Mental este pasado&#8230;<\/p>\n","protected":false},"author":2,"featured_media":0,"comment_status":"open","ping_status":"open","sticky":false,"template":"","format":"standard","meta":{"footnotes":""},"categories":[1187],"tags":[990,626,639,709,630,937,671,635,662,636,706,925,638,681],"class_list":["post-17007","post","type-post","status-publish","format-standard","hentry","category-cfp-maresme-es","tag-acte-es","tag-actiu-es","tag-activitat-es","tag-alterarte-es","tag-centre-es","tag-cursos-es","tag-dia-es","tag-formacio-es","tag-klosca-es","tag-llibre-es","tag-mental-es","tag-mundial-es","tag-prevencio-es","tag-salut-es"],"yoast_head":"<!-- This site is optimized with the Yoast SEO plugin v27.4 - https:\/\/yoast.com\/product\/yoast-seo-wordpress\/ -->\n<title>El CFP colabora en la fiesta solidaria del Dia Mundial de la Salud Mental | CFP Maresme<\/title>\n<meta name=\"robots\" content=\"index, follow, max-snippet:-1, max-image-preview:large, max-video-preview:-1\" \/>\n<link rel=\"canonical\" href=\"https:\/\/cfpmaresme.org\/es\/el-cfp-col\u2022labora-en-la-festa-solidaria-del-dia-mundial-de-la-salut-mental\/\" \/>\n<meta property=\"og:locale\" content=\"es_ES\" \/>\n<meta property=\"og:type\" content=\"article\" \/>\n<meta property=\"og:title\" content=\"El CFP colabora en la fiesta solidaria del Dia Mundial de la Salud Mental | CFP Maresme\" \/>\n<meta property=\"og:description\" content=\"El pasado 9 de octubre usuarios y educadores del centro se desplazaron hasta Plaza Universidad de Barcelona para participar en los actos preparados para la diada El CFP no se quiso perder la oportunidad de celebrar el D\u00eda Mundial de la Salud Mental este pasado...\" \/>\n<meta property=\"og:url\" content=\"https:\/\/cfpmaresme.org\/es\/el-cfp-col\u2022labora-en-la-festa-solidaria-del-dia-mundial-de-la-salut-mental\/\" \/>\n<meta property=\"og:site_name\" content=\"CFP Maresme\" \/>\n<meta property=\"article:published_time\" content=\"2015-10-13T10:10:19+00:00\" \/>\n<meta property=\"article:modified_time\" content=\"2021-07-09T11:44:50+00:00\" \/>\n<meta property=\"og:image\" content=\"https:\/\/centreformacioprevencio.files.wordpress.com\/2015\/10\/dsc_1469.jpg?w=660\" \/>\n<meta name=\"author\" content=\"CFPMaresme\" \/>\n<meta name=\"twitter:card\" content=\"summary_large_image\" \/>\n<meta name=\"twitter:creator\" content=\"@cfpmaresme\" \/>\n<meta name=\"twitter:site\" content=\"@cfpmaresme\" \/>\n<meta name=\"twitter:label1\" content=\"Escrito por\" \/>\n\t<meta name=\"twitter:data1\" content=\"CFPMaresme\" \/>\n\t<meta name=\"twitter:label2\" content=\"Tiempo de lectura\" \/>\n\t<meta name=\"twitter:data2\" content=\"2 minutos\" \/>\n<script type=\"application\/ld+json\" class=\"yoast-schema-graph\">{\"@context\":\"https:\\\/\\\/schema.org\",\"@graph\":[{\"@type\":\"Article\",\"@id\":\"https:\\\/\\\/cfpmaresme.org\\\/es\\\/el-cfp-col%e2%80%a2labora-en-la-festa-solidaria-del-dia-mundial-de-la-salut-mental\\\/#article\",\"isPartOf\":{\"@id\":\"https:\\\/\\\/cfpmaresme.org\\\/es\\\/el-cfp-col%e2%80%a2labora-en-la-festa-solidaria-del-dia-mundial-de-la-salut-mental\\\/\"},\"author\":{\"name\":\"CFPMaresme\",\"@id\":\"https:\\\/\\\/cfpmaresme.org\\\/#\\\/schema\\\/person\\\/b2634bcd796fafc667ea4055f61b9b2c\"},\"headline\":\"El CFP colabora en la fiesta solidaria del Dia Mundial de la Salud Mental\",\"datePublished\":\"2015-10-13T10:10:19+00:00\",\"dateModified\":\"2021-07-09T11:44:50+00:00\",\"mainEntityOfPage\":{\"@id\":\"https:\\\/\\\/cfpmaresme.org\\\/es\\\/el-cfp-col%e2%80%a2labora-en-la-festa-solidaria-del-dia-mundial-de-la-salut-mental\\\/\"},\"wordCount\":329,\"commentCount\":0,\"image\":{\"@id\":\"https:\\\/\\\/cfpmaresme.org\\\/es\\\/el-cfp-col%e2%80%a2labora-en-la-festa-solidaria-del-dia-mundial-de-la-salut-mental\\\/#primaryimage\"},\"thumbnailUrl\":\"https:\\\/\\\/centreformacioprevencio.files.wordpress.com\\\/2015\\\/10\\\/dsc_1469.jpg?w=660\",\"keywords\":[\"acte\",\"actiu\",\"activitat\",\"alterarte\",\"centre\",\"cursos\",\"dia\",\"formaci\u00f3\",\"klosca\",\"llibre\",\"mental\",\"mundial\",\"prevenci\u00f3\",\"salut\"],\"articleSection\":[\"CFP Maresme\"],\"inLanguage\":\"es\"},{\"@type\":\"WebPage\",\"@id\":\"https:\\\/\\\/cfpmaresme.org\\\/es\\\/el-cfp-col%e2%80%a2labora-en-la-festa-solidaria-del-dia-mundial-de-la-salut-mental\\\/\",\"url\":\"https:\\\/\\\/cfpmaresme.org\\\/es\\\/el-cfp-col%e2%80%a2labora-en-la-festa-solidaria-del-dia-mundial-de-la-salut-mental\\\/\",\"name\":\"El CFP colabora en la fiesta solidaria del Dia Mundial de la Salud Mental | CFP Maresme\",\"isPartOf\":{\"@id\":\"https:\\\/\\\/cfpmaresme.org\\\/#website\"},\"primaryImageOfPage\":{\"@id\":\"https:\\\/\\\/cfpmaresme.org\\\/es\\\/el-cfp-col%e2%80%a2labora-en-la-festa-solidaria-del-dia-mundial-de-la-salut-mental\\\/#primaryimage\"},\"image\":{\"@id\":\"https:\\\/\\\/cfpmaresme.org\\\/es\\\/el-cfp-col%e2%80%a2labora-en-la-festa-solidaria-del-dia-mundial-de-la-salut-mental\\\/#primaryimage\"},\"thumbnailUrl\":\"https:\\\/\\\/centreformacioprevencio.files.wordpress.com\\\/2015\\\/10\\\/dsc_1469.jpg?w=660\",\"datePublished\":\"2015-10-13T10:10:19+00:00\",\"dateModified\":\"2021-07-09T11:44:50+00:00\",\"author\":{\"@id\":\"https:\\\/\\\/cfpmaresme.org\\\/#\\\/schema\\\/person\\\/b2634bcd796fafc667ea4055f61b9b2c\"},\"breadcrumb\":{\"@id\":\"https:\\\/\\\/cfpmaresme.org\\\/es\\\/el-cfp-col%e2%80%a2labora-en-la-festa-solidaria-del-dia-mundial-de-la-salut-mental\\\/#breadcrumb\"},\"inLanguage\":\"es\",\"potentialAction\":[{\"@type\":\"ReadAction\",\"target\":[\"https:\\\/\\\/cfpmaresme.org\\\/es\\\/el-cfp-col%e2%80%a2labora-en-la-festa-solidaria-del-dia-mundial-de-la-salut-mental\\\/\"]}]},{\"@type\":\"ImageObject\",\"inLanguage\":\"es\",\"@id\":\"https:\\\/\\\/cfpmaresme.org\\\/es\\\/el-cfp-col%e2%80%a2labora-en-la-festa-solidaria-del-dia-mundial-de-la-salut-mental\\\/#primaryimage\",\"url\":\"https:\\\/\\\/centreformacioprevencio.files.wordpress.com\\\/2015\\\/10\\\/dsc_1469.jpg?w=660\",\"contentUrl\":\"https:\\\/\\\/centreformacioprevencio.files.wordpress.com\\\/2015\\\/10\\\/dsc_1469.jpg?w=660\"},{\"@type\":\"BreadcrumbList\",\"@id\":\"https:\\\/\\\/cfpmaresme.org\\\/es\\\/el-cfp-col%e2%80%a2labora-en-la-festa-solidaria-del-dia-mundial-de-la-salut-mental\\\/#breadcrumb\",\"itemListElement\":[{\"@type\":\"ListItem\",\"position\":1,\"name\":\"Home\",\"item\":\"https:\\\/\\\/cfpmaresme.org\\\/es\\\/\"},{\"@type\":\"ListItem\",\"position\":2,\"name\":\"El CFP colabora en la fiesta solidaria del Dia Mundial de la Salud Mental\"}]},{\"@type\":\"WebSite\",\"@id\":\"https:\\\/\\\/cfpmaresme.org\\\/#website\",\"url\":\"https:\\\/\\\/cfpmaresme.org\\\/\",\"name\":\"CFP Maresme\",\"description\":\"Centre Formaci\u00f3 Prevenci\u00f3\",\"potentialAction\":[{\"@type\":\"SearchAction\",\"target\":{\"@type\":\"EntryPoint\",\"urlTemplate\":\"https:\\\/\\\/cfpmaresme.org\\\/?s={search_term_string}\"},\"query-input\":{\"@type\":\"PropertyValueSpecification\",\"valueRequired\":true,\"valueName\":\"search_term_string\"}}],\"inLanguage\":\"es\"},{\"@type\":\"Person\",\"@id\":\"https:\\\/\\\/cfpmaresme.org\\\/#\\\/schema\\\/person\\\/b2634bcd796fafc667ea4055f61b9b2c\",\"name\":\"CFPMaresme\"}]}<\/script>\n<!-- \/ Yoast SEO plugin. -->","yoast_head_json":{"title":"El CFP colabora en la fiesta solidaria del Dia Mundial de la Salud Mental | CFP Maresme","robots":{"index":"index","follow":"follow","max-snippet":"max-snippet:-1","max-image-preview":"max-image-preview:large","max-video-preview":"max-video-preview:-1"},"canonical":"https:\/\/cfpmaresme.org\/es\/el-cfp-col\u2022labora-en-la-festa-solidaria-del-dia-mundial-de-la-salut-mental\/","og_locale":"es_ES","og_type":"article","og_title":"El CFP colabora en la fiesta solidaria del Dia Mundial de la Salud Mental | CFP Maresme","og_description":"El pasado 9 de octubre usuarios y educadores del centro se desplazaron hasta Plaza Universidad de Barcelona para participar en los actos preparados para la diada El CFP no se quiso perder la oportunidad de celebrar el D\u00eda Mundial de la Salud Mental este pasado...","og_url":"https:\/\/cfpmaresme.org\/es\/el-cfp-col\u2022labora-en-la-festa-solidaria-del-dia-mundial-de-la-salut-mental\/","og_site_name":"CFP Maresme","article_published_time":"2015-10-13T10:10:19+00:00","article_modified_time":"2021-07-09T11:44:50+00:00","og_image":[{"url":"https:\/\/centreformacioprevencio.files.wordpress.com\/2015\/10\/dsc_1469.jpg?w=660","type":"","width":"","height":""}],"author":"CFPMaresme","twitter_card":"summary_large_image","twitter_creator":"@cfpmaresme","twitter_site":"@cfpmaresme","twitter_misc":{"Escrito por":"CFPMaresme","Tiempo de lectura":"2 minutos"},"schema":{"@context":"https:\/\/schema.org","@graph":[{"@type":"Article","@id":"https:\/\/cfpmaresme.org\/es\/el-cfp-col%e2%80%a2labora-en-la-festa-solidaria-del-dia-mundial-de-la-salut-mental\/#article","isPartOf":{"@id":"https:\/\/cfpmaresme.org\/es\/el-cfp-col%e2%80%a2labora-en-la-festa-solidaria-del-dia-mundial-de-la-salut-mental\/"},"author":{"name":"CFPMaresme","@id":"https:\/\/cfpmaresme.org\/#\/schema\/person\/b2634bcd796fafc667ea4055f61b9b2c"},"headline":"El CFP colabora en la fiesta solidaria del Dia Mundial de la Salud Mental","datePublished":"2015-10-13T10:10:19+00:00","dateModified":"2021-07-09T11:44:50+00:00","mainEntityOfPage":{"@id":"https:\/\/cfpmaresme.org\/es\/el-cfp-col%e2%80%a2labora-en-la-festa-solidaria-del-dia-mundial-de-la-salut-mental\/"},"wordCount":329,"commentCount":0,"image":{"@id":"https:\/\/cfpmaresme.org\/es\/el-cfp-col%e2%80%a2labora-en-la-festa-solidaria-del-dia-mundial-de-la-salut-mental\/#primaryimage"},"thumbnailUrl":"https:\/\/centreformacioprevencio.files.wordpress.com\/2015\/10\/dsc_1469.jpg?w=660","keywords":["acte","actiu","activitat","alterarte","centre","cursos","dia","formaci\u00f3","klosca","llibre","mental","mundial","prevenci\u00f3","salut"],"articleSection":["CFP Maresme"],"inLanguage":"es"},{"@type":"WebPage","@id":"https:\/\/cfpmaresme.org\/es\/el-cfp-col%e2%80%a2labora-en-la-festa-solidaria-del-dia-mundial-de-la-salut-mental\/","url":"https:\/\/cfpmaresme.org\/es\/el-cfp-col%e2%80%a2labora-en-la-festa-solidaria-del-dia-mundial-de-la-salut-mental\/","name":"El CFP colabora en la fiesta solidaria del Dia Mundial de la Salud Mental | CFP Maresme","isPartOf":{"@id":"https:\/\/cfpmaresme.org\/#website"},"primaryImageOfPage":{"@id":"https:\/\/cfpmaresme.org\/es\/el-cfp-col%e2%80%a2labora-en-la-festa-solidaria-del-dia-mundial-de-la-salut-mental\/#primaryimage"},"image":{"@id":"https:\/\/cfpmaresme.org\/es\/el-cfp-col%e2%80%a2labora-en-la-festa-solidaria-del-dia-mundial-de-la-salut-mental\/#primaryimage"},"thumbnailUrl":"https:\/\/centreformacioprevencio.files.wordpress.com\/2015\/10\/dsc_1469.jpg?w=660","datePublished":"2015-10-13T10:10:19+00:00","dateModified":"2021-07-09T11:44:50+00:00","author":{"@id":"https:\/\/cfpmaresme.org\/#\/schema\/person\/b2634bcd796fafc667ea4055f61b9b2c"},"breadcrumb":{"@id":"https:\/\/cfpmaresme.org\/es\/el-cfp-col%e2%80%a2labora-en-la-festa-solidaria-del-dia-mundial-de-la-salut-mental\/#breadcrumb"},"inLanguage":"es","potentialAction":[{"@type":"ReadAction","target":["https:\/\/cfpmaresme.org\/es\/el-cfp-col%e2%80%a2labora-en-la-festa-solidaria-del-dia-mundial-de-la-salut-mental\/"]}]},{"@type":"ImageObject","inLanguage":"es","@id":"https:\/\/cfpmaresme.org\/es\/el-cfp-col%e2%80%a2labora-en-la-festa-solidaria-del-dia-mundial-de-la-salut-mental\/#primaryimage","url":"https:\/\/centreformacioprevencio.files.wordpress.com\/2015\/10\/dsc_1469.jpg?w=660","contentUrl":"https:\/\/centreformacioprevencio.files.wordpress.com\/2015\/10\/dsc_1469.jpg?w=660"},{"@type":"BreadcrumbList","@id":"https:\/\/cfpmaresme.org\/es\/el-cfp-col%e2%80%a2labora-en-la-festa-solidaria-del-dia-mundial-de-la-salut-mental\/#breadcrumb","itemListElement":[{"@type":"ListItem","position":1,"name":"Home","item":"https:\/\/cfpmaresme.org\/es\/"},{"@type":"ListItem","position":2,"name":"El CFP colabora en la fiesta solidaria del Dia Mundial de la Salud Mental"}]},{"@type":"WebSite","@id":"https:\/\/cfpmaresme.org\/#website","url":"https:\/\/cfpmaresme.org\/","name":"CFP Maresme","description":"Centre Formaci\u00f3 Prevenci\u00f3","potentialAction":[{"@type":"SearchAction","target":{"@type":"EntryPoint","urlTemplate":"https:\/\/cfpmaresme.org\/?s={search_term_string}"},"query-input":{"@type":"PropertyValueSpecification","valueRequired":true,"valueName":"search_term_string"}}],"inLanguage":"es"},{"@type":"Person","@id":"https:\/\/cfpmaresme.org\/#\/schema\/person\/b2634bcd796fafc667ea4055f61b9b2c","name":"CFPMaresme"}]}},"_links":{"self":[{"href":"https:\/\/cfpmaresme.org\/es\/wp-json\/wp\/v2\/posts\/17007","targetHints":{"allow":["GET"]}}],"collection":[{"href":"https:\/\/cfpmaresme.org\/es\/wp-json\/wp\/v2\/posts"}],"about":[{"href":"https:\/\/cfpmaresme.org\/es\/wp-json\/wp\/v2\/types\/post"}],"author":[{"embeddable":true,"href":"https:\/\/cfpmaresme.org\/es\/wp-json\/wp\/v2\/users\/2"}],"replies":[{"embeddable":true,"href":"https:\/\/cfpmaresme.org\/es\/wp-json\/wp\/v2\/comments?post=17007"}],"version-history":[{"count":3,"href":"https:\/\/cfpmaresme.org\/es\/wp-json\/wp\/v2\/posts\/17007\/revisions"}],"predecessor-version":[{"id":25734,"href":"https:\/\/cfpmaresme.org\/es\/wp-json\/wp\/v2\/posts\/17007\/revisions\/25734"}],"wp:attachment":[{"href":"https:\/\/cfpmaresme.org\/es\/wp-json\/wp\/v2\/media?parent=17007"}],"wp:term":[{"taxonomy":"category","embeddable":true,"href":"https:\/\/cfpmaresme.org\/es\/wp-json\/wp\/v2\/categories?post=17007"},{"taxonomy":"post_tag","embeddable":true,"href":"https:\/\/cfpmaresme.org\/es\/wp-json\/wp\/v2\/tags?post=17007"}],"curies":[{"name":"wp","href":"https:\/\/api.w.org\/{rel}","templated":true}]}}