{"id":17009,"date":"2015-09-29T10:10:14","date_gmt":"2015-09-29T10:10:14","guid":{"rendered":"http:\/\/cfpmaresme.org\/entrevista-a-jordi-roig-usuari-del-src-burriac\/"},"modified":"2022-05-24T09:58:51","modified_gmt":"2022-05-24T07:58:51","slug":"entrevista-a-jordi-roig-usuari-del-src-burriac","status":"publish","type":"post","link":"https:\/\/cfpmaresme.org\/es\/entrevista-a-jordi-roig-usuari-del-src-burriac\/","title":{"rendered":"Entrevista a Jordi Roig, usuario del SRC Burriac"},"content":{"rendered":"<p style=\"text-align: justify;\">Nos citamos con Jordi Roig, usuario del SRC Burriac, que nos explica sus sensaciones en la primera exposici\u00f3n de dibujos que present\u00f3 el pasado 18 de septiembre en la biblioteca Jaume Perich i Escala de Premi\u00e0 de Dalt<\/p>\n<p style=\"text-align: justify;\">\u00a0<a href=\"https:\/\/centreformacioprevencio.files.wordpress.com\/2015\/09\/img-20150925-wa0002-2.jpg\"><img loading=\"lazy\" decoding=\"async\" class=\"aligncenter size-large wp-image-358\" src=\"https:\/\/centreformacioprevencio.files.wordpress.com\/2015\/09\/img-20150925-wa0002-2.jpg?w=660\" alt=\"\" width=\"660\" height=\"389\" srcset=\"https:\/\/cfpmaresme.org\/wp-content\/uploads\/2015\/09\/img-20150925-wa0002-2.jpg 1600w, https:\/\/cfpmaresme.org\/wp-content\/uploads\/2015\/09\/img-20150925-wa0002-2-300x177.jpg 300w, https:\/\/cfpmaresme.org\/wp-content\/uploads\/2015\/09\/img-20150925-wa0002-2-768x452.jpg 768w, https:\/\/cfpmaresme.org\/wp-content\/uploads\/2015\/09\/img-20150925-wa0002-2-1024x603.jpg 1024w, https:\/\/cfpmaresme.org\/wp-content\/uploads\/2015\/09\/img-20150925-wa0002-2-700x412.jpg 700w\" sizes=\"auto, (max-width: 660px) 100vw, 660px\" \/><\/a><\/p>\n<p style=\"text-align: justify;\">Jordi Roig nos atiende en la sede del Servicio de Rehabilitaci\u00f3n Comunitaria Burriac de Premi\u00e0 de Mar. Hace diez d\u00edas expuso por primera vez su colecci\u00f3n de dibujos y hoy venimos a entrevistarlo para ver c\u00f3mo fue la experiencia. Nos explica sus impresiones sobre presentar en p\u00fablico sus creaciones y sobre su afici\u00f3n para pintar a partir de ideas propias y tambi\u00e9n de inspiraciones externas.<\/p>\n<p style=\"text-align: justify;\"><!--more--><\/p>\n<p style=\"text-align: justify;\"><strong>Buenos d\u00edas, Jordi. \u00bfC\u00f3mo y cu\u00e1ndo empezaron estas ganas de dibujar que tienes?\u00a0<\/strong><\/p>\n<p style=\"text-align: justify;\">Hace diez a\u00f1os que voy dibujando regularmente. Cada dos o tres d\u00edas hago alg\u00fan esbozo. Me siento, cojo algunos folios y pienso en qu\u00e9 quiero dibujar. A veces son ideas extra\u00eddas de un libro, de la televisi\u00f3n o de una fotograf\u00eda. Pero tambi\u00e9n hay ocasiones en las que empiezo sin una idea clara y entonces voy construyendo una inspiraci\u00f3n propia.<\/p>\n<p style=\"text-align: justify;\"><strong>Presentar todas estas obras que haces en casa, en la intimidad, en una exposici\u00f3n abierta al p\u00fablico&#8230;\u00bfQu\u00e9 te pareci\u00f3?\u00a0<\/strong><\/p>\n<p style=\"text-align: justify;\">Me hizo un poco de verg\u00fcenza, pero, a la vez, me gust\u00f3 bastante. Me vinieron a ver los educadores del centro, muchos compa\u00f1eros y mi familia. Todos me dijeron que los dibujos eran muy bonitos, o sea que supongo que la cosa fue bastante bien.<\/p>\n<p style=\"text-align: justify;\"><strong>\u00bfHubo alguna obra en concreto que gustase m\u00e1s o que la gente se fijara m\u00e1s que las otras?\u00a0<\/strong><\/p>\n<p style=\"text-align: justify;\">Bueno, hay algunas que las trabajo m\u00e1s y otras que menos. Sobre todo las inventadas que llevan m\u00e1s trabajo. Hay unas cuantas que me gustan mucho. A la exposici\u00f3n hab\u00eda una de una abeja, una de un hombre que lleva una maleta y muchas m\u00e1s. Por este motivo, si me las tuviese que vender, me quedar\u00eda solo algunas, las m\u00e1s emblem\u00e1ticas para mi.<\/p>\n<p style=\"text-align: justify;\"><strong>Y la pr\u00f3xima exposici\u00f3n, \u00bfYa la est\u00e1s empezando a preparar?\u00a0<\/strong><\/p>\n<p style=\"text-align: justify;\">No, no. De momento ya he hecho una y ya est\u00e1 bien. Cuando estaba all\u00ed la gente no sab\u00eda explicar bien lo que significaban los dibujos y me puse muy nervioso. Pero bien, s\u00ed que es verdad que si los hago es para poderlos ense\u00f1ar. No s\u00e9, me lo pensar\u00e9, pero de momento lo dejar\u00e9 aparcado.<\/p>\n<p style=\"text-align: justify;\"><strong>Aqu\u00ed, en el Servicio de Rehabilitaci\u00f3n Comunitaria, \u00bftambi\u00e9n dibujas?\u00a0\u00a0<\/strong><\/p>\n<p style=\"text-align: justify;\">A veces s\u00ed, pero la mayor\u00eda de trabajo lo hago desde casa. Aqu\u00ed hacemos juegos de relaci\u00f3n, m\u00fasica e incluso a veces salimos a tomar algo con los compa\u00f1eros. Aqu\u00ed podemos irnos conociendo a nosotros mismos, hacemos amigos y nos lo pasamos bien. Y despu\u00e9s en casa me dedico m\u00e1s a pintar, porque me puedo concentrar mejor y as\u00ed en el centro puedo hacer actividades que son m\u00e1s grupales.<\/p>\n<p style=\"text-align: justify;\"><strong>\u00bfY qu\u00e9 te gustar\u00eda hacer a partir de ahora? Continuar dibujando o quiz\u00e1s dedicarte a otra disciplina?\u00a0<\/strong><\/p>\n<p style=\"text-align: justify;\">A m\u00ed me gusta dibujar y es lo que continuar\u00e9 haciendo. La exposici\u00f3n fue una cosa bonita de hacer pero ver tanta gente me dej\u00f3 un poco parado. Quiz\u00e1s si se hace una en un futuro ya dominar\u00e9 m\u00e1s c\u00f3mo funciona y quiz\u00e1s me siento c\u00f3modo para hablar con la gente y explicarle lo que hago. De todas maneras, agradezco poderla haber hecho y ya veremos qu\u00e9 pasa m\u00e1s adelante.<\/p>\n","protected":false},"excerpt":{"rendered":"<p>Nos citamos con Jordi Roig, usuario del SRC Burriac, que nos explica sus sensaciones en la primera exposici\u00f3n de dibujos que present\u00f3 el pasado 18 de septiembre en la biblioteca Jaume Perich i Escala de Premi\u00e0 de Dalt \u00a0 Jordi Roig nos atiende en la&#8230;<\/p>\n","protected":false},"author":2,"featured_media":0,"comment_status":"open","ping_status":"open","sticky":false,"template":"","format":"standard","meta":{"footnotes":""},"categories":[1258],"tags":[],"class_list":["post-17009","post","type-post","status-publish","format-standard","hentry","category-entrevistas"],"yoast_head":"<!-- This site is optimized with the Yoast SEO plugin v27.4 - https:\/\/yoast.com\/product\/yoast-seo-wordpress\/ -->\n<title>Entrevista a Jordi Roig, usuario del SRC Burriac | CFP Maresme<\/title>\n<meta name=\"robots\" content=\"index, follow, max-snippet:-1, max-image-preview:large, max-video-preview:-1\" \/>\n<link rel=\"canonical\" href=\"https:\/\/cfpmaresme.org\/es\/entrevista-a-jordi-roig-usuari-del-src-burriac\/\" \/>\n<meta property=\"og:locale\" content=\"es_ES\" \/>\n<meta property=\"og:type\" content=\"article\" \/>\n<meta property=\"og:title\" content=\"Entrevista a Jordi Roig, usuario del SRC Burriac | CFP Maresme\" \/>\n<meta property=\"og:description\" content=\"Nos citamos con Jordi Roig, usuario del SRC Burriac, que nos explica sus sensaciones en la primera exposici\u00f3n de dibujos que present\u00f3 el pasado 18 de septiembre en la biblioteca Jaume Perich i Escala de Premi\u00e0 de Dalt \u00a0 Jordi Roig nos atiende en la...\" \/>\n<meta property=\"og:url\" content=\"https:\/\/cfpmaresme.org\/es\/entrevista-a-jordi-roig-usuari-del-src-burriac\/\" \/>\n<meta property=\"og:site_name\" content=\"CFP Maresme\" \/>\n<meta property=\"article:published_time\" content=\"2015-09-29T10:10:14+00:00\" \/>\n<meta property=\"article:modified_time\" content=\"2022-05-24T07:58:51+00:00\" \/>\n<meta property=\"og:image\" content=\"https:\/\/centreformacioprevencio.files.wordpress.com\/2015\/09\/img-20150925-wa0002-2.jpg?w=660\" \/>\n<meta name=\"author\" content=\"CFPMaresme\" \/>\n<meta name=\"twitter:card\" content=\"summary_large_image\" \/>\n<meta name=\"twitter:creator\" content=\"@cfpmaresme\" \/>\n<meta name=\"twitter:site\" content=\"@cfpmaresme\" \/>\n<meta name=\"twitter:label1\" content=\"Escrito por\" \/>\n\t<meta name=\"twitter:data1\" content=\"CFPMaresme\" \/>\n\t<meta name=\"twitter:label2\" content=\"Tiempo de lectura\" \/>\n\t<meta name=\"twitter:data2\" content=\"3 minutos\" \/>\n<script type=\"application\/ld+json\" class=\"yoast-schema-graph\">{\"@context\":\"https:\\\/\\\/schema.org\",\"@graph\":[{\"@type\":\"Article\",\"@id\":\"https:\\\/\\\/cfpmaresme.org\\\/es\\\/entrevista-a-jordi-roig-usuari-del-src-burriac\\\/#article\",\"isPartOf\":{\"@id\":\"https:\\\/\\\/cfpmaresme.org\\\/es\\\/entrevista-a-jordi-roig-usuari-del-src-burriac\\\/\"},\"author\":{\"name\":\"CFPMaresme\",\"@id\":\"https:\\\/\\\/cfpmaresme.org\\\/#\\\/schema\\\/person\\\/b2634bcd796fafc667ea4055f61b9b2c\"},\"headline\":\"Entrevista a Jordi Roig, usuario del SRC Burriac\",\"datePublished\":\"2015-09-29T10:10:14+00:00\",\"dateModified\":\"2022-05-24T07:58:51+00:00\",\"mainEntityOfPage\":{\"@id\":\"https:\\\/\\\/cfpmaresme.org\\\/es\\\/entrevista-a-jordi-roig-usuari-del-src-burriac\\\/\"},\"wordCount\":616,\"commentCount\":0,\"image\":{\"@id\":\"https:\\\/\\\/cfpmaresme.org\\\/es\\\/entrevista-a-jordi-roig-usuari-del-src-burriac\\\/#primaryimage\"},\"thumbnailUrl\":\"https:\\\/\\\/centreformacioprevencio.files.wordpress.com\\\/2015\\\/09\\\/img-20150925-wa0002-2.jpg?w=660\",\"articleSection\":[\"Entrevistas\"],\"inLanguage\":\"es\"},{\"@type\":\"WebPage\",\"@id\":\"https:\\\/\\\/cfpmaresme.org\\\/es\\\/entrevista-a-jordi-roig-usuari-del-src-burriac\\\/\",\"url\":\"https:\\\/\\\/cfpmaresme.org\\\/es\\\/entrevista-a-jordi-roig-usuari-del-src-burriac\\\/\",\"name\":\"Entrevista a Jordi Roig, usuario del SRC Burriac | CFP Maresme\",\"isPartOf\":{\"@id\":\"https:\\\/\\\/cfpmaresme.org\\\/#website\"},\"primaryImageOfPage\":{\"@id\":\"https:\\\/\\\/cfpmaresme.org\\\/es\\\/entrevista-a-jordi-roig-usuari-del-src-burriac\\\/#primaryimage\"},\"image\":{\"@id\":\"https:\\\/\\\/cfpmaresme.org\\\/es\\\/entrevista-a-jordi-roig-usuari-del-src-burriac\\\/#primaryimage\"},\"thumbnailUrl\":\"https:\\\/\\\/centreformacioprevencio.files.wordpress.com\\\/2015\\\/09\\\/img-20150925-wa0002-2.jpg?w=660\",\"datePublished\":\"2015-09-29T10:10:14+00:00\",\"dateModified\":\"2022-05-24T07:58:51+00:00\",\"author\":{\"@id\":\"https:\\\/\\\/cfpmaresme.org\\\/#\\\/schema\\\/person\\\/b2634bcd796fafc667ea4055f61b9b2c\"},\"breadcrumb\":{\"@id\":\"https:\\\/\\\/cfpmaresme.org\\\/es\\\/entrevista-a-jordi-roig-usuari-del-src-burriac\\\/#breadcrumb\"},\"inLanguage\":\"es\",\"potentialAction\":[{\"@type\":\"ReadAction\",\"target\":[\"https:\\\/\\\/cfpmaresme.org\\\/es\\\/entrevista-a-jordi-roig-usuari-del-src-burriac\\\/\"]}]},{\"@type\":\"ImageObject\",\"inLanguage\":\"es\",\"@id\":\"https:\\\/\\\/cfpmaresme.org\\\/es\\\/entrevista-a-jordi-roig-usuari-del-src-burriac\\\/#primaryimage\",\"url\":\"https:\\\/\\\/centreformacioprevencio.files.wordpress.com\\\/2015\\\/09\\\/img-20150925-wa0002-2.jpg?w=660\",\"contentUrl\":\"https:\\\/\\\/centreformacioprevencio.files.wordpress.com\\\/2015\\\/09\\\/img-20150925-wa0002-2.jpg?w=660\"},{\"@type\":\"BreadcrumbList\",\"@id\":\"https:\\\/\\\/cfpmaresme.org\\\/es\\\/entrevista-a-jordi-roig-usuari-del-src-burriac\\\/#breadcrumb\",\"itemListElement\":[{\"@type\":\"ListItem\",\"position\":1,\"name\":\"Home\",\"item\":\"https:\\\/\\\/cfpmaresme.org\\\/es\\\/\"},{\"@type\":\"ListItem\",\"position\":2,\"name\":\"Entrevista a Jordi Roig, usuario del SRC Burriac\"}]},{\"@type\":\"WebSite\",\"@id\":\"https:\\\/\\\/cfpmaresme.org\\\/#website\",\"url\":\"https:\\\/\\\/cfpmaresme.org\\\/\",\"name\":\"CFP Maresme\",\"description\":\"Centre Formaci\u00f3 Prevenci\u00f3\",\"potentialAction\":[{\"@type\":\"SearchAction\",\"target\":{\"@type\":\"EntryPoint\",\"urlTemplate\":\"https:\\\/\\\/cfpmaresme.org\\\/?s={search_term_string}\"},\"query-input\":{\"@type\":\"PropertyValueSpecification\",\"valueRequired\":true,\"valueName\":\"search_term_string\"}}],\"inLanguage\":\"es\"},{\"@type\":\"Person\",\"@id\":\"https:\\\/\\\/cfpmaresme.org\\\/#\\\/schema\\\/person\\\/b2634bcd796fafc667ea4055f61b9b2c\",\"name\":\"CFPMaresme\"}]}<\/script>\n<!-- \/ Yoast SEO plugin. -->","yoast_head_json":{"title":"Entrevista a Jordi Roig, usuario del SRC Burriac | CFP Maresme","robots":{"index":"index","follow":"follow","max-snippet":"max-snippet:-1","max-image-preview":"max-image-preview:large","max-video-preview":"max-video-preview:-1"},"canonical":"https:\/\/cfpmaresme.org\/es\/entrevista-a-jordi-roig-usuari-del-src-burriac\/","og_locale":"es_ES","og_type":"article","og_title":"Entrevista a Jordi Roig, usuario del SRC Burriac | CFP Maresme","og_description":"Nos citamos con Jordi Roig, usuario del SRC Burriac, que nos explica sus sensaciones en la primera exposici\u00f3n de dibujos que present\u00f3 el pasado 18 de septiembre en la biblioteca Jaume Perich i Escala de Premi\u00e0 de Dalt \u00a0 Jordi Roig nos atiende en la...","og_url":"https:\/\/cfpmaresme.org\/es\/entrevista-a-jordi-roig-usuari-del-src-burriac\/","og_site_name":"CFP Maresme","article_published_time":"2015-09-29T10:10:14+00:00","article_modified_time":"2022-05-24T07:58:51+00:00","og_image":[{"url":"https:\/\/centreformacioprevencio.files.wordpress.com\/2015\/09\/img-20150925-wa0002-2.jpg?w=660","type":"","width":"","height":""}],"author":"CFPMaresme","twitter_card":"summary_large_image","twitter_creator":"@cfpmaresme","twitter_site":"@cfpmaresme","twitter_misc":{"Escrito por":"CFPMaresme","Tiempo de lectura":"3 minutos"},"schema":{"@context":"https:\/\/schema.org","@graph":[{"@type":"Article","@id":"https:\/\/cfpmaresme.org\/es\/entrevista-a-jordi-roig-usuari-del-src-burriac\/#article","isPartOf":{"@id":"https:\/\/cfpmaresme.org\/es\/entrevista-a-jordi-roig-usuari-del-src-burriac\/"},"author":{"name":"CFPMaresme","@id":"https:\/\/cfpmaresme.org\/#\/schema\/person\/b2634bcd796fafc667ea4055f61b9b2c"},"headline":"Entrevista a Jordi Roig, usuario del SRC Burriac","datePublished":"2015-09-29T10:10:14+00:00","dateModified":"2022-05-24T07:58:51+00:00","mainEntityOfPage":{"@id":"https:\/\/cfpmaresme.org\/es\/entrevista-a-jordi-roig-usuari-del-src-burriac\/"},"wordCount":616,"commentCount":0,"image":{"@id":"https:\/\/cfpmaresme.org\/es\/entrevista-a-jordi-roig-usuari-del-src-burriac\/#primaryimage"},"thumbnailUrl":"https:\/\/centreformacioprevencio.files.wordpress.com\/2015\/09\/img-20150925-wa0002-2.jpg?w=660","articleSection":["Entrevistas"],"inLanguage":"es"},{"@type":"WebPage","@id":"https:\/\/cfpmaresme.org\/es\/entrevista-a-jordi-roig-usuari-del-src-burriac\/","url":"https:\/\/cfpmaresme.org\/es\/entrevista-a-jordi-roig-usuari-del-src-burriac\/","name":"Entrevista a Jordi Roig, usuario del SRC Burriac | CFP Maresme","isPartOf":{"@id":"https:\/\/cfpmaresme.org\/#website"},"primaryImageOfPage":{"@id":"https:\/\/cfpmaresme.org\/es\/entrevista-a-jordi-roig-usuari-del-src-burriac\/#primaryimage"},"image":{"@id":"https:\/\/cfpmaresme.org\/es\/entrevista-a-jordi-roig-usuari-del-src-burriac\/#primaryimage"},"thumbnailUrl":"https:\/\/centreformacioprevencio.files.wordpress.com\/2015\/09\/img-20150925-wa0002-2.jpg?w=660","datePublished":"2015-09-29T10:10:14+00:00","dateModified":"2022-05-24T07:58:51+00:00","author":{"@id":"https:\/\/cfpmaresme.org\/#\/schema\/person\/b2634bcd796fafc667ea4055f61b9b2c"},"breadcrumb":{"@id":"https:\/\/cfpmaresme.org\/es\/entrevista-a-jordi-roig-usuari-del-src-burriac\/#breadcrumb"},"inLanguage":"es","potentialAction":[{"@type":"ReadAction","target":["https:\/\/cfpmaresme.org\/es\/entrevista-a-jordi-roig-usuari-del-src-burriac\/"]}]},{"@type":"ImageObject","inLanguage":"es","@id":"https:\/\/cfpmaresme.org\/es\/entrevista-a-jordi-roig-usuari-del-src-burriac\/#primaryimage","url":"https:\/\/centreformacioprevencio.files.wordpress.com\/2015\/09\/img-20150925-wa0002-2.jpg?w=660","contentUrl":"https:\/\/centreformacioprevencio.files.wordpress.com\/2015\/09\/img-20150925-wa0002-2.jpg?w=660"},{"@type":"BreadcrumbList","@id":"https:\/\/cfpmaresme.org\/es\/entrevista-a-jordi-roig-usuari-del-src-burriac\/#breadcrumb","itemListElement":[{"@type":"ListItem","position":1,"name":"Home","item":"https:\/\/cfpmaresme.org\/es\/"},{"@type":"ListItem","position":2,"name":"Entrevista a Jordi Roig, usuario del SRC Burriac"}]},{"@type":"WebSite","@id":"https:\/\/cfpmaresme.org\/#website","url":"https:\/\/cfpmaresme.org\/","name":"CFP Maresme","description":"Centre Formaci\u00f3 Prevenci\u00f3","potentialAction":[{"@type":"SearchAction","target":{"@type":"EntryPoint","urlTemplate":"https:\/\/cfpmaresme.org\/?s={search_term_string}"},"query-input":{"@type":"PropertyValueSpecification","valueRequired":true,"valueName":"search_term_string"}}],"inLanguage":"es"},{"@type":"Person","@id":"https:\/\/cfpmaresme.org\/#\/schema\/person\/b2634bcd796fafc667ea4055f61b9b2c","name":"CFPMaresme"}]}},"_links":{"self":[{"href":"https:\/\/cfpmaresme.org\/es\/wp-json\/wp\/v2\/posts\/17009","targetHints":{"allow":["GET"]}}],"collection":[{"href":"https:\/\/cfpmaresme.org\/es\/wp-json\/wp\/v2\/posts"}],"about":[{"href":"https:\/\/cfpmaresme.org\/es\/wp-json\/wp\/v2\/types\/post"}],"author":[{"embeddable":true,"href":"https:\/\/cfpmaresme.org\/es\/wp-json\/wp\/v2\/users\/2"}],"replies":[{"embeddable":true,"href":"https:\/\/cfpmaresme.org\/es\/wp-json\/wp\/v2\/comments?post=17009"}],"version-history":[{"count":3,"href":"https:\/\/cfpmaresme.org\/es\/wp-json\/wp\/v2\/posts\/17009\/revisions"}],"predecessor-version":[{"id":26262,"href":"https:\/\/cfpmaresme.org\/es\/wp-json\/wp\/v2\/posts\/17009\/revisions\/26262"}],"wp:attachment":[{"href":"https:\/\/cfpmaresme.org\/es\/wp-json\/wp\/v2\/media?parent=17009"}],"wp:term":[{"taxonomy":"category","embeddable":true,"href":"https:\/\/cfpmaresme.org\/es\/wp-json\/wp\/v2\/categories?post=17009"},{"taxonomy":"post_tag","embeddable":true,"href":"https:\/\/cfpmaresme.org\/es\/wp-json\/wp\/v2\/tags?post=17009"}],"curies":[{"name":"wp","href":"https:\/\/api.w.org\/{rel}","templated":true}]}}