{"id":17010,"date":"2015-09-15T10:19:28","date_gmt":"2015-09-15T10:19:28","guid":{"rendered":"http:\/\/cfpmaresme.org\/alterarte-experimenta-amb-noves-tecniques-en-plena-natura\/"},"modified":"2020-11-02T17:43:05","modified_gmt":"2020-11-02T15:43:05","slug":"alterarte-experimenta-amb-noves-tecniques-en-plena-natura","status":"publish","type":"post","link":"https:\/\/cfpmaresme.org\/es\/alterarte-experimenta-amb-noves-tecniques-en-plena-natura\/","title":{"rendered":"AlterArte experimenta con nuevas t\u00e9cnicas en medio de la naturaleza"},"content":{"rendered":"<p style=\"text-align: justify;\">Los usuarios del programa art\u00edstico del CFP convivieron durante cuatro jornadas en una residencia en la que adquirieron conocimientos con tintes y estampaciones naturales<\/p>\n<p style=\"text-align: justify;\"><a href=\"https:\/\/centreformacioprevencio.files.wordpress.com\/2015\/09\/sam_0391.jpg\"><img loading=\"lazy\" decoding=\"async\" class=\"aligncenter size-large wp-image-338\" src=\"https:\/\/centreformacioprevencio.files.wordpress.com\/2015\/09\/sam_0391.jpg?w=660\" alt=\"\" width=\"660\" height=\"359\" srcset=\"https:\/\/cfpmaresme.org\/wp-content\/uploads\/2015\/09\/sam_0391.jpg 1600w, https:\/\/cfpmaresme.org\/wp-content\/uploads\/2015\/09\/sam_0391-300x163.jpg 300w, https:\/\/cfpmaresme.org\/wp-content\/uploads\/2015\/09\/sam_0391-768x418.jpg 768w, https:\/\/cfpmaresme.org\/wp-content\/uploads\/2015\/09\/sam_0391-1024x557.jpg 1024w, https:\/\/cfpmaresme.org\/wp-content\/uploads\/2015\/09\/sam_0391-700x381.jpg 700w\" sizes=\"auto, (max-width: 660px) 100vw, 660px\" \/><\/a><\/p>\n<p style=\"text-align: justify;\">Siete usuarios de Alterarte se alojaron la semana pasada en la residencia de artistas Cal Gras d\u2019Aviny\u00f3 para trabajar con talleres creativos en un entorno natural y especialmente dirigidos para personas con problemas de salud mental. En su visita pudieron contar con la presencia de la artista Roser Oduber del CACiS (Centre d\u2019Art Contemporani i Sostenibilitat) de Calders, que les ense\u00f1\u00f3 distintas t\u00e9cnicas pict\u00f3ricas creadas con tintes minerales y vegetales y les ofreci\u00f3 la experiencia de utilizar los elementos de la tierra como inspiraci\u00f3n para sus obras.<\/p>\n<p style=\"text-align: justify;\"><!--more--><\/p>\n<p style=\"text-align: justify;\">Era la primera vez que el programa art\u00edstico del CFP interven\u00eda en esta iniciativa, que se enmarca dentro del programa Natura \u00e9s Cultura, organizado por <img loading=\"lazy\" decoding=\"async\" class=\"alignleft wp-image-339\" src=\"https:\/\/centreformacioprevencio.files.wordpress.com\/2015\/09\/sam_0396.jpg?w=660\" alt=\"\" width=\"236\" height=\"315\" srcset=\"https:\/\/cfpmaresme.org\/wp-content\/uploads\/2015\/09\/sam_0396.jpg 1200w, https:\/\/cfpmaresme.org\/wp-content\/uploads\/2015\/09\/sam_0396-225x300.jpg 225w, https:\/\/cfpmaresme.org\/wp-content\/uploads\/2015\/09\/sam_0396-768x1024.jpg 768w, https:\/\/cfpmaresme.org\/wp-content\/uploads\/2015\/09\/sam_0396-600x800.jpg 600w, https:\/\/cfpmaresme.org\/wp-content\/uploads\/2015\/09\/sam_0396-700x933.jpg 700w\" sizes=\"auto, (max-width: 236px) 100vw, 236px\" \/> la Fundaci\u00f3 Setba en colaboraci\u00f3n con el CACiS. Los usuarios de Alterarte fueron invitados en esta ocasi\u00f3n por una estancia de cuatro d\u00edas en los que intentaron aprovechar al m\u00e1ximo todos los conocimientos que los responsables del proyecto pusieron a su disposici\u00f3n.<\/p>\n<p style=\"text-align: justify;\">El taller empez\u00f3 con una salida con el objetivo de hacer una recolecta de los tintes que se pueden encontrar en nuestro entorno. De esta manera los usuarios aprendieron cu\u00e1les son las flores, plantas, tierra o piedras que se pueden servir para llenar de colores sus obras. Seguidamente, con la supervisi\u00f3n de la artista\u00a0 Roser Oduber, experimentaron con diversas texturas, la estampaci\u00f3n de plantas y nuevos materiales como el l\u00e1tex natural.<\/p>\n<p style=\"text-align: justify;\"><img loading=\"lazy\" decoding=\"async\" class=\"wp-image-340 alignright\" src=\"https:\/\/centreformacioprevencio.files.wordpress.com\/2015\/09\/sam_0395.jpg?w=660\" alt=\"\" width=\"257\" height=\"343\" srcset=\"https:\/\/cfpmaresme.org\/wp-content\/uploads\/2015\/09\/sam_0395.jpg 1200w, https:\/\/cfpmaresme.org\/wp-content\/uploads\/2015\/09\/sam_0395-225x300.jpg 225w, https:\/\/cfpmaresme.org\/wp-content\/uploads\/2015\/09\/sam_0395-768x1024.jpg 768w, https:\/\/cfpmaresme.org\/wp-content\/uploads\/2015\/09\/sam_0395-600x800.jpg 600w, https:\/\/cfpmaresme.org\/wp-content\/uploads\/2015\/09\/sam_0395-700x933.jpg 700w\" sizes=\"auto, (max-width: 257px) 100vw, 257px\" \/><\/p>\n<p style=\"text-align: justify;\">Para finalizar el taller, que llevaba el nombre de Rastres de Natura, los usuarios recorrieron un camino forestal dej\u00e1ndoles estrat\u00e9gicamente colgadas algunas de sus creaciones. De esta manera el arte de nuestros compa\u00f1eros se mimetiz\u00f3 con la propia naturaleza del lugar como testimonio del respeto por el medio ambiente y del agradecimiento por todos los recursos que les hab\u00eda proporcionado durante su estancia.<\/p>\n<p style=\"text-align: justify;\">Los usuarios de Alterarte se fueron de la residencia de Cal Gras habiendo vivido una experiencia muy enriquecedora. Aprendieron muchas cosas nuevas que seguro que aplicar\u00e1n en su t\u00e9cnica en pr\u00f3ximas c\u00e1psulas y trabajos. Pudieron estar en contacto permanente con la naturaleza y en definitiva valoraron muy positivamente su participaci\u00f3n en el programa.<\/p>\n","protected":false},"excerpt":{"rendered":"<p>Los usuarios del programa art\u00edstico del CFP convivieron durante cuatro jornadas en una residencia en la que adquirieron conocimientos con tintes y estampaciones naturales Siete usuarios de Alterarte se alojaron la semana pasada en la residencia de artistas Cal Gras d\u2019Aviny\u00f3 para trabajar con talleres&#8230;<\/p>\n","protected":false},"author":2,"featured_media":0,"comment_status":"open","ping_status":"open","sticky":false,"template":"","format":"standard","meta":{"footnotes":""},"categories":[1234],"tags":[709,643,726,933,717,657,797],"class_list":["post-17010","post","type-post","status-publish","format-standard","hentry","category-alterarte-es","tag-alterarte-es","tag-art-es","tag-artistic-es","tag-natura-es","tag-pintura-es","tag-taller-es","tag-usuaris-es"],"yoast_head":"<!-- This site is optimized with the Yoast SEO plugin v27.4 - https:\/\/yoast.com\/product\/yoast-seo-wordpress\/ -->\n<title>AlterArte experimenta con nuevas t\u00e9cnicas en medio de la naturaleza | CFP Maresme<\/title>\n<meta name=\"robots\" content=\"index, follow, max-snippet:-1, max-image-preview:large, max-video-preview:-1\" \/>\n<link rel=\"canonical\" href=\"https:\/\/cfpmaresme.org\/es\/alterarte-experimenta-amb-noves-tecniques-en-plena-natura\/\" \/>\n<meta property=\"og:locale\" content=\"es_ES\" \/>\n<meta property=\"og:type\" content=\"article\" \/>\n<meta property=\"og:title\" content=\"AlterArte experimenta con nuevas t\u00e9cnicas en medio de la naturaleza | CFP Maresme\" \/>\n<meta property=\"og:description\" content=\"Los usuarios del programa art\u00edstico del CFP convivieron durante cuatro jornadas en una residencia en la que adquirieron conocimientos con tintes y estampaciones naturales Siete usuarios de Alterarte se alojaron la semana pasada en la residencia de artistas Cal Gras d\u2019Aviny\u00f3 para trabajar con talleres...\" \/>\n<meta property=\"og:url\" content=\"https:\/\/cfpmaresme.org\/es\/alterarte-experimenta-amb-noves-tecniques-en-plena-natura\/\" \/>\n<meta property=\"og:site_name\" content=\"CFP Maresme\" \/>\n<meta property=\"article:published_time\" content=\"2015-09-15T10:19:28+00:00\" \/>\n<meta property=\"article:modified_time\" content=\"2020-11-02T15:43:05+00:00\" \/>\n<meta property=\"og:image\" content=\"https:\/\/centreformacioprevencio.files.wordpress.com\/2015\/09\/sam_0391.jpg?w=660\" \/>\n<meta name=\"author\" content=\"CFPMaresme\" \/>\n<meta name=\"twitter:card\" content=\"summary_large_image\" \/>\n<meta name=\"twitter:creator\" content=\"@cfpmaresme\" \/>\n<meta name=\"twitter:site\" content=\"@cfpmaresme\" \/>\n<meta name=\"twitter:label1\" content=\"Escrito por\" \/>\n\t<meta name=\"twitter:data1\" content=\"CFPMaresme\" \/>\n\t<meta name=\"twitter:label2\" content=\"Tiempo de lectura\" \/>\n\t<meta name=\"twitter:data2\" content=\"2 minutos\" \/>\n<script type=\"application\/ld+json\" class=\"yoast-schema-graph\">{\"@context\":\"https:\\\/\\\/schema.org\",\"@graph\":[{\"@type\":\"Article\",\"@id\":\"https:\\\/\\\/cfpmaresme.org\\\/es\\\/alterarte-experimenta-amb-noves-tecniques-en-plena-natura\\\/#article\",\"isPartOf\":{\"@id\":\"https:\\\/\\\/cfpmaresme.org\\\/es\\\/alterarte-experimenta-amb-noves-tecniques-en-plena-natura\\\/\"},\"author\":{\"name\":\"CFPMaresme\",\"@id\":\"https:\\\/\\\/cfpmaresme.org\\\/#\\\/schema\\\/person\\\/b2634bcd796fafc667ea4055f61b9b2c\"},\"headline\":\"AlterArte experimenta con nuevas t\u00e9cnicas en medio de la naturaleza\",\"datePublished\":\"2015-09-15T10:19:28+00:00\",\"dateModified\":\"2020-11-02T15:43:05+00:00\",\"mainEntityOfPage\":{\"@id\":\"https:\\\/\\\/cfpmaresme.org\\\/es\\\/alterarte-experimenta-amb-noves-tecniques-en-plena-natura\\\/\"},\"wordCount\":402,\"commentCount\":0,\"image\":{\"@id\":\"https:\\\/\\\/cfpmaresme.org\\\/es\\\/alterarte-experimenta-amb-noves-tecniques-en-plena-natura\\\/#primaryimage\"},\"thumbnailUrl\":\"https:\\\/\\\/centreformacioprevencio.files.wordpress.com\\\/2015\\\/09\\\/sam_0391.jpg?w=660\",\"keywords\":[\"alterarte\",\"Art\",\"art\u00edstic\",\"natura\",\"pintura\",\"taller\",\"usuaris\"],\"articleSection\":[\"Alterarte\"],\"inLanguage\":\"es\"},{\"@type\":\"WebPage\",\"@id\":\"https:\\\/\\\/cfpmaresme.org\\\/es\\\/alterarte-experimenta-amb-noves-tecniques-en-plena-natura\\\/\",\"url\":\"https:\\\/\\\/cfpmaresme.org\\\/es\\\/alterarte-experimenta-amb-noves-tecniques-en-plena-natura\\\/\",\"name\":\"AlterArte experimenta con nuevas t\u00e9cnicas en medio de la naturaleza | CFP Maresme\",\"isPartOf\":{\"@id\":\"https:\\\/\\\/cfpmaresme.org\\\/#website\"},\"primaryImageOfPage\":{\"@id\":\"https:\\\/\\\/cfpmaresme.org\\\/es\\\/alterarte-experimenta-amb-noves-tecniques-en-plena-natura\\\/#primaryimage\"},\"image\":{\"@id\":\"https:\\\/\\\/cfpmaresme.org\\\/es\\\/alterarte-experimenta-amb-noves-tecniques-en-plena-natura\\\/#primaryimage\"},\"thumbnailUrl\":\"https:\\\/\\\/centreformacioprevencio.files.wordpress.com\\\/2015\\\/09\\\/sam_0391.jpg?w=660\",\"datePublished\":\"2015-09-15T10:19:28+00:00\",\"dateModified\":\"2020-11-02T15:43:05+00:00\",\"author\":{\"@id\":\"https:\\\/\\\/cfpmaresme.org\\\/#\\\/schema\\\/person\\\/b2634bcd796fafc667ea4055f61b9b2c\"},\"breadcrumb\":{\"@id\":\"https:\\\/\\\/cfpmaresme.org\\\/es\\\/alterarte-experimenta-amb-noves-tecniques-en-plena-natura\\\/#breadcrumb\"},\"inLanguage\":\"es\",\"potentialAction\":[{\"@type\":\"ReadAction\",\"target\":[\"https:\\\/\\\/cfpmaresme.org\\\/es\\\/alterarte-experimenta-amb-noves-tecniques-en-plena-natura\\\/\"]}]},{\"@type\":\"ImageObject\",\"inLanguage\":\"es\",\"@id\":\"https:\\\/\\\/cfpmaresme.org\\\/es\\\/alterarte-experimenta-amb-noves-tecniques-en-plena-natura\\\/#primaryimage\",\"url\":\"https:\\\/\\\/centreformacioprevencio.files.wordpress.com\\\/2015\\\/09\\\/sam_0391.jpg?w=660\",\"contentUrl\":\"https:\\\/\\\/centreformacioprevencio.files.wordpress.com\\\/2015\\\/09\\\/sam_0391.jpg?w=660\"},{\"@type\":\"BreadcrumbList\",\"@id\":\"https:\\\/\\\/cfpmaresme.org\\\/es\\\/alterarte-experimenta-amb-noves-tecniques-en-plena-natura\\\/#breadcrumb\",\"itemListElement\":[{\"@type\":\"ListItem\",\"position\":1,\"name\":\"Home\",\"item\":\"https:\\\/\\\/cfpmaresme.org\\\/es\\\/\"},{\"@type\":\"ListItem\",\"position\":2,\"name\":\"AlterArte experimenta con nuevas t\u00e9cnicas en medio de la naturaleza\"}]},{\"@type\":\"WebSite\",\"@id\":\"https:\\\/\\\/cfpmaresme.org\\\/#website\",\"url\":\"https:\\\/\\\/cfpmaresme.org\\\/\",\"name\":\"CFP Maresme\",\"description\":\"Centre Formaci\u00f3 Prevenci\u00f3\",\"potentialAction\":[{\"@type\":\"SearchAction\",\"target\":{\"@type\":\"EntryPoint\",\"urlTemplate\":\"https:\\\/\\\/cfpmaresme.org\\\/?s={search_term_string}\"},\"query-input\":{\"@type\":\"PropertyValueSpecification\",\"valueRequired\":true,\"valueName\":\"search_term_string\"}}],\"inLanguage\":\"es\"},{\"@type\":\"Person\",\"@id\":\"https:\\\/\\\/cfpmaresme.org\\\/#\\\/schema\\\/person\\\/b2634bcd796fafc667ea4055f61b9b2c\",\"name\":\"CFPMaresme\"}]}<\/script>\n<!-- \/ Yoast SEO plugin. -->","yoast_head_json":{"title":"AlterArte experimenta con nuevas t\u00e9cnicas en medio de la naturaleza | CFP Maresme","robots":{"index":"index","follow":"follow","max-snippet":"max-snippet:-1","max-image-preview":"max-image-preview:large","max-video-preview":"max-video-preview:-1"},"canonical":"https:\/\/cfpmaresme.org\/es\/alterarte-experimenta-amb-noves-tecniques-en-plena-natura\/","og_locale":"es_ES","og_type":"article","og_title":"AlterArte experimenta con nuevas t\u00e9cnicas en medio de la naturaleza | CFP Maresme","og_description":"Los usuarios del programa art\u00edstico del CFP convivieron durante cuatro jornadas en una residencia en la que adquirieron conocimientos con tintes y estampaciones naturales Siete usuarios de Alterarte se alojaron la semana pasada en la residencia de artistas Cal Gras d\u2019Aviny\u00f3 para trabajar con talleres...","og_url":"https:\/\/cfpmaresme.org\/es\/alterarte-experimenta-amb-noves-tecniques-en-plena-natura\/","og_site_name":"CFP Maresme","article_published_time":"2015-09-15T10:19:28+00:00","article_modified_time":"2020-11-02T15:43:05+00:00","og_image":[{"url":"https:\/\/centreformacioprevencio.files.wordpress.com\/2015\/09\/sam_0391.jpg?w=660","type":"","width":"","height":""}],"author":"CFPMaresme","twitter_card":"summary_large_image","twitter_creator":"@cfpmaresme","twitter_site":"@cfpmaresme","twitter_misc":{"Escrito por":"CFPMaresme","Tiempo de lectura":"2 minutos"},"schema":{"@context":"https:\/\/schema.org","@graph":[{"@type":"Article","@id":"https:\/\/cfpmaresme.org\/es\/alterarte-experimenta-amb-noves-tecniques-en-plena-natura\/#article","isPartOf":{"@id":"https:\/\/cfpmaresme.org\/es\/alterarte-experimenta-amb-noves-tecniques-en-plena-natura\/"},"author":{"name":"CFPMaresme","@id":"https:\/\/cfpmaresme.org\/#\/schema\/person\/b2634bcd796fafc667ea4055f61b9b2c"},"headline":"AlterArte experimenta con nuevas t\u00e9cnicas en medio de la naturaleza","datePublished":"2015-09-15T10:19:28+00:00","dateModified":"2020-11-02T15:43:05+00:00","mainEntityOfPage":{"@id":"https:\/\/cfpmaresme.org\/es\/alterarte-experimenta-amb-noves-tecniques-en-plena-natura\/"},"wordCount":402,"commentCount":0,"image":{"@id":"https:\/\/cfpmaresme.org\/es\/alterarte-experimenta-amb-noves-tecniques-en-plena-natura\/#primaryimage"},"thumbnailUrl":"https:\/\/centreformacioprevencio.files.wordpress.com\/2015\/09\/sam_0391.jpg?w=660","keywords":["alterarte","Art","art\u00edstic","natura","pintura","taller","usuaris"],"articleSection":["Alterarte"],"inLanguage":"es"},{"@type":"WebPage","@id":"https:\/\/cfpmaresme.org\/es\/alterarte-experimenta-amb-noves-tecniques-en-plena-natura\/","url":"https:\/\/cfpmaresme.org\/es\/alterarte-experimenta-amb-noves-tecniques-en-plena-natura\/","name":"AlterArte experimenta con nuevas t\u00e9cnicas en medio de la naturaleza | CFP Maresme","isPartOf":{"@id":"https:\/\/cfpmaresme.org\/#website"},"primaryImageOfPage":{"@id":"https:\/\/cfpmaresme.org\/es\/alterarte-experimenta-amb-noves-tecniques-en-plena-natura\/#primaryimage"},"image":{"@id":"https:\/\/cfpmaresme.org\/es\/alterarte-experimenta-amb-noves-tecniques-en-plena-natura\/#primaryimage"},"thumbnailUrl":"https:\/\/centreformacioprevencio.files.wordpress.com\/2015\/09\/sam_0391.jpg?w=660","datePublished":"2015-09-15T10:19:28+00:00","dateModified":"2020-11-02T15:43:05+00:00","author":{"@id":"https:\/\/cfpmaresme.org\/#\/schema\/person\/b2634bcd796fafc667ea4055f61b9b2c"},"breadcrumb":{"@id":"https:\/\/cfpmaresme.org\/es\/alterarte-experimenta-amb-noves-tecniques-en-plena-natura\/#breadcrumb"},"inLanguage":"es","potentialAction":[{"@type":"ReadAction","target":["https:\/\/cfpmaresme.org\/es\/alterarte-experimenta-amb-noves-tecniques-en-plena-natura\/"]}]},{"@type":"ImageObject","inLanguage":"es","@id":"https:\/\/cfpmaresme.org\/es\/alterarte-experimenta-amb-noves-tecniques-en-plena-natura\/#primaryimage","url":"https:\/\/centreformacioprevencio.files.wordpress.com\/2015\/09\/sam_0391.jpg?w=660","contentUrl":"https:\/\/centreformacioprevencio.files.wordpress.com\/2015\/09\/sam_0391.jpg?w=660"},{"@type":"BreadcrumbList","@id":"https:\/\/cfpmaresme.org\/es\/alterarte-experimenta-amb-noves-tecniques-en-plena-natura\/#breadcrumb","itemListElement":[{"@type":"ListItem","position":1,"name":"Home","item":"https:\/\/cfpmaresme.org\/es\/"},{"@type":"ListItem","position":2,"name":"AlterArte experimenta con nuevas t\u00e9cnicas en medio de la naturaleza"}]},{"@type":"WebSite","@id":"https:\/\/cfpmaresme.org\/#website","url":"https:\/\/cfpmaresme.org\/","name":"CFP Maresme","description":"Centre Formaci\u00f3 Prevenci\u00f3","potentialAction":[{"@type":"SearchAction","target":{"@type":"EntryPoint","urlTemplate":"https:\/\/cfpmaresme.org\/?s={search_term_string}"},"query-input":{"@type":"PropertyValueSpecification","valueRequired":true,"valueName":"search_term_string"}}],"inLanguage":"es"},{"@type":"Person","@id":"https:\/\/cfpmaresme.org\/#\/schema\/person\/b2634bcd796fafc667ea4055f61b9b2c","name":"CFPMaresme"}]}},"_links":{"self":[{"href":"https:\/\/cfpmaresme.org\/es\/wp-json\/wp\/v2\/posts\/17010","targetHints":{"allow":["GET"]}}],"collection":[{"href":"https:\/\/cfpmaresme.org\/es\/wp-json\/wp\/v2\/posts"}],"about":[{"href":"https:\/\/cfpmaresme.org\/es\/wp-json\/wp\/v2\/types\/post"}],"author":[{"embeddable":true,"href":"https:\/\/cfpmaresme.org\/es\/wp-json\/wp\/v2\/users\/2"}],"replies":[{"embeddable":true,"href":"https:\/\/cfpmaresme.org\/es\/wp-json\/wp\/v2\/comments?post=17010"}],"version-history":[{"count":3,"href":"https:\/\/cfpmaresme.org\/es\/wp-json\/wp\/v2\/posts\/17010\/revisions"}],"predecessor-version":[{"id":22199,"href":"https:\/\/cfpmaresme.org\/es\/wp-json\/wp\/v2\/posts\/17010\/revisions\/22199"}],"wp:attachment":[{"href":"https:\/\/cfpmaresme.org\/es\/wp-json\/wp\/v2\/media?parent=17010"}],"wp:term":[{"taxonomy":"category","embeddable":true,"href":"https:\/\/cfpmaresme.org\/es\/wp-json\/wp\/v2\/categories?post=17010"},{"taxonomy":"post_tag","embeddable":true,"href":"https:\/\/cfpmaresme.org\/es\/wp-json\/wp\/v2\/tags?post=17010"}],"curies":[{"name":"wp","href":"https:\/\/api.w.org\/{rel}","templated":true}]}}