{"id":17011,"date":"2015-07-31T07:59:02","date_gmt":"2015-07-31T07:59:02","guid":{"rendered":"http:\/\/cfpmaresme.org\/alterarte-dibuixa-un-planol-solidari-de-mataro-amb-taps-de-plastic\/"},"modified":"2020-11-02T17:50:46","modified_gmt":"2020-11-02T15:50:46","slug":"alterarte-dibuixa-un-planol-solidari-de-mataro-amb-taps-de-plastic","status":"publish","type":"post","link":"https:\/\/cfpmaresme.org\/es\/alterarte-dibuixa-un-planol-solidari-de-mataro-amb-taps-de-plastic\/","title":{"rendered":"AlterArte dibuja un plano solidario de Matar\u00f3 con tapones de pl\u00e1stico"},"content":{"rendered":"<p style=\"text-align: justify;\">La actividad se llev\u00f3 a cabo en el\u00a0 Fossar Xic y se enmarc\u00f3 dentro de las fiestas de Les Santes de la capital del Maresme<\/p>\n<p><a href=\"https:\/\/centreformacioprevencio.files.wordpress.com\/2015\/07\/dsc_1316.jpg\"><img loading=\"lazy\" decoding=\"async\" class=\"size-large wp-image-283 aligncenter\" src=\"https:\/\/centreformacioprevencio.files.wordpress.com\/2015\/07\/dsc_1316.jpg?w=660\" alt=\"\" width=\"660\" height=\"371\" srcset=\"https:\/\/cfpmaresme.org\/wp-content\/uploads\/2015\/07\/dsc_1316.jpg 3840w, https:\/\/cfpmaresme.org\/wp-content\/uploads\/2015\/07\/dsc_1316-300x169.jpg 300w, https:\/\/cfpmaresme.org\/wp-content\/uploads\/2015\/07\/dsc_1316-768x432.jpg 768w, https:\/\/cfpmaresme.org\/wp-content\/uploads\/2015\/07\/dsc_1316-1024x576.jpg 1024w, https:\/\/cfpmaresme.org\/wp-content\/uploads\/2015\/07\/dsc_1316-700x394.jpg 700w, https:\/\/cfpmaresme.org\/wp-content\/uploads\/2015\/07\/dsc_1316-539x303.jpg 539w\" sizes=\"auto, (max-width: 660px) 100vw, 660px\" \/><\/a><\/p>\n<p style=\"text-align: justify;\">El pasado viernes 24 de julio los usuarios de Alterarte, de los Servicios de Rehabilitaci\u00f3n ComunitariaComunit\u00e0ria Maresme y Burriac, del Centro de D\u00eda de Palafolls y otros trabajadores del Centre de Formaci\u00f3 i Prevenci\u00f3 dibujaron en el Fossar Xic un plano de Matar\u00f3 con tapones de pl\u00e1stico de botellas. Era una actividad dentro del programa de la fiesta mayor de Les Santes y serv\u00eda como acci\u00f3n solidaria para recoger fondos para la asociaci\u00f3n \u00abMiradas que hablan\u00bb, organizaci\u00f3n ben\u00e9fica sin \u00e1nimo de lucro que investiga sobre el S\u00edndrome Duplicaci\u00f3n MECP2.<\/p>\n<p style=\"text-align: justify;\"><!--more--><\/p>\n<p style=\"text-align: justify;\">La silueta de la capital del Maresme estaba formada por m\u00e1s de 5000 tapones de botellas de distintos colores, que simbolizaban las distintas zonas de la ciudad separadas por las arterias de las calles m\u00e1s importantes. Fueron m\u00e1s de cuatro horas de trabajo para conseguir finalizar la actividad. Los tapones se hab\u00edan recogido semanas antes mediante aportaciones de distintas personas que conoc\u00edan el proyecto y quisieron colaborar.<\/p>\n<p style=\"text-align: justify;\"><a href=\"https:\/\/centreformacioprevencio.files.wordpress.com\/2015\/07\/dsc_1308-2.jpg\"><img loading=\"lazy\" decoding=\"async\" class=\"alignleft wp-image-284\" src=\"https:\/\/centreformacioprevencio.files.wordpress.com\/2015\/07\/dsc_1308-2.jpg?w=660\" alt=\"\" width=\"214\" height=\"280\" \/><\/a><\/p>\n<p style=\"text-align: justify;\">Seg\u00fan Blanca Gimeno, responsable de AlterArte, la iniciativa fue \u201cuna manera de aportar nuestro granito de arena a las fiestas de Matar\u00f3, Les Santes. La idea era que todos trabaj\u00e1semos para hacer una actividad conjunta y que el resultado final fuera satisfactorioi. Y creo que as\u00ed fue. Adem\u00e1s, la acci\u00f3n art\u00edstica ha sido del todo solidaria, porque los tapones que hicimos podr\u00e1n ayudar, aunque de una forma muy humilde, a m\u00e1s personas que lo necesiten\u00bb.<\/p>\n<p style=\"text-align: justify;\">Esta ha sido la segunda vez que AlterArte ha dessarrolado una de sus actividades en el Fossar Xic de Matar\u00f3. El a\u00f1o 2013, tambi\u00e9n por estas fechas, prepararon un trabajo \u00aborigamio\u00bb con p\u00e1jaros y flores de papel que vistieron la peque\u00f1a plaza de color y positividad.<\/p>\n","protected":false},"excerpt":{"rendered":"<p>La actividad se llev\u00f3 a cabo en el\u00a0 Fossar Xic y se enmarc\u00f3 dentro de las fiestas de Les Santes de la capital del Maresme El pasado viernes 24 de julio los usuarios de Alterarte, de los Servicios de Rehabilitaci\u00f3n ComunitariaComunit\u00e0ria Maresme y Burriac, del&#8230;<\/p>\n","protected":false},"author":2,"featured_media":0,"comment_status":"open","ping_status":"open","sticky":false,"template":"","format":"standard","meta":{"footnotes":""},"categories":[1234],"tags":[639,709,643,630,645,635,991,617,638,654,992,993],"class_list":["post-17011","post","type-post","status-publish","format-standard","hentry","category-alterarte-es","tag-activitat-es","tag-alterarte-es","tag-art-es","tag-centre-es","tag-comunitaria-es","tag-formacio-es","tag-les-santes-es","tag-mataro-es","tag-prevencio-es","tag-rehabilitacio-es","tag-solidaritat-es","tag-taps-de-plastic-es"],"yoast_head":"<!-- This site is optimized with the Yoast SEO plugin v27.4 - https:\/\/yoast.com\/product\/yoast-seo-wordpress\/ -->\n<title>AlterArte dibuja un plano solidario de Matar\u00f3 con tapones de pl\u00e1stico | CFP Maresme<\/title>\n<meta name=\"robots\" content=\"index, follow, max-snippet:-1, max-image-preview:large, max-video-preview:-1\" \/>\n<link rel=\"canonical\" href=\"https:\/\/cfpmaresme.org\/es\/alterarte-dibuixa-un-planol-solidari-de-mataro-amb-taps-de-plastic\/\" \/>\n<meta property=\"og:locale\" content=\"es_ES\" \/>\n<meta property=\"og:type\" content=\"article\" \/>\n<meta property=\"og:title\" content=\"AlterArte dibuja un plano solidario de Matar\u00f3 con tapones de pl\u00e1stico | CFP Maresme\" \/>\n<meta property=\"og:description\" content=\"La actividad se llev\u00f3 a cabo en el\u00a0 Fossar Xic y se enmarc\u00f3 dentro de las fiestas de Les Santes de la capital del Maresme El pasado viernes 24 de julio los usuarios de Alterarte, de los Servicios de Rehabilitaci\u00f3n ComunitariaComunit\u00e0ria Maresme y Burriac, del...\" \/>\n<meta property=\"og:url\" content=\"https:\/\/cfpmaresme.org\/es\/alterarte-dibuixa-un-planol-solidari-de-mataro-amb-taps-de-plastic\/\" \/>\n<meta property=\"og:site_name\" content=\"CFP Maresme\" \/>\n<meta property=\"article:published_time\" content=\"2015-07-31T07:59:02+00:00\" \/>\n<meta property=\"article:modified_time\" content=\"2020-11-02T15:50:46+00:00\" \/>\n<meta property=\"og:image\" content=\"https:\/\/centreformacioprevencio.files.wordpress.com\/2015\/07\/dsc_1316.jpg?w=660\" \/>\n<meta name=\"author\" content=\"CFPMaresme\" \/>\n<meta name=\"twitter:card\" content=\"summary_large_image\" \/>\n<meta name=\"twitter:creator\" content=\"@cfpmaresme\" \/>\n<meta name=\"twitter:site\" content=\"@cfpmaresme\" \/>\n<meta name=\"twitter:label1\" content=\"Escrito por\" \/>\n\t<meta name=\"twitter:data1\" content=\"CFPMaresme\" \/>\n\t<meta name=\"twitter:label2\" content=\"Tiempo de lectura\" \/>\n\t<meta name=\"twitter:data2\" content=\"2 minutos\" \/>\n<script type=\"application\/ld+json\" class=\"yoast-schema-graph\">{\"@context\":\"https:\\\/\\\/schema.org\",\"@graph\":[{\"@type\":\"Article\",\"@id\":\"https:\\\/\\\/cfpmaresme.org\\\/es\\\/alterarte-dibuixa-un-planol-solidari-de-mataro-amb-taps-de-plastic\\\/#article\",\"isPartOf\":{\"@id\":\"https:\\\/\\\/cfpmaresme.org\\\/es\\\/alterarte-dibuixa-un-planol-solidari-de-mataro-amb-taps-de-plastic\\\/\"},\"author\":{\"name\":\"CFPMaresme\",\"@id\":\"https:\\\/\\\/cfpmaresme.org\\\/#\\\/schema\\\/person\\\/b2634bcd796fafc667ea4055f61b9b2c\"},\"headline\":\"AlterArte dibuja un plano solidario de Matar\u00f3 con tapones de pl\u00e1stico\",\"datePublished\":\"2015-07-31T07:59:02+00:00\",\"dateModified\":\"2020-11-02T15:50:46+00:00\",\"mainEntityOfPage\":{\"@id\":\"https:\\\/\\\/cfpmaresme.org\\\/es\\\/alterarte-dibuixa-un-planol-solidari-de-mataro-amb-taps-de-plastic\\\/\"},\"wordCount\":338,\"commentCount\":0,\"image\":{\"@id\":\"https:\\\/\\\/cfpmaresme.org\\\/es\\\/alterarte-dibuixa-un-planol-solidari-de-mataro-amb-taps-de-plastic\\\/#primaryimage\"},\"thumbnailUrl\":\"https:\\\/\\\/centreformacioprevencio.files.wordpress.com\\\/2015\\\/07\\\/dsc_1316.jpg?w=660\",\"keywords\":[\"activitat\",\"alterarte\",\"Art\",\"centre\",\"comunit\u00e0ria\",\"formaci\u00f3\",\"les santes\",\"matar\u00f3\",\"prevenci\u00f3\",\"rehabilitaci\u00f3\",\"solidaritat\",\"taps de pl\u00e0stic\"],\"articleSection\":[\"Alterarte\"],\"inLanguage\":\"es\"},{\"@type\":\"WebPage\",\"@id\":\"https:\\\/\\\/cfpmaresme.org\\\/es\\\/alterarte-dibuixa-un-planol-solidari-de-mataro-amb-taps-de-plastic\\\/\",\"url\":\"https:\\\/\\\/cfpmaresme.org\\\/es\\\/alterarte-dibuixa-un-planol-solidari-de-mataro-amb-taps-de-plastic\\\/\",\"name\":\"AlterArte dibuja un plano solidario de Matar\u00f3 con tapones de pl\u00e1stico | CFP Maresme\",\"isPartOf\":{\"@id\":\"https:\\\/\\\/cfpmaresme.org\\\/#website\"},\"primaryImageOfPage\":{\"@id\":\"https:\\\/\\\/cfpmaresme.org\\\/es\\\/alterarte-dibuixa-un-planol-solidari-de-mataro-amb-taps-de-plastic\\\/#primaryimage\"},\"image\":{\"@id\":\"https:\\\/\\\/cfpmaresme.org\\\/es\\\/alterarte-dibuixa-un-planol-solidari-de-mataro-amb-taps-de-plastic\\\/#primaryimage\"},\"thumbnailUrl\":\"https:\\\/\\\/centreformacioprevencio.files.wordpress.com\\\/2015\\\/07\\\/dsc_1316.jpg?w=660\",\"datePublished\":\"2015-07-31T07:59:02+00:00\",\"dateModified\":\"2020-11-02T15:50:46+00:00\",\"author\":{\"@id\":\"https:\\\/\\\/cfpmaresme.org\\\/#\\\/schema\\\/person\\\/b2634bcd796fafc667ea4055f61b9b2c\"},\"breadcrumb\":{\"@id\":\"https:\\\/\\\/cfpmaresme.org\\\/es\\\/alterarte-dibuixa-un-planol-solidari-de-mataro-amb-taps-de-plastic\\\/#breadcrumb\"},\"inLanguage\":\"es\",\"potentialAction\":[{\"@type\":\"ReadAction\",\"target\":[\"https:\\\/\\\/cfpmaresme.org\\\/es\\\/alterarte-dibuixa-un-planol-solidari-de-mataro-amb-taps-de-plastic\\\/\"]}]},{\"@type\":\"ImageObject\",\"inLanguage\":\"es\",\"@id\":\"https:\\\/\\\/cfpmaresme.org\\\/es\\\/alterarte-dibuixa-un-planol-solidari-de-mataro-amb-taps-de-plastic\\\/#primaryimage\",\"url\":\"https:\\\/\\\/centreformacioprevencio.files.wordpress.com\\\/2015\\\/07\\\/dsc_1316.jpg?w=660\",\"contentUrl\":\"https:\\\/\\\/centreformacioprevencio.files.wordpress.com\\\/2015\\\/07\\\/dsc_1316.jpg?w=660\"},{\"@type\":\"BreadcrumbList\",\"@id\":\"https:\\\/\\\/cfpmaresme.org\\\/es\\\/alterarte-dibuixa-un-planol-solidari-de-mataro-amb-taps-de-plastic\\\/#breadcrumb\",\"itemListElement\":[{\"@type\":\"ListItem\",\"position\":1,\"name\":\"Home\",\"item\":\"https:\\\/\\\/cfpmaresme.org\\\/es\\\/\"},{\"@type\":\"ListItem\",\"position\":2,\"name\":\"AlterArte dibuja un plano solidario de Matar\u00f3 con tapones de pl\u00e1stico\"}]},{\"@type\":\"WebSite\",\"@id\":\"https:\\\/\\\/cfpmaresme.org\\\/#website\",\"url\":\"https:\\\/\\\/cfpmaresme.org\\\/\",\"name\":\"CFP Maresme\",\"description\":\"Centre Formaci\u00f3 Prevenci\u00f3\",\"potentialAction\":[{\"@type\":\"SearchAction\",\"target\":{\"@type\":\"EntryPoint\",\"urlTemplate\":\"https:\\\/\\\/cfpmaresme.org\\\/?s={search_term_string}\"},\"query-input\":{\"@type\":\"PropertyValueSpecification\",\"valueRequired\":true,\"valueName\":\"search_term_string\"}}],\"inLanguage\":\"es\"},{\"@type\":\"Person\",\"@id\":\"https:\\\/\\\/cfpmaresme.org\\\/#\\\/schema\\\/person\\\/b2634bcd796fafc667ea4055f61b9b2c\",\"name\":\"CFPMaresme\"}]}<\/script>\n<!-- \/ Yoast SEO plugin. -->","yoast_head_json":{"title":"AlterArte dibuja un plano solidario de Matar\u00f3 con tapones de pl\u00e1stico | CFP Maresme","robots":{"index":"index","follow":"follow","max-snippet":"max-snippet:-1","max-image-preview":"max-image-preview:large","max-video-preview":"max-video-preview:-1"},"canonical":"https:\/\/cfpmaresme.org\/es\/alterarte-dibuixa-un-planol-solidari-de-mataro-amb-taps-de-plastic\/","og_locale":"es_ES","og_type":"article","og_title":"AlterArte dibuja un plano solidario de Matar\u00f3 con tapones de pl\u00e1stico | CFP Maresme","og_description":"La actividad se llev\u00f3 a cabo en el\u00a0 Fossar Xic y se enmarc\u00f3 dentro de las fiestas de Les Santes de la capital del Maresme El pasado viernes 24 de julio los usuarios de Alterarte, de los Servicios de Rehabilitaci\u00f3n ComunitariaComunit\u00e0ria Maresme y Burriac, del...","og_url":"https:\/\/cfpmaresme.org\/es\/alterarte-dibuixa-un-planol-solidari-de-mataro-amb-taps-de-plastic\/","og_site_name":"CFP Maresme","article_published_time":"2015-07-31T07:59:02+00:00","article_modified_time":"2020-11-02T15:50:46+00:00","og_image":[{"url":"https:\/\/centreformacioprevencio.files.wordpress.com\/2015\/07\/dsc_1316.jpg?w=660","type":"","width":"","height":""}],"author":"CFPMaresme","twitter_card":"summary_large_image","twitter_creator":"@cfpmaresme","twitter_site":"@cfpmaresme","twitter_misc":{"Escrito por":"CFPMaresme","Tiempo de lectura":"2 minutos"},"schema":{"@context":"https:\/\/schema.org","@graph":[{"@type":"Article","@id":"https:\/\/cfpmaresme.org\/es\/alterarte-dibuixa-un-planol-solidari-de-mataro-amb-taps-de-plastic\/#article","isPartOf":{"@id":"https:\/\/cfpmaresme.org\/es\/alterarte-dibuixa-un-planol-solidari-de-mataro-amb-taps-de-plastic\/"},"author":{"name":"CFPMaresme","@id":"https:\/\/cfpmaresme.org\/#\/schema\/person\/b2634bcd796fafc667ea4055f61b9b2c"},"headline":"AlterArte dibuja un plano solidario de Matar\u00f3 con tapones de pl\u00e1stico","datePublished":"2015-07-31T07:59:02+00:00","dateModified":"2020-11-02T15:50:46+00:00","mainEntityOfPage":{"@id":"https:\/\/cfpmaresme.org\/es\/alterarte-dibuixa-un-planol-solidari-de-mataro-amb-taps-de-plastic\/"},"wordCount":338,"commentCount":0,"image":{"@id":"https:\/\/cfpmaresme.org\/es\/alterarte-dibuixa-un-planol-solidari-de-mataro-amb-taps-de-plastic\/#primaryimage"},"thumbnailUrl":"https:\/\/centreformacioprevencio.files.wordpress.com\/2015\/07\/dsc_1316.jpg?w=660","keywords":["activitat","alterarte","Art","centre","comunit\u00e0ria","formaci\u00f3","les santes","matar\u00f3","prevenci\u00f3","rehabilitaci\u00f3","solidaritat","taps de pl\u00e0stic"],"articleSection":["Alterarte"],"inLanguage":"es"},{"@type":"WebPage","@id":"https:\/\/cfpmaresme.org\/es\/alterarte-dibuixa-un-planol-solidari-de-mataro-amb-taps-de-plastic\/","url":"https:\/\/cfpmaresme.org\/es\/alterarte-dibuixa-un-planol-solidari-de-mataro-amb-taps-de-plastic\/","name":"AlterArte dibuja un plano solidario de Matar\u00f3 con tapones de pl\u00e1stico | CFP Maresme","isPartOf":{"@id":"https:\/\/cfpmaresme.org\/#website"},"primaryImageOfPage":{"@id":"https:\/\/cfpmaresme.org\/es\/alterarte-dibuixa-un-planol-solidari-de-mataro-amb-taps-de-plastic\/#primaryimage"},"image":{"@id":"https:\/\/cfpmaresme.org\/es\/alterarte-dibuixa-un-planol-solidari-de-mataro-amb-taps-de-plastic\/#primaryimage"},"thumbnailUrl":"https:\/\/centreformacioprevencio.files.wordpress.com\/2015\/07\/dsc_1316.jpg?w=660","datePublished":"2015-07-31T07:59:02+00:00","dateModified":"2020-11-02T15:50:46+00:00","author":{"@id":"https:\/\/cfpmaresme.org\/#\/schema\/person\/b2634bcd796fafc667ea4055f61b9b2c"},"breadcrumb":{"@id":"https:\/\/cfpmaresme.org\/es\/alterarte-dibuixa-un-planol-solidari-de-mataro-amb-taps-de-plastic\/#breadcrumb"},"inLanguage":"es","potentialAction":[{"@type":"ReadAction","target":["https:\/\/cfpmaresme.org\/es\/alterarte-dibuixa-un-planol-solidari-de-mataro-amb-taps-de-plastic\/"]}]},{"@type":"ImageObject","inLanguage":"es","@id":"https:\/\/cfpmaresme.org\/es\/alterarte-dibuixa-un-planol-solidari-de-mataro-amb-taps-de-plastic\/#primaryimage","url":"https:\/\/centreformacioprevencio.files.wordpress.com\/2015\/07\/dsc_1316.jpg?w=660","contentUrl":"https:\/\/centreformacioprevencio.files.wordpress.com\/2015\/07\/dsc_1316.jpg?w=660"},{"@type":"BreadcrumbList","@id":"https:\/\/cfpmaresme.org\/es\/alterarte-dibuixa-un-planol-solidari-de-mataro-amb-taps-de-plastic\/#breadcrumb","itemListElement":[{"@type":"ListItem","position":1,"name":"Home","item":"https:\/\/cfpmaresme.org\/es\/"},{"@type":"ListItem","position":2,"name":"AlterArte dibuja un plano solidario de Matar\u00f3 con tapones de pl\u00e1stico"}]},{"@type":"WebSite","@id":"https:\/\/cfpmaresme.org\/#website","url":"https:\/\/cfpmaresme.org\/","name":"CFP Maresme","description":"Centre Formaci\u00f3 Prevenci\u00f3","potentialAction":[{"@type":"SearchAction","target":{"@type":"EntryPoint","urlTemplate":"https:\/\/cfpmaresme.org\/?s={search_term_string}"},"query-input":{"@type":"PropertyValueSpecification","valueRequired":true,"valueName":"search_term_string"}}],"inLanguage":"es"},{"@type":"Person","@id":"https:\/\/cfpmaresme.org\/#\/schema\/person\/b2634bcd796fafc667ea4055f61b9b2c","name":"CFPMaresme"}]}},"_links":{"self":[{"href":"https:\/\/cfpmaresme.org\/es\/wp-json\/wp\/v2\/posts\/17011","targetHints":{"allow":["GET"]}}],"collection":[{"href":"https:\/\/cfpmaresme.org\/es\/wp-json\/wp\/v2\/posts"}],"about":[{"href":"https:\/\/cfpmaresme.org\/es\/wp-json\/wp\/v2\/types\/post"}],"author":[{"embeddable":true,"href":"https:\/\/cfpmaresme.org\/es\/wp-json\/wp\/v2\/users\/2"}],"replies":[{"embeddable":true,"href":"https:\/\/cfpmaresme.org\/es\/wp-json\/wp\/v2\/comments?post=17011"}],"version-history":[{"count":3,"href":"https:\/\/cfpmaresme.org\/es\/wp-json\/wp\/v2\/posts\/17011\/revisions"}],"predecessor-version":[{"id":22201,"href":"https:\/\/cfpmaresme.org\/es\/wp-json\/wp\/v2\/posts\/17011\/revisions\/22201"}],"wp:attachment":[{"href":"https:\/\/cfpmaresme.org\/es\/wp-json\/wp\/v2\/media?parent=17011"}],"wp:term":[{"taxonomy":"category","embeddable":true,"href":"https:\/\/cfpmaresme.org\/es\/wp-json\/wp\/v2\/categories?post=17011"},{"taxonomy":"post_tag","embeddable":true,"href":"https:\/\/cfpmaresme.org\/es\/wp-json\/wp\/v2\/tags?post=17011"}],"curies":[{"name":"wp","href":"https:\/\/api.w.org\/{rel}","templated":true}]}}