{"id":17012,"date":"2015-07-23T12:10:00","date_gmt":"2015-07-23T12:10:00","guid":{"rendered":"http:\/\/cfpmaresme.org\/el-paper-conjunt-de-la-cultura-i-la-salut-mental\/"},"modified":"2021-10-01T14:02:43","modified_gmt":"2021-10-01T12:02:43","slug":"el-paper-conjunt-de-la-cultura-i-la-salut-mental","status":"publish","type":"post","link":"https:\/\/cfpmaresme.org\/es\/el-paper-conjunt-de-la-cultura-i-la-salut-mental\/","title":{"rendered":"El papel conjunto de la cultura y la salud mental"},"content":{"rendered":"<p style=\"text-align: justify;\">Llibre Actiu es un servicio que une la pasi\u00f3n por la literatura, la cohesi\u00f3n vecinal y la lucha contra estigmas del colectivo de la salud mental<\/p>\n<p style=\"text-align: justify;\"><a href=\"https:\/\/centreformacioprevencio.files.wordpress.com\/2015\/07\/img_0743-2.jpg\"><img loading=\"lazy\" decoding=\"async\" class=\"aligncenter size-large wp-image-262\" src=\"https:\/\/centreformacioprevencio.files.wordpress.com\/2015\/07\/img_0743-2.jpg?w=660\" alt=\"\" width=\"660\" height=\"324\" srcset=\"https:\/\/cfpmaresme.org\/wp-content\/uploads\/2015\/07\/img_0743-2.jpg 1498w, https:\/\/cfpmaresme.org\/wp-content\/uploads\/2015\/07\/img_0743-2-300x147.jpg 300w, https:\/\/cfpmaresme.org\/wp-content\/uploads\/2015\/07\/img_0743-2-768x377.jpg 768w, https:\/\/cfpmaresme.org\/wp-content\/uploads\/2015\/07\/img_0743-2-1024x502.jpg 1024w, https:\/\/cfpmaresme.org\/wp-content\/uploads\/2015\/07\/img_0743-2-700x343.jpg 700w\" sizes=\"auto, (max-width: 660px) 100vw, 660px\" \/><\/a><\/p>\n<p style=\"text-align: justify;\">El bookcrossing es ecol\u00f3gico y socialmente responsable. Con un libro que ya no nos interesa tener cubierto de polvo en cualquier rinc\u00f3n de casa, evitamos el amarilleamiento de los de la estanter\u00eda del vecino. Es una permuta equilibrada. Un proceso cultural casi inacabable en el que no se juzga el libro por la portada. Ni tan siquiera por su contenido. Ni por su precio. Es el inter\u00e9s de empezar un nuevo cap\u00edtulo que otros ya han le\u00eddo. Y dejar que ellos empiecen uno que nosotros ya conocemos. Es el papel conjunto de la cultura y la salud mental que intenta promover Llibre Actiu.<\/p>\n<p style=\"text-align: justify;\"><!--more--><\/p>\n<p style=\"text-align: justify;\">Este servicio impulsado por el Centre de Formaci\u00f3 i Prevenci\u00f3 lleva desde el 2009 ofreciendo el intercambio de libros desde su local en la calle Monta\u00f1a, en el barrio de Cirera de Matar\u00f3. En estos seis a\u00f1os han conseguido reunir una colecci\u00f3n de entre 20.000 y 30.000 registros que est\u00e1n a la disposici\u00f3n de los usuarios y usuarias que se quieran acercar para adquirir nuevas historias y conocimientos.<\/p>\n<p style=\"text-align: justify;\">Este fomento de los h\u00e1bitos literarios se une con el objetivo completo que supuso en su momento la apuesta por el establecimiento de un nuevo equipamiento cultural en el barrio. Son muchas las personas de las cercan\u00edas que utilizan el servicio de Llibre Actiu y que comprenden la importancia de su presencia en la zona. Es por esto que la librer\u00eda tiene la intenci\u00f3n de seguir participando en la cohesi\u00f3n social del vecindario.<\/p>\n<p style=\"text-align: justify;\"><a href=\"https:\/\/centreformacioprevencio.files.wordpress.com\/2015\/07\/dscn0964-2.jpg\"><img loading=\"lazy\" decoding=\"async\" class=\"alignleft wp-image-270\" src=\"https:\/\/centreformacioprevencio.files.wordpress.com\/2015\/07\/dscn0964-2.jpg?w=660\" alt=\"\" width=\"264\" height=\"352\" srcset=\"https:\/\/cfpmaresme.org\/wp-content\/uploads\/2015\/07\/dscn0964-2.jpg 1920w, https:\/\/cfpmaresme.org\/wp-content\/uploads\/2015\/07\/dscn0964-2-225x300.jpg 225w, https:\/\/cfpmaresme.org\/wp-content\/uploads\/2015\/07\/dscn0964-2-768x1024.jpg 768w, https:\/\/cfpmaresme.org\/wp-content\/uploads\/2015\/07\/dscn0964-2-600x800.jpg 600w, https:\/\/cfpmaresme.org\/wp-content\/uploads\/2015\/07\/dscn0964-2-700x933.jpg 700w\" sizes=\"auto, (max-width: 264px) 100vw, 264px\" \/><\/a>Pero lo que posiblemente caracteriza m\u00e1s a Llibre Actiu y que lo diferencia de las otras librer\u00edas de bookcrossing que podemos encontrar en la ciudad, es su teor\u00eda del contacto\u00a0 social. La recopilaci\u00f3n de libros est\u00e1 completamente gestionado por personas que sufren problemas de salud mental.<\/p>\n<p style=\"text-align: justify;\">Jaume Rodon, responsable de la librer\u00eda, nos resume la actividad que desarrollan destacando que \u00aben Llibre Actiu evitamos situaciones de aislamiento y de invisibilidad del colectivo rompiendo tambi\u00e9n con los estereotipos. Es la poblaci\u00f3n normalizada, la que viene en nuestra casa y nosotros los que\u00a0 los atendemos con diligencia. Favorecemos el barrio con un nuevo equipamiento cultural y transformamos la concepci\u00f3n y percepci\u00f3n social de la realidad de las personas con problemas de salud mental.\u201d<\/p>\n<p style=\"text-align: justify;\">Si entramos en el local de Llibre Actiu, ser\u00e1n estas personas quien nos atender\u00e1n, nos aconsejar\u00e1n y hablar\u00e1n con nosotros sobre la colecci\u00f3n. Saldremos con nuevas p\u00e1ginas para leer, habremos colaborado en el funcionamiento del engranaje del servicio y seguro que nos habremos replanteado la imagen a menudo err\u00f3nea que tenemos de ellos.<\/p>\n<p style=\"text-align: justify;\">Es necesario combatir todos estos estigmas. El miedo a lo desconocido solo se esfuma con la voluntad de conocer. Si conocemos, aprendemos y con el aprendizaje se acaba adquiriendo la comprensi\u00f3n de todo el que nos envuelve. Es lo que pasa con los libros. Y es tambi\u00e9n lo que pasa cuando hablamos de salud mental. Que todav\u00eda nos quedan muchas historias personales para conocer, aprender y comprender. Y mucho camino por eliminar los prejuicios que todav\u00eda sufre este colectivo. Iniciativas como Llibre Actiu contribuyen de manera muy importante.<\/p>\n","protected":false},"excerpt":{"rendered":"<p>Llibre Actiu es un servicio que une la pasi\u00f3n por la literatura, la cohesi\u00f3n vecinal y la lucha contra estigmas del colectivo de la salud mental El bookcrossing es ecol\u00f3gico y socialmente responsable. Con un libro que ya no nos interesa tener cubierto de polvo&#8230;<\/p>\n","protected":false},"author":2,"featured_media":0,"comment_status":"open","ping_status":"open","sticky":false,"template":"","format":"standard","meta":{"footnotes":""},"categories":[599,1199],"tags":[626,787,630,788,635,636,706,638,681],"class_list":["post-17012","post","type-post","status-publish","format-standard","hentry","category-llibre-actiu-es","category-servicios-de-rehabilitacion-comunitaria","tag-actiu-es","tag-bookcrossing-es","tag-centre-es","tag-cultura-es","tag-formacio-es","tag-llibre-es","tag-mental-es","tag-prevencio-es","tag-salut-es"],"yoast_head":"<!-- This site is optimized with the Yoast SEO plugin v27.4 - https:\/\/yoast.com\/product\/yoast-seo-wordpress\/ -->\n<title>El papel conjunto de la cultura y la salud mental | CFP Maresme<\/title>\n<meta name=\"robots\" content=\"index, follow, max-snippet:-1, max-image-preview:large, max-video-preview:-1\" \/>\n<link rel=\"canonical\" href=\"https:\/\/cfpmaresme.org\/es\/el-paper-conjunt-de-la-cultura-i-la-salut-mental\/\" \/>\n<meta property=\"og:locale\" content=\"es_ES\" \/>\n<meta property=\"og:type\" content=\"article\" \/>\n<meta property=\"og:title\" content=\"El papel conjunto de la cultura y la salud mental | CFP Maresme\" \/>\n<meta property=\"og:description\" content=\"Llibre Actiu es un servicio que une la pasi\u00f3n por la literatura, la cohesi\u00f3n vecinal y la lucha contra estigmas del colectivo de la salud mental El bookcrossing es ecol\u00f3gico y socialmente responsable. Con un libro que ya no nos interesa tener cubierto de polvo...\" \/>\n<meta property=\"og:url\" content=\"https:\/\/cfpmaresme.org\/es\/el-paper-conjunt-de-la-cultura-i-la-salut-mental\/\" \/>\n<meta property=\"og:site_name\" content=\"CFP Maresme\" \/>\n<meta property=\"article:published_time\" content=\"2015-07-23T12:10:00+00:00\" \/>\n<meta property=\"article:modified_time\" content=\"2021-10-01T12:02:43+00:00\" \/>\n<meta property=\"og:image\" content=\"https:\/\/centreformacioprevencio.files.wordpress.com\/2015\/07\/img_0743-2.jpg?w=660\" \/>\n<meta name=\"author\" content=\"CFPMaresme\" \/>\n<meta name=\"twitter:card\" content=\"summary_large_image\" \/>\n<meta name=\"twitter:creator\" content=\"@cfpmaresme\" \/>\n<meta name=\"twitter:site\" content=\"@cfpmaresme\" \/>\n<meta name=\"twitter:label1\" content=\"Escrito por\" \/>\n\t<meta name=\"twitter:data1\" content=\"CFPMaresme\" \/>\n\t<meta name=\"twitter:label2\" content=\"Tiempo de lectura\" \/>\n\t<meta name=\"twitter:data2\" content=\"3 minutos\" \/>\n<script type=\"application\/ld+json\" class=\"yoast-schema-graph\">{\"@context\":\"https:\\\/\\\/schema.org\",\"@graph\":[{\"@type\":\"Article\",\"@id\":\"https:\\\/\\\/cfpmaresme.org\\\/es\\\/el-paper-conjunt-de-la-cultura-i-la-salut-mental\\\/#article\",\"isPartOf\":{\"@id\":\"https:\\\/\\\/cfpmaresme.org\\\/es\\\/el-paper-conjunt-de-la-cultura-i-la-salut-mental\\\/\"},\"author\":{\"name\":\"CFPMaresme\",\"@id\":\"https:\\\/\\\/cfpmaresme.org\\\/#\\\/schema\\\/person\\\/b2634bcd796fafc667ea4055f61b9b2c\"},\"headline\":\"El papel conjunto de la cultura y la salud mental\",\"datePublished\":\"2015-07-23T12:10:00+00:00\",\"dateModified\":\"2021-10-01T12:02:43+00:00\",\"mainEntityOfPage\":{\"@id\":\"https:\\\/\\\/cfpmaresme.org\\\/es\\\/el-paper-conjunt-de-la-cultura-i-la-salut-mental\\\/\"},\"wordCount\":577,\"commentCount\":0,\"image\":{\"@id\":\"https:\\\/\\\/cfpmaresme.org\\\/es\\\/el-paper-conjunt-de-la-cultura-i-la-salut-mental\\\/#primaryimage\"},\"thumbnailUrl\":\"https:\\\/\\\/centreformacioprevencio.files.wordpress.com\\\/2015\\\/07\\\/img_0743-2.jpg?w=660\",\"keywords\":[\"actiu\",\"bookcrossing\",\"centre\",\"cultura\",\"formaci\u00f3\",\"llibre\",\"mental\",\"prevenci\u00f3\",\"salut\"],\"articleSection\":[\"Llibre Actiu\",\"Servicios de Rehabilitaci\u00f3n Comunitaria\"],\"inLanguage\":\"es\"},{\"@type\":\"WebPage\",\"@id\":\"https:\\\/\\\/cfpmaresme.org\\\/es\\\/el-paper-conjunt-de-la-cultura-i-la-salut-mental\\\/\",\"url\":\"https:\\\/\\\/cfpmaresme.org\\\/es\\\/el-paper-conjunt-de-la-cultura-i-la-salut-mental\\\/\",\"name\":\"El papel conjunto de la cultura y la salud mental | CFP Maresme\",\"isPartOf\":{\"@id\":\"https:\\\/\\\/cfpmaresme.org\\\/#website\"},\"primaryImageOfPage\":{\"@id\":\"https:\\\/\\\/cfpmaresme.org\\\/es\\\/el-paper-conjunt-de-la-cultura-i-la-salut-mental\\\/#primaryimage\"},\"image\":{\"@id\":\"https:\\\/\\\/cfpmaresme.org\\\/es\\\/el-paper-conjunt-de-la-cultura-i-la-salut-mental\\\/#primaryimage\"},\"thumbnailUrl\":\"https:\\\/\\\/centreformacioprevencio.files.wordpress.com\\\/2015\\\/07\\\/img_0743-2.jpg?w=660\",\"datePublished\":\"2015-07-23T12:10:00+00:00\",\"dateModified\":\"2021-10-01T12:02:43+00:00\",\"author\":{\"@id\":\"https:\\\/\\\/cfpmaresme.org\\\/#\\\/schema\\\/person\\\/b2634bcd796fafc667ea4055f61b9b2c\"},\"breadcrumb\":{\"@id\":\"https:\\\/\\\/cfpmaresme.org\\\/es\\\/el-paper-conjunt-de-la-cultura-i-la-salut-mental\\\/#breadcrumb\"},\"inLanguage\":\"es\",\"potentialAction\":[{\"@type\":\"ReadAction\",\"target\":[\"https:\\\/\\\/cfpmaresme.org\\\/es\\\/el-paper-conjunt-de-la-cultura-i-la-salut-mental\\\/\"]}]},{\"@type\":\"ImageObject\",\"inLanguage\":\"es\",\"@id\":\"https:\\\/\\\/cfpmaresme.org\\\/es\\\/el-paper-conjunt-de-la-cultura-i-la-salut-mental\\\/#primaryimage\",\"url\":\"https:\\\/\\\/centreformacioprevencio.files.wordpress.com\\\/2015\\\/07\\\/img_0743-2.jpg?w=660\",\"contentUrl\":\"https:\\\/\\\/centreformacioprevencio.files.wordpress.com\\\/2015\\\/07\\\/img_0743-2.jpg?w=660\"},{\"@type\":\"BreadcrumbList\",\"@id\":\"https:\\\/\\\/cfpmaresme.org\\\/es\\\/el-paper-conjunt-de-la-cultura-i-la-salut-mental\\\/#breadcrumb\",\"itemListElement\":[{\"@type\":\"ListItem\",\"position\":1,\"name\":\"Home\",\"item\":\"https:\\\/\\\/cfpmaresme.org\\\/es\\\/\"},{\"@type\":\"ListItem\",\"position\":2,\"name\":\"El papel conjunto de la cultura y la salud mental\"}]},{\"@type\":\"WebSite\",\"@id\":\"https:\\\/\\\/cfpmaresme.org\\\/#website\",\"url\":\"https:\\\/\\\/cfpmaresme.org\\\/\",\"name\":\"CFP Maresme\",\"description\":\"Centre Formaci\u00f3 Prevenci\u00f3\",\"potentialAction\":[{\"@type\":\"SearchAction\",\"target\":{\"@type\":\"EntryPoint\",\"urlTemplate\":\"https:\\\/\\\/cfpmaresme.org\\\/?s={search_term_string}\"},\"query-input\":{\"@type\":\"PropertyValueSpecification\",\"valueRequired\":true,\"valueName\":\"search_term_string\"}}],\"inLanguage\":\"es\"},{\"@type\":\"Person\",\"@id\":\"https:\\\/\\\/cfpmaresme.org\\\/#\\\/schema\\\/person\\\/b2634bcd796fafc667ea4055f61b9b2c\",\"name\":\"CFPMaresme\"}]}<\/script>\n<!-- \/ Yoast SEO plugin. -->","yoast_head_json":{"title":"El papel conjunto de la cultura y la salud mental | CFP Maresme","robots":{"index":"index","follow":"follow","max-snippet":"max-snippet:-1","max-image-preview":"max-image-preview:large","max-video-preview":"max-video-preview:-1"},"canonical":"https:\/\/cfpmaresme.org\/es\/el-paper-conjunt-de-la-cultura-i-la-salut-mental\/","og_locale":"es_ES","og_type":"article","og_title":"El papel conjunto de la cultura y la salud mental | CFP Maresme","og_description":"Llibre Actiu es un servicio que une la pasi\u00f3n por la literatura, la cohesi\u00f3n vecinal y la lucha contra estigmas del colectivo de la salud mental El bookcrossing es ecol\u00f3gico y socialmente responsable. Con un libro que ya no nos interesa tener cubierto de polvo...","og_url":"https:\/\/cfpmaresme.org\/es\/el-paper-conjunt-de-la-cultura-i-la-salut-mental\/","og_site_name":"CFP Maresme","article_published_time":"2015-07-23T12:10:00+00:00","article_modified_time":"2021-10-01T12:02:43+00:00","og_image":[{"url":"https:\/\/centreformacioprevencio.files.wordpress.com\/2015\/07\/img_0743-2.jpg?w=660","type":"","width":"","height":""}],"author":"CFPMaresme","twitter_card":"summary_large_image","twitter_creator":"@cfpmaresme","twitter_site":"@cfpmaresme","twitter_misc":{"Escrito por":"CFPMaresme","Tiempo de lectura":"3 minutos"},"schema":{"@context":"https:\/\/schema.org","@graph":[{"@type":"Article","@id":"https:\/\/cfpmaresme.org\/es\/el-paper-conjunt-de-la-cultura-i-la-salut-mental\/#article","isPartOf":{"@id":"https:\/\/cfpmaresme.org\/es\/el-paper-conjunt-de-la-cultura-i-la-salut-mental\/"},"author":{"name":"CFPMaresme","@id":"https:\/\/cfpmaresme.org\/#\/schema\/person\/b2634bcd796fafc667ea4055f61b9b2c"},"headline":"El papel conjunto de la cultura y la salud mental","datePublished":"2015-07-23T12:10:00+00:00","dateModified":"2021-10-01T12:02:43+00:00","mainEntityOfPage":{"@id":"https:\/\/cfpmaresme.org\/es\/el-paper-conjunt-de-la-cultura-i-la-salut-mental\/"},"wordCount":577,"commentCount":0,"image":{"@id":"https:\/\/cfpmaresme.org\/es\/el-paper-conjunt-de-la-cultura-i-la-salut-mental\/#primaryimage"},"thumbnailUrl":"https:\/\/centreformacioprevencio.files.wordpress.com\/2015\/07\/img_0743-2.jpg?w=660","keywords":["actiu","bookcrossing","centre","cultura","formaci\u00f3","llibre","mental","prevenci\u00f3","salut"],"articleSection":["Llibre Actiu","Servicios de Rehabilitaci\u00f3n Comunitaria"],"inLanguage":"es"},{"@type":"WebPage","@id":"https:\/\/cfpmaresme.org\/es\/el-paper-conjunt-de-la-cultura-i-la-salut-mental\/","url":"https:\/\/cfpmaresme.org\/es\/el-paper-conjunt-de-la-cultura-i-la-salut-mental\/","name":"El papel conjunto de la cultura y la salud mental | CFP Maresme","isPartOf":{"@id":"https:\/\/cfpmaresme.org\/#website"},"primaryImageOfPage":{"@id":"https:\/\/cfpmaresme.org\/es\/el-paper-conjunt-de-la-cultura-i-la-salut-mental\/#primaryimage"},"image":{"@id":"https:\/\/cfpmaresme.org\/es\/el-paper-conjunt-de-la-cultura-i-la-salut-mental\/#primaryimage"},"thumbnailUrl":"https:\/\/centreformacioprevencio.files.wordpress.com\/2015\/07\/img_0743-2.jpg?w=660","datePublished":"2015-07-23T12:10:00+00:00","dateModified":"2021-10-01T12:02:43+00:00","author":{"@id":"https:\/\/cfpmaresme.org\/#\/schema\/person\/b2634bcd796fafc667ea4055f61b9b2c"},"breadcrumb":{"@id":"https:\/\/cfpmaresme.org\/es\/el-paper-conjunt-de-la-cultura-i-la-salut-mental\/#breadcrumb"},"inLanguage":"es","potentialAction":[{"@type":"ReadAction","target":["https:\/\/cfpmaresme.org\/es\/el-paper-conjunt-de-la-cultura-i-la-salut-mental\/"]}]},{"@type":"ImageObject","inLanguage":"es","@id":"https:\/\/cfpmaresme.org\/es\/el-paper-conjunt-de-la-cultura-i-la-salut-mental\/#primaryimage","url":"https:\/\/centreformacioprevencio.files.wordpress.com\/2015\/07\/img_0743-2.jpg?w=660","contentUrl":"https:\/\/centreformacioprevencio.files.wordpress.com\/2015\/07\/img_0743-2.jpg?w=660"},{"@type":"BreadcrumbList","@id":"https:\/\/cfpmaresme.org\/es\/el-paper-conjunt-de-la-cultura-i-la-salut-mental\/#breadcrumb","itemListElement":[{"@type":"ListItem","position":1,"name":"Home","item":"https:\/\/cfpmaresme.org\/es\/"},{"@type":"ListItem","position":2,"name":"El papel conjunto de la cultura y la salud mental"}]},{"@type":"WebSite","@id":"https:\/\/cfpmaresme.org\/#website","url":"https:\/\/cfpmaresme.org\/","name":"CFP Maresme","description":"Centre Formaci\u00f3 Prevenci\u00f3","potentialAction":[{"@type":"SearchAction","target":{"@type":"EntryPoint","urlTemplate":"https:\/\/cfpmaresme.org\/?s={search_term_string}"},"query-input":{"@type":"PropertyValueSpecification","valueRequired":true,"valueName":"search_term_string"}}],"inLanguage":"es"},{"@type":"Person","@id":"https:\/\/cfpmaresme.org\/#\/schema\/person\/b2634bcd796fafc667ea4055f61b9b2c","name":"CFPMaresme"}]}},"_links":{"self":[{"href":"https:\/\/cfpmaresme.org\/es\/wp-json\/wp\/v2\/posts\/17012","targetHints":{"allow":["GET"]}}],"collection":[{"href":"https:\/\/cfpmaresme.org\/es\/wp-json\/wp\/v2\/posts"}],"about":[{"href":"https:\/\/cfpmaresme.org\/es\/wp-json\/wp\/v2\/types\/post"}],"author":[{"embeddable":true,"href":"https:\/\/cfpmaresme.org\/es\/wp-json\/wp\/v2\/users\/2"}],"replies":[{"embeddable":true,"href":"https:\/\/cfpmaresme.org\/es\/wp-json\/wp\/v2\/comments?post=17012"}],"version-history":[{"count":3,"href":"https:\/\/cfpmaresme.org\/es\/wp-json\/wp\/v2\/posts\/17012\/revisions"}],"predecessor-version":[{"id":26685,"href":"https:\/\/cfpmaresme.org\/es\/wp-json\/wp\/v2\/posts\/17012\/revisions\/26685"}],"wp:attachment":[{"href":"https:\/\/cfpmaresme.org\/es\/wp-json\/wp\/v2\/media?parent=17012"}],"wp:term":[{"taxonomy":"category","embeddable":true,"href":"https:\/\/cfpmaresme.org\/es\/wp-json\/wp\/v2\/categories?post=17012"},{"taxonomy":"post_tag","embeddable":true,"href":"https:\/\/cfpmaresme.org\/es\/wp-json\/wp\/v2\/tags?post=17012"}],"curies":[{"name":"wp","href":"https:\/\/api.w.org\/{rel}","templated":true}]}}