{"id":17021,"date":"2015-05-27T10:21:12","date_gmt":"2015-05-27T10:21:12","guid":{"rendered":"http:\/\/cfpmaresme.org\/finalitza-la-primera-participacio-dalterarte-al-museu-obert-de-mataro\/"},"modified":"2020-11-09T17:49:57","modified_gmt":"2020-11-09T15:49:57","slug":"finalitza-la-primera-participacio-dalterarte-al-museu-obert-de-mataro","status":"publish","type":"post","link":"https:\/\/cfpmaresme.org\/es\/finalitza-la-primera-participacio-dalterarte-al-museu-obert-de-mataro\/","title":{"rendered":"Finaliza la primera participaci\u00f3n de  AlterArte en el Museu Obert de Matar\u00f3"},"content":{"rendered":"<p><strong>Los cuadros del programa art\u00edstico se han expuesto a siete tiendas del centro de la ciudad\u00a0<\/strong><\/p>\n<p><img loading=\"lazy\" decoding=\"async\" class=\" size-large wp-image-179 alignnone\" src=\"https:\/\/centreformacioprevencio.files.wordpress.com\/2015\/05\/museuobert_fransi-2.jpg?w=660\" alt=\"\" width=\"660\" height=\"408\" srcset=\"https:\/\/cfpmaresme.org\/wp-content\/uploads\/2015\/05\/museuobert_fransi-2.jpg 960w, https:\/\/cfpmaresme.org\/wp-content\/uploads\/2015\/05\/museuobert_fransi-2-300x186.jpg 300w, https:\/\/cfpmaresme.org\/wp-content\/uploads\/2015\/05\/museuobert_fransi-2-768x475.jpg 768w, https:\/\/cfpmaresme.org\/wp-content\/uploads\/2015\/05\/museuobert_fransi-2-700x433.jpg 700w\" sizes=\"auto, (max-width: 660px) 100vw, 660px\" \/><\/p>\n<p style=\"text-align: justify;\">La cuarta edici\u00f3n del Museu Obert se cerr\u00f3 este pasado domingo con la participaci\u00f3n de m\u00e1s de sesenta tiendas del centro de Matar\u00f3. Los escaparates se han llenado durante dos semanas de obras de arte creadas por los usuarios de la Associaci\u00f3 Sant Lluc per l\u2019Art y de\u00a0 AlterArte. en el caso sel proyecto art\u00edstico del Centre de Formaci\u00f3 i Prevenci\u00f3, ha sido la primera vez que participaban en esta iniciativa. Siete comercios han expuesto sus cuadros, con una buena acogida general por parte de los miembros de la Uni\u00f3 de Botiguers de Matar\u00f3.<\/p>\n<p style=\"text-align: justify;\"><!--more--><\/p>\n<p style=\"text-align: justify;\">Las tiendas que han tenido las pinturas de los artistas del programa AlterArte en sus escaparates han valorado positivamente su presencia en esta edici\u00f3n del Museu Obert. Las obras de los usuarios se han proyectado en un formato reducido y han sido una aportaci\u00f3n humilde y entusiasta en el grueso de trabajos que se han podido ver durante estos d\u00edas en los establecimientos mataroninos. Han sido un recordatorio del valor social y la dificultad de trabajar con un colectivo que tiene unas caracter\u00edsticas especiales y que est\u00e1 muy ilusionado en formar parte de actividades como esta muestra de arte en la calle.<\/p>\n<p style=\"text-align: justify;\"><a href=\"https:\/\/centreformacioprevencio.files.wordpress.com\/2015\/05\/museu_obert_serras-2.jpg\"><img loading=\"lazy\" decoding=\"async\" class=\"alignleft wp-image-180\" src=\"https:\/\/centreformacioprevencio.files.wordpress.com\/2015\/05\/museu_obert_serras-2.jpg?w=225\" alt=\"\" width=\"229\" height=\"304\" \/><\/a>Seg\u00fan Blanca Gimeno, responsable del programa AlterArte, esta primera toma de contacto con el Museu Obert ha permitido \u00abgenerar mucha motivaci\u00f3n a los usuarios porque sab\u00edan que sus cuadros se expondr\u00edan en las tiendas de Matar\u00f3\u00bb. Tambi\u00e9n ha reconocido que \u00abquiz\u00e1s el a\u00f1o que viene podr\u00edamos mejorar algunos detalles como por ejemplo hacer cuadros con una medida m\u00e1s grande por seg\u00fan qu\u00e9 escaparates o pensar en una tem\u00e1tica o en distintas paletas de colores. De todas maneras, por ser una experiencia completamente nueva estamos satisfechos con el resultado\u00bb.<\/p>\n<p style=\"text-align: justify;\">Tamb\u00e9 la responsable e actividades de la Uni\u00f3 de Botiguers, Francina Bigarro, valor\u00f3 positivamente la asistencia de AlterArte en la muestra de arte porque \u201cse debe entender la peculiaridad de las personas que participan en este programa y seguro que podemos seguir mejorando cosas en las pr\u00f3ximas ediciones\u201d.<\/p>\n<p style=\"text-align: justify;\"><em>Las tiendas que han expuesto las pinturas de los usuarios del programa AlterArte han sido la Cotilleria Fransi (El Torrent, 18), Serras 1919 (La Rambla, 4-6), Casa Patuel (Jaume Isern, 1), Ponys Cal\u00e7ats (Pl. De les Tereses, 2), Unick (Sant Benet, 39), Lola Perruquers (Argentona, 16) y Blaumar Bivalvia (Port de Matar\u00f3).<\/em><\/p>\n<p style=\"text-align: justify;\">\n","protected":false},"excerpt":{"rendered":"<p>Los cuadros del programa art\u00edstico se han expuesto a siete tiendas del centro de la ciudad\u00a0 La cuarta edici\u00f3n del Museu Obert se cerr\u00f3 este pasado domingo con la participaci\u00f3n de m\u00e1s de sesenta tiendas del centro de Matar\u00f3. Los escaparates se han llenado durante&#8230;<\/p>\n","protected":false},"author":2,"featured_media":0,"comment_status":"open","ping_status":"open","sticky":false,"template":"","format":"standard","meta":{"footnotes":""},"categories":[1234],"tags":[709,999,714,932,1000,935,1001],"class_list":["post-17021","post","type-post","status-publish","format-standard","hentry","category-alterarte-es","tag-alterarte-es","tag-botiguers-es","tag-mostra-es","tag-museu-es","tag-obert-es","tag-sant-lluc-es","tag-unio-es"],"yoast_head":"<!-- This site is optimized with the Yoast SEO plugin v27.4 - https:\/\/yoast.com\/product\/yoast-seo-wordpress\/ -->\n<title>Finaliza la primera participaci\u00f3n de AlterArte en el Museu Obert de Matar\u00f3 | CFP Maresme<\/title>\n<meta name=\"robots\" content=\"index, follow, max-snippet:-1, max-image-preview:large, max-video-preview:-1\" \/>\n<link rel=\"canonical\" href=\"https:\/\/cfpmaresme.org\/es\/finalitza-la-primera-participacio-dalterarte-al-museu-obert-de-mataro\/\" \/>\n<meta property=\"og:locale\" content=\"es_ES\" \/>\n<meta property=\"og:type\" content=\"article\" \/>\n<meta property=\"og:title\" content=\"Finaliza la primera participaci\u00f3n de AlterArte en el Museu Obert de Matar\u00f3 | CFP Maresme\" \/>\n<meta property=\"og:description\" content=\"Los cuadros del programa art\u00edstico se han expuesto a siete tiendas del centro de la ciudad\u00a0 La cuarta edici\u00f3n del Museu Obert se cerr\u00f3 este pasado domingo con la participaci\u00f3n de m\u00e1s de sesenta tiendas del centro de Matar\u00f3. Los escaparates se han llenado durante...\" \/>\n<meta property=\"og:url\" content=\"https:\/\/cfpmaresme.org\/es\/finalitza-la-primera-participacio-dalterarte-al-museu-obert-de-mataro\/\" \/>\n<meta property=\"og:site_name\" content=\"CFP Maresme\" \/>\n<meta property=\"article:published_time\" content=\"2015-05-27T10:21:12+00:00\" \/>\n<meta property=\"article:modified_time\" content=\"2020-11-09T15:49:57+00:00\" \/>\n<meta property=\"og:image\" content=\"https:\/\/centreformacioprevencio.files.wordpress.com\/2015\/05\/museuobert_fransi-2.jpg?w=660\" \/>\n<meta name=\"author\" content=\"CFPMaresme\" \/>\n<meta name=\"twitter:card\" content=\"summary_large_image\" \/>\n<meta name=\"twitter:creator\" content=\"@cfpmaresme\" \/>\n<meta name=\"twitter:site\" content=\"@cfpmaresme\" \/>\n<meta name=\"twitter:label1\" content=\"Escrito por\" \/>\n\t<meta name=\"twitter:data1\" content=\"CFPMaresme\" \/>\n\t<meta name=\"twitter:label2\" content=\"Tiempo de lectura\" \/>\n\t<meta name=\"twitter:data2\" content=\"2 minutos\" \/>\n<script type=\"application\/ld+json\" class=\"yoast-schema-graph\">{\"@context\":\"https:\\\/\\\/schema.org\",\"@graph\":[{\"@type\":\"Article\",\"@id\":\"https:\\\/\\\/cfpmaresme.org\\\/es\\\/finalitza-la-primera-participacio-dalterarte-al-museu-obert-de-mataro\\\/#article\",\"isPartOf\":{\"@id\":\"https:\\\/\\\/cfpmaresme.org\\\/es\\\/finalitza-la-primera-participacio-dalterarte-al-museu-obert-de-mataro\\\/\"},\"author\":{\"name\":\"CFPMaresme\",\"@id\":\"https:\\\/\\\/cfpmaresme.org\\\/#\\\/schema\\\/person\\\/b2634bcd796fafc667ea4055f61b9b2c\"},\"headline\":\"Finaliza la primera participaci\u00f3n de AlterArte en el Museu Obert de Matar\u00f3\",\"datePublished\":\"2015-05-27T10:21:12+00:00\",\"dateModified\":\"2020-11-09T15:49:57+00:00\",\"mainEntityOfPage\":{\"@id\":\"https:\\\/\\\/cfpmaresme.org\\\/es\\\/finalitza-la-primera-participacio-dalterarte-al-museu-obert-de-mataro\\\/\"},\"wordCount\":430,\"commentCount\":0,\"image\":{\"@id\":\"https:\\\/\\\/cfpmaresme.org\\\/es\\\/finalitza-la-primera-participacio-dalterarte-al-museu-obert-de-mataro\\\/#primaryimage\"},\"thumbnailUrl\":\"https:\\\/\\\/centreformacioprevencio.files.wordpress.com\\\/2015\\\/05\\\/museuobert_fransi-2.jpg?w=660\",\"keywords\":[\"alterarte\",\"botiguers\",\"mostra\",\"museu\",\"obert\",\"sant lluc\",\"uni\u00f3\"],\"articleSection\":[\"Alterarte\"],\"inLanguage\":\"es\"},{\"@type\":\"WebPage\",\"@id\":\"https:\\\/\\\/cfpmaresme.org\\\/es\\\/finalitza-la-primera-participacio-dalterarte-al-museu-obert-de-mataro\\\/\",\"url\":\"https:\\\/\\\/cfpmaresme.org\\\/es\\\/finalitza-la-primera-participacio-dalterarte-al-museu-obert-de-mataro\\\/\",\"name\":\"Finaliza la primera participaci\u00f3n de AlterArte en el Museu Obert de Matar\u00f3 | CFP Maresme\",\"isPartOf\":{\"@id\":\"https:\\\/\\\/cfpmaresme.org\\\/#website\"},\"primaryImageOfPage\":{\"@id\":\"https:\\\/\\\/cfpmaresme.org\\\/es\\\/finalitza-la-primera-participacio-dalterarte-al-museu-obert-de-mataro\\\/#primaryimage\"},\"image\":{\"@id\":\"https:\\\/\\\/cfpmaresme.org\\\/es\\\/finalitza-la-primera-participacio-dalterarte-al-museu-obert-de-mataro\\\/#primaryimage\"},\"thumbnailUrl\":\"https:\\\/\\\/centreformacioprevencio.files.wordpress.com\\\/2015\\\/05\\\/museuobert_fransi-2.jpg?w=660\",\"datePublished\":\"2015-05-27T10:21:12+00:00\",\"dateModified\":\"2020-11-09T15:49:57+00:00\",\"author\":{\"@id\":\"https:\\\/\\\/cfpmaresme.org\\\/#\\\/schema\\\/person\\\/b2634bcd796fafc667ea4055f61b9b2c\"},\"breadcrumb\":{\"@id\":\"https:\\\/\\\/cfpmaresme.org\\\/es\\\/finalitza-la-primera-participacio-dalterarte-al-museu-obert-de-mataro\\\/#breadcrumb\"},\"inLanguage\":\"es\",\"potentialAction\":[{\"@type\":\"ReadAction\",\"target\":[\"https:\\\/\\\/cfpmaresme.org\\\/es\\\/finalitza-la-primera-participacio-dalterarte-al-museu-obert-de-mataro\\\/\"]}]},{\"@type\":\"ImageObject\",\"inLanguage\":\"es\",\"@id\":\"https:\\\/\\\/cfpmaresme.org\\\/es\\\/finalitza-la-primera-participacio-dalterarte-al-museu-obert-de-mataro\\\/#primaryimage\",\"url\":\"https:\\\/\\\/centreformacioprevencio.files.wordpress.com\\\/2015\\\/05\\\/museuobert_fransi-2.jpg?w=660\",\"contentUrl\":\"https:\\\/\\\/centreformacioprevencio.files.wordpress.com\\\/2015\\\/05\\\/museuobert_fransi-2.jpg?w=660\"},{\"@type\":\"BreadcrumbList\",\"@id\":\"https:\\\/\\\/cfpmaresme.org\\\/es\\\/finalitza-la-primera-participacio-dalterarte-al-museu-obert-de-mataro\\\/#breadcrumb\",\"itemListElement\":[{\"@type\":\"ListItem\",\"position\":1,\"name\":\"Home\",\"item\":\"https:\\\/\\\/cfpmaresme.org\\\/es\\\/\"},{\"@type\":\"ListItem\",\"position\":2,\"name\":\"Finaliza la primera participaci\u00f3n de AlterArte en el Museu Obert de Matar\u00f3\"}]},{\"@type\":\"WebSite\",\"@id\":\"https:\\\/\\\/cfpmaresme.org\\\/#website\",\"url\":\"https:\\\/\\\/cfpmaresme.org\\\/\",\"name\":\"CFP Maresme\",\"description\":\"Centre Formaci\u00f3 Prevenci\u00f3\",\"potentialAction\":[{\"@type\":\"SearchAction\",\"target\":{\"@type\":\"EntryPoint\",\"urlTemplate\":\"https:\\\/\\\/cfpmaresme.org\\\/?s={search_term_string}\"},\"query-input\":{\"@type\":\"PropertyValueSpecification\",\"valueRequired\":true,\"valueName\":\"search_term_string\"}}],\"inLanguage\":\"es\"},{\"@type\":\"Person\",\"@id\":\"https:\\\/\\\/cfpmaresme.org\\\/#\\\/schema\\\/person\\\/b2634bcd796fafc667ea4055f61b9b2c\",\"name\":\"CFPMaresme\"}]}<\/script>\n<!-- \/ Yoast SEO plugin. -->","yoast_head_json":{"title":"Finaliza la primera participaci\u00f3n de AlterArte en el Museu Obert de Matar\u00f3 | CFP Maresme","robots":{"index":"index","follow":"follow","max-snippet":"max-snippet:-1","max-image-preview":"max-image-preview:large","max-video-preview":"max-video-preview:-1"},"canonical":"https:\/\/cfpmaresme.org\/es\/finalitza-la-primera-participacio-dalterarte-al-museu-obert-de-mataro\/","og_locale":"es_ES","og_type":"article","og_title":"Finaliza la primera participaci\u00f3n de AlterArte en el Museu Obert de Matar\u00f3 | CFP Maresme","og_description":"Los cuadros del programa art\u00edstico se han expuesto a siete tiendas del centro de la ciudad\u00a0 La cuarta edici\u00f3n del Museu Obert se cerr\u00f3 este pasado domingo con la participaci\u00f3n de m\u00e1s de sesenta tiendas del centro de Matar\u00f3. Los escaparates se han llenado durante...","og_url":"https:\/\/cfpmaresme.org\/es\/finalitza-la-primera-participacio-dalterarte-al-museu-obert-de-mataro\/","og_site_name":"CFP Maresme","article_published_time":"2015-05-27T10:21:12+00:00","article_modified_time":"2020-11-09T15:49:57+00:00","og_image":[{"url":"https:\/\/centreformacioprevencio.files.wordpress.com\/2015\/05\/museuobert_fransi-2.jpg?w=660","type":"","width":"","height":""}],"author":"CFPMaresme","twitter_card":"summary_large_image","twitter_creator":"@cfpmaresme","twitter_site":"@cfpmaresme","twitter_misc":{"Escrito por":"CFPMaresme","Tiempo de lectura":"2 minutos"},"schema":{"@context":"https:\/\/schema.org","@graph":[{"@type":"Article","@id":"https:\/\/cfpmaresme.org\/es\/finalitza-la-primera-participacio-dalterarte-al-museu-obert-de-mataro\/#article","isPartOf":{"@id":"https:\/\/cfpmaresme.org\/es\/finalitza-la-primera-participacio-dalterarte-al-museu-obert-de-mataro\/"},"author":{"name":"CFPMaresme","@id":"https:\/\/cfpmaresme.org\/#\/schema\/person\/b2634bcd796fafc667ea4055f61b9b2c"},"headline":"Finaliza la primera participaci\u00f3n de AlterArte en el Museu Obert de Matar\u00f3","datePublished":"2015-05-27T10:21:12+00:00","dateModified":"2020-11-09T15:49:57+00:00","mainEntityOfPage":{"@id":"https:\/\/cfpmaresme.org\/es\/finalitza-la-primera-participacio-dalterarte-al-museu-obert-de-mataro\/"},"wordCount":430,"commentCount":0,"image":{"@id":"https:\/\/cfpmaresme.org\/es\/finalitza-la-primera-participacio-dalterarte-al-museu-obert-de-mataro\/#primaryimage"},"thumbnailUrl":"https:\/\/centreformacioprevencio.files.wordpress.com\/2015\/05\/museuobert_fransi-2.jpg?w=660","keywords":["alterarte","botiguers","mostra","museu","obert","sant lluc","uni\u00f3"],"articleSection":["Alterarte"],"inLanguage":"es"},{"@type":"WebPage","@id":"https:\/\/cfpmaresme.org\/es\/finalitza-la-primera-participacio-dalterarte-al-museu-obert-de-mataro\/","url":"https:\/\/cfpmaresme.org\/es\/finalitza-la-primera-participacio-dalterarte-al-museu-obert-de-mataro\/","name":"Finaliza la primera participaci\u00f3n de AlterArte en el Museu Obert de Matar\u00f3 | CFP Maresme","isPartOf":{"@id":"https:\/\/cfpmaresme.org\/#website"},"primaryImageOfPage":{"@id":"https:\/\/cfpmaresme.org\/es\/finalitza-la-primera-participacio-dalterarte-al-museu-obert-de-mataro\/#primaryimage"},"image":{"@id":"https:\/\/cfpmaresme.org\/es\/finalitza-la-primera-participacio-dalterarte-al-museu-obert-de-mataro\/#primaryimage"},"thumbnailUrl":"https:\/\/centreformacioprevencio.files.wordpress.com\/2015\/05\/museuobert_fransi-2.jpg?w=660","datePublished":"2015-05-27T10:21:12+00:00","dateModified":"2020-11-09T15:49:57+00:00","author":{"@id":"https:\/\/cfpmaresme.org\/#\/schema\/person\/b2634bcd796fafc667ea4055f61b9b2c"},"breadcrumb":{"@id":"https:\/\/cfpmaresme.org\/es\/finalitza-la-primera-participacio-dalterarte-al-museu-obert-de-mataro\/#breadcrumb"},"inLanguage":"es","potentialAction":[{"@type":"ReadAction","target":["https:\/\/cfpmaresme.org\/es\/finalitza-la-primera-participacio-dalterarte-al-museu-obert-de-mataro\/"]}]},{"@type":"ImageObject","inLanguage":"es","@id":"https:\/\/cfpmaresme.org\/es\/finalitza-la-primera-participacio-dalterarte-al-museu-obert-de-mataro\/#primaryimage","url":"https:\/\/centreformacioprevencio.files.wordpress.com\/2015\/05\/museuobert_fransi-2.jpg?w=660","contentUrl":"https:\/\/centreformacioprevencio.files.wordpress.com\/2015\/05\/museuobert_fransi-2.jpg?w=660"},{"@type":"BreadcrumbList","@id":"https:\/\/cfpmaresme.org\/es\/finalitza-la-primera-participacio-dalterarte-al-museu-obert-de-mataro\/#breadcrumb","itemListElement":[{"@type":"ListItem","position":1,"name":"Home","item":"https:\/\/cfpmaresme.org\/es\/"},{"@type":"ListItem","position":2,"name":"Finaliza la primera participaci\u00f3n de AlterArte en el Museu Obert de Matar\u00f3"}]},{"@type":"WebSite","@id":"https:\/\/cfpmaresme.org\/#website","url":"https:\/\/cfpmaresme.org\/","name":"CFP Maresme","description":"Centre Formaci\u00f3 Prevenci\u00f3","potentialAction":[{"@type":"SearchAction","target":{"@type":"EntryPoint","urlTemplate":"https:\/\/cfpmaresme.org\/?s={search_term_string}"},"query-input":{"@type":"PropertyValueSpecification","valueRequired":true,"valueName":"search_term_string"}}],"inLanguage":"es"},{"@type":"Person","@id":"https:\/\/cfpmaresme.org\/#\/schema\/person\/b2634bcd796fafc667ea4055f61b9b2c","name":"CFPMaresme"}]}},"_links":{"self":[{"href":"https:\/\/cfpmaresme.org\/es\/wp-json\/wp\/v2\/posts\/17021","targetHints":{"allow":["GET"]}}],"collection":[{"href":"https:\/\/cfpmaresme.org\/es\/wp-json\/wp\/v2\/posts"}],"about":[{"href":"https:\/\/cfpmaresme.org\/es\/wp-json\/wp\/v2\/types\/post"}],"author":[{"embeddable":true,"href":"https:\/\/cfpmaresme.org\/es\/wp-json\/wp\/v2\/users\/2"}],"replies":[{"embeddable":true,"href":"https:\/\/cfpmaresme.org\/es\/wp-json\/wp\/v2\/comments?post=17021"}],"version-history":[{"count":3,"href":"https:\/\/cfpmaresme.org\/es\/wp-json\/wp\/v2\/posts\/17021\/revisions"}],"predecessor-version":[{"id":22260,"href":"https:\/\/cfpmaresme.org\/es\/wp-json\/wp\/v2\/posts\/17021\/revisions\/22260"}],"wp:attachment":[{"href":"https:\/\/cfpmaresme.org\/es\/wp-json\/wp\/v2\/media?parent=17021"}],"wp:term":[{"taxonomy":"category","embeddable":true,"href":"https:\/\/cfpmaresme.org\/es\/wp-json\/wp\/v2\/categories?post=17021"},{"taxonomy":"post_tag","embeddable":true,"href":"https:\/\/cfpmaresme.org\/es\/wp-json\/wp\/v2\/tags?post=17021"}],"curies":[{"name":"wp","href":"https:\/\/api.w.org\/{rel}","templated":true}]}}