{"id":17023,"date":"2015-05-18T09:57:40","date_gmt":"2015-05-18T09:57:40","guid":{"rendered":"http:\/\/cfpmaresme.org\/alterarte-presenta-la-mostra-dautoretrats-jo-mateix\/"},"modified":"2020-11-16T17:49:52","modified_gmt":"2020-11-16T15:49:52","slug":"alterarte-presenta-la-mostra-dautoretrats-jo-mateix","status":"publish","type":"post","link":"https:\/\/cfpmaresme.org\/es\/alterarte-presenta-la-mostra-dautoretrats-jo-mateix\/","title":{"rendered":"AlterArte presenta la muestra de autoretratos \u201cJo mateix\u201d"},"content":{"rendered":"<p style=\"text-align: justify;\"><strong>El proyecto inspirado en la figura de Maria Lassnig se ha expuesto en el Centro C\u00edvico Urgell con la participaci\u00f3n de usuarios de diversos Servicios de Rehabilitaci\u00f3n Comunitaria\u00a0<\/strong><\/p>\n<p style=\"text-align: justify;\"><a href=\"https:\/\/centreformacioprevencio.files.wordpress.com\/2015\/05\/dsc_0995-2.jpg\"><img loading=\"lazy\" decoding=\"async\" class=\"aligncenter size-large wp-image-171\" src=\"https:\/\/centreformacioprevencio.files.wordpress.com\/2015\/05\/dsc_0995-2.jpg?w=660\" alt=\"\" width=\"660\" height=\"414\" srcset=\"https:\/\/cfpmaresme.org\/wp-content\/uploads\/2015\/05\/dsc_0995-2.jpg 2737w, https:\/\/cfpmaresme.org\/wp-content\/uploads\/2015\/05\/dsc_0995-2-300x188.jpg 300w, https:\/\/cfpmaresme.org\/wp-content\/uploads\/2015\/05\/dsc_0995-2-768x482.jpg 768w, https:\/\/cfpmaresme.org\/wp-content\/uploads\/2015\/05\/dsc_0995-2-1024x643.jpg 1024w, https:\/\/cfpmaresme.org\/wp-content\/uploads\/2015\/05\/dsc_0995-2-700x439.jpg 700w\" sizes=\"auto, (max-width: 660px) 100vw, 660px\" \/><\/a><\/p>\n<p style=\"text-align: justify;\">El pasado jueves 14 de mayo se inaugur\u00f3 en el Centro C\u00edvico Urgell del Ensanche de Barcelona la muestra de autoretratos \u201cJo mateix\u201d, un proyecto art\u00edstico impulsado por AlterArte que ha contado con la presencia de distintos usuarios de los Servicios de Rehabilitaci\u00f3n Comunitaria del Maresme, Premi\u00e0, Tres Turons y Les Corts. El proceso de creaci\u00f3n de las obras se ha llevado a cabo en la Fundaci\u00f3 Antoni T\u00e0pies y se ha basado en la exposici\u00f3n sobre la artista austriaca Maria Lassnig que se puede ver dentro de su colecci\u00f3n.<\/p>\n<p style=\"text-align: justify;\"><!--more--><\/p>\n<p style=\"text-align: justify;\">Lassnig desarroll\u00f3 una t\u00e9cnica de autoretrato muy personal mediante el que ella llamaba \u00abconciencia del cuerpo\u00bb. Bas\u00e1ndose en esta idea, los usuarios de los Servicios de Rehabilitaci\u00f3n Comunitaria han trabajado la interiorizaci\u00f3n de los sentimientos y percepciones corporales escogiendo distintas paletas de colores y tal y como hac\u00eda Lassnig, identific\u00e1ndose dentro de otra persona, animal o m\u00e1quina. De esta manera los artistas han podido dejar volar su imaginaci\u00f3n y combinar todas esta influencias para desarrollar su visi\u00f3n personal del autoretrato.<a href=\"https:\/\/centreformacioprevencio.files.wordpress.com\/2015\/05\/dsc_0982-4.jpg\"><img loading=\"lazy\" decoding=\"async\" class=\"aligncenter size-large wp-image-172\" src=\"https:\/\/centreformacioprevencio.files.wordpress.com\/2015\/05\/dsc_0982-4.jpg?w=660\" alt=\"\" width=\"660\" height=\"326\" srcset=\"https:\/\/cfpmaresme.org\/wp-content\/uploads\/2015\/05\/dsc_0982-4.jpg 3840w, https:\/\/cfpmaresme.org\/wp-content\/uploads\/2015\/05\/dsc_0982-4-300x148.jpg 300w, https:\/\/cfpmaresme.org\/wp-content\/uploads\/2015\/05\/dsc_0982-4-768x380.jpg 768w, https:\/\/cfpmaresme.org\/wp-content\/uploads\/2015\/05\/dsc_0982-4-1024x506.jpg 1024w, https:\/\/cfpmaresme.org\/wp-content\/uploads\/2015\/05\/dsc_0982-4-700x346.jpg 700w\" sizes=\"auto, (max-width: 660px) 100vw, 660px\" \/><\/a><\/p>\n<p style=\"text-align: justify;\">En la muestra podemos darnos cuenta de las muy diversas ideas que han surgido entre los autores, que captan sus emociones y su propia representaci\u00f3n interior de su cuerpo y personalidad. Los responsables de los distintos participantes han acentuado la calidad y la capacidad de creaci\u00f3n de los usuarios y han considerado su proyecto de muy interesante y enriquecedor.<\/p>\n<p style=\"text-align: justify;\">Por su lado, la directora del Centro C\u00edvico Urgell, Esther Amice, ha destacado positivamente la presencia de la muestra al equipamiento municipal ya que \u201cse tiene que dar soporte al fomento del arte y la creatividad en el caso de esta iniciativa\u201d. Para Amice, ha sido \u201cmuy atractivo seguir todo el proceso art\u00edstico y ver la manera en que todos ellos han trabajado las formas y los colores\u00bb.<\/p>\n<p style=\"text-align: justify;\">La exposici\u00f3n de autoretratos\u00a0 \u201cJo mateix\u201d se podr\u00e1 ver en el vest\u00edbulo del centro c\u00edvico hasta el propia d\u00eda 6 de junio.<\/p>\n","protected":false},"excerpt":{"rendered":"<p>El proyecto inspirado en la figura de Maria Lassnig se ha expuesto en el Centro C\u00edvico Urgell con la participaci\u00f3n de usuarios de diversos Servicios de Rehabilitaci\u00f3n Comunitaria\u00a0 El pasado jueves 14 de mayo se inaugur\u00f3 en el Centro C\u00edvico Urgell del Ensanche de Barcelona&#8230;<\/p>\n","protected":false},"author":2,"featured_media":0,"comment_status":"open","ping_status":"open","sticky":false,"template":"","format":"standard","meta":{"footnotes":""},"categories":[1234],"tags":[709,643,630,645,711,635,638,654],"class_list":["post-17023","post","type-post","status-publish","format-standard","hentry","category-alterarte-es","tag-alterarte-es","tag-art-es","tag-centre-es","tag-comunitaria-es","tag-exposicio-es","tag-formacio-es","tag-prevencio-es","tag-rehabilitacio-es"],"yoast_head":"<!-- This site is optimized with the Yoast SEO plugin v27.4 - https:\/\/yoast.com\/product\/yoast-seo-wordpress\/ -->\n<title>AlterArte presenta la muestra de autoretratos \u201cJo mateix\u201d | CFP Maresme<\/title>\n<meta name=\"robots\" content=\"index, follow, max-snippet:-1, max-image-preview:large, max-video-preview:-1\" \/>\n<link rel=\"canonical\" href=\"https:\/\/cfpmaresme.org\/es\/alterarte-presenta-la-mostra-dautoretrats-jo-mateix\/\" \/>\n<meta property=\"og:locale\" content=\"es_ES\" \/>\n<meta property=\"og:type\" content=\"article\" \/>\n<meta property=\"og:title\" content=\"AlterArte presenta la muestra de autoretratos \u201cJo mateix\u201d | CFP Maresme\" \/>\n<meta property=\"og:description\" content=\"El proyecto inspirado en la figura de Maria Lassnig se ha expuesto en el Centro C\u00edvico Urgell con la participaci\u00f3n de usuarios de diversos Servicios de Rehabilitaci\u00f3n Comunitaria\u00a0 El pasado jueves 14 de mayo se inaugur\u00f3 en el Centro C\u00edvico Urgell del Ensanche de Barcelona...\" \/>\n<meta property=\"og:url\" content=\"https:\/\/cfpmaresme.org\/es\/alterarte-presenta-la-mostra-dautoretrats-jo-mateix\/\" \/>\n<meta property=\"og:site_name\" content=\"CFP Maresme\" \/>\n<meta property=\"article:published_time\" content=\"2015-05-18T09:57:40+00:00\" \/>\n<meta property=\"article:modified_time\" content=\"2020-11-16T15:49:52+00:00\" \/>\n<meta property=\"og:image\" content=\"https:\/\/centreformacioprevencio.files.wordpress.com\/2015\/05\/dsc_0995-2.jpg?w=660\" \/>\n<meta name=\"author\" content=\"CFPMaresme\" \/>\n<meta name=\"twitter:card\" content=\"summary_large_image\" \/>\n<meta name=\"twitter:creator\" content=\"@cfpmaresme\" \/>\n<meta name=\"twitter:site\" content=\"@cfpmaresme\" \/>\n<meta name=\"twitter:label1\" content=\"Escrito por\" \/>\n\t<meta name=\"twitter:data1\" content=\"CFPMaresme\" \/>\n\t<meta name=\"twitter:label2\" content=\"Tiempo de lectura\" \/>\n\t<meta name=\"twitter:data2\" content=\"2 minutos\" \/>\n<script type=\"application\/ld+json\" class=\"yoast-schema-graph\">{\"@context\":\"https:\\\/\\\/schema.org\",\"@graph\":[{\"@type\":\"Article\",\"@id\":\"https:\\\/\\\/cfpmaresme.org\\\/es\\\/alterarte-presenta-la-mostra-dautoretrats-jo-mateix\\\/#article\",\"isPartOf\":{\"@id\":\"https:\\\/\\\/cfpmaresme.org\\\/es\\\/alterarte-presenta-la-mostra-dautoretrats-jo-mateix\\\/\"},\"author\":{\"name\":\"CFPMaresme\",\"@id\":\"https:\\\/\\\/cfpmaresme.org\\\/#\\\/schema\\\/person\\\/b2634bcd796fafc667ea4055f61b9b2c\"},\"headline\":\"AlterArte presenta la muestra de autoretratos \u201cJo mateix\u201d\",\"datePublished\":\"2015-05-18T09:57:40+00:00\",\"dateModified\":\"2020-11-16T15:49:52+00:00\",\"mainEntityOfPage\":{\"@id\":\"https:\\\/\\\/cfpmaresme.org\\\/es\\\/alterarte-presenta-la-mostra-dautoretrats-jo-mateix\\\/\"},\"wordCount\":380,\"commentCount\":0,\"image\":{\"@id\":\"https:\\\/\\\/cfpmaresme.org\\\/es\\\/alterarte-presenta-la-mostra-dautoretrats-jo-mateix\\\/#primaryimage\"},\"thumbnailUrl\":\"https:\\\/\\\/centreformacioprevencio.files.wordpress.com\\\/2015\\\/05\\\/dsc_0995-2.jpg?w=660\",\"keywords\":[\"alterarte\",\"Art\",\"centre\",\"comunit\u00e0ria\",\"exposicio\",\"formaci\u00f3\",\"prevenci\u00f3\",\"rehabilitaci\u00f3\"],\"articleSection\":[\"Alterarte\"],\"inLanguage\":\"es\"},{\"@type\":\"WebPage\",\"@id\":\"https:\\\/\\\/cfpmaresme.org\\\/es\\\/alterarte-presenta-la-mostra-dautoretrats-jo-mateix\\\/\",\"url\":\"https:\\\/\\\/cfpmaresme.org\\\/es\\\/alterarte-presenta-la-mostra-dautoretrats-jo-mateix\\\/\",\"name\":\"AlterArte presenta la muestra de autoretratos \u201cJo mateix\u201d | CFP Maresme\",\"isPartOf\":{\"@id\":\"https:\\\/\\\/cfpmaresme.org\\\/#website\"},\"primaryImageOfPage\":{\"@id\":\"https:\\\/\\\/cfpmaresme.org\\\/es\\\/alterarte-presenta-la-mostra-dautoretrats-jo-mateix\\\/#primaryimage\"},\"image\":{\"@id\":\"https:\\\/\\\/cfpmaresme.org\\\/es\\\/alterarte-presenta-la-mostra-dautoretrats-jo-mateix\\\/#primaryimage\"},\"thumbnailUrl\":\"https:\\\/\\\/centreformacioprevencio.files.wordpress.com\\\/2015\\\/05\\\/dsc_0995-2.jpg?w=660\",\"datePublished\":\"2015-05-18T09:57:40+00:00\",\"dateModified\":\"2020-11-16T15:49:52+00:00\",\"author\":{\"@id\":\"https:\\\/\\\/cfpmaresme.org\\\/#\\\/schema\\\/person\\\/b2634bcd796fafc667ea4055f61b9b2c\"},\"breadcrumb\":{\"@id\":\"https:\\\/\\\/cfpmaresme.org\\\/es\\\/alterarte-presenta-la-mostra-dautoretrats-jo-mateix\\\/#breadcrumb\"},\"inLanguage\":\"es\",\"potentialAction\":[{\"@type\":\"ReadAction\",\"target\":[\"https:\\\/\\\/cfpmaresme.org\\\/es\\\/alterarte-presenta-la-mostra-dautoretrats-jo-mateix\\\/\"]}]},{\"@type\":\"ImageObject\",\"inLanguage\":\"es\",\"@id\":\"https:\\\/\\\/cfpmaresme.org\\\/es\\\/alterarte-presenta-la-mostra-dautoretrats-jo-mateix\\\/#primaryimage\",\"url\":\"https:\\\/\\\/centreformacioprevencio.files.wordpress.com\\\/2015\\\/05\\\/dsc_0995-2.jpg?w=660\",\"contentUrl\":\"https:\\\/\\\/centreformacioprevencio.files.wordpress.com\\\/2015\\\/05\\\/dsc_0995-2.jpg?w=660\"},{\"@type\":\"BreadcrumbList\",\"@id\":\"https:\\\/\\\/cfpmaresme.org\\\/es\\\/alterarte-presenta-la-mostra-dautoretrats-jo-mateix\\\/#breadcrumb\",\"itemListElement\":[{\"@type\":\"ListItem\",\"position\":1,\"name\":\"Home\",\"item\":\"https:\\\/\\\/cfpmaresme.org\\\/es\\\/\"},{\"@type\":\"ListItem\",\"position\":2,\"name\":\"AlterArte presenta la muestra de autoretratos \u201cJo mateix\u201d\"}]},{\"@type\":\"WebSite\",\"@id\":\"https:\\\/\\\/cfpmaresme.org\\\/#website\",\"url\":\"https:\\\/\\\/cfpmaresme.org\\\/\",\"name\":\"CFP Maresme\",\"description\":\"Centre Formaci\u00f3 Prevenci\u00f3\",\"potentialAction\":[{\"@type\":\"SearchAction\",\"target\":{\"@type\":\"EntryPoint\",\"urlTemplate\":\"https:\\\/\\\/cfpmaresme.org\\\/?s={search_term_string}\"},\"query-input\":{\"@type\":\"PropertyValueSpecification\",\"valueRequired\":true,\"valueName\":\"search_term_string\"}}],\"inLanguage\":\"es\"},{\"@type\":\"Person\",\"@id\":\"https:\\\/\\\/cfpmaresme.org\\\/#\\\/schema\\\/person\\\/b2634bcd796fafc667ea4055f61b9b2c\",\"name\":\"CFPMaresme\"}]}<\/script>\n<!-- \/ Yoast SEO plugin. -->","yoast_head_json":{"title":"AlterArte presenta la muestra de autoretratos \u201cJo mateix\u201d | CFP Maresme","robots":{"index":"index","follow":"follow","max-snippet":"max-snippet:-1","max-image-preview":"max-image-preview:large","max-video-preview":"max-video-preview:-1"},"canonical":"https:\/\/cfpmaresme.org\/es\/alterarte-presenta-la-mostra-dautoretrats-jo-mateix\/","og_locale":"es_ES","og_type":"article","og_title":"AlterArte presenta la muestra de autoretratos \u201cJo mateix\u201d | CFP Maresme","og_description":"El proyecto inspirado en la figura de Maria Lassnig se ha expuesto en el Centro C\u00edvico Urgell con la participaci\u00f3n de usuarios de diversos Servicios de Rehabilitaci\u00f3n Comunitaria\u00a0 El pasado jueves 14 de mayo se inaugur\u00f3 en el Centro C\u00edvico Urgell del Ensanche de Barcelona...","og_url":"https:\/\/cfpmaresme.org\/es\/alterarte-presenta-la-mostra-dautoretrats-jo-mateix\/","og_site_name":"CFP Maresme","article_published_time":"2015-05-18T09:57:40+00:00","article_modified_time":"2020-11-16T15:49:52+00:00","og_image":[{"url":"https:\/\/centreformacioprevencio.files.wordpress.com\/2015\/05\/dsc_0995-2.jpg?w=660","type":"","width":"","height":""}],"author":"CFPMaresme","twitter_card":"summary_large_image","twitter_creator":"@cfpmaresme","twitter_site":"@cfpmaresme","twitter_misc":{"Escrito por":"CFPMaresme","Tiempo de lectura":"2 minutos"},"schema":{"@context":"https:\/\/schema.org","@graph":[{"@type":"Article","@id":"https:\/\/cfpmaresme.org\/es\/alterarte-presenta-la-mostra-dautoretrats-jo-mateix\/#article","isPartOf":{"@id":"https:\/\/cfpmaresme.org\/es\/alterarte-presenta-la-mostra-dautoretrats-jo-mateix\/"},"author":{"name":"CFPMaresme","@id":"https:\/\/cfpmaresme.org\/#\/schema\/person\/b2634bcd796fafc667ea4055f61b9b2c"},"headline":"AlterArte presenta la muestra de autoretratos \u201cJo mateix\u201d","datePublished":"2015-05-18T09:57:40+00:00","dateModified":"2020-11-16T15:49:52+00:00","mainEntityOfPage":{"@id":"https:\/\/cfpmaresme.org\/es\/alterarte-presenta-la-mostra-dautoretrats-jo-mateix\/"},"wordCount":380,"commentCount":0,"image":{"@id":"https:\/\/cfpmaresme.org\/es\/alterarte-presenta-la-mostra-dautoretrats-jo-mateix\/#primaryimage"},"thumbnailUrl":"https:\/\/centreformacioprevencio.files.wordpress.com\/2015\/05\/dsc_0995-2.jpg?w=660","keywords":["alterarte","Art","centre","comunit\u00e0ria","exposicio","formaci\u00f3","prevenci\u00f3","rehabilitaci\u00f3"],"articleSection":["Alterarte"],"inLanguage":"es"},{"@type":"WebPage","@id":"https:\/\/cfpmaresme.org\/es\/alterarte-presenta-la-mostra-dautoretrats-jo-mateix\/","url":"https:\/\/cfpmaresme.org\/es\/alterarte-presenta-la-mostra-dautoretrats-jo-mateix\/","name":"AlterArte presenta la muestra de autoretratos \u201cJo mateix\u201d | CFP Maresme","isPartOf":{"@id":"https:\/\/cfpmaresme.org\/#website"},"primaryImageOfPage":{"@id":"https:\/\/cfpmaresme.org\/es\/alterarte-presenta-la-mostra-dautoretrats-jo-mateix\/#primaryimage"},"image":{"@id":"https:\/\/cfpmaresme.org\/es\/alterarte-presenta-la-mostra-dautoretrats-jo-mateix\/#primaryimage"},"thumbnailUrl":"https:\/\/centreformacioprevencio.files.wordpress.com\/2015\/05\/dsc_0995-2.jpg?w=660","datePublished":"2015-05-18T09:57:40+00:00","dateModified":"2020-11-16T15:49:52+00:00","author":{"@id":"https:\/\/cfpmaresme.org\/#\/schema\/person\/b2634bcd796fafc667ea4055f61b9b2c"},"breadcrumb":{"@id":"https:\/\/cfpmaresme.org\/es\/alterarte-presenta-la-mostra-dautoretrats-jo-mateix\/#breadcrumb"},"inLanguage":"es","potentialAction":[{"@type":"ReadAction","target":["https:\/\/cfpmaresme.org\/es\/alterarte-presenta-la-mostra-dautoretrats-jo-mateix\/"]}]},{"@type":"ImageObject","inLanguage":"es","@id":"https:\/\/cfpmaresme.org\/es\/alterarte-presenta-la-mostra-dautoretrats-jo-mateix\/#primaryimage","url":"https:\/\/centreformacioprevencio.files.wordpress.com\/2015\/05\/dsc_0995-2.jpg?w=660","contentUrl":"https:\/\/centreformacioprevencio.files.wordpress.com\/2015\/05\/dsc_0995-2.jpg?w=660"},{"@type":"BreadcrumbList","@id":"https:\/\/cfpmaresme.org\/es\/alterarte-presenta-la-mostra-dautoretrats-jo-mateix\/#breadcrumb","itemListElement":[{"@type":"ListItem","position":1,"name":"Home","item":"https:\/\/cfpmaresme.org\/es\/"},{"@type":"ListItem","position":2,"name":"AlterArte presenta la muestra de autoretratos \u201cJo mateix\u201d"}]},{"@type":"WebSite","@id":"https:\/\/cfpmaresme.org\/#website","url":"https:\/\/cfpmaresme.org\/","name":"CFP Maresme","description":"Centre Formaci\u00f3 Prevenci\u00f3","potentialAction":[{"@type":"SearchAction","target":{"@type":"EntryPoint","urlTemplate":"https:\/\/cfpmaresme.org\/?s={search_term_string}"},"query-input":{"@type":"PropertyValueSpecification","valueRequired":true,"valueName":"search_term_string"}}],"inLanguage":"es"},{"@type":"Person","@id":"https:\/\/cfpmaresme.org\/#\/schema\/person\/b2634bcd796fafc667ea4055f61b9b2c","name":"CFPMaresme"}]}},"_links":{"self":[{"href":"https:\/\/cfpmaresme.org\/es\/wp-json\/wp\/v2\/posts\/17023","targetHints":{"allow":["GET"]}}],"collection":[{"href":"https:\/\/cfpmaresme.org\/es\/wp-json\/wp\/v2\/posts"}],"about":[{"href":"https:\/\/cfpmaresme.org\/es\/wp-json\/wp\/v2\/types\/post"}],"author":[{"embeddable":true,"href":"https:\/\/cfpmaresme.org\/es\/wp-json\/wp\/v2\/users\/2"}],"replies":[{"embeddable":true,"href":"https:\/\/cfpmaresme.org\/es\/wp-json\/wp\/v2\/comments?post=17023"}],"version-history":[{"count":3,"href":"https:\/\/cfpmaresme.org\/es\/wp-json\/wp\/v2\/posts\/17023\/revisions"}],"predecessor-version":[{"id":22335,"href":"https:\/\/cfpmaresme.org\/es\/wp-json\/wp\/v2\/posts\/17023\/revisions\/22335"}],"wp:attachment":[{"href":"https:\/\/cfpmaresme.org\/es\/wp-json\/wp\/v2\/media?parent=17023"}],"wp:term":[{"taxonomy":"category","embeddable":true,"href":"https:\/\/cfpmaresme.org\/es\/wp-json\/wp\/v2\/categories?post=17023"},{"taxonomy":"post_tag","embeddable":true,"href":"https:\/\/cfpmaresme.org\/es\/wp-json\/wp\/v2\/tags?post=17023"}],"curies":[{"name":"wp","href":"https:\/\/api.w.org\/{rel}","templated":true}]}}