{"id":17024,"date":"2015-05-11T09:56:42","date_gmt":"2015-05-11T09:56:42","guid":{"rendered":"http:\/\/cfpmaresme.org\/ferran-girones-inaugura-una-exposicio-fotografica-al-bar-el-public-de-mataro\/"},"modified":"2020-11-17T15:11:08","modified_gmt":"2020-11-17T13:11:08","slug":"ferran-girones-inaugura-una-exposicio-fotografica-al-bar-el-public-de-mataro","status":"publish","type":"post","link":"https:\/\/cfpmaresme.org\/es\/ferran-girones-inaugura-una-exposicio-fotografica-al-bar-el-public-de-mataro\/","title":{"rendered":"Ferran Giron\u00e8s inaugura una exposici\u00f3n fotogr\u00e1fica en el bar El P\u00fablic de Matar\u00f3"},"content":{"rendered":"<p><strong>La\u00a0 colecci\u00f3n incluye una veintena de instant\u00e1neas que respiran valores cotidianos y espont\u00e1neos que reflejan el sentir del autor\u00a0<\/strong><\/p>\n<p><a href=\"https:\/\/centreformacioprevencio.files.wordpress.com\/2015\/05\/foto_expo_bona_bw-2.jpg\"><img loading=\"lazy\" decoding=\"async\" class=\"aligncenter size-large wp-image-164\" src=\"https:\/\/centreformacioprevencio.files.wordpress.com\/2015\/05\/foto_expo_bona_bw-2.jpg?w=660\" alt=\"\" width=\"660\" height=\"422\" \/><\/a><\/p>\n<p style=\"text-align: justify;\">El fot\u00f3grafo mataron\u00edn Ferran Giron\u00e8s Faura present\u00f3 su segunda exposici\u00f3n de im\u00e1genes en el bar El P\u00fablic de Matar\u00f3, llamada \u00abA trav\u00e9s del objetivo\u00bb, este pasado lunes. Giron\u00e8s es usuario del Servicio de Rehabilitaci\u00f3n Comunitaria del Maresme y desde hace m\u00e1s de quince a\u00f1os se declara un apasionado de la fotograf\u00eda. En esta nueva muestra hemos podido ver el sentido de la espontaneidad y su atracci\u00f3n para las situaciones cotidianas a la hora de fijas el objetivo de su c\u00e1mara.<\/p>\n<p style=\"text-align: justify;\"><!--more--><\/p>\n<p style=\"text-align: justify;\"><a href=\"https:\/\/centreformacioprevencio.files.wordpress.com\/2015\/05\/img_1388.jpg\"><img loading=\"lazy\" decoding=\"async\" class=\"alignleft wp-image-158\" src=\"https:\/\/centreformacioprevencio.files.wordpress.com\/2015\/05\/img_1388.jpg?w=300\" alt=\"\" width=\"274\" height=\"205\" \/><\/a><\/p>\n<p style=\"text-align: justify;\">Envuelto de amigos y curiosos que ven\u00edan a ver la exposici\u00f3n, Ferran nos explica el origen de su afici\u00f3n a partir de su abuelo porque \u00ab\u00e9l me ense\u00f1\u00f3 muchas cosas sobre la fotograf\u00eda. Me transmiti\u00f3 esta pasi\u00f3n. Recuerdo que ten\u00eda una c\u00e1mara que era como un microscopio, y sacaba unas im\u00e1genes espectaculares. Le hac\u00eda una fotograf\u00eda a unos granos de az\u00facar y se ve\u00edan como un mundo de cristales\u00bb.<\/p>\n<p style=\"text-align: justify;\">A ra\u00edz de esta primera experiencia, Ferran empez\u00f3 a seguir su camino en la fotograf\u00eda \u00abhaciendo fotos para m\u00ed mismo. Empec\u00e9 con una c\u00e1mara anal\u00f3gica y me iba parando en los lugares cuando ve\u00eda alguna imagen que me llamaba la atenci\u00f3n. Ahora, despu\u00e9s de tantos a\u00f1os, tengo una c\u00e1mara mejor que la primera y en el ordenador de casa tengo m\u00e1s de 2000 fotograf\u00edas\u00bb. En cuanto a la exposici\u00f3n que presenta en el bar El P\u00fablic, Ferran concluye que \u00abhay un poco de todo. Retratos, paisajes urbanos, naturaleza. Con todas estas instant\u00e1neas reflejo lo que siento\u00bb.<\/p>\n<p style=\"text-align: justify;\"><a href=\"https:\/\/centreformacioprevencio.files.wordpress.com\/2015\/05\/img_0654.jpg\"><img loading=\"lazy\" decoding=\"async\" class=\"alignright wp-image-159\" src=\"https:\/\/centreformacioprevencio.files.wordpress.com\/2015\/05\/img_0654.jpg?w=300\" alt=\"\" width=\"266\" height=\"199\" \/><\/a><\/p>\n<p style=\"text-align: justify;\">A parte de hacer sus propias fotograf\u00edas tambi\u00e9n colabora en las actividades que Alterarte realiza cada jueves en la Fundaci\u00f3 Antoni T\u00e0pies, en la que \u00e9l hace de fot\u00f3grafo, dejando constancia de todo el trabajo que se hace. Y todav\u00eda le queda tiempo para participar en un club de baloncesto a modo de recreo que tambi\u00e9n le provoca mucha motivaci\u00f3n.<\/p>\n<p style=\"text-align: justify;\">Cuando hablamos con \u00e9l sobre alguna aspiraci\u00f3n futura, Ferran nos explica que \u00abme gustar\u00eda mucho hacer una exposici\u00f3n exclusiva sobre naturaleza, y en especial de flores. Y si pudiese ser, me gustar\u00eda hacerla en Barcelona, en el MACBA por ejemplo (r\u00ede). No hace falta, no hace falta, con un espacio tranquilo y acogedor como El P\u00fablic de aqu\u00ed Matar\u00f3 ya est\u00e1 muy bien\u00bb.<\/p>\n<p style=\"text-align: justify;\">La exposici\u00f3n de Ferran Giron\u00e8s estar\u00e1 dispomible para visitar durante el mes de mayo.<\/p>\n","protected":false},"excerpt":{"rendered":"<p>La\u00a0 colecci\u00f3n incluye una veintena de instant\u00e1neas que respiran valores cotidianos y espont\u00e1neos que reflejan el sentir del autor\u00a0 El fot\u00f3grafo mataron\u00edn Ferran Giron\u00e8s Faura present\u00f3 su segunda exposici\u00f3n de im\u00e1genes en el bar El P\u00fablic de Matar\u00f3, llamada \u00abA trav\u00e9s del objetivo\u00bb, este pasado&#8230;<\/p>\n","protected":false},"author":2,"featured_media":0,"comment_status":"open","ping_status":"open","sticky":false,"template":"","format":"standard","meta":{"footnotes":""},"categories":[1234],"tags":[709,643,711,923,654],"class_list":["post-17024","post","type-post","status-publish","format-standard","hentry","category-alterarte-es","tag-alterarte-es","tag-art-es","tag-exposicio-es","tag-fotografia-es","tag-rehabilitacio-es"],"yoast_head":"<!-- This site is optimized with the Yoast SEO plugin v27.4 - https:\/\/yoast.com\/product\/yoast-seo-wordpress\/ -->\n<title>Ferran Giron\u00e8s inaugura una exposici\u00f3n fotogr\u00e1fica en el bar El P\u00fablic de Matar\u00f3 | CFP Maresme<\/title>\n<meta name=\"robots\" content=\"index, follow, max-snippet:-1, max-image-preview:large, max-video-preview:-1\" \/>\n<link rel=\"canonical\" href=\"https:\/\/cfpmaresme.org\/ferran-girones-inaugura-una-exposicio-fotografica-al-bar-el-public-de-mataro\/\" \/>\n<meta property=\"og:locale\" content=\"es_ES\" \/>\n<meta property=\"og:type\" content=\"article\" \/>\n<meta property=\"og:title\" content=\"Ferran Giron\u00e8s inaugura una exposici\u00f3n fotogr\u00e1fica en el bar El P\u00fablic de Matar\u00f3 | CFP Maresme\" \/>\n<meta property=\"og:description\" content=\"La\u00a0 colecci\u00f3n incluye una veintena de instant\u00e1neas que respiran valores cotidianos y espont\u00e1neos que reflejan el sentir del autor\u00a0 El fot\u00f3grafo mataron\u00edn Ferran Giron\u00e8s Faura present\u00f3 su segunda exposici\u00f3n de im\u00e1genes en el bar El P\u00fablic de Matar\u00f3, llamada \u00abA trav\u00e9s del objetivo\u00bb, este pasado...\" \/>\n<meta property=\"og:url\" content=\"https:\/\/cfpmaresme.org\/ferran-girones-inaugura-una-exposicio-fotografica-al-bar-el-public-de-mataro\/\" \/>\n<meta property=\"og:site_name\" content=\"CFP Maresme\" \/>\n<meta property=\"article:published_time\" content=\"2015-05-11T09:56:42+00:00\" \/>\n<meta property=\"article:modified_time\" content=\"2020-11-17T13:11:08+00:00\" \/>\n<meta property=\"og:image\" content=\"https:\/\/centreformacioprevencio.files.wordpress.com\/2015\/05\/foto_expo_bona_bw-2.jpg?w=660\" \/>\n<meta name=\"author\" content=\"CFPMaresme\" \/>\n<meta name=\"twitter:card\" content=\"summary_large_image\" \/>\n<meta name=\"twitter:creator\" content=\"@cfpmaresme\" \/>\n<meta name=\"twitter:site\" content=\"@cfpmaresme\" \/>\n<meta name=\"twitter:label1\" content=\"Escrito por\" \/>\n\t<meta name=\"twitter:data1\" content=\"CFPMaresme\" \/>\n\t<meta name=\"twitter:label2\" content=\"Tiempo de lectura\" \/>\n\t<meta name=\"twitter:data2\" content=\"2 minutos\" \/>\n<script type=\"application\/ld+json\" class=\"yoast-schema-graph\">{\"@context\":\"https:\\\/\\\/schema.org\",\"@graph\":[{\"@type\":\"Article\",\"@id\":\"https:\\\/\\\/cfpmaresme.org\\\/ferran-girones-inaugura-una-exposicio-fotografica-al-bar-el-public-de-mataro\\\/#article\",\"isPartOf\":{\"@id\":\"https:\\\/\\\/cfpmaresme.org\\\/ferran-girones-inaugura-una-exposicio-fotografica-al-bar-el-public-de-mataro\\\/\"},\"author\":{\"name\":\"CFPMaresme\",\"@id\":\"https:\\\/\\\/cfpmaresme.org\\\/#\\\/schema\\\/person\\\/b2634bcd796fafc667ea4055f61b9b2c\"},\"headline\":\"Ferran Giron\u00e8s inaugura una exposici\u00f3n fotogr\u00e1fica en el bar El P\u00fablic de Matar\u00f3\",\"datePublished\":\"2015-05-11T09:56:42+00:00\",\"dateModified\":\"2020-11-17T13:11:08+00:00\",\"mainEntityOfPage\":{\"@id\":\"https:\\\/\\\/cfpmaresme.org\\\/ferran-girones-inaugura-una-exposicio-fotografica-al-bar-el-public-de-mataro\\\/\"},\"wordCount\":475,\"commentCount\":0,\"image\":{\"@id\":\"https:\\\/\\\/cfpmaresme.org\\\/ferran-girones-inaugura-una-exposicio-fotografica-al-bar-el-public-de-mataro\\\/#primaryimage\"},\"thumbnailUrl\":\"https:\\\/\\\/centreformacioprevencio.files.wordpress.com\\\/2015\\\/05\\\/foto_expo_bona_bw-2.jpg?w=660\",\"keywords\":[\"alterarte\",\"Art\",\"exposicio\",\"fotografia\",\"rehabilitaci\u00f3\"],\"articleSection\":[\"Alterarte\"],\"inLanguage\":\"es\"},{\"@type\":\"WebPage\",\"@id\":\"https:\\\/\\\/cfpmaresme.org\\\/ferran-girones-inaugura-una-exposicio-fotografica-al-bar-el-public-de-mataro\\\/\",\"url\":\"https:\\\/\\\/cfpmaresme.org\\\/ferran-girones-inaugura-una-exposicio-fotografica-al-bar-el-public-de-mataro\\\/\",\"name\":\"Ferran Giron\u00e8s inaugura una exposici\u00f3n fotogr\u00e1fica en el bar El P\u00fablic de Matar\u00f3 | CFP Maresme\",\"isPartOf\":{\"@id\":\"https:\\\/\\\/cfpmaresme.org\\\/#website\"},\"primaryImageOfPage\":{\"@id\":\"https:\\\/\\\/cfpmaresme.org\\\/ferran-girones-inaugura-una-exposicio-fotografica-al-bar-el-public-de-mataro\\\/#primaryimage\"},\"image\":{\"@id\":\"https:\\\/\\\/cfpmaresme.org\\\/ferran-girones-inaugura-una-exposicio-fotografica-al-bar-el-public-de-mataro\\\/#primaryimage\"},\"thumbnailUrl\":\"https:\\\/\\\/centreformacioprevencio.files.wordpress.com\\\/2015\\\/05\\\/foto_expo_bona_bw-2.jpg?w=660\",\"datePublished\":\"2015-05-11T09:56:42+00:00\",\"dateModified\":\"2020-11-17T13:11:08+00:00\",\"author\":{\"@id\":\"https:\\\/\\\/cfpmaresme.org\\\/#\\\/schema\\\/person\\\/b2634bcd796fafc667ea4055f61b9b2c\"},\"breadcrumb\":{\"@id\":\"https:\\\/\\\/cfpmaresme.org\\\/ferran-girones-inaugura-una-exposicio-fotografica-al-bar-el-public-de-mataro\\\/#breadcrumb\"},\"inLanguage\":\"es\",\"potentialAction\":[{\"@type\":\"ReadAction\",\"target\":[\"https:\\\/\\\/cfpmaresme.org\\\/ferran-girones-inaugura-una-exposicio-fotografica-al-bar-el-public-de-mataro\\\/\"]}]},{\"@type\":\"ImageObject\",\"inLanguage\":\"es\",\"@id\":\"https:\\\/\\\/cfpmaresme.org\\\/ferran-girones-inaugura-una-exposicio-fotografica-al-bar-el-public-de-mataro\\\/#primaryimage\",\"url\":\"https:\\\/\\\/centreformacioprevencio.files.wordpress.com\\\/2015\\\/05\\\/foto_expo_bona_bw-2.jpg?w=660\",\"contentUrl\":\"https:\\\/\\\/centreformacioprevencio.files.wordpress.com\\\/2015\\\/05\\\/foto_expo_bona_bw-2.jpg?w=660\"},{\"@type\":\"BreadcrumbList\",\"@id\":\"https:\\\/\\\/cfpmaresme.org\\\/ferran-girones-inaugura-una-exposicio-fotografica-al-bar-el-public-de-mataro\\\/#breadcrumb\",\"itemListElement\":[{\"@type\":\"ListItem\",\"position\":1,\"name\":\"Home\",\"item\":\"https:\\\/\\\/cfpmaresme.org\\\/es\\\/\"},{\"@type\":\"ListItem\",\"position\":2,\"name\":\"Ferran Giron\u00e8s inaugura una exposici\u00f3n fotogr\u00e1fica en el bar El P\u00fablic de Matar\u00f3\"}]},{\"@type\":\"WebSite\",\"@id\":\"https:\\\/\\\/cfpmaresme.org\\\/#website\",\"url\":\"https:\\\/\\\/cfpmaresme.org\\\/\",\"name\":\"CFP Maresme\",\"description\":\"Centre Formaci\u00f3 Prevenci\u00f3\",\"potentialAction\":[{\"@type\":\"SearchAction\",\"target\":{\"@type\":\"EntryPoint\",\"urlTemplate\":\"https:\\\/\\\/cfpmaresme.org\\\/?s={search_term_string}\"},\"query-input\":{\"@type\":\"PropertyValueSpecification\",\"valueRequired\":true,\"valueName\":\"search_term_string\"}}],\"inLanguage\":\"es\"},{\"@type\":\"Person\",\"@id\":\"https:\\\/\\\/cfpmaresme.org\\\/#\\\/schema\\\/person\\\/b2634bcd796fafc667ea4055f61b9b2c\",\"name\":\"CFPMaresme\"}]}<\/script>\n<!-- \/ Yoast SEO plugin. -->","yoast_head_json":{"title":"Ferran Giron\u00e8s inaugura una exposici\u00f3n fotogr\u00e1fica en el bar El P\u00fablic de Matar\u00f3 | CFP Maresme","robots":{"index":"index","follow":"follow","max-snippet":"max-snippet:-1","max-image-preview":"max-image-preview:large","max-video-preview":"max-video-preview:-1"},"canonical":"https:\/\/cfpmaresme.org\/ferran-girones-inaugura-una-exposicio-fotografica-al-bar-el-public-de-mataro\/","og_locale":"es_ES","og_type":"article","og_title":"Ferran Giron\u00e8s inaugura una exposici\u00f3n fotogr\u00e1fica en el bar El P\u00fablic de Matar\u00f3 | CFP Maresme","og_description":"La\u00a0 colecci\u00f3n incluye una veintena de instant\u00e1neas que respiran valores cotidianos y espont\u00e1neos que reflejan el sentir del autor\u00a0 El fot\u00f3grafo mataron\u00edn Ferran Giron\u00e8s Faura present\u00f3 su segunda exposici\u00f3n de im\u00e1genes en el bar El P\u00fablic de Matar\u00f3, llamada \u00abA trav\u00e9s del objetivo\u00bb, este pasado...","og_url":"https:\/\/cfpmaresme.org\/ferran-girones-inaugura-una-exposicio-fotografica-al-bar-el-public-de-mataro\/","og_site_name":"CFP Maresme","article_published_time":"2015-05-11T09:56:42+00:00","article_modified_time":"2020-11-17T13:11:08+00:00","og_image":[{"url":"https:\/\/centreformacioprevencio.files.wordpress.com\/2015\/05\/foto_expo_bona_bw-2.jpg?w=660","type":"","width":"","height":""}],"author":"CFPMaresme","twitter_card":"summary_large_image","twitter_creator":"@cfpmaresme","twitter_site":"@cfpmaresme","twitter_misc":{"Escrito por":"CFPMaresme","Tiempo de lectura":"2 minutos"},"schema":{"@context":"https:\/\/schema.org","@graph":[{"@type":"Article","@id":"https:\/\/cfpmaresme.org\/ferran-girones-inaugura-una-exposicio-fotografica-al-bar-el-public-de-mataro\/#article","isPartOf":{"@id":"https:\/\/cfpmaresme.org\/ferran-girones-inaugura-una-exposicio-fotografica-al-bar-el-public-de-mataro\/"},"author":{"name":"CFPMaresme","@id":"https:\/\/cfpmaresme.org\/#\/schema\/person\/b2634bcd796fafc667ea4055f61b9b2c"},"headline":"Ferran Giron\u00e8s inaugura una exposici\u00f3n fotogr\u00e1fica en el bar El P\u00fablic de Matar\u00f3","datePublished":"2015-05-11T09:56:42+00:00","dateModified":"2020-11-17T13:11:08+00:00","mainEntityOfPage":{"@id":"https:\/\/cfpmaresme.org\/ferran-girones-inaugura-una-exposicio-fotografica-al-bar-el-public-de-mataro\/"},"wordCount":475,"commentCount":0,"image":{"@id":"https:\/\/cfpmaresme.org\/ferran-girones-inaugura-una-exposicio-fotografica-al-bar-el-public-de-mataro\/#primaryimage"},"thumbnailUrl":"https:\/\/centreformacioprevencio.files.wordpress.com\/2015\/05\/foto_expo_bona_bw-2.jpg?w=660","keywords":["alterarte","Art","exposicio","fotografia","rehabilitaci\u00f3"],"articleSection":["Alterarte"],"inLanguage":"es"},{"@type":"WebPage","@id":"https:\/\/cfpmaresme.org\/ferran-girones-inaugura-una-exposicio-fotografica-al-bar-el-public-de-mataro\/","url":"https:\/\/cfpmaresme.org\/ferran-girones-inaugura-una-exposicio-fotografica-al-bar-el-public-de-mataro\/","name":"Ferran Giron\u00e8s inaugura una exposici\u00f3n fotogr\u00e1fica en el bar El P\u00fablic de Matar\u00f3 | CFP Maresme","isPartOf":{"@id":"https:\/\/cfpmaresme.org\/#website"},"primaryImageOfPage":{"@id":"https:\/\/cfpmaresme.org\/ferran-girones-inaugura-una-exposicio-fotografica-al-bar-el-public-de-mataro\/#primaryimage"},"image":{"@id":"https:\/\/cfpmaresme.org\/ferran-girones-inaugura-una-exposicio-fotografica-al-bar-el-public-de-mataro\/#primaryimage"},"thumbnailUrl":"https:\/\/centreformacioprevencio.files.wordpress.com\/2015\/05\/foto_expo_bona_bw-2.jpg?w=660","datePublished":"2015-05-11T09:56:42+00:00","dateModified":"2020-11-17T13:11:08+00:00","author":{"@id":"https:\/\/cfpmaresme.org\/#\/schema\/person\/b2634bcd796fafc667ea4055f61b9b2c"},"breadcrumb":{"@id":"https:\/\/cfpmaresme.org\/ferran-girones-inaugura-una-exposicio-fotografica-al-bar-el-public-de-mataro\/#breadcrumb"},"inLanguage":"es","potentialAction":[{"@type":"ReadAction","target":["https:\/\/cfpmaresme.org\/ferran-girones-inaugura-una-exposicio-fotografica-al-bar-el-public-de-mataro\/"]}]},{"@type":"ImageObject","inLanguage":"es","@id":"https:\/\/cfpmaresme.org\/ferran-girones-inaugura-una-exposicio-fotografica-al-bar-el-public-de-mataro\/#primaryimage","url":"https:\/\/centreformacioprevencio.files.wordpress.com\/2015\/05\/foto_expo_bona_bw-2.jpg?w=660","contentUrl":"https:\/\/centreformacioprevencio.files.wordpress.com\/2015\/05\/foto_expo_bona_bw-2.jpg?w=660"},{"@type":"BreadcrumbList","@id":"https:\/\/cfpmaresme.org\/ferran-girones-inaugura-una-exposicio-fotografica-al-bar-el-public-de-mataro\/#breadcrumb","itemListElement":[{"@type":"ListItem","position":1,"name":"Home","item":"https:\/\/cfpmaresme.org\/es\/"},{"@type":"ListItem","position":2,"name":"Ferran Giron\u00e8s inaugura una exposici\u00f3n fotogr\u00e1fica en el bar El P\u00fablic de Matar\u00f3"}]},{"@type":"WebSite","@id":"https:\/\/cfpmaresme.org\/#website","url":"https:\/\/cfpmaresme.org\/","name":"CFP Maresme","description":"Centre Formaci\u00f3 Prevenci\u00f3","potentialAction":[{"@type":"SearchAction","target":{"@type":"EntryPoint","urlTemplate":"https:\/\/cfpmaresme.org\/?s={search_term_string}"},"query-input":{"@type":"PropertyValueSpecification","valueRequired":true,"valueName":"search_term_string"}}],"inLanguage":"es"},{"@type":"Person","@id":"https:\/\/cfpmaresme.org\/#\/schema\/person\/b2634bcd796fafc667ea4055f61b9b2c","name":"CFPMaresme"}]}},"_links":{"self":[{"href":"https:\/\/cfpmaresme.org\/es\/wp-json\/wp\/v2\/posts\/17024","targetHints":{"allow":["GET"]}}],"collection":[{"href":"https:\/\/cfpmaresme.org\/es\/wp-json\/wp\/v2\/posts"}],"about":[{"href":"https:\/\/cfpmaresme.org\/es\/wp-json\/wp\/v2\/types\/post"}],"author":[{"embeddable":true,"href":"https:\/\/cfpmaresme.org\/es\/wp-json\/wp\/v2\/users\/2"}],"replies":[{"embeddable":true,"href":"https:\/\/cfpmaresme.org\/es\/wp-json\/wp\/v2\/comments?post=17024"}],"version-history":[{"count":3,"href":"https:\/\/cfpmaresme.org\/es\/wp-json\/wp\/v2\/posts\/17024\/revisions"}],"predecessor-version":[{"id":22343,"href":"https:\/\/cfpmaresme.org\/es\/wp-json\/wp\/v2\/posts\/17024\/revisions\/22343"}],"wp:attachment":[{"href":"https:\/\/cfpmaresme.org\/es\/wp-json\/wp\/v2\/media?parent=17024"}],"wp:term":[{"taxonomy":"category","embeddable":true,"href":"https:\/\/cfpmaresme.org\/es\/wp-json\/wp\/v2\/categories?post=17024"},{"taxonomy":"post_tag","embeddable":true,"href":"https:\/\/cfpmaresme.org\/es\/wp-json\/wp\/v2\/tags?post=17024"}],"curies":[{"name":"wp","href":"https:\/\/api.w.org\/{rel}","templated":true}]}}