{"id":17028,"date":"2015-04-14T11:35:00","date_gmt":"2015-04-14T11:35:00","guid":{"rendered":"http:\/\/cfpmaresme.org\/aprofito-els-espais-que-em-dona-alterarte-per-normalitzar-la-meva-situacio\/"},"modified":"2022-05-24T09:59:27","modified_gmt":"2022-05-24T07:59:27","slug":"aprofito-els-espais-que-em-dona-alterarte-per-normalitzar-la-meva-situacio","status":"publish","type":"post","link":"https:\/\/cfpmaresme.org\/es\/aprofito-els-espais-que-em-dona-alterarte-per-normalitzar-la-meva-situacio\/","title":{"rendered":"\u201cAprovecho los espacios que me da Alterarte para normalizar mi situaci\u00f3n\u00bb"},"content":{"rendered":"<p style=\"text-align: justify;\"><strong>Entrevista a un usuario del Servicio de Rehabilitaci\u00f3n Comunitaria y del programa Alterarte\u00a0\u00a0<\/strong><\/p>\n<p style=\"text-align: justify;\"><em>Nos reunimos en el SRC Maresme de Matar\u00f3 con un usuario de Alterarte para hacerle una entrevista sobre su participaci\u00f3n en este programa art\u00edstico. Pero \u00e9l tambi\u00e9n nos ha querido explicar su historia y la relaci\u00f3n que ha tenido con la pintura durante su vida. Nos ha acogido y nos ha dado su confianza para hablar sobre su situaci\u00f3n personal. Es por eso que no publicaremos su identidad.\u00a0<\/em><\/p>\n<p style=\"text-align: justify;\"><!--more--><\/p>\n<p style=\"text-align: justify;\"><strong>\u00bfCu\u00e1ndo empezaste a participar con el programa Alterarte?\u00a0<\/strong><\/p>\n<p style=\"text-align: justify;\">Empec\u00e9 a participar hace unos cinco a\u00f1os. Ya era usuario del Servicio de Rehabilitaci\u00f3n Comunitaria e iba trabajando en el piso asistido en el que vivo. Blanca empez\u00f3 a llevar el grupo de Alterarte y yo me apunt\u00e9. Despu\u00e9s fui asistiendo porque me gusta pintar y dibujar. De hecho, hab\u00eda practicado t\u00e9cnicas de pintura en algunas temporadas de mi vida y vi que me gustaban las actividades que est\u00e1bamos haciendo.<\/p>\n<p style=\"text-align: justify;\"><strong>\u00bf?Entonces quiere decir que tu ya ten\u00edas experiencia en la pintura antes de iniciar el programa AlterArte?<\/strong><\/p>\n<p style=\"text-align: justify;\">Hab\u00eda ido haciendo cosas desde joven, pero nunca fui muy constante. Tambi\u00e9n hab\u00eda estado en algunos proyectos colectivos. Recuerdo un grupo de Gracia que se llamaba Associats. Pint\u00e1bamos r\u00e9plicas de cuadros con pintura acr\u00edlica. Estudi\u00e1bamos libros de pintura para aprender a trabajar con esta t\u00e9cnica. Y de hecho, yo hab\u00eda convivido con un pintor 3 o 4 a\u00f1os cuando era muy joven, con Pere Biada. Con \u00e9l tambi\u00e9n aprend\u00ed muchas cosas.<\/p>\n<p style=\"text-align: center;\"><a href=\"https:\/\/centreformacioprevencio.files.wordpress.com\/2015\/04\/dsc_0889.jpg\"><img loading=\"lazy\" decoding=\"async\" class=\"aligncenter size-large wp-image-15\" src=\"https:\/\/centreformacioprevencio.files.wordpress.com\/2015\/04\/dsc_0889.jpg?w=660\" alt=\"\" width=\"660\" height=\"371\" srcset=\"https:\/\/cfpmaresme.org\/wp-content\/uploads\/2015\/04\/dsc_0889.jpg 3840w, https:\/\/cfpmaresme.org\/wp-content\/uploads\/2015\/04\/dsc_0889-300x169.jpg 300w, https:\/\/cfpmaresme.org\/wp-content\/uploads\/2015\/04\/dsc_0889-768x432.jpg 768w, https:\/\/cfpmaresme.org\/wp-content\/uploads\/2015\/04\/dsc_0889-1024x576.jpg 1024w, https:\/\/cfpmaresme.org\/wp-content\/uploads\/2015\/04\/dsc_0889-700x394.jpg 700w, https:\/\/cfpmaresme.org\/wp-content\/uploads\/2015\/04\/dsc_0889-539x303.jpg 539w\" sizes=\"auto, (max-width: 660px) 100vw, 660px\" \/><\/a><em>Cuadro de un paisaje rural con pintura acr\u00edlica de este usuario de AlterArte<\/em><\/p>\n<p style=\"text-align: justify;\"><strong>\u00bfPensaste alguna vez en dedicarte profesionalmente a la pintura?<\/strong><\/p>\n<p style=\"text-align: justify;\">No me he dedicado m\u00e1s porque el material de pintura suele ser caro y sobretodo porque he pasado etapas en que cambiaba de residencia muy a menudo y la situaci\u00f3n tampoco me permit\u00eda ser constante. Cuando estuve casado tuve muchos problemas en el barrio, era una persona conflictiva. Despu\u00e9s de separarme, estuve viviendo de pensi\u00f3n en pensi\u00f3n, en albergues y tambi\u00e9n en la calle, aunque no me averg\u00fcenzo.<\/p>\n<p style=\"text-align: justify;\"><strong>Deb\u00eda ser una \u00e9poca muy dura&#8230;<\/strong><\/p>\n<p style=\"text-align: justify;\">S\u00ed, tuve muy mala \u00e9poca. Tuve problemas con la dentadura, cog\u00ed la hepatitits&#8230;Vaya, un desastre. Por eso digo que no tuve una situaci\u00f3n muy favorable para mantener la constancia. Pero ya llevo 18 a\u00f1os en el Servicio de Rehabilitaci\u00f3n Comunitaria y ya estoy mucho mejor.<\/p>\n<p style=\"text-align: justify;\"><strong>Y a ra\u00edz de Alterarte, \u00bfHa cambiado tu situaci\u00f3n?\u00a0<\/strong><\/p>\n<p style=\"text-align: justify;\">Bien, ahora tengo alg\u00fan cuadro inacabado en casa. Me resulta relajante pintar. Pero como en el piso tampoco tengo mucho espacio, cuando vengo al centro, aprovecho para pintar aqu\u00ed. Aprovecho los espacios que me da Alterarte. Es una manera de normalizar mi situaci\u00f3n. Hay temporadas que estoy m\u00e1s bajo intelectualmente por eso tambi\u00e9n me sirve para olvidar algunas cosas y distraerme.<\/p>\n<p style=\"text-align: justify;\"><a href=\"https:\/\/centreformacioprevencio.files.wordpress.com\/2015\/04\/dsc_0891-2.jpg\"><img loading=\"lazy\" decoding=\"async\" class=\"alignleft wp-image-17\" src=\"https:\/\/centreformacioprevencio.files.wordpress.com\/2015\/04\/dsc_0891-2.jpg?w=248\" alt=\"\" width=\"302\" height=\"365\" srcset=\"https:\/\/cfpmaresme.org\/wp-content\/uploads\/2015\/04\/dsc_0891-2.jpg 2038w, https:\/\/cfpmaresme.org\/wp-content\/uploads\/2015\/04\/dsc_0891-2-248x300.jpg 248w, https:\/\/cfpmaresme.org\/wp-content\/uploads\/2015\/04\/dsc_0891-2-768x930.jpg 768w, https:\/\/cfpmaresme.org\/wp-content\/uploads\/2015\/04\/dsc_0891-2-845x1024.jpg 845w, https:\/\/cfpmaresme.org\/wp-content\/uploads\/2015\/04\/dsc_0891-2-700x848.jpg 700w\" sizes=\"auto, (max-width: 302px) 100vw, 302px\" \/><\/a><strong>\u00bfHas tenido un buen aprendizaje participando en el programa?\u00a0<\/strong><\/p>\n<p style=\"text-align: justify;\">S\u00ed, he aprendido t\u00e9cnicas nuevas y de los pintores locales. Parece que no, pero hay mucha gente que proviene de una fuerte tradici\u00f3n pict\u00f3rica aqu\u00ed en Matar\u00f3. De Rafael Estrany, Perecoll, Ricard Jord\u00e0&#8230;<\/p>\n<p style=\"text-align: justify;\"><strong>Me han comentado que te gustar\u00eda exponer tus cuadros en p\u00fablico&#8230;\u00a0<\/strong><\/p>\n<p style=\"text-align: justify;\">No, porque me da un poco de verg\u00fcenza. No tengo suficiente autoestima. Hay cosas que hago como pintar paisajes que est\u00e1n bastante bien pero creo que hay gente que sabe m\u00e1s que yo y se sabe hacer valer. Yo no s\u00e9. Adem\u00e1s de salidas profesionales a mi edad es muy complicado.<\/p>\n<p style=\"text-align: justify;\"><strong>\u00bfY qu\u00e9 te gustar\u00eda hacer a partir de ahora?\u00a0<\/strong><\/p>\n<p style=\"text-align: justify;\">No lo s\u00e9, los que nos dedicamos a la pintura ahora lo tenemos m\u00e1s dif\u00edcil. Actualmente con los ordenadores la gente trabaja muy bien y se hacen muchas cosas de dise\u00f1o. Tambi\u00e9n me gustar\u00eda mucho pintar con sprays. Son cosas nuevas que quiz\u00e1s podr\u00edamos hacer con Alterarte en un futuro. Somos un grupo de unos 7 o 8 que venimos siempre y hacemos mucha pi\u00f1a. Yo continuar\u00e9 asistiendo es una actividad muy bonita.<\/p>\n","protected":false},"excerpt":{"rendered":"<p>Entrevista a un usuario del Servicio de Rehabilitaci\u00f3n Comunitaria y del programa Alterarte\u00a0\u00a0 Nos reunimos en el SRC Maresme de Matar\u00f3 con un usuario de Alterarte para hacerle una entrevista sobre su participaci\u00f3n en este programa art\u00edstico. Pero \u00e9l tambi\u00e9n nos ha querido explicar su&#8230;<\/p>\n","protected":false},"author":2,"featured_media":0,"comment_status":"open","ping_status":"open","sticky":false,"template":"","format":"standard","meta":{"footnotes":""},"categories":[1258],"tags":[709,654,701],"class_list":["post-17028","post","type-post","status-publish","format-standard","hentry","category-entrevistas","tag-alterarte-es","tag-rehabilitacio-es","tag-social-es"],"yoast_head":"<!-- This site is optimized with the Yoast SEO plugin v27.4 - https:\/\/yoast.com\/product\/yoast-seo-wordpress\/ -->\n<title>\u201cAprovecho los espacios que me da Alterarte para normalizar mi situaci\u00f3n&quot; | CFP Maresme<\/title>\n<meta name=\"robots\" content=\"index, follow, max-snippet:-1, max-image-preview:large, max-video-preview:-1\" \/>\n<link rel=\"canonical\" href=\"https:\/\/cfpmaresme.org\/es\/aprofito-els-espais-que-em-dona-alterarte-per-normalitzar-la-meva-situacio\/\" \/>\n<meta property=\"og:locale\" content=\"es_ES\" \/>\n<meta property=\"og:type\" content=\"article\" \/>\n<meta property=\"og:title\" content=\"\u201cAprovecho los espacios que me da Alterarte para normalizar mi situaci\u00f3n&quot; | CFP Maresme\" \/>\n<meta property=\"og:description\" content=\"Entrevista a un usuario del Servicio de Rehabilitaci\u00f3n Comunitaria y del programa Alterarte\u00a0\u00a0 Nos reunimos en el SRC Maresme de Matar\u00f3 con un usuario de Alterarte para hacerle una entrevista sobre su participaci\u00f3n en este programa art\u00edstico. Pero \u00e9l tambi\u00e9n nos ha querido explicar su...\" \/>\n<meta property=\"og:url\" content=\"https:\/\/cfpmaresme.org\/es\/aprofito-els-espais-que-em-dona-alterarte-per-normalitzar-la-meva-situacio\/\" \/>\n<meta property=\"og:site_name\" content=\"CFP Maresme\" \/>\n<meta property=\"article:published_time\" content=\"2015-04-14T11:35:00+00:00\" \/>\n<meta property=\"article:modified_time\" content=\"2022-05-24T07:59:27+00:00\" \/>\n<meta property=\"og:image\" content=\"https:\/\/centreformacioprevencio.files.wordpress.com\/2015\/04\/dsc_0889.jpg?w=660\" \/>\n<meta name=\"author\" content=\"CFPMaresme\" \/>\n<meta name=\"twitter:card\" content=\"summary_large_image\" \/>\n<meta name=\"twitter:creator\" content=\"@cfpmaresme\" \/>\n<meta name=\"twitter:site\" content=\"@cfpmaresme\" \/>\n<meta name=\"twitter:label1\" content=\"Escrito por\" \/>\n\t<meta name=\"twitter:data1\" content=\"CFPMaresme\" \/>\n\t<meta name=\"twitter:label2\" content=\"Tiempo de lectura\" \/>\n\t<meta name=\"twitter:data2\" content=\"4 minutos\" \/>\n<script type=\"application\/ld+json\" class=\"yoast-schema-graph\">{\"@context\":\"https:\\\/\\\/schema.org\",\"@graph\":[{\"@type\":\"Article\",\"@id\":\"https:\\\/\\\/cfpmaresme.org\\\/es\\\/aprofito-els-espais-que-em-dona-alterarte-per-normalitzar-la-meva-situacio\\\/#article\",\"isPartOf\":{\"@id\":\"https:\\\/\\\/cfpmaresme.org\\\/es\\\/aprofito-els-espais-que-em-dona-alterarte-per-normalitzar-la-meva-situacio\\\/\"},\"author\":{\"name\":\"CFPMaresme\",\"@id\":\"https:\\\/\\\/cfpmaresme.org\\\/#\\\/schema\\\/person\\\/b2634bcd796fafc667ea4055f61b9b2c\"},\"headline\":\"\u201cAprovecho los espacios que me da Alterarte para normalizar mi situaci\u00f3n\u00bb\",\"datePublished\":\"2015-04-14T11:35:00+00:00\",\"dateModified\":\"2022-05-24T07:59:27+00:00\",\"mainEntityOfPage\":{\"@id\":\"https:\\\/\\\/cfpmaresme.org\\\/es\\\/aprofito-els-espais-que-em-dona-alterarte-per-normalitzar-la-meva-situacio\\\/\"},\"wordCount\":714,\"commentCount\":0,\"image\":{\"@id\":\"https:\\\/\\\/cfpmaresme.org\\\/es\\\/aprofito-els-espais-que-em-dona-alterarte-per-normalitzar-la-meva-situacio\\\/#primaryimage\"},\"thumbnailUrl\":\"https:\\\/\\\/centreformacioprevencio.files.wordpress.com\\\/2015\\\/04\\\/dsc_0889.jpg?w=660\",\"keywords\":[\"alterarte\",\"rehabilitaci\u00f3\",\"social\"],\"articleSection\":[\"Entrevistas\"],\"inLanguage\":\"es\"},{\"@type\":\"WebPage\",\"@id\":\"https:\\\/\\\/cfpmaresme.org\\\/es\\\/aprofito-els-espais-que-em-dona-alterarte-per-normalitzar-la-meva-situacio\\\/\",\"url\":\"https:\\\/\\\/cfpmaresme.org\\\/es\\\/aprofito-els-espais-que-em-dona-alterarte-per-normalitzar-la-meva-situacio\\\/\",\"name\":\"\u201cAprovecho los espacios que me da Alterarte para normalizar mi situaci\u00f3n\\\" | CFP Maresme\",\"isPartOf\":{\"@id\":\"https:\\\/\\\/cfpmaresme.org\\\/#website\"},\"primaryImageOfPage\":{\"@id\":\"https:\\\/\\\/cfpmaresme.org\\\/es\\\/aprofito-els-espais-que-em-dona-alterarte-per-normalitzar-la-meva-situacio\\\/#primaryimage\"},\"image\":{\"@id\":\"https:\\\/\\\/cfpmaresme.org\\\/es\\\/aprofito-els-espais-que-em-dona-alterarte-per-normalitzar-la-meva-situacio\\\/#primaryimage\"},\"thumbnailUrl\":\"https:\\\/\\\/centreformacioprevencio.files.wordpress.com\\\/2015\\\/04\\\/dsc_0889.jpg?w=660\",\"datePublished\":\"2015-04-14T11:35:00+00:00\",\"dateModified\":\"2022-05-24T07:59:27+00:00\",\"author\":{\"@id\":\"https:\\\/\\\/cfpmaresme.org\\\/#\\\/schema\\\/person\\\/b2634bcd796fafc667ea4055f61b9b2c\"},\"breadcrumb\":{\"@id\":\"https:\\\/\\\/cfpmaresme.org\\\/es\\\/aprofito-els-espais-que-em-dona-alterarte-per-normalitzar-la-meva-situacio\\\/#breadcrumb\"},\"inLanguage\":\"es\",\"potentialAction\":[{\"@type\":\"ReadAction\",\"target\":[\"https:\\\/\\\/cfpmaresme.org\\\/es\\\/aprofito-els-espais-que-em-dona-alterarte-per-normalitzar-la-meva-situacio\\\/\"]}]},{\"@type\":\"ImageObject\",\"inLanguage\":\"es\",\"@id\":\"https:\\\/\\\/cfpmaresme.org\\\/es\\\/aprofito-els-espais-que-em-dona-alterarte-per-normalitzar-la-meva-situacio\\\/#primaryimage\",\"url\":\"https:\\\/\\\/centreformacioprevencio.files.wordpress.com\\\/2015\\\/04\\\/dsc_0889.jpg?w=660\",\"contentUrl\":\"https:\\\/\\\/centreformacioprevencio.files.wordpress.com\\\/2015\\\/04\\\/dsc_0889.jpg?w=660\"},{\"@type\":\"BreadcrumbList\",\"@id\":\"https:\\\/\\\/cfpmaresme.org\\\/es\\\/aprofito-els-espais-que-em-dona-alterarte-per-normalitzar-la-meva-situacio\\\/#breadcrumb\",\"itemListElement\":[{\"@type\":\"ListItem\",\"position\":1,\"name\":\"Home\",\"item\":\"https:\\\/\\\/cfpmaresme.org\\\/es\\\/\"},{\"@type\":\"ListItem\",\"position\":2,\"name\":\"\u201cAprovecho los espacios que me da Alterarte para normalizar mi situaci\u00f3n\u00bb\"}]},{\"@type\":\"WebSite\",\"@id\":\"https:\\\/\\\/cfpmaresme.org\\\/#website\",\"url\":\"https:\\\/\\\/cfpmaresme.org\\\/\",\"name\":\"CFP Maresme\",\"description\":\"Centre Formaci\u00f3 Prevenci\u00f3\",\"potentialAction\":[{\"@type\":\"SearchAction\",\"target\":{\"@type\":\"EntryPoint\",\"urlTemplate\":\"https:\\\/\\\/cfpmaresme.org\\\/?s={search_term_string}\"},\"query-input\":{\"@type\":\"PropertyValueSpecification\",\"valueRequired\":true,\"valueName\":\"search_term_string\"}}],\"inLanguage\":\"es\"},{\"@type\":\"Person\",\"@id\":\"https:\\\/\\\/cfpmaresme.org\\\/#\\\/schema\\\/person\\\/b2634bcd796fafc667ea4055f61b9b2c\",\"name\":\"CFPMaresme\"}]}<\/script>\n<!-- \/ Yoast SEO plugin. -->","yoast_head_json":{"title":"\u201cAprovecho los espacios que me da Alterarte para normalizar mi situaci\u00f3n\" | CFP Maresme","robots":{"index":"index","follow":"follow","max-snippet":"max-snippet:-1","max-image-preview":"max-image-preview:large","max-video-preview":"max-video-preview:-1"},"canonical":"https:\/\/cfpmaresme.org\/es\/aprofito-els-espais-que-em-dona-alterarte-per-normalitzar-la-meva-situacio\/","og_locale":"es_ES","og_type":"article","og_title":"\u201cAprovecho los espacios que me da Alterarte para normalizar mi situaci\u00f3n\" | CFP Maresme","og_description":"Entrevista a un usuario del Servicio de Rehabilitaci\u00f3n Comunitaria y del programa Alterarte\u00a0\u00a0 Nos reunimos en el SRC Maresme de Matar\u00f3 con un usuario de Alterarte para hacerle una entrevista sobre su participaci\u00f3n en este programa art\u00edstico. Pero \u00e9l tambi\u00e9n nos ha querido explicar su...","og_url":"https:\/\/cfpmaresme.org\/es\/aprofito-els-espais-que-em-dona-alterarte-per-normalitzar-la-meva-situacio\/","og_site_name":"CFP Maresme","article_published_time":"2015-04-14T11:35:00+00:00","article_modified_time":"2022-05-24T07:59:27+00:00","og_image":[{"url":"https:\/\/centreformacioprevencio.files.wordpress.com\/2015\/04\/dsc_0889.jpg?w=660","type":"","width":"","height":""}],"author":"CFPMaresme","twitter_card":"summary_large_image","twitter_creator":"@cfpmaresme","twitter_site":"@cfpmaresme","twitter_misc":{"Escrito por":"CFPMaresme","Tiempo de lectura":"4 minutos"},"schema":{"@context":"https:\/\/schema.org","@graph":[{"@type":"Article","@id":"https:\/\/cfpmaresme.org\/es\/aprofito-els-espais-que-em-dona-alterarte-per-normalitzar-la-meva-situacio\/#article","isPartOf":{"@id":"https:\/\/cfpmaresme.org\/es\/aprofito-els-espais-que-em-dona-alterarte-per-normalitzar-la-meva-situacio\/"},"author":{"name":"CFPMaresme","@id":"https:\/\/cfpmaresme.org\/#\/schema\/person\/b2634bcd796fafc667ea4055f61b9b2c"},"headline":"\u201cAprovecho los espacios que me da Alterarte para normalizar mi situaci\u00f3n\u00bb","datePublished":"2015-04-14T11:35:00+00:00","dateModified":"2022-05-24T07:59:27+00:00","mainEntityOfPage":{"@id":"https:\/\/cfpmaresme.org\/es\/aprofito-els-espais-que-em-dona-alterarte-per-normalitzar-la-meva-situacio\/"},"wordCount":714,"commentCount":0,"image":{"@id":"https:\/\/cfpmaresme.org\/es\/aprofito-els-espais-que-em-dona-alterarte-per-normalitzar-la-meva-situacio\/#primaryimage"},"thumbnailUrl":"https:\/\/centreformacioprevencio.files.wordpress.com\/2015\/04\/dsc_0889.jpg?w=660","keywords":["alterarte","rehabilitaci\u00f3","social"],"articleSection":["Entrevistas"],"inLanguage":"es"},{"@type":"WebPage","@id":"https:\/\/cfpmaresme.org\/es\/aprofito-els-espais-que-em-dona-alterarte-per-normalitzar-la-meva-situacio\/","url":"https:\/\/cfpmaresme.org\/es\/aprofito-els-espais-que-em-dona-alterarte-per-normalitzar-la-meva-situacio\/","name":"\u201cAprovecho los espacios que me da Alterarte para normalizar mi situaci\u00f3n\" | CFP Maresme","isPartOf":{"@id":"https:\/\/cfpmaresme.org\/#website"},"primaryImageOfPage":{"@id":"https:\/\/cfpmaresme.org\/es\/aprofito-els-espais-que-em-dona-alterarte-per-normalitzar-la-meva-situacio\/#primaryimage"},"image":{"@id":"https:\/\/cfpmaresme.org\/es\/aprofito-els-espais-que-em-dona-alterarte-per-normalitzar-la-meva-situacio\/#primaryimage"},"thumbnailUrl":"https:\/\/centreformacioprevencio.files.wordpress.com\/2015\/04\/dsc_0889.jpg?w=660","datePublished":"2015-04-14T11:35:00+00:00","dateModified":"2022-05-24T07:59:27+00:00","author":{"@id":"https:\/\/cfpmaresme.org\/#\/schema\/person\/b2634bcd796fafc667ea4055f61b9b2c"},"breadcrumb":{"@id":"https:\/\/cfpmaresme.org\/es\/aprofito-els-espais-que-em-dona-alterarte-per-normalitzar-la-meva-situacio\/#breadcrumb"},"inLanguage":"es","potentialAction":[{"@type":"ReadAction","target":["https:\/\/cfpmaresme.org\/es\/aprofito-els-espais-que-em-dona-alterarte-per-normalitzar-la-meva-situacio\/"]}]},{"@type":"ImageObject","inLanguage":"es","@id":"https:\/\/cfpmaresme.org\/es\/aprofito-els-espais-que-em-dona-alterarte-per-normalitzar-la-meva-situacio\/#primaryimage","url":"https:\/\/centreformacioprevencio.files.wordpress.com\/2015\/04\/dsc_0889.jpg?w=660","contentUrl":"https:\/\/centreformacioprevencio.files.wordpress.com\/2015\/04\/dsc_0889.jpg?w=660"},{"@type":"BreadcrumbList","@id":"https:\/\/cfpmaresme.org\/es\/aprofito-els-espais-que-em-dona-alterarte-per-normalitzar-la-meva-situacio\/#breadcrumb","itemListElement":[{"@type":"ListItem","position":1,"name":"Home","item":"https:\/\/cfpmaresme.org\/es\/"},{"@type":"ListItem","position":2,"name":"\u201cAprovecho los espacios que me da Alterarte para normalizar mi situaci\u00f3n\u00bb"}]},{"@type":"WebSite","@id":"https:\/\/cfpmaresme.org\/#website","url":"https:\/\/cfpmaresme.org\/","name":"CFP Maresme","description":"Centre Formaci\u00f3 Prevenci\u00f3","potentialAction":[{"@type":"SearchAction","target":{"@type":"EntryPoint","urlTemplate":"https:\/\/cfpmaresme.org\/?s={search_term_string}"},"query-input":{"@type":"PropertyValueSpecification","valueRequired":true,"valueName":"search_term_string"}}],"inLanguage":"es"},{"@type":"Person","@id":"https:\/\/cfpmaresme.org\/#\/schema\/person\/b2634bcd796fafc667ea4055f61b9b2c","name":"CFPMaresme"}]}},"_links":{"self":[{"href":"https:\/\/cfpmaresme.org\/es\/wp-json\/wp\/v2\/posts\/17028","targetHints":{"allow":["GET"]}}],"collection":[{"href":"https:\/\/cfpmaresme.org\/es\/wp-json\/wp\/v2\/posts"}],"about":[{"href":"https:\/\/cfpmaresme.org\/es\/wp-json\/wp\/v2\/types\/post"}],"author":[{"embeddable":true,"href":"https:\/\/cfpmaresme.org\/es\/wp-json\/wp\/v2\/users\/2"}],"replies":[{"embeddable":true,"href":"https:\/\/cfpmaresme.org\/es\/wp-json\/wp\/v2\/comments?post=17028"}],"version-history":[{"count":3,"href":"https:\/\/cfpmaresme.org\/es\/wp-json\/wp\/v2\/posts\/17028\/revisions"}],"predecessor-version":[{"id":22345,"href":"https:\/\/cfpmaresme.org\/es\/wp-json\/wp\/v2\/posts\/17028\/revisions\/22345"}],"wp:attachment":[{"href":"https:\/\/cfpmaresme.org\/es\/wp-json\/wp\/v2\/media?parent=17028"}],"wp:term":[{"taxonomy":"category","embeddable":true,"href":"https:\/\/cfpmaresme.org\/es\/wp-json\/wp\/v2\/categories?post=17028"},{"taxonomy":"post_tag","embeddable":true,"href":"https:\/\/cfpmaresme.org\/es\/wp-json\/wp\/v2\/tags?post=17028"}],"curies":[{"name":"wp","href":"https:\/\/api.w.org\/{rel}","templated":true}]}}