{"id":17029,"date":"2015-04-10T09:11:41","date_gmt":"2015-04-10T09:11:41","guid":{"rendered":"http:\/\/cfpmaresme.org\/el-src-maresme-rep-la-visita-de-neus-munte\/"},"modified":"2021-10-01T14:10:19","modified_gmt":"2021-10-01T12:10:19","slug":"el-src-maresme-rep-la-visita-de-neus-munte","status":"publish","type":"post","link":"https:\/\/cfpmaresme.org\/es\/el-src-maresme-rep-la-visita-de-neus-munte\/","title":{"rendered":"El SRC Maresme recibe la visita de Neus Munt\u00e9"},"content":{"rendered":"<p style=\"text-align: justify;\"><strong>La consejera de Bienestar Social i Fam\u00edlia inform\u00f3 de la nueva financiaci\u00f3n de 20 plazas para el servicio Prelaboral del CFP<\/strong><\/p>\n<p><a href=\"https:\/\/centreformacioprevencio.files.wordpress.com\/2015\/04\/dsc_0913-2.jpg\"><img loading=\"lazy\" decoding=\"async\" class=\"aligncenter size-large wp-image-11\" src=\"https:\/\/centreformacioprevencio.files.wordpress.com\/2015\/04\/dsc_0913-2.jpg?w=648\" alt=\"\" width=\"648\" height=\"422\" srcset=\"https:\/\/cfpmaresme.org\/wp-content\/uploads\/2015\/04\/dsc_0913-2.jpg 3314w, https:\/\/cfpmaresme.org\/wp-content\/uploads\/2015\/04\/dsc_0913-2-300x196.jpg 300w, https:\/\/cfpmaresme.org\/wp-content\/uploads\/2015\/04\/dsc_0913-2-768x501.jpg 768w, https:\/\/cfpmaresme.org\/wp-content\/uploads\/2015\/04\/dsc_0913-2-1024x667.jpg 1024w, https:\/\/cfpmaresme.org\/wp-content\/uploads\/2015\/04\/dsc_0913-2-400x260.jpg 400w, https:\/\/cfpmaresme.org\/wp-content\/uploads\/2015\/04\/dsc_0913-2-700x456.jpg 700w\" sizes=\"auto, (max-width: 648px) 100vw, 648px\" \/><\/a><\/p>\n<p style=\"text-align: justify;\">Neus Munt\u00e9, consejera de Bienestar Social y Familia de la Generalitat, visit\u00f3 el viernes 10 de abril las instalaciones del Servicio de Rehabilitaci\u00f3n Comunitaria del Maresme. La consejera dio la noticia de la concesi\u00f3n del financiamiento de 20 plazas del nuevo servicio Prelaboral del Centre de Formaci\u00f3 i Prevenci\u00f3 \u201cTast d\u2019Oficis\u201d. De esta manera se invertir\u00e1 en la mejora de las competencias laborales de los usuarios del centro y de los servicios de orientaci\u00f3n para que puedan acceder al mercado de trabajo.<\/p>\n<p style=\"text-align: justify;\"><!--more--><\/p>\n<p style=\"text-align: justify;\">En la reuni\u00f3n, Munt\u00e9 tambi\u00e9n convers\u00f3 con Jaume Clup\u00e9s, director del CFP, sobre las medidas que se han conseguido realizar y las que todav\u00eda quedan pendientes para mejorar la situaci\u00f3n de las personas con las que trabaja el centro. Munt\u00e9 y Clup\u00e9s estuvieron de acuerdo en hacer un esfuerzo para incrementar los recursos de los que disponen los servicios comunitarios en Catalu\u00f1a.<\/p>\n<p style=\"text-align: justify;\">Dieron una especial relevancia al \u00e1mbito de la vivienda y la acogida residencial para personas con problemas de salud mental. Seg\u00fan el director del CFP, en el caso de este tipo de servicios, no solo se puede hablar de costes si no que tambi\u00e9n se tiene que tener en cuenta la funci\u00f3n social que aportan.<\/p>\n<p style=\"text-align: justify;\">La consejera tambi\u00e9n reconoci\u00f3 que se tiene que dar oxigen a las instituciones sociales para que puedan tener una continuidad en sus servicios. Munt\u00e9 se comprometi\u00f3 a revisar las demandas del sector y a hacer todo lo posible para conseguir m\u00e1s avances en el tiempo que queda para acabar la actual legislatura.<\/p>\n<p style=\"text-align: justify;\"><strong>La visita de Neus Munt\u00e9 al SRC Maresme es la segunda ocasi\u00f3n en la que la consejera se ha interesado por los servicios del Centre de Formaci\u00f3 i Prevenci\u00f3 durante sus estancias en Matar\u00f3 este mismo a\u00f1o. El pasado 30 de enero quizo ver de primera mano la tarea que se est\u00e1 haciendo con los infantes y adolescentes en el Centro Residencial de Acci\u00f3n Educativa.\u00a0<\/strong><\/p>\n<p style=\"text-align: justify;\">\n","protected":false},"excerpt":{"rendered":"<p>La consejera de Bienestar Social i Fam\u00edlia inform\u00f3 de la nueva financiaci\u00f3n de 20 plazas para el servicio Prelaboral del CFP Neus Munt\u00e9, consejera de Bienestar Social y Familia de la Generalitat, visit\u00f3 el viernes 10 de abril las instalaciones del Servicio de Rehabilitaci\u00f3n Comunitaria&#8230;<\/p>\n","protected":false},"author":2,"featured_media":0,"comment_status":"open","ping_status":"open","sticky":false,"template":"","format":"standard","meta":{"footnotes":""},"categories":[1199],"tags":[693,645,1009,1010,850,654,701],"class_list":["post-17029","post","type-post","status-publish","format-standard","hentry","category-servicios-de-rehabilitacion-comunitaria","tag-benestar-es","tag-comunitaria-es","tag-consellera-es","tag-familia-es","tag-munte-es","tag-rehabilitacio-es","tag-social-es"],"yoast_head":"<!-- This site is optimized with the Yoast SEO plugin v27.4 - https:\/\/yoast.com\/product\/yoast-seo-wordpress\/ -->\n<title>El SRC Maresme recibe la visita de Neus Munt\u00e9 | CFP Maresme<\/title>\n<meta name=\"robots\" content=\"index, follow, max-snippet:-1, max-image-preview:large, max-video-preview:-1\" \/>\n<link rel=\"canonical\" href=\"https:\/\/cfpmaresme.org\/es\/el-src-maresme-rep-la-visita-de-neus-munte\/\" \/>\n<meta property=\"og:locale\" content=\"es_ES\" \/>\n<meta property=\"og:type\" content=\"article\" \/>\n<meta property=\"og:title\" content=\"El SRC Maresme recibe la visita de Neus Munt\u00e9 | CFP Maresme\" \/>\n<meta property=\"og:description\" content=\"La consejera de Bienestar Social i Fam\u00edlia inform\u00f3 de la nueva financiaci\u00f3n de 20 plazas para el servicio Prelaboral del CFP Neus Munt\u00e9, consejera de Bienestar Social y Familia de la Generalitat, visit\u00f3 el viernes 10 de abril las instalaciones del Servicio de Rehabilitaci\u00f3n Comunitaria...\" \/>\n<meta property=\"og:url\" content=\"https:\/\/cfpmaresme.org\/es\/el-src-maresme-rep-la-visita-de-neus-munte\/\" \/>\n<meta property=\"og:site_name\" content=\"CFP Maresme\" \/>\n<meta property=\"article:published_time\" content=\"2015-04-10T09:11:41+00:00\" \/>\n<meta property=\"article:modified_time\" content=\"2021-10-01T12:10:19+00:00\" \/>\n<meta property=\"og:image\" content=\"https:\/\/centreformacioprevencio.files.wordpress.com\/2015\/04\/dsc_0913-2.jpg?w=648\" \/>\n<meta name=\"author\" content=\"CFPMaresme\" \/>\n<meta name=\"twitter:card\" content=\"summary_large_image\" \/>\n<meta name=\"twitter:creator\" content=\"@cfpmaresme\" \/>\n<meta name=\"twitter:site\" content=\"@cfpmaresme\" \/>\n<meta name=\"twitter:label1\" content=\"Escrito por\" \/>\n\t<meta name=\"twitter:data1\" content=\"CFPMaresme\" \/>\n\t<meta name=\"twitter:label2\" content=\"Tiempo de lectura\" \/>\n\t<meta name=\"twitter:data2\" content=\"2 minutos\" \/>\n<script type=\"application\/ld+json\" class=\"yoast-schema-graph\">{\"@context\":\"https:\\\/\\\/schema.org\",\"@graph\":[{\"@type\":\"Article\",\"@id\":\"https:\\\/\\\/cfpmaresme.org\\\/es\\\/el-src-maresme-rep-la-visita-de-neus-munte\\\/#article\",\"isPartOf\":{\"@id\":\"https:\\\/\\\/cfpmaresme.org\\\/es\\\/el-src-maresme-rep-la-visita-de-neus-munte\\\/\"},\"author\":{\"name\":\"CFPMaresme\",\"@id\":\"https:\\\/\\\/cfpmaresme.org\\\/#\\\/schema\\\/person\\\/b2634bcd796fafc667ea4055f61b9b2c\"},\"headline\":\"El SRC Maresme recibe la visita de Neus Munt\u00e9\",\"datePublished\":\"2015-04-10T09:11:41+00:00\",\"dateModified\":\"2021-10-01T12:10:19+00:00\",\"mainEntityOfPage\":{\"@id\":\"https:\\\/\\\/cfpmaresme.org\\\/es\\\/el-src-maresme-rep-la-visita-de-neus-munte\\\/\"},\"wordCount\":363,\"commentCount\":0,\"image\":{\"@id\":\"https:\\\/\\\/cfpmaresme.org\\\/es\\\/el-src-maresme-rep-la-visita-de-neus-munte\\\/#primaryimage\"},\"thumbnailUrl\":\"https:\\\/\\\/centreformacioprevencio.files.wordpress.com\\\/2015\\\/04\\\/dsc_0913-2.jpg?w=648\",\"keywords\":[\"benestar\",\"comunit\u00e0ria\",\"consellera\",\"fam\u00edlia\",\"munt\u00e9\",\"rehabilitaci\u00f3\",\"social\"],\"articleSection\":[\"Servicios de Rehabilitaci\u00f3n Comunitaria\"],\"inLanguage\":\"es\"},{\"@type\":\"WebPage\",\"@id\":\"https:\\\/\\\/cfpmaresme.org\\\/es\\\/el-src-maresme-rep-la-visita-de-neus-munte\\\/\",\"url\":\"https:\\\/\\\/cfpmaresme.org\\\/es\\\/el-src-maresme-rep-la-visita-de-neus-munte\\\/\",\"name\":\"El SRC Maresme recibe la visita de Neus Munt\u00e9 | CFP Maresme\",\"isPartOf\":{\"@id\":\"https:\\\/\\\/cfpmaresme.org\\\/#website\"},\"primaryImageOfPage\":{\"@id\":\"https:\\\/\\\/cfpmaresme.org\\\/es\\\/el-src-maresme-rep-la-visita-de-neus-munte\\\/#primaryimage\"},\"image\":{\"@id\":\"https:\\\/\\\/cfpmaresme.org\\\/es\\\/el-src-maresme-rep-la-visita-de-neus-munte\\\/#primaryimage\"},\"thumbnailUrl\":\"https:\\\/\\\/centreformacioprevencio.files.wordpress.com\\\/2015\\\/04\\\/dsc_0913-2.jpg?w=648\",\"datePublished\":\"2015-04-10T09:11:41+00:00\",\"dateModified\":\"2021-10-01T12:10:19+00:00\",\"author\":{\"@id\":\"https:\\\/\\\/cfpmaresme.org\\\/#\\\/schema\\\/person\\\/b2634bcd796fafc667ea4055f61b9b2c\"},\"breadcrumb\":{\"@id\":\"https:\\\/\\\/cfpmaresme.org\\\/es\\\/el-src-maresme-rep-la-visita-de-neus-munte\\\/#breadcrumb\"},\"inLanguage\":\"es\",\"potentialAction\":[{\"@type\":\"ReadAction\",\"target\":[\"https:\\\/\\\/cfpmaresme.org\\\/es\\\/el-src-maresme-rep-la-visita-de-neus-munte\\\/\"]}]},{\"@type\":\"ImageObject\",\"inLanguage\":\"es\",\"@id\":\"https:\\\/\\\/cfpmaresme.org\\\/es\\\/el-src-maresme-rep-la-visita-de-neus-munte\\\/#primaryimage\",\"url\":\"https:\\\/\\\/centreformacioprevencio.files.wordpress.com\\\/2015\\\/04\\\/dsc_0913-2.jpg?w=648\",\"contentUrl\":\"https:\\\/\\\/centreformacioprevencio.files.wordpress.com\\\/2015\\\/04\\\/dsc_0913-2.jpg?w=648\"},{\"@type\":\"BreadcrumbList\",\"@id\":\"https:\\\/\\\/cfpmaresme.org\\\/es\\\/el-src-maresme-rep-la-visita-de-neus-munte\\\/#breadcrumb\",\"itemListElement\":[{\"@type\":\"ListItem\",\"position\":1,\"name\":\"Home\",\"item\":\"https:\\\/\\\/cfpmaresme.org\\\/es\\\/\"},{\"@type\":\"ListItem\",\"position\":2,\"name\":\"El SRC Maresme recibe la visita de Neus Munt\u00e9\"}]},{\"@type\":\"WebSite\",\"@id\":\"https:\\\/\\\/cfpmaresme.org\\\/#website\",\"url\":\"https:\\\/\\\/cfpmaresme.org\\\/\",\"name\":\"CFP Maresme\",\"description\":\"Centre Formaci\u00f3 Prevenci\u00f3\",\"potentialAction\":[{\"@type\":\"SearchAction\",\"target\":{\"@type\":\"EntryPoint\",\"urlTemplate\":\"https:\\\/\\\/cfpmaresme.org\\\/?s={search_term_string}\"},\"query-input\":{\"@type\":\"PropertyValueSpecification\",\"valueRequired\":true,\"valueName\":\"search_term_string\"}}],\"inLanguage\":\"es\"},{\"@type\":\"Person\",\"@id\":\"https:\\\/\\\/cfpmaresme.org\\\/#\\\/schema\\\/person\\\/b2634bcd796fafc667ea4055f61b9b2c\",\"name\":\"CFPMaresme\"}]}<\/script>\n<!-- \/ Yoast SEO plugin. -->","yoast_head_json":{"title":"El SRC Maresme recibe la visita de Neus Munt\u00e9 | CFP Maresme","robots":{"index":"index","follow":"follow","max-snippet":"max-snippet:-1","max-image-preview":"max-image-preview:large","max-video-preview":"max-video-preview:-1"},"canonical":"https:\/\/cfpmaresme.org\/es\/el-src-maresme-rep-la-visita-de-neus-munte\/","og_locale":"es_ES","og_type":"article","og_title":"El SRC Maresme recibe la visita de Neus Munt\u00e9 | CFP Maresme","og_description":"La consejera de Bienestar Social i Fam\u00edlia inform\u00f3 de la nueva financiaci\u00f3n de 20 plazas para el servicio Prelaboral del CFP Neus Munt\u00e9, consejera de Bienestar Social y Familia de la Generalitat, visit\u00f3 el viernes 10 de abril las instalaciones del Servicio de Rehabilitaci\u00f3n Comunitaria...","og_url":"https:\/\/cfpmaresme.org\/es\/el-src-maresme-rep-la-visita-de-neus-munte\/","og_site_name":"CFP Maresme","article_published_time":"2015-04-10T09:11:41+00:00","article_modified_time":"2021-10-01T12:10:19+00:00","og_image":[{"url":"https:\/\/centreformacioprevencio.files.wordpress.com\/2015\/04\/dsc_0913-2.jpg?w=648","type":"","width":"","height":""}],"author":"CFPMaresme","twitter_card":"summary_large_image","twitter_creator":"@cfpmaresme","twitter_site":"@cfpmaresme","twitter_misc":{"Escrito por":"CFPMaresme","Tiempo de lectura":"2 minutos"},"schema":{"@context":"https:\/\/schema.org","@graph":[{"@type":"Article","@id":"https:\/\/cfpmaresme.org\/es\/el-src-maresme-rep-la-visita-de-neus-munte\/#article","isPartOf":{"@id":"https:\/\/cfpmaresme.org\/es\/el-src-maresme-rep-la-visita-de-neus-munte\/"},"author":{"name":"CFPMaresme","@id":"https:\/\/cfpmaresme.org\/#\/schema\/person\/b2634bcd796fafc667ea4055f61b9b2c"},"headline":"El SRC Maresme recibe la visita de Neus Munt\u00e9","datePublished":"2015-04-10T09:11:41+00:00","dateModified":"2021-10-01T12:10:19+00:00","mainEntityOfPage":{"@id":"https:\/\/cfpmaresme.org\/es\/el-src-maresme-rep-la-visita-de-neus-munte\/"},"wordCount":363,"commentCount":0,"image":{"@id":"https:\/\/cfpmaresme.org\/es\/el-src-maresme-rep-la-visita-de-neus-munte\/#primaryimage"},"thumbnailUrl":"https:\/\/centreformacioprevencio.files.wordpress.com\/2015\/04\/dsc_0913-2.jpg?w=648","keywords":["benestar","comunit\u00e0ria","consellera","fam\u00edlia","munt\u00e9","rehabilitaci\u00f3","social"],"articleSection":["Servicios de Rehabilitaci\u00f3n Comunitaria"],"inLanguage":"es"},{"@type":"WebPage","@id":"https:\/\/cfpmaresme.org\/es\/el-src-maresme-rep-la-visita-de-neus-munte\/","url":"https:\/\/cfpmaresme.org\/es\/el-src-maresme-rep-la-visita-de-neus-munte\/","name":"El SRC Maresme recibe la visita de Neus Munt\u00e9 | CFP Maresme","isPartOf":{"@id":"https:\/\/cfpmaresme.org\/#website"},"primaryImageOfPage":{"@id":"https:\/\/cfpmaresme.org\/es\/el-src-maresme-rep-la-visita-de-neus-munte\/#primaryimage"},"image":{"@id":"https:\/\/cfpmaresme.org\/es\/el-src-maresme-rep-la-visita-de-neus-munte\/#primaryimage"},"thumbnailUrl":"https:\/\/centreformacioprevencio.files.wordpress.com\/2015\/04\/dsc_0913-2.jpg?w=648","datePublished":"2015-04-10T09:11:41+00:00","dateModified":"2021-10-01T12:10:19+00:00","author":{"@id":"https:\/\/cfpmaresme.org\/#\/schema\/person\/b2634bcd796fafc667ea4055f61b9b2c"},"breadcrumb":{"@id":"https:\/\/cfpmaresme.org\/es\/el-src-maresme-rep-la-visita-de-neus-munte\/#breadcrumb"},"inLanguage":"es","potentialAction":[{"@type":"ReadAction","target":["https:\/\/cfpmaresme.org\/es\/el-src-maresme-rep-la-visita-de-neus-munte\/"]}]},{"@type":"ImageObject","inLanguage":"es","@id":"https:\/\/cfpmaresme.org\/es\/el-src-maresme-rep-la-visita-de-neus-munte\/#primaryimage","url":"https:\/\/centreformacioprevencio.files.wordpress.com\/2015\/04\/dsc_0913-2.jpg?w=648","contentUrl":"https:\/\/centreformacioprevencio.files.wordpress.com\/2015\/04\/dsc_0913-2.jpg?w=648"},{"@type":"BreadcrumbList","@id":"https:\/\/cfpmaresme.org\/es\/el-src-maresme-rep-la-visita-de-neus-munte\/#breadcrumb","itemListElement":[{"@type":"ListItem","position":1,"name":"Home","item":"https:\/\/cfpmaresme.org\/es\/"},{"@type":"ListItem","position":2,"name":"El SRC Maresme recibe la visita de Neus Munt\u00e9"}]},{"@type":"WebSite","@id":"https:\/\/cfpmaresme.org\/#website","url":"https:\/\/cfpmaresme.org\/","name":"CFP Maresme","description":"Centre Formaci\u00f3 Prevenci\u00f3","potentialAction":[{"@type":"SearchAction","target":{"@type":"EntryPoint","urlTemplate":"https:\/\/cfpmaresme.org\/?s={search_term_string}"},"query-input":{"@type":"PropertyValueSpecification","valueRequired":true,"valueName":"search_term_string"}}],"inLanguage":"es"},{"@type":"Person","@id":"https:\/\/cfpmaresme.org\/#\/schema\/person\/b2634bcd796fafc667ea4055f61b9b2c","name":"CFPMaresme"}]}},"_links":{"self":[{"href":"https:\/\/cfpmaresme.org\/es\/wp-json\/wp\/v2\/posts\/17029","targetHints":{"allow":["GET"]}}],"collection":[{"href":"https:\/\/cfpmaresme.org\/es\/wp-json\/wp\/v2\/posts"}],"about":[{"href":"https:\/\/cfpmaresme.org\/es\/wp-json\/wp\/v2\/types\/post"}],"author":[{"embeddable":true,"href":"https:\/\/cfpmaresme.org\/es\/wp-json\/wp\/v2\/users\/2"}],"replies":[{"embeddable":true,"href":"https:\/\/cfpmaresme.org\/es\/wp-json\/wp\/v2\/comments?post=17029"}],"version-history":[{"count":3,"href":"https:\/\/cfpmaresme.org\/es\/wp-json\/wp\/v2\/posts\/17029\/revisions"}],"predecessor-version":[{"id":26687,"href":"https:\/\/cfpmaresme.org\/es\/wp-json\/wp\/v2\/posts\/17029\/revisions\/26687"}],"wp:attachment":[{"href":"https:\/\/cfpmaresme.org\/es\/wp-json\/wp\/v2\/media?parent=17029"}],"wp:term":[{"taxonomy":"category","embeddable":true,"href":"https:\/\/cfpmaresme.org\/es\/wp-json\/wp\/v2\/categories?post=17029"},{"taxonomy":"post_tag","embeddable":true,"href":"https:\/\/cfpmaresme.org\/es\/wp-json\/wp\/v2\/tags?post=17029"}],"curies":[{"name":"wp","href":"https:\/\/api.w.org\/{rel}","templated":true}]}}