{"id":17339,"date":"2018-11-28T13:55:31","date_gmt":"2018-11-28T11:55:31","guid":{"rendered":"http:\/\/cfpmaresme.org\/?p=17339"},"modified":"2022-08-02T13:04:57","modified_gmt":"2022-08-02T11:04:57","slug":"maresme-continuum-celebra-el-2o-coloquio-arte-creacion-y-salud-mental-en-premia-de-mar","status":"publish","type":"post","link":"https:\/\/cfpmaresme.org\/es\/maresme-continuum-celebra-el-2o-coloquio-arte-creacion-y-salud-mental-en-premia-de-mar\/","title":{"rendered":"Maresme Continuum celebra el 2o Coloquio \u00abArte, Creaci\u00f3n y Salud Mental\u00bb en Premi\u00e0 de Mar"},"content":{"rendered":"<p id=\"tw-target-text\" class=\"tw-data-text tw-ta tw-text-small\" dir=\"ltr\" data-placeholder=\"Traducci\u00f3\"><span lang=\"es\"><strong>La segunda edici\u00f3n de esta jornada en la que se reflexiona sobre la relaci\u00f3n entre la creaci\u00f3n art\u00edstica y la salud mental tuvo lugar en el Espacio Amistad de Premi\u00e0 de Mar con la presencia de varios ponentes de prestigio <\/strong> \u00a0 <\/span><\/p>\n<p class=\"tw-data-text tw-ta tw-text-small\" dir=\"ltr\" data-placeholder=\"Traducci\u00f3\"><span lang=\"es\">El pasado 27 de noviembre se produjo el 2\u00ba Coloquio \u00abArte, Creaci\u00f3n y Salud Mental\u00bb en el Espacio la Amistad de Premi\u00e0 de Mar. La jornada, organizada por Maresme Continuum y la Fundaci\u00f3n Antoni T\u00e0pies, tuvo dos mesas redondas en las que varios profesionales del sector art\u00edstico y de la salud mental aportaron sus experiencias para aclarar mejor las propuestas que vinculan arte y salud mental tanto en nuestro pa\u00eds como en el extranjero. \u00a0 <\/span><\/p>\n<p class=\"tw-data-text tw-ta tw-text-small\" dir=\"ltr\" data-placeholder=\"Traducci\u00f3\"><span lang=\"es\">El acto cont\u00f3 con la cobertura de Radio Premi\u00e0 de Mar con varias conexiones en directo con lo que estaba pasando en la sala del Espacio la Amistad. Tambi\u00e9n nuestros compa\u00f1eros Albert Clop\u00e9s, responsable de imagen y comunicaci\u00f3n del CFP y Blanca Gimeno, del programa AlterArte, fueron entrevistados en la emisora \u200b\u200bmunicipal para explicar las tem\u00e1ticas que se estaban tratando en el seno del coloquio. \u00a0 <\/span><\/p>\n<p class=\"tw-data-text tw-ta tw-text-small\" dir=\"ltr\" data-placeholder=\"Traducci\u00f3\"><span lang=\"es\">Tambi\u00e9n asistieron a la clausura del Coloquio los alcaldes de Premi\u00e0 de Mar y Premi\u00e0 de Dalt, que agradecieron que una jornada como \u00e9sta se pudiera celebrar en esta localidad. Hace dos a\u00f1os el espacio elegido por el primer Coloquio fue el Museo de la Estampaci\u00f3n, pero esta vez se opt\u00f3 por el Espacio Amistad al ser un teatro mejor preparado para este tipo de jornadas.<\/span><\/p>\n","protected":false},"excerpt":{"rendered":"<p>La segunda edici\u00f3n de esta jornada en la que se reflexiona sobre la relaci\u00f3n entre la creaci\u00f3n art\u00edstica y la salud mental tuvo lugar en el Espacio Amistad de Premi\u00e0 de Mar con la presencia de varios ponentes de prestigio \u00a0 El pasado 27 de&#8230;<\/p>\n","protected":false},"author":2,"featured_media":17281,"comment_status":"open","ping_status":"open","sticky":false,"template":"","format":"standard","meta":{"footnotes":""},"categories":[1187],"tags":[709,1136,643,910,906,1135,865,651,677],"class_list":["post-17339","post","type-post","status-publish","format-standard","has-post-thumbnail","hentry","category-cfp-maresme-es","tag-alterarte-es","tag-amistat","tag-art-es","tag-colloqui-es","tag-continuum-es","tag-espai","tag-mar-es","tag-maresme-es","tag-premia-es"],"yoast_head":"<!-- This site is optimized with the Yoast SEO plugin v27.4 - https:\/\/yoast.com\/product\/yoast-seo-wordpress\/ -->\n<title>Maresme Continuum celebra el 2o Coloquio &quot;Arte, Creaci\u00f3n y Salud Mental&quot; en Premi\u00e0 de Mar | CFP Maresme<\/title>\n<meta name=\"robots\" content=\"index, follow, max-snippet:-1, max-image-preview:large, max-video-preview:-1\" \/>\n<link rel=\"canonical\" href=\"https:\/\/cfpmaresme.org\/es\/maresme-continuum-celebra-el-2o-coloquio-arte-creacion-y-salud-mental-en-premia-de-mar\/\" \/>\n<meta property=\"og:locale\" content=\"es_ES\" \/>\n<meta property=\"og:type\" content=\"article\" \/>\n<meta property=\"og:title\" content=\"Maresme Continuum celebra el 2o Coloquio &quot;Arte, Creaci\u00f3n y Salud Mental&quot; en Premi\u00e0 de Mar | CFP Maresme\" \/>\n<meta property=\"og:description\" content=\"La segunda edici\u00f3n de esta jornada en la que se reflexiona sobre la relaci\u00f3n entre la creaci\u00f3n art\u00edstica y la salud mental tuvo lugar en el Espacio Amistad de Premi\u00e0 de Mar con la presencia de varios ponentes de prestigio \u00a0 El pasado 27 de...\" \/>\n<meta property=\"og:url\" content=\"https:\/\/cfpmaresme.org\/es\/maresme-continuum-celebra-el-2o-coloquio-arte-creacion-y-salud-mental-en-premia-de-mar\/\" \/>\n<meta property=\"og:site_name\" content=\"CFP Maresme\" \/>\n<meta property=\"article:published_time\" content=\"2018-11-28T11:55:31+00:00\" \/>\n<meta property=\"article:modified_time\" content=\"2022-08-02T11:04:57+00:00\" \/>\n<meta property=\"og:image\" content=\"https:\/\/cfpmaresme.org\/wp-content\/uploads\/2019\/01\/2018-11-28.jpg\" \/>\n\t<meta property=\"og:image:width\" content=\"584\" \/>\n\t<meta property=\"og:image:height\" content=\"328\" \/>\n\t<meta property=\"og:image:type\" content=\"image\/jpeg\" \/>\n<meta name=\"author\" content=\"CFPMaresme\" \/>\n<meta name=\"twitter:card\" content=\"summary_large_image\" \/>\n<meta name=\"twitter:creator\" content=\"@cfpmaresme\" \/>\n<meta name=\"twitter:site\" content=\"@cfpmaresme\" \/>\n<meta name=\"twitter:label1\" content=\"Escrito por\" \/>\n\t<meta name=\"twitter:data1\" content=\"CFPMaresme\" \/>\n\t<meta name=\"twitter:label2\" content=\"Tiempo de lectura\" \/>\n\t<meta name=\"twitter:data2\" content=\"1 minuto\" \/>\n<script type=\"application\/ld+json\" class=\"yoast-schema-graph\">{\"@context\":\"https:\\\/\\\/schema.org\",\"@graph\":[{\"@type\":\"Article\",\"@id\":\"https:\\\/\\\/cfpmaresme.org\\\/es\\\/maresme-continuum-celebra-el-2o-coloquio-arte-creacion-y-salud-mental-en-premia-de-mar\\\/#article\",\"isPartOf\":{\"@id\":\"https:\\\/\\\/cfpmaresme.org\\\/es\\\/maresme-continuum-celebra-el-2o-coloquio-arte-creacion-y-salud-mental-en-premia-de-mar\\\/\"},\"author\":{\"name\":\"CFPMaresme\",\"@id\":\"https:\\\/\\\/cfpmaresme.org\\\/#\\\/schema\\\/person\\\/b2634bcd796fafc667ea4055f61b9b2c\"},\"headline\":\"Maresme Continuum celebra el 2o Coloquio \u00abArte, Creaci\u00f3n y Salud Mental\u00bb en Premi\u00e0 de Mar\",\"datePublished\":\"2018-11-28T11:55:31+00:00\",\"dateModified\":\"2022-08-02T11:04:57+00:00\",\"mainEntityOfPage\":{\"@id\":\"https:\\\/\\\/cfpmaresme.org\\\/es\\\/maresme-continuum-celebra-el-2o-coloquio-arte-creacion-y-salud-mental-en-premia-de-mar\\\/\"},\"wordCount\":276,\"commentCount\":0,\"image\":{\"@id\":\"https:\\\/\\\/cfpmaresme.org\\\/es\\\/maresme-continuum-celebra-el-2o-coloquio-arte-creacion-y-salud-mental-en-premia-de-mar\\\/#primaryimage\"},\"thumbnailUrl\":\"https:\\\/\\\/cfpmaresme.org\\\/wp-content\\\/uploads\\\/2019\\\/01\\\/2018-11-28.jpg\",\"keywords\":[\"alterarte\",\"amistat\",\"Art\",\"col\u00b7loqui\",\"continuum\",\"espai\",\"mar\",\"maresme\",\"premi\u00e0\"],\"articleSection\":[\"CFP Maresme\"],\"inLanguage\":\"es\"},{\"@type\":\"WebPage\",\"@id\":\"https:\\\/\\\/cfpmaresme.org\\\/es\\\/maresme-continuum-celebra-el-2o-coloquio-arte-creacion-y-salud-mental-en-premia-de-mar\\\/\",\"url\":\"https:\\\/\\\/cfpmaresme.org\\\/es\\\/maresme-continuum-celebra-el-2o-coloquio-arte-creacion-y-salud-mental-en-premia-de-mar\\\/\",\"name\":\"Maresme Continuum celebra el 2o Coloquio \\\"Arte, Creaci\u00f3n y Salud Mental\\\" en Premi\u00e0 de Mar | CFP Maresme\",\"isPartOf\":{\"@id\":\"https:\\\/\\\/cfpmaresme.org\\\/#website\"},\"primaryImageOfPage\":{\"@id\":\"https:\\\/\\\/cfpmaresme.org\\\/es\\\/maresme-continuum-celebra-el-2o-coloquio-arte-creacion-y-salud-mental-en-premia-de-mar\\\/#primaryimage\"},\"image\":{\"@id\":\"https:\\\/\\\/cfpmaresme.org\\\/es\\\/maresme-continuum-celebra-el-2o-coloquio-arte-creacion-y-salud-mental-en-premia-de-mar\\\/#primaryimage\"},\"thumbnailUrl\":\"https:\\\/\\\/cfpmaresme.org\\\/wp-content\\\/uploads\\\/2019\\\/01\\\/2018-11-28.jpg\",\"datePublished\":\"2018-11-28T11:55:31+00:00\",\"dateModified\":\"2022-08-02T11:04:57+00:00\",\"author\":{\"@id\":\"https:\\\/\\\/cfpmaresme.org\\\/#\\\/schema\\\/person\\\/b2634bcd796fafc667ea4055f61b9b2c\"},\"breadcrumb\":{\"@id\":\"https:\\\/\\\/cfpmaresme.org\\\/es\\\/maresme-continuum-celebra-el-2o-coloquio-arte-creacion-y-salud-mental-en-premia-de-mar\\\/#breadcrumb\"},\"inLanguage\":\"es\",\"potentialAction\":[{\"@type\":\"ReadAction\",\"target\":[\"https:\\\/\\\/cfpmaresme.org\\\/es\\\/maresme-continuum-celebra-el-2o-coloquio-arte-creacion-y-salud-mental-en-premia-de-mar\\\/\"]}]},{\"@type\":\"ImageObject\",\"inLanguage\":\"es\",\"@id\":\"https:\\\/\\\/cfpmaresme.org\\\/es\\\/maresme-continuum-celebra-el-2o-coloquio-arte-creacion-y-salud-mental-en-premia-de-mar\\\/#primaryimage\",\"url\":\"https:\\\/\\\/cfpmaresme.org\\\/wp-content\\\/uploads\\\/2019\\\/01\\\/2018-11-28.jpg\",\"contentUrl\":\"https:\\\/\\\/cfpmaresme.org\\\/wp-content\\\/uploads\\\/2019\\\/01\\\/2018-11-28.jpg\",\"width\":584,\"height\":328},{\"@type\":\"BreadcrumbList\",\"@id\":\"https:\\\/\\\/cfpmaresme.org\\\/es\\\/maresme-continuum-celebra-el-2o-coloquio-arte-creacion-y-salud-mental-en-premia-de-mar\\\/#breadcrumb\",\"itemListElement\":[{\"@type\":\"ListItem\",\"position\":1,\"name\":\"Home\",\"item\":\"https:\\\/\\\/cfpmaresme.org\\\/es\\\/\"},{\"@type\":\"ListItem\",\"position\":2,\"name\":\"Maresme Continuum celebra el 2o Coloquio \u00abArte, Creaci\u00f3n y Salud Mental\u00bb en Premi\u00e0 de Mar\"}]},{\"@type\":\"WebSite\",\"@id\":\"https:\\\/\\\/cfpmaresme.org\\\/#website\",\"url\":\"https:\\\/\\\/cfpmaresme.org\\\/\",\"name\":\"CFP Maresme\",\"description\":\"Centre Formaci\u00f3 Prevenci\u00f3\",\"potentialAction\":[{\"@type\":\"SearchAction\",\"target\":{\"@type\":\"EntryPoint\",\"urlTemplate\":\"https:\\\/\\\/cfpmaresme.org\\\/?s={search_term_string}\"},\"query-input\":{\"@type\":\"PropertyValueSpecification\",\"valueRequired\":true,\"valueName\":\"search_term_string\"}}],\"inLanguage\":\"es\"},{\"@type\":\"Person\",\"@id\":\"https:\\\/\\\/cfpmaresme.org\\\/#\\\/schema\\\/person\\\/b2634bcd796fafc667ea4055f61b9b2c\",\"name\":\"CFPMaresme\"}]}<\/script>\n<!-- \/ Yoast SEO plugin. -->","yoast_head_json":{"title":"Maresme Continuum celebra el 2o Coloquio \"Arte, Creaci\u00f3n y Salud Mental\" en Premi\u00e0 de Mar | CFP Maresme","robots":{"index":"index","follow":"follow","max-snippet":"max-snippet:-1","max-image-preview":"max-image-preview:large","max-video-preview":"max-video-preview:-1"},"canonical":"https:\/\/cfpmaresme.org\/es\/maresme-continuum-celebra-el-2o-coloquio-arte-creacion-y-salud-mental-en-premia-de-mar\/","og_locale":"es_ES","og_type":"article","og_title":"Maresme Continuum celebra el 2o Coloquio \"Arte, Creaci\u00f3n y Salud Mental\" en Premi\u00e0 de Mar | CFP Maresme","og_description":"La segunda edici\u00f3n de esta jornada en la que se reflexiona sobre la relaci\u00f3n entre la creaci\u00f3n art\u00edstica y la salud mental tuvo lugar en el Espacio Amistad de Premi\u00e0 de Mar con la presencia de varios ponentes de prestigio \u00a0 El pasado 27 de...","og_url":"https:\/\/cfpmaresme.org\/es\/maresme-continuum-celebra-el-2o-coloquio-arte-creacion-y-salud-mental-en-premia-de-mar\/","og_site_name":"CFP Maresme","article_published_time":"2018-11-28T11:55:31+00:00","article_modified_time":"2022-08-02T11:04:57+00:00","og_image":[{"width":584,"height":328,"url":"https:\/\/cfpmaresme.org\/wp-content\/uploads\/2019\/01\/2018-11-28.jpg","type":"image\/jpeg"}],"author":"CFPMaresme","twitter_card":"summary_large_image","twitter_creator":"@cfpmaresme","twitter_site":"@cfpmaresme","twitter_misc":{"Escrito por":"CFPMaresme","Tiempo de lectura":"1 minuto"},"schema":{"@context":"https:\/\/schema.org","@graph":[{"@type":"Article","@id":"https:\/\/cfpmaresme.org\/es\/maresme-continuum-celebra-el-2o-coloquio-arte-creacion-y-salud-mental-en-premia-de-mar\/#article","isPartOf":{"@id":"https:\/\/cfpmaresme.org\/es\/maresme-continuum-celebra-el-2o-coloquio-arte-creacion-y-salud-mental-en-premia-de-mar\/"},"author":{"name":"CFPMaresme","@id":"https:\/\/cfpmaresme.org\/#\/schema\/person\/b2634bcd796fafc667ea4055f61b9b2c"},"headline":"Maresme Continuum celebra el 2o Coloquio \u00abArte, Creaci\u00f3n y Salud Mental\u00bb en Premi\u00e0 de Mar","datePublished":"2018-11-28T11:55:31+00:00","dateModified":"2022-08-02T11:04:57+00:00","mainEntityOfPage":{"@id":"https:\/\/cfpmaresme.org\/es\/maresme-continuum-celebra-el-2o-coloquio-arte-creacion-y-salud-mental-en-premia-de-mar\/"},"wordCount":276,"commentCount":0,"image":{"@id":"https:\/\/cfpmaresme.org\/es\/maresme-continuum-celebra-el-2o-coloquio-arte-creacion-y-salud-mental-en-premia-de-mar\/#primaryimage"},"thumbnailUrl":"https:\/\/cfpmaresme.org\/wp-content\/uploads\/2019\/01\/2018-11-28.jpg","keywords":["alterarte","amistat","Art","col\u00b7loqui","continuum","espai","mar","maresme","premi\u00e0"],"articleSection":["CFP Maresme"],"inLanguage":"es"},{"@type":"WebPage","@id":"https:\/\/cfpmaresme.org\/es\/maresme-continuum-celebra-el-2o-coloquio-arte-creacion-y-salud-mental-en-premia-de-mar\/","url":"https:\/\/cfpmaresme.org\/es\/maresme-continuum-celebra-el-2o-coloquio-arte-creacion-y-salud-mental-en-premia-de-mar\/","name":"Maresme Continuum celebra el 2o Coloquio \"Arte, Creaci\u00f3n y Salud Mental\" en Premi\u00e0 de Mar | CFP Maresme","isPartOf":{"@id":"https:\/\/cfpmaresme.org\/#website"},"primaryImageOfPage":{"@id":"https:\/\/cfpmaresme.org\/es\/maresme-continuum-celebra-el-2o-coloquio-arte-creacion-y-salud-mental-en-premia-de-mar\/#primaryimage"},"image":{"@id":"https:\/\/cfpmaresme.org\/es\/maresme-continuum-celebra-el-2o-coloquio-arte-creacion-y-salud-mental-en-premia-de-mar\/#primaryimage"},"thumbnailUrl":"https:\/\/cfpmaresme.org\/wp-content\/uploads\/2019\/01\/2018-11-28.jpg","datePublished":"2018-11-28T11:55:31+00:00","dateModified":"2022-08-02T11:04:57+00:00","author":{"@id":"https:\/\/cfpmaresme.org\/#\/schema\/person\/b2634bcd796fafc667ea4055f61b9b2c"},"breadcrumb":{"@id":"https:\/\/cfpmaresme.org\/es\/maresme-continuum-celebra-el-2o-coloquio-arte-creacion-y-salud-mental-en-premia-de-mar\/#breadcrumb"},"inLanguage":"es","potentialAction":[{"@type":"ReadAction","target":["https:\/\/cfpmaresme.org\/es\/maresme-continuum-celebra-el-2o-coloquio-arte-creacion-y-salud-mental-en-premia-de-mar\/"]}]},{"@type":"ImageObject","inLanguage":"es","@id":"https:\/\/cfpmaresme.org\/es\/maresme-continuum-celebra-el-2o-coloquio-arte-creacion-y-salud-mental-en-premia-de-mar\/#primaryimage","url":"https:\/\/cfpmaresme.org\/wp-content\/uploads\/2019\/01\/2018-11-28.jpg","contentUrl":"https:\/\/cfpmaresme.org\/wp-content\/uploads\/2019\/01\/2018-11-28.jpg","width":584,"height":328},{"@type":"BreadcrumbList","@id":"https:\/\/cfpmaresme.org\/es\/maresme-continuum-celebra-el-2o-coloquio-arte-creacion-y-salud-mental-en-premia-de-mar\/#breadcrumb","itemListElement":[{"@type":"ListItem","position":1,"name":"Home","item":"https:\/\/cfpmaresme.org\/es\/"},{"@type":"ListItem","position":2,"name":"Maresme Continuum celebra el 2o Coloquio \u00abArte, Creaci\u00f3n y Salud Mental\u00bb en Premi\u00e0 de Mar"}]},{"@type":"WebSite","@id":"https:\/\/cfpmaresme.org\/#website","url":"https:\/\/cfpmaresme.org\/","name":"CFP Maresme","description":"Centre Formaci\u00f3 Prevenci\u00f3","potentialAction":[{"@type":"SearchAction","target":{"@type":"EntryPoint","urlTemplate":"https:\/\/cfpmaresme.org\/?s={search_term_string}"},"query-input":{"@type":"PropertyValueSpecification","valueRequired":true,"valueName":"search_term_string"}}],"inLanguage":"es"},{"@type":"Person","@id":"https:\/\/cfpmaresme.org\/#\/schema\/person\/b2634bcd796fafc667ea4055f61b9b2c","name":"CFPMaresme"}]}},"_links":{"self":[{"href":"https:\/\/cfpmaresme.org\/es\/wp-json\/wp\/v2\/posts\/17339","targetHints":{"allow":["GET"]}}],"collection":[{"href":"https:\/\/cfpmaresme.org\/es\/wp-json\/wp\/v2\/posts"}],"about":[{"href":"https:\/\/cfpmaresme.org\/es\/wp-json\/wp\/v2\/types\/post"}],"author":[{"embeddable":true,"href":"https:\/\/cfpmaresme.org\/es\/wp-json\/wp\/v2\/users\/2"}],"replies":[{"embeddable":true,"href":"https:\/\/cfpmaresme.org\/es\/wp-json\/wp\/v2\/comments?post=17339"}],"version-history":[{"count":2,"href":"https:\/\/cfpmaresme.org\/es\/wp-json\/wp\/v2\/posts\/17339\/revisions"}],"predecessor-version":[{"id":21919,"href":"https:\/\/cfpmaresme.org\/es\/wp-json\/wp\/v2\/posts\/17339\/revisions\/21919"}],"wp:featuredmedia":[{"embeddable":true,"href":"https:\/\/cfpmaresme.org\/es\/wp-json\/wp\/v2\/media\/17281"}],"wp:attachment":[{"href":"https:\/\/cfpmaresme.org\/es\/wp-json\/wp\/v2\/media?parent=17339"}],"wp:term":[{"taxonomy":"category","embeddable":true,"href":"https:\/\/cfpmaresme.org\/es\/wp-json\/wp\/v2\/categories?post=17339"},{"taxonomy":"post_tag","embeddable":true,"href":"https:\/\/cfpmaresme.org\/es\/wp-json\/wp\/v2\/tags?post=17339"}],"curies":[{"name":"wp","href":"https:\/\/api.w.org\/{rel}","templated":true}]}}