{"id":18296,"date":"2019-10-31T13:13:51","date_gmt":"2019-10-31T11:13:51","guid":{"rendered":"https:\/\/www.cfpmaresme.org\/?p=18296"},"modified":"2019-10-31T13:15:47","modified_gmt":"2019-10-31T11:15:47","slug":"inauguracion-de-la-exposicion-40-anos-trabajando-por-la-comunidad","status":"publish","type":"post","link":"https:\/\/cfpmaresme.org\/es\/inauguracion-de-la-exposicion-40-anos-trabajando-por-la-comunidad\/","title":{"rendered":"Inauguraci\u00f3n de la exposici\u00f3n \u00ab40 a\u00f1os trabajando para la comunidad\u00bb"},"content":{"rendered":"<p>El Centre de Formaci\u00f3 i Prevenci\u00f3 (CFP) celebra su 40 aniversario al servicio de la comunidad. En este contexto hemos presentado una exposici\u00f3n en la\u00a0<a href=\"https:\/\/fundacioiluro.cat\">Fundaci\u00f3 Iluro<\/a>\u00a0(calle de la Riera, 92, segunda planta) que muestra un detallado recorrido des de el inicio hasta el presente de nuestra entidad.<\/p>\n<p>El pasado viernes 25 de octubre disfrutamos de la inauguraci\u00f3n de la exposici\u00f3n <strong>\u00ab40 a\u00f1os trabajando por la comunidad\u00bb<\/strong>.\u00a0M\u00e1s all\u00e1 de la presentaci\u00f3n de nuestra historia fue una oportunidad para compartir con los principales actores e implicados en nuestra tarea de un tiempo de reflexi\u00f3n, conversaci\u00f3n y sinton\u00eda.<\/p>\n<p>El acto se inici\u00f3 con los parlamentos del Sr. Ram\u00f3n Manent, patr\u00f3n de la Fundaci\u00f3 Iluro; el Sr. Jaume Clup\u00e9s, presidente del CFP; el Sr. Joan Ram\u00f3n Ruiz, director general de Protecci\u00f3n Social del departamento de Treball, Afers Socials i Fam\u00edlies de la Generalitat de Catalunya y el Il\u00b7lmo. Sr. David Bote, alcalde de Matar\u00f3.<\/p>\n<p><strong>Jaume Clup\u00e9s, presidente del CFP,\u00a0<\/strong>hizo un repaso de la historia de la entidad, destacando su inicio en el barrio de La Cirera con la voluntad de ser \u00fatiles en el ejercicio de los derechos y de las libertades. En sus palabras: \u201cVen\u00edamos de 40 a\u00f1os de oscuridad. Todo lo que se ten\u00eda que crear, sobretodo en derechos sociales era nuevo para nosotros, que tambi\u00e9n fuimos protagonistas de esa historia\u00bb.<\/p>\n<p>Clup\u00e9s enfatiz\u00f3 en que la obertura de hospitales y la atenci\u00f3n a personas con problemas de salud mental y a infancia les dio la oportunidad de ser part\u00edcipes de todo esto. Tambi\u00e9n destac\u00f3 que como a instituci\u00f3n siempre se ha seguido la l\u00ednea de comunidad, con intervenci\u00f3n comunitaria y, sobretodo, siguiendo la m\u00e1xima de poner <strong>la persona en el centro de la atenci\u00f3n<\/strong>. Siempre comprometidos en acompa\u00f1ar a las personas en todo lo que tiene que ver con la mejora de la calidad de vida.<\/p>\n<p><img loading=\"lazy\" decoding=\"async\" class=\" wp-image-18272\" src=\"https:\/\/www.cfpmaresme.org\/wp-content\/uploads\/2019\/12\/publicar-1-1024x768.jpg\" alt=\"\" width=\"500\" height=\"365\" \/><\/p>\n<p>Por su parte,\u00a0<strong>David Bote, alcalde de Matar\u00f3,<\/strong>\u00a0transmiti\u00f3 dos mensajes: Uno de agradecimiento y uno de \u00e1nimo para que sigamos trabajando para la comunidad. As\u00ed mismo, expres\u00f3 la voluntad del ayuntamiento de seguir trabajando por el bien de las personas. Tal y como dijo Bote :<strong>\u201cEl servicio de la comunidad es una palabra m\u00e1gica y maravillosa\u00bb<\/strong>.<\/p>\n<p>El acto continu\u00f3 con una visita guiada por la exposici\u00f3n donde todos los asistentes pudieron visualizar, a trav\u00e9s de un <strong>recorrido cronol\u00f3gico a lo largo de 40 a\u00f1os,<\/strong> como ha ido evolucionando la entidad.<\/p>\n<p><img loading=\"lazy\" decoding=\"async\" class=\" wp-image-18274\" src=\"https:\/\/www.cfpmaresme.org\/wp-content\/uploads\/2019\/12\/publicar-3-1024x768.jpg\" alt=\"\" width=\"478\" height=\"341\" \/><\/p>\n<p>La exposici\u00f3n se podr\u00e1 visitar <strong>hasta el pr\u00f3ximo 24 de noviembre. <\/strong><\/p>\n<p>&nbsp;<\/p>\n<p>Fue un d\u00eda muy bonito para todos los protagonistas de esta historia. Un fuerte agradecimiento a todos los que vinisteis y que hab\u00e9is formado parte de ella y esperamos poderlo celebrar dentro de 40 a\u00f10s.<\/p>\n<p>&nbsp;<\/p>\n","protected":false},"excerpt":{"rendered":"<p>El Centre de Formaci\u00f3 i Prevenci\u00f3 (CFP) celebra su 40 aniversario al servicio de la comunidad. En este contexto hemos presentado una exposici\u00f3n en la\u00a0Fundaci\u00f3 Iluro\u00a0(calle de la Riera, 92, segunda planta) que muestra un detallado recorrido des de el inicio hasta el presente de&#8230;<\/p>\n","protected":false},"author":2,"featured_media":18271,"comment_status":"open","ping_status":"open","sticky":false,"template":"","format":"standard","meta":{"footnotes":""},"categories":[1187],"tags":[798,651,617],"class_list":["post-18296","post","type-post","status-publish","format-standard","has-post-thumbnail","hentry","category-cfp-maresme-es","tag-cfp-es","tag-maresme-es","tag-mataro-es"],"yoast_head":"<!-- This site is optimized with the Yoast SEO plugin v27.4 - https:\/\/yoast.com\/product\/yoast-seo-wordpress\/ -->\n<title>Inauguraci\u00f3n de la exposici\u00f3n &quot;40 a\u00f1os trabajando para la comunidad&quot; | CFP Maresme<\/title>\n<meta name=\"robots\" content=\"index, follow, max-snippet:-1, max-image-preview:large, max-video-preview:-1\" \/>\n<link rel=\"canonical\" href=\"https:\/\/cfpmaresme.org\/es\/inauguracion-de-la-exposicion-40-anos-trabajando-por-la-comunidad\/\" \/>\n<meta property=\"og:locale\" content=\"es_ES\" \/>\n<meta property=\"og:type\" content=\"article\" \/>\n<meta property=\"og:title\" content=\"Inauguraci\u00f3n de la exposici\u00f3n &quot;40 a\u00f1os trabajando para la comunidad&quot; | CFP Maresme\" \/>\n<meta property=\"og:description\" content=\"El Centre de Formaci\u00f3 i Prevenci\u00f3 (CFP) celebra su 40 aniversario al servicio de la comunidad. En este contexto hemos presentado una exposici\u00f3n en la\u00a0Fundaci\u00f3 Iluro\u00a0(calle de la Riera, 92, segunda planta) que muestra un detallado recorrido des de el inicio hasta el presente de...\" \/>\n<meta property=\"og:url\" content=\"https:\/\/cfpmaresme.org\/es\/inauguracion-de-la-exposicion-40-anos-trabajando-por-la-comunidad\/\" \/>\n<meta property=\"og:site_name\" content=\"CFP Maresme\" \/>\n<meta property=\"article:published_time\" content=\"2019-10-31T11:13:51+00:00\" \/>\n<meta property=\"article:modified_time\" content=\"2019-10-31T11:15:47+00:00\" \/>\n<meta property=\"og:image\" content=\"https:\/\/cfpmaresme.org\/wp-content\/uploads\/2019\/12\/imatge-destacada.jpg\" \/>\n\t<meta property=\"og:image:width\" content=\"4138\" \/>\n\t<meta property=\"og:image:height\" content=\"1567\" \/>\n\t<meta property=\"og:image:type\" content=\"image\/jpeg\" \/>\n<meta name=\"author\" content=\"CFPMaresme\" \/>\n<meta name=\"twitter:card\" content=\"summary_large_image\" \/>\n<meta name=\"twitter:creator\" content=\"@cfpmaresme\" \/>\n<meta name=\"twitter:site\" content=\"@cfpmaresme\" \/>\n<meta name=\"twitter:label1\" content=\"Escrito por\" \/>\n\t<meta name=\"twitter:data1\" content=\"CFPMaresme\" \/>\n\t<meta name=\"twitter:label2\" content=\"Tiempo de lectura\" \/>\n\t<meta name=\"twitter:data2\" content=\"2 minutos\" \/>\n<script type=\"application\/ld+json\" class=\"yoast-schema-graph\">{\"@context\":\"https:\\\/\\\/schema.org\",\"@graph\":[{\"@type\":\"Article\",\"@id\":\"https:\\\/\\\/cfpmaresme.org\\\/es\\\/inauguracion-de-la-exposicion-40-anos-trabajando-por-la-comunidad\\\/#article\",\"isPartOf\":{\"@id\":\"https:\\\/\\\/cfpmaresme.org\\\/es\\\/inauguracion-de-la-exposicion-40-anos-trabajando-por-la-comunidad\\\/\"},\"author\":{\"name\":\"CFPMaresme\",\"@id\":\"https:\\\/\\\/cfpmaresme.org\\\/#\\\/schema\\\/person\\\/b2634bcd796fafc667ea4055f61b9b2c\"},\"headline\":\"Inauguraci\u00f3n de la exposici\u00f3n \u00ab40 a\u00f1os trabajando para la comunidad\u00bb\",\"datePublished\":\"2019-10-31T11:13:51+00:00\",\"dateModified\":\"2019-10-31T11:15:47+00:00\",\"mainEntityOfPage\":{\"@id\":\"https:\\\/\\\/cfpmaresme.org\\\/es\\\/inauguracion-de-la-exposicion-40-anos-trabajando-por-la-comunidad\\\/\"},\"wordCount\":492,\"commentCount\":0,\"image\":{\"@id\":\"https:\\\/\\\/cfpmaresme.org\\\/es\\\/inauguracion-de-la-exposicion-40-anos-trabajando-por-la-comunidad\\\/#primaryimage\"},\"thumbnailUrl\":\"https:\\\/\\\/cfpmaresme.org\\\/wp-content\\\/uploads\\\/2019\\\/12\\\/imatge-destacada.jpg\",\"keywords\":[\"cfp\",\"maresme\",\"matar\u00f3\"],\"articleSection\":[\"CFP Maresme\"],\"inLanguage\":\"es\"},{\"@type\":\"WebPage\",\"@id\":\"https:\\\/\\\/cfpmaresme.org\\\/es\\\/inauguracion-de-la-exposicion-40-anos-trabajando-por-la-comunidad\\\/\",\"url\":\"https:\\\/\\\/cfpmaresme.org\\\/es\\\/inauguracion-de-la-exposicion-40-anos-trabajando-por-la-comunidad\\\/\",\"name\":\"Inauguraci\u00f3n de la exposici\u00f3n \\\"40 a\u00f1os trabajando para la comunidad\\\" | CFP Maresme\",\"isPartOf\":{\"@id\":\"https:\\\/\\\/cfpmaresme.org\\\/#website\"},\"primaryImageOfPage\":{\"@id\":\"https:\\\/\\\/cfpmaresme.org\\\/es\\\/inauguracion-de-la-exposicion-40-anos-trabajando-por-la-comunidad\\\/#primaryimage\"},\"image\":{\"@id\":\"https:\\\/\\\/cfpmaresme.org\\\/es\\\/inauguracion-de-la-exposicion-40-anos-trabajando-por-la-comunidad\\\/#primaryimage\"},\"thumbnailUrl\":\"https:\\\/\\\/cfpmaresme.org\\\/wp-content\\\/uploads\\\/2019\\\/12\\\/imatge-destacada.jpg\",\"datePublished\":\"2019-10-31T11:13:51+00:00\",\"dateModified\":\"2019-10-31T11:15:47+00:00\",\"author\":{\"@id\":\"https:\\\/\\\/cfpmaresme.org\\\/#\\\/schema\\\/person\\\/b2634bcd796fafc667ea4055f61b9b2c\"},\"breadcrumb\":{\"@id\":\"https:\\\/\\\/cfpmaresme.org\\\/es\\\/inauguracion-de-la-exposicion-40-anos-trabajando-por-la-comunidad\\\/#breadcrumb\"},\"inLanguage\":\"es\",\"potentialAction\":[{\"@type\":\"ReadAction\",\"target\":[\"https:\\\/\\\/cfpmaresme.org\\\/es\\\/inauguracion-de-la-exposicion-40-anos-trabajando-por-la-comunidad\\\/\"]}]},{\"@type\":\"ImageObject\",\"inLanguage\":\"es\",\"@id\":\"https:\\\/\\\/cfpmaresme.org\\\/es\\\/inauguracion-de-la-exposicion-40-anos-trabajando-por-la-comunidad\\\/#primaryimage\",\"url\":\"https:\\\/\\\/cfpmaresme.org\\\/wp-content\\\/uploads\\\/2019\\\/12\\\/imatge-destacada.jpg\",\"contentUrl\":\"https:\\\/\\\/cfpmaresme.org\\\/wp-content\\\/uploads\\\/2019\\\/12\\\/imatge-destacada.jpg\",\"width\":4138,\"height\":1567,\"caption\":\"dav\"},{\"@type\":\"BreadcrumbList\",\"@id\":\"https:\\\/\\\/cfpmaresme.org\\\/es\\\/inauguracion-de-la-exposicion-40-anos-trabajando-por-la-comunidad\\\/#breadcrumb\",\"itemListElement\":[{\"@type\":\"ListItem\",\"position\":1,\"name\":\"Home\",\"item\":\"https:\\\/\\\/cfpmaresme.org\\\/es\\\/\"},{\"@type\":\"ListItem\",\"position\":2,\"name\":\"Inauguraci\u00f3n de la exposici\u00f3n \u00ab40 a\u00f1os trabajando para la comunidad\u00bb\"}]},{\"@type\":\"WebSite\",\"@id\":\"https:\\\/\\\/cfpmaresme.org\\\/#website\",\"url\":\"https:\\\/\\\/cfpmaresme.org\\\/\",\"name\":\"CFP Maresme\",\"description\":\"Centre Formaci\u00f3 Prevenci\u00f3\",\"potentialAction\":[{\"@type\":\"SearchAction\",\"target\":{\"@type\":\"EntryPoint\",\"urlTemplate\":\"https:\\\/\\\/cfpmaresme.org\\\/?s={search_term_string}\"},\"query-input\":{\"@type\":\"PropertyValueSpecification\",\"valueRequired\":true,\"valueName\":\"search_term_string\"}}],\"inLanguage\":\"es\"},{\"@type\":\"Person\",\"@id\":\"https:\\\/\\\/cfpmaresme.org\\\/#\\\/schema\\\/person\\\/b2634bcd796fafc667ea4055f61b9b2c\",\"name\":\"CFPMaresme\"}]}<\/script>\n<!-- \/ Yoast SEO plugin. -->","yoast_head_json":{"title":"Inauguraci\u00f3n de la exposici\u00f3n \"40 a\u00f1os trabajando para la comunidad\" | CFP Maresme","robots":{"index":"index","follow":"follow","max-snippet":"max-snippet:-1","max-image-preview":"max-image-preview:large","max-video-preview":"max-video-preview:-1"},"canonical":"https:\/\/cfpmaresme.org\/es\/inauguracion-de-la-exposicion-40-anos-trabajando-por-la-comunidad\/","og_locale":"es_ES","og_type":"article","og_title":"Inauguraci\u00f3n de la exposici\u00f3n \"40 a\u00f1os trabajando para la comunidad\" | CFP Maresme","og_description":"El Centre de Formaci\u00f3 i Prevenci\u00f3 (CFP) celebra su 40 aniversario al servicio de la comunidad. En este contexto hemos presentado una exposici\u00f3n en la\u00a0Fundaci\u00f3 Iluro\u00a0(calle de la Riera, 92, segunda planta) que muestra un detallado recorrido des de el inicio hasta el presente de...","og_url":"https:\/\/cfpmaresme.org\/es\/inauguracion-de-la-exposicion-40-anos-trabajando-por-la-comunidad\/","og_site_name":"CFP Maresme","article_published_time":"2019-10-31T11:13:51+00:00","article_modified_time":"2019-10-31T11:15:47+00:00","og_image":[{"width":4138,"height":1567,"url":"https:\/\/cfpmaresme.org\/wp-content\/uploads\/2019\/12\/imatge-destacada.jpg","type":"image\/jpeg"}],"author":"CFPMaresme","twitter_card":"summary_large_image","twitter_creator":"@cfpmaresme","twitter_site":"@cfpmaresme","twitter_misc":{"Escrito por":"CFPMaresme","Tiempo de lectura":"2 minutos"},"schema":{"@context":"https:\/\/schema.org","@graph":[{"@type":"Article","@id":"https:\/\/cfpmaresme.org\/es\/inauguracion-de-la-exposicion-40-anos-trabajando-por-la-comunidad\/#article","isPartOf":{"@id":"https:\/\/cfpmaresme.org\/es\/inauguracion-de-la-exposicion-40-anos-trabajando-por-la-comunidad\/"},"author":{"name":"CFPMaresme","@id":"https:\/\/cfpmaresme.org\/#\/schema\/person\/b2634bcd796fafc667ea4055f61b9b2c"},"headline":"Inauguraci\u00f3n de la exposici\u00f3n \u00ab40 a\u00f1os trabajando para la comunidad\u00bb","datePublished":"2019-10-31T11:13:51+00:00","dateModified":"2019-10-31T11:15:47+00:00","mainEntityOfPage":{"@id":"https:\/\/cfpmaresme.org\/es\/inauguracion-de-la-exposicion-40-anos-trabajando-por-la-comunidad\/"},"wordCount":492,"commentCount":0,"image":{"@id":"https:\/\/cfpmaresme.org\/es\/inauguracion-de-la-exposicion-40-anos-trabajando-por-la-comunidad\/#primaryimage"},"thumbnailUrl":"https:\/\/cfpmaresme.org\/wp-content\/uploads\/2019\/12\/imatge-destacada.jpg","keywords":["cfp","maresme","matar\u00f3"],"articleSection":["CFP Maresme"],"inLanguage":"es"},{"@type":"WebPage","@id":"https:\/\/cfpmaresme.org\/es\/inauguracion-de-la-exposicion-40-anos-trabajando-por-la-comunidad\/","url":"https:\/\/cfpmaresme.org\/es\/inauguracion-de-la-exposicion-40-anos-trabajando-por-la-comunidad\/","name":"Inauguraci\u00f3n de la exposici\u00f3n \"40 a\u00f1os trabajando para la comunidad\" | CFP Maresme","isPartOf":{"@id":"https:\/\/cfpmaresme.org\/#website"},"primaryImageOfPage":{"@id":"https:\/\/cfpmaresme.org\/es\/inauguracion-de-la-exposicion-40-anos-trabajando-por-la-comunidad\/#primaryimage"},"image":{"@id":"https:\/\/cfpmaresme.org\/es\/inauguracion-de-la-exposicion-40-anos-trabajando-por-la-comunidad\/#primaryimage"},"thumbnailUrl":"https:\/\/cfpmaresme.org\/wp-content\/uploads\/2019\/12\/imatge-destacada.jpg","datePublished":"2019-10-31T11:13:51+00:00","dateModified":"2019-10-31T11:15:47+00:00","author":{"@id":"https:\/\/cfpmaresme.org\/#\/schema\/person\/b2634bcd796fafc667ea4055f61b9b2c"},"breadcrumb":{"@id":"https:\/\/cfpmaresme.org\/es\/inauguracion-de-la-exposicion-40-anos-trabajando-por-la-comunidad\/#breadcrumb"},"inLanguage":"es","potentialAction":[{"@type":"ReadAction","target":["https:\/\/cfpmaresme.org\/es\/inauguracion-de-la-exposicion-40-anos-trabajando-por-la-comunidad\/"]}]},{"@type":"ImageObject","inLanguage":"es","@id":"https:\/\/cfpmaresme.org\/es\/inauguracion-de-la-exposicion-40-anos-trabajando-por-la-comunidad\/#primaryimage","url":"https:\/\/cfpmaresme.org\/wp-content\/uploads\/2019\/12\/imatge-destacada.jpg","contentUrl":"https:\/\/cfpmaresme.org\/wp-content\/uploads\/2019\/12\/imatge-destacada.jpg","width":4138,"height":1567,"caption":"dav"},{"@type":"BreadcrumbList","@id":"https:\/\/cfpmaresme.org\/es\/inauguracion-de-la-exposicion-40-anos-trabajando-por-la-comunidad\/#breadcrumb","itemListElement":[{"@type":"ListItem","position":1,"name":"Home","item":"https:\/\/cfpmaresme.org\/es\/"},{"@type":"ListItem","position":2,"name":"Inauguraci\u00f3n de la exposici\u00f3n \u00ab40 a\u00f1os trabajando para la comunidad\u00bb"}]},{"@type":"WebSite","@id":"https:\/\/cfpmaresme.org\/#website","url":"https:\/\/cfpmaresme.org\/","name":"CFP Maresme","description":"Centre Formaci\u00f3 Prevenci\u00f3","potentialAction":[{"@type":"SearchAction","target":{"@type":"EntryPoint","urlTemplate":"https:\/\/cfpmaresme.org\/?s={search_term_string}"},"query-input":{"@type":"PropertyValueSpecification","valueRequired":true,"valueName":"search_term_string"}}],"inLanguage":"es"},{"@type":"Person","@id":"https:\/\/cfpmaresme.org\/#\/schema\/person\/b2634bcd796fafc667ea4055f61b9b2c","name":"CFPMaresme"}]}},"_links":{"self":[{"href":"https:\/\/cfpmaresme.org\/es\/wp-json\/wp\/v2\/posts\/18296","targetHints":{"allow":["GET"]}}],"collection":[{"href":"https:\/\/cfpmaresme.org\/es\/wp-json\/wp\/v2\/posts"}],"about":[{"href":"https:\/\/cfpmaresme.org\/es\/wp-json\/wp\/v2\/types\/post"}],"author":[{"embeddable":true,"href":"https:\/\/cfpmaresme.org\/es\/wp-json\/wp\/v2\/users\/2"}],"replies":[{"embeddable":true,"href":"https:\/\/cfpmaresme.org\/es\/wp-json\/wp\/v2\/comments?post=18296"}],"version-history":[{"count":2,"href":"https:\/\/cfpmaresme.org\/es\/wp-json\/wp\/v2\/posts\/18296\/revisions"}],"predecessor-version":[{"id":18298,"href":"https:\/\/cfpmaresme.org\/es\/wp-json\/wp\/v2\/posts\/18296\/revisions\/18298"}],"wp:featuredmedia":[{"embeddable":true,"href":"https:\/\/cfpmaresme.org\/es\/wp-json\/wp\/v2\/media\/18271"}],"wp:attachment":[{"href":"https:\/\/cfpmaresme.org\/es\/wp-json\/wp\/v2\/media?parent=18296"}],"wp:term":[{"taxonomy":"category","embeddable":true,"href":"https:\/\/cfpmaresme.org\/es\/wp-json\/wp\/v2\/categories?post=18296"},{"taxonomy":"post_tag","embeddable":true,"href":"https:\/\/cfpmaresme.org\/es\/wp-json\/wp\/v2\/tags?post=18296"}],"curies":[{"name":"wp","href":"https:\/\/api.w.org\/{rel}","templated":true}]}}