{"id":18491,"date":"2019-12-04T17:08:31","date_gmt":"2019-12-04T15:08:31","guid":{"rendered":"https:\/\/www.cfpmaresme.org\/?p=18491"},"modified":"2019-12-04T17:33:47","modified_gmt":"2019-12-04T15:33:47","slug":"la-fiesta-de-celebracion-del-40o-aniversario-del-cfp-un-recuerdo-para-siempre","status":"publish","type":"post","link":"https:\/\/cfpmaresme.org\/es\/la-fiesta-de-celebracion-del-40o-aniversario-del-cfp-un-recuerdo-para-siempre\/","title":{"rendered":"La fiesta de celebraci\u00f3n del 40\u00ba aniversario del CFP, un recuerdo para siempre"},"content":{"rendered":"<p>El pasado s\u00e1bado 23 de noviembre organizamos una jornada festiva llena de actividades para celebrar el <strong>40\u00ba aniversario<\/strong> de nuestra entidad. M\u00e1s all\u00e1 de los actos preparados, esta fiesta supuso una oportunidad para compartir un rato con todas las personas y entidades que han formado parte de estos 40 a\u00f1os trabajando para la comunidad, recordar todo lo vivido y plantear escenarios de futuro en un ambiente distendido y pr\u00f3ximo.<\/p>\n<p>&nbsp;<\/p>\n<p>Los actos se iniciaron con un pasa calles del<strong> Proyecto\u00a0Mil Caps<\/strong>, del <a href=\"http:\/\/programaalterarte.blogspot.com\/\">programa Alterarte<\/a>\u00a0con la <a href=\"https:\/\/www.fundaciosetba.org\/es\/\" target=\"_blank\" rel=\"noopener\">Fundaci\u00f3 Setba<\/a>, amenizado por la m\u00fasica de\u00a0\u00a0<strong>Bandarra La Ll\u00e0ntia. <\/strong>Miembros del equipo del CFP y de otras entidades, usuarios\/as y familiares, amigos y conocidos se unieron para hacer un divertido recorrido en el que Bandarra La Ll\u00e0ntia se implic\u00f3 para animar el paseo de los Mil Caps y de todos los asistentes. El recorrido finaliz\u00f3 en la Plaza del Ayuntamiento de la capital del Maresme donde tuvo lugar una paella popular, que prepar\u00f3 la <strong>Hermandad de Jes\u00fas Captiu y Nuestra Sra de los Dolores<\/strong> de Matar\u00f3.<\/p>\n<p><img loading=\"lazy\" decoding=\"async\" class=\"alignnone wp-image-18477\" src=\"https:\/\/www.cfpmaresme.org\/wp-content\/uploads\/2019\/12\/passacarrers-1024x768.jpg\" alt=\"\" width=\"368\" height=\"280\" \/><img loading=\"lazy\" decoding=\"async\" class=\"alignnone wp-image-18475\" src=\"https:\/\/www.cfpmaresme.org\/wp-content\/uploads\/2019\/12\/paella-1024x768.jpg\" alt=\"\" width=\"353\" height=\"275\" \/><\/p>\n<p>La celebraci\u00f3n se alarg\u00f3 hasta tarde, con conciertos. La rumba de\u00a0<strong><a href=\"http:\/\/www.oscartorresband.es\/\" target=\"_blank\" rel=\"noopener\">Oscar Torres Trio<\/a>\u00a0<\/strong>anim\u00f3 a todos los presentes a partir de las cinco de la tarde donde el fr\u00edo no evit\u00f3 que la plaza se fuera llenando de personas que nos quer\u00edan acompa\u00f1ar durante este acto y disfrutar del concierto.<\/p>\n<p><img loading=\"lazy\" decoding=\"async\" class=\"alignnone wp-image-18481\" src=\"https:\/\/www.cfpmaresme.org\/wp-content\/uploads\/2019\/12\/concert-oscar-torres-1024x768.jpg\" alt=\"\" width=\"376\" height=\"348\" \/><img loading=\"lazy\" decoding=\"async\" class=\"alignnone wp-image-18479\" src=\"https:\/\/www.cfpmaresme.org\/wp-content\/uploads\/2019\/12\/cochambre-1024x768.jpg\" alt=\"\" width=\"377\" height=\"281\" \/><\/p>\n<p>A partir de las seis y media de la tarde empez\u00f3 el concierto de\u00a0<a href=\"http:\/\/hotelcochambre.com\/\" target=\"_blank\" rel=\"noopener\"><strong>Hotel Cochambre<\/strong><\/a>\u00a0 con sus m\u00edticas versiones donde la plaza se llen\u00f3. La clausura ideal para una fiesta conmemorativa de <strong>40 a\u00f1os de trabajo para la comunidad<\/strong>, acompa\u00f1ados de todos\/as los\/las protagonistas y personas que han dado soporte a esta <strong>larga y enriquecedora tarea social. <\/strong><\/p>\n<p>Much\u00edsimas gracias a todos y todas los\/as asistentes. Esperamos compartir <strong>40 a\u00f1os m\u00e1s<\/strong> con vosotros\/as!<\/p>\n","protected":false},"excerpt":{"rendered":"<p>El pasado s\u00e1bado 23 de noviembre organizamos una jornada festiva llena de actividades para celebrar el 40\u00ba aniversario de nuestra entidad. M\u00e1s all\u00e1 de los actos preparados, esta fiesta supuso una oportunidad para compartir un rato con todas las personas y entidades que han formado&#8230;<\/p>\n","protected":false},"author":2,"featured_media":18487,"comment_status":"open","ping_status":"open","sticky":false,"template":"","format":"standard","meta":{"footnotes":""},"categories":[1187],"tags":[],"class_list":["post-18491","post","type-post","status-publish","format-standard","has-post-thumbnail","hentry","category-cfp-maresme-es"],"yoast_head":"<!-- This site is optimized with the Yoast SEO plugin v27.4 - https:\/\/yoast.com\/product\/yoast-seo-wordpress\/ -->\n<title>La fiesta de celebraci\u00f3n del 40\u00ba aniversario del CFP, un recuerdo para siempre | CFP Maresme<\/title>\n<meta name=\"robots\" content=\"index, follow, max-snippet:-1, max-image-preview:large, max-video-preview:-1\" \/>\n<link rel=\"canonical\" href=\"https:\/\/cfpmaresme.org\/es\/la-fiesta-de-celebracion-del-40o-aniversario-del-cfp-un-recuerdo-para-siempre\/\" \/>\n<meta property=\"og:locale\" content=\"es_ES\" \/>\n<meta property=\"og:type\" content=\"article\" \/>\n<meta property=\"og:title\" content=\"La fiesta de celebraci\u00f3n del 40\u00ba aniversario del CFP, un recuerdo para siempre | CFP Maresme\" \/>\n<meta property=\"og:description\" content=\"El pasado s\u00e1bado 23 de noviembre organizamos una jornada festiva llena de actividades para celebrar el 40\u00ba aniversario de nuestra entidad. M\u00e1s all\u00e1 de los actos preparados, esta fiesta supuso una oportunidad para compartir un rato con todas las personas y entidades que han formado...\" \/>\n<meta property=\"og:url\" content=\"https:\/\/cfpmaresme.org\/es\/la-fiesta-de-celebracion-del-40o-aniversario-del-cfp-un-recuerdo-para-siempre\/\" \/>\n<meta property=\"og:site_name\" content=\"CFP Maresme\" \/>\n<meta property=\"article:published_time\" content=\"2019-12-04T15:08:31+00:00\" \/>\n<meta property=\"article:modified_time\" content=\"2019-12-04T15:33:47+00:00\" \/>\n<meta property=\"og:image\" content=\"https:\/\/cfpmaresme.org\/wp-content\/uploads\/2019\/12\/40-anys-cfp.-destacat.png\" \/>\n\t<meta property=\"og:image:width\" content=\"1212\" \/>\n\t<meta property=\"og:image:height\" content=\"328\" \/>\n\t<meta property=\"og:image:type\" content=\"image\/png\" \/>\n<meta name=\"author\" content=\"CFPMaresme\" \/>\n<meta name=\"twitter:card\" content=\"summary_large_image\" \/>\n<meta name=\"twitter:creator\" content=\"@cfpmaresme\" \/>\n<meta name=\"twitter:site\" content=\"@cfpmaresme\" \/>\n<meta name=\"twitter:label1\" content=\"Escrito por\" \/>\n\t<meta name=\"twitter:data1\" content=\"CFPMaresme\" \/>\n\t<meta name=\"twitter:label2\" content=\"Tiempo de lectura\" \/>\n\t<meta name=\"twitter:data2\" content=\"2 minutos\" \/>\n<script type=\"application\/ld+json\" class=\"yoast-schema-graph\">{\"@context\":\"https:\\\/\\\/schema.org\",\"@graph\":[{\"@type\":\"Article\",\"@id\":\"https:\\\/\\\/cfpmaresme.org\\\/es\\\/la-fiesta-de-celebracion-del-40o-aniversario-del-cfp-un-recuerdo-para-siempre\\\/#article\",\"isPartOf\":{\"@id\":\"https:\\\/\\\/cfpmaresme.org\\\/es\\\/la-fiesta-de-celebracion-del-40o-aniversario-del-cfp-un-recuerdo-para-siempre\\\/\"},\"author\":{\"name\":\"CFPMaresme\",\"@id\":\"https:\\\/\\\/cfpmaresme.org\\\/#\\\/schema\\\/person\\\/b2634bcd796fafc667ea4055f61b9b2c\"},\"headline\":\"La fiesta de celebraci\u00f3n del 40\u00ba aniversario del CFP, un recuerdo para siempre\",\"datePublished\":\"2019-12-04T15:08:31+00:00\",\"dateModified\":\"2019-12-04T15:33:47+00:00\",\"mainEntityOfPage\":{\"@id\":\"https:\\\/\\\/cfpmaresme.org\\\/es\\\/la-fiesta-de-celebracion-del-40o-aniversario-del-cfp-un-recuerdo-para-siempre\\\/\"},\"wordCount\":329,\"commentCount\":0,\"image\":{\"@id\":\"https:\\\/\\\/cfpmaresme.org\\\/es\\\/la-fiesta-de-celebracion-del-40o-aniversario-del-cfp-un-recuerdo-para-siempre\\\/#primaryimage\"},\"thumbnailUrl\":\"https:\\\/\\\/cfpmaresme.org\\\/wp-content\\\/uploads\\\/2019\\\/12\\\/40-anys-cfp.-destacat.png\",\"articleSection\":[\"CFP Maresme\"],\"inLanguage\":\"es\"},{\"@type\":\"WebPage\",\"@id\":\"https:\\\/\\\/cfpmaresme.org\\\/es\\\/la-fiesta-de-celebracion-del-40o-aniversario-del-cfp-un-recuerdo-para-siempre\\\/\",\"url\":\"https:\\\/\\\/cfpmaresme.org\\\/es\\\/la-fiesta-de-celebracion-del-40o-aniversario-del-cfp-un-recuerdo-para-siempre\\\/\",\"name\":\"La fiesta de celebraci\u00f3n del 40\u00ba aniversario del CFP, un recuerdo para siempre | CFP Maresme\",\"isPartOf\":{\"@id\":\"https:\\\/\\\/cfpmaresme.org\\\/#website\"},\"primaryImageOfPage\":{\"@id\":\"https:\\\/\\\/cfpmaresme.org\\\/es\\\/la-fiesta-de-celebracion-del-40o-aniversario-del-cfp-un-recuerdo-para-siempre\\\/#primaryimage\"},\"image\":{\"@id\":\"https:\\\/\\\/cfpmaresme.org\\\/es\\\/la-fiesta-de-celebracion-del-40o-aniversario-del-cfp-un-recuerdo-para-siempre\\\/#primaryimage\"},\"thumbnailUrl\":\"https:\\\/\\\/cfpmaresme.org\\\/wp-content\\\/uploads\\\/2019\\\/12\\\/40-anys-cfp.-destacat.png\",\"datePublished\":\"2019-12-04T15:08:31+00:00\",\"dateModified\":\"2019-12-04T15:33:47+00:00\",\"author\":{\"@id\":\"https:\\\/\\\/cfpmaresme.org\\\/#\\\/schema\\\/person\\\/b2634bcd796fafc667ea4055f61b9b2c\"},\"breadcrumb\":{\"@id\":\"https:\\\/\\\/cfpmaresme.org\\\/es\\\/la-fiesta-de-celebracion-del-40o-aniversario-del-cfp-un-recuerdo-para-siempre\\\/#breadcrumb\"},\"inLanguage\":\"es\",\"potentialAction\":[{\"@type\":\"ReadAction\",\"target\":[\"https:\\\/\\\/cfpmaresme.org\\\/es\\\/la-fiesta-de-celebracion-del-40o-aniversario-del-cfp-un-recuerdo-para-siempre\\\/\"]}]},{\"@type\":\"ImageObject\",\"inLanguage\":\"es\",\"@id\":\"https:\\\/\\\/cfpmaresme.org\\\/es\\\/la-fiesta-de-celebracion-del-40o-aniversario-del-cfp-un-recuerdo-para-siempre\\\/#primaryimage\",\"url\":\"https:\\\/\\\/cfpmaresme.org\\\/wp-content\\\/uploads\\\/2019\\\/12\\\/40-anys-cfp.-destacat.png\",\"contentUrl\":\"https:\\\/\\\/cfpmaresme.org\\\/wp-content\\\/uploads\\\/2019\\\/12\\\/40-anys-cfp.-destacat.png\",\"width\":1212,\"height\":328},{\"@type\":\"BreadcrumbList\",\"@id\":\"https:\\\/\\\/cfpmaresme.org\\\/es\\\/la-fiesta-de-celebracion-del-40o-aniversario-del-cfp-un-recuerdo-para-siempre\\\/#breadcrumb\",\"itemListElement\":[{\"@type\":\"ListItem\",\"position\":1,\"name\":\"Home\",\"item\":\"https:\\\/\\\/cfpmaresme.org\\\/es\\\/\"},{\"@type\":\"ListItem\",\"position\":2,\"name\":\"La fiesta de celebraci\u00f3n del 40\u00ba aniversario del CFP, un recuerdo para siempre\"}]},{\"@type\":\"WebSite\",\"@id\":\"https:\\\/\\\/cfpmaresme.org\\\/#website\",\"url\":\"https:\\\/\\\/cfpmaresme.org\\\/\",\"name\":\"CFP Maresme\",\"description\":\"Centre Formaci\u00f3 Prevenci\u00f3\",\"potentialAction\":[{\"@type\":\"SearchAction\",\"target\":{\"@type\":\"EntryPoint\",\"urlTemplate\":\"https:\\\/\\\/cfpmaresme.org\\\/?s={search_term_string}\"},\"query-input\":{\"@type\":\"PropertyValueSpecification\",\"valueRequired\":true,\"valueName\":\"search_term_string\"}}],\"inLanguage\":\"es\"},{\"@type\":\"Person\",\"@id\":\"https:\\\/\\\/cfpmaresme.org\\\/#\\\/schema\\\/person\\\/b2634bcd796fafc667ea4055f61b9b2c\",\"name\":\"CFPMaresme\"}]}<\/script>\n<!-- \/ Yoast SEO plugin. -->","yoast_head_json":{"title":"La fiesta de celebraci\u00f3n del 40\u00ba aniversario del CFP, un recuerdo para siempre | CFP Maresme","robots":{"index":"index","follow":"follow","max-snippet":"max-snippet:-1","max-image-preview":"max-image-preview:large","max-video-preview":"max-video-preview:-1"},"canonical":"https:\/\/cfpmaresme.org\/es\/la-fiesta-de-celebracion-del-40o-aniversario-del-cfp-un-recuerdo-para-siempre\/","og_locale":"es_ES","og_type":"article","og_title":"La fiesta de celebraci\u00f3n del 40\u00ba aniversario del CFP, un recuerdo para siempre | CFP Maresme","og_description":"El pasado s\u00e1bado 23 de noviembre organizamos una jornada festiva llena de actividades para celebrar el 40\u00ba aniversario de nuestra entidad. M\u00e1s all\u00e1 de los actos preparados, esta fiesta supuso una oportunidad para compartir un rato con todas las personas y entidades que han formado...","og_url":"https:\/\/cfpmaresme.org\/es\/la-fiesta-de-celebracion-del-40o-aniversario-del-cfp-un-recuerdo-para-siempre\/","og_site_name":"CFP Maresme","article_published_time":"2019-12-04T15:08:31+00:00","article_modified_time":"2019-12-04T15:33:47+00:00","og_image":[{"width":1212,"height":328,"url":"https:\/\/cfpmaresme.org\/wp-content\/uploads\/2019\/12\/40-anys-cfp.-destacat.png","type":"image\/png"}],"author":"CFPMaresme","twitter_card":"summary_large_image","twitter_creator":"@cfpmaresme","twitter_site":"@cfpmaresme","twitter_misc":{"Escrito por":"CFPMaresme","Tiempo de lectura":"2 minutos"},"schema":{"@context":"https:\/\/schema.org","@graph":[{"@type":"Article","@id":"https:\/\/cfpmaresme.org\/es\/la-fiesta-de-celebracion-del-40o-aniversario-del-cfp-un-recuerdo-para-siempre\/#article","isPartOf":{"@id":"https:\/\/cfpmaresme.org\/es\/la-fiesta-de-celebracion-del-40o-aniversario-del-cfp-un-recuerdo-para-siempre\/"},"author":{"name":"CFPMaresme","@id":"https:\/\/cfpmaresme.org\/#\/schema\/person\/b2634bcd796fafc667ea4055f61b9b2c"},"headline":"La fiesta de celebraci\u00f3n del 40\u00ba aniversario del CFP, un recuerdo para siempre","datePublished":"2019-12-04T15:08:31+00:00","dateModified":"2019-12-04T15:33:47+00:00","mainEntityOfPage":{"@id":"https:\/\/cfpmaresme.org\/es\/la-fiesta-de-celebracion-del-40o-aniversario-del-cfp-un-recuerdo-para-siempre\/"},"wordCount":329,"commentCount":0,"image":{"@id":"https:\/\/cfpmaresme.org\/es\/la-fiesta-de-celebracion-del-40o-aniversario-del-cfp-un-recuerdo-para-siempre\/#primaryimage"},"thumbnailUrl":"https:\/\/cfpmaresme.org\/wp-content\/uploads\/2019\/12\/40-anys-cfp.-destacat.png","articleSection":["CFP Maresme"],"inLanguage":"es"},{"@type":"WebPage","@id":"https:\/\/cfpmaresme.org\/es\/la-fiesta-de-celebracion-del-40o-aniversario-del-cfp-un-recuerdo-para-siempre\/","url":"https:\/\/cfpmaresme.org\/es\/la-fiesta-de-celebracion-del-40o-aniversario-del-cfp-un-recuerdo-para-siempre\/","name":"La fiesta de celebraci\u00f3n del 40\u00ba aniversario del CFP, un recuerdo para siempre | CFP Maresme","isPartOf":{"@id":"https:\/\/cfpmaresme.org\/#website"},"primaryImageOfPage":{"@id":"https:\/\/cfpmaresme.org\/es\/la-fiesta-de-celebracion-del-40o-aniversario-del-cfp-un-recuerdo-para-siempre\/#primaryimage"},"image":{"@id":"https:\/\/cfpmaresme.org\/es\/la-fiesta-de-celebracion-del-40o-aniversario-del-cfp-un-recuerdo-para-siempre\/#primaryimage"},"thumbnailUrl":"https:\/\/cfpmaresme.org\/wp-content\/uploads\/2019\/12\/40-anys-cfp.-destacat.png","datePublished":"2019-12-04T15:08:31+00:00","dateModified":"2019-12-04T15:33:47+00:00","author":{"@id":"https:\/\/cfpmaresme.org\/#\/schema\/person\/b2634bcd796fafc667ea4055f61b9b2c"},"breadcrumb":{"@id":"https:\/\/cfpmaresme.org\/es\/la-fiesta-de-celebracion-del-40o-aniversario-del-cfp-un-recuerdo-para-siempre\/#breadcrumb"},"inLanguage":"es","potentialAction":[{"@type":"ReadAction","target":["https:\/\/cfpmaresme.org\/es\/la-fiesta-de-celebracion-del-40o-aniversario-del-cfp-un-recuerdo-para-siempre\/"]}]},{"@type":"ImageObject","inLanguage":"es","@id":"https:\/\/cfpmaresme.org\/es\/la-fiesta-de-celebracion-del-40o-aniversario-del-cfp-un-recuerdo-para-siempre\/#primaryimage","url":"https:\/\/cfpmaresme.org\/wp-content\/uploads\/2019\/12\/40-anys-cfp.-destacat.png","contentUrl":"https:\/\/cfpmaresme.org\/wp-content\/uploads\/2019\/12\/40-anys-cfp.-destacat.png","width":1212,"height":328},{"@type":"BreadcrumbList","@id":"https:\/\/cfpmaresme.org\/es\/la-fiesta-de-celebracion-del-40o-aniversario-del-cfp-un-recuerdo-para-siempre\/#breadcrumb","itemListElement":[{"@type":"ListItem","position":1,"name":"Home","item":"https:\/\/cfpmaresme.org\/es\/"},{"@type":"ListItem","position":2,"name":"La fiesta de celebraci\u00f3n del 40\u00ba aniversario del CFP, un recuerdo para siempre"}]},{"@type":"WebSite","@id":"https:\/\/cfpmaresme.org\/#website","url":"https:\/\/cfpmaresme.org\/","name":"CFP Maresme","description":"Centre Formaci\u00f3 Prevenci\u00f3","potentialAction":[{"@type":"SearchAction","target":{"@type":"EntryPoint","urlTemplate":"https:\/\/cfpmaresme.org\/?s={search_term_string}"},"query-input":{"@type":"PropertyValueSpecification","valueRequired":true,"valueName":"search_term_string"}}],"inLanguage":"es"},{"@type":"Person","@id":"https:\/\/cfpmaresme.org\/#\/schema\/person\/b2634bcd796fafc667ea4055f61b9b2c","name":"CFPMaresme"}]}},"_links":{"self":[{"href":"https:\/\/cfpmaresme.org\/es\/wp-json\/wp\/v2\/posts\/18491","targetHints":{"allow":["GET"]}}],"collection":[{"href":"https:\/\/cfpmaresme.org\/es\/wp-json\/wp\/v2\/posts"}],"about":[{"href":"https:\/\/cfpmaresme.org\/es\/wp-json\/wp\/v2\/types\/post"}],"author":[{"embeddable":true,"href":"https:\/\/cfpmaresme.org\/es\/wp-json\/wp\/v2\/users\/2"}],"replies":[{"embeddable":true,"href":"https:\/\/cfpmaresme.org\/es\/wp-json\/wp\/v2\/comments?post=18491"}],"version-history":[{"count":7,"href":"https:\/\/cfpmaresme.org\/es\/wp-json\/wp\/v2\/posts\/18491\/revisions"}],"predecessor-version":[{"id":18498,"href":"https:\/\/cfpmaresme.org\/es\/wp-json\/wp\/v2\/posts\/18491\/revisions\/18498"}],"wp:featuredmedia":[{"embeddable":true,"href":"https:\/\/cfpmaresme.org\/es\/wp-json\/wp\/v2\/media\/18487"}],"wp:attachment":[{"href":"https:\/\/cfpmaresme.org\/es\/wp-json\/wp\/v2\/media?parent=18491"}],"wp:term":[{"taxonomy":"category","embeddable":true,"href":"https:\/\/cfpmaresme.org\/es\/wp-json\/wp\/v2\/categories?post=18491"},{"taxonomy":"post_tag","embeddable":true,"href":"https:\/\/cfpmaresme.org\/es\/wp-json\/wp\/v2\/tags?post=18491"}],"curies":[{"name":"wp","href":"https:\/\/api.w.org\/{rel}","templated":true}]}}