{"id":18541,"date":"2019-12-12T15:24:38","date_gmt":"2019-12-12T13:24:38","guid":{"rendered":"https:\/\/www.cfpmaresme.org\/?p=18541"},"modified":"2020-10-23T14:19:06","modified_gmt":"2020-10-23T12:19:06","slug":"la-importancia-de-la-coordinacion-entre-entidades-y-instituciones-publicas-en-la-intermediacion-laboral","status":"publish","type":"post","link":"https:\/\/cfpmaresme.org\/es\/la-importancia-de-la-coordinacion-entre-entidades-y-instituciones-publicas-en-la-intermediacion-laboral\/","title":{"rendered":"La importancia de la coordinaci\u00f3n entre entidades y instituciones p\u00fablicas en la Intermediaci\u00f3n Laboral"},"content":{"rendered":"<p>Los servicios de Formaci\u00f3n en Intermediaci\u00f3n Laboral del CFP se centran en orientar, acompa\u00f1ar y dar soporte de forma integral a colectivos que tienen dificultades para acceder al \u00e1mbito de trabajo a trav\u00e9s de distintos programas.<\/p>\n<p>La coordinaci\u00f3n con entidades p\u00fablicas centradas en gestionar este tipo de servicios como es el\u00a0 <a href=\"https:\/\/www.mataro.cat\/es\/empleo\/personas\" target=\"_blank\" rel=\"noopener noreferrer\">Servei d\u2019Ocupaci\u00f3 de Matar\u00f3 (SOM)<\/a> es muy importante para garantizar la atenci\u00f3n personalizada de cada usuari\/o. .<\/p>\n<p>La semana pasada tuvimos la oportunidad de reunirnos con Sergio Morales, regidor de Ocupaci\u00f3n y Empresa del <a href=\"https:\/\/www.mataro.cat\/\" target=\"_blank\" rel=\"noopener noreferrer\">Ajuntament de Matar\u00f3 <\/a>\u00a0y miembros del equipo del\u00a0 SOM. En este encuentro, en el que participaron el\u00a0 director del CFP Jaume Clup\u00e9s y a coordinadora del <a href=\"\/?page_id=17850\" target=\"_blank\" rel=\"noopener noreferrer\">Servicio de Intermediaci\u00f3n Laboral<\/a> M\u00edriam P\u00e9rez comentamos temas como la gesti\u00f3n de las derivaciones de pacientes, la reticencia de las empresas a contratar personas con problemas de salud mental o bien la complejidad de la inserci\u00f3n laboral en el colectivo de j\u00f3venes migrantes sin referentes familiares.<\/p>\n<p><img loading=\"lazy\" decoding=\"async\" class=\"alignnone wp-image-18533 size-medium\" src=\"https:\/\/www.cfpmaresme.org\/wp-content\/uploads\/2019\/12\/IMG_20191203_150410-300x225.jpg\" alt=\"\" width=\"300\" height=\"225\" srcset=\"https:\/\/cfpmaresme.org\/wp-content\/uploads\/2019\/12\/IMG_20191203_150410-300x225.jpg 300w, https:\/\/cfpmaresme.org\/wp-content\/uploads\/2019\/12\/IMG_20191203_150410-1024x768.jpg 1024w, https:\/\/cfpmaresme.org\/wp-content\/uploads\/2019\/12\/IMG_20191203_150410-768x576.jpg 768w, https:\/\/cfpmaresme.org\/wp-content\/uploads\/2019\/12\/IMG_20191203_150410-1536x1152.jpg 1536w, https:\/\/cfpmaresme.org\/wp-content\/uploads\/2019\/12\/IMG_20191203_150410-2048x1536.jpg 2048w, https:\/\/cfpmaresme.org\/wp-content\/uploads\/2019\/12\/IMG_20191203_150410-800x600.jpg 800w, https:\/\/cfpmaresme.org\/wp-content\/uploads\/2019\/12\/IMG_20191203_150410-700x525.jpg 700w\" sizes=\"auto, (max-width: 300px) 100vw, 300px\" \/> <img loading=\"lazy\" decoding=\"async\" class=\"alignnone wp-image-18535 size-medium\" src=\"https:\/\/www.cfpmaresme.org\/wp-content\/uploads\/2019\/12\/IMG_20191203_150421-300x225.jpg\" alt=\"\" width=\"300\" height=\"225\" srcset=\"https:\/\/cfpmaresme.org\/wp-content\/uploads\/2019\/12\/IMG_20191203_150421-300x225.jpg 300w, https:\/\/cfpmaresme.org\/wp-content\/uploads\/2019\/12\/IMG_20191203_150421-1024x768.jpg 1024w, https:\/\/cfpmaresme.org\/wp-content\/uploads\/2019\/12\/IMG_20191203_150421-768x576.jpg 768w, https:\/\/cfpmaresme.org\/wp-content\/uploads\/2019\/12\/IMG_20191203_150421-1536x1152.jpg 1536w, https:\/\/cfpmaresme.org\/wp-content\/uploads\/2019\/12\/IMG_20191203_150421-2048x1536.jpg 2048w, https:\/\/cfpmaresme.org\/wp-content\/uploads\/2019\/12\/IMG_20191203_150421-800x600.jpg 800w, https:\/\/cfpmaresme.org\/wp-content\/uploads\/2019\/12\/IMG_20191203_150421-700x525.jpg 700w\" sizes=\"auto, (max-width: 300px) 100vw, 300px\" \/><\/p>\n<p>Sobre el tema de las <strong>derivaciones de personas<\/strong> M\u00edriam P\u00e9rez quiso comentar una de las problem\u00e1ticas en que nos encontramos de forma recurrente que son los casos de personas que no quieren entrar a formar parte de programas para gente con problemas de salud mental y, en cambio, quieren estar en el SOM. En este sentido, Morales y los miembros del SOM se mostraron abiertos a\u00a0 <strong>optimizar la coordinaci\u00f3n entre el CFP y el SOM<\/strong> y poder dar una atenci\u00f3n todav\u00eda m\u00e1s personalizada y adecuada cada persona.<\/p>\n<p>En cuanto a la <strong>reticencia de las empresas<\/strong>, la coordinadora de Intermediaci\u00f3n Laboral del CFP se mostr\u00f3 positiva, afirmando que aunque es cierto que hay una cierta oposici\u00f3n a contratar personas con problemas de salud mental, cuando las empresas ven todo lo que pueden hacer cuando \u00e9stas han accedido a ellas, el estigma desaparece. Y a\u00f1adi\u00f3: \u00abLas empresas ven que son personas que pueden trabajar\u201d.<\/p>\n<p>Por su lado, Jaume Clup\u00e9s quiso expresar la preocupaci\u00f3n del<strong> CFP<\/strong> ante la dificultad de hacer posible la inserci\u00f3n laboral de los<strong> j\u00f3venes migrantes sin referentes familiares<\/strong>. I afirm\u00f3 que es urgente trabajar en este sentido porque la salida es compleja y hay muchos factores a valorar.<\/p>\n<p>La coordinaci\u00f3n entre entidades e instituciones p\u00fablicas es vital para dar la atenci\u00f3n requerida por los colectivos en riesgo de exclusi\u00f3n. Aix\u00ed pues, el <strong>CFP queremos mostrar nuestro agradecimiento<\/strong> a la propuesta de poner en com\u00fan preocupaciones y aspectos que funcionan exitosamente por parte de la Regidor\u00eda de Ocupaci\u00f3n para seguir colaborando como hemos hecho hasta ahora con el ayuntamiento de nuestra ciudad para <strong>mejorar la calidad de vida de los colectivos en riesgo de exclusi\u00f3n.\u00a0<\/strong><\/p>\n","protected":false},"excerpt":{"rendered":"<p>Los servicios de Formaci\u00f3n en Intermediaci\u00f3n Laboral del CFP se centran en orientar, acompa\u00f1ar y dar soporte de forma integral a colectivos que tienen dificultades para acceder al \u00e1mbito de trabajo a trav\u00e9s de distintos programas. La coordinaci\u00f3n con entidades p\u00fablicas centradas en gestionar este&#8230;<\/p>\n","protected":false},"author":2,"featured_media":18539,"comment_status":"open","ping_status":"open","sticky":false,"template":"","format":"standard","meta":{"footnotes":""},"categories":[1193],"tags":[],"class_list":["post-18541","post","type-post","status-publish","format-standard","has-post-thumbnail","hentry","category-servicio-de-formacion-e-intermediacion-laboral"],"yoast_head":"<!-- This site is optimized with the Yoast SEO plugin v27.4 - https:\/\/yoast.com\/product\/yoast-seo-wordpress\/ -->\n<title>La importancia de la coordinaci\u00f3n entre entidades y instituciones p\u00fablicas en la Intermediaci\u00f3n Laboral | CFP Maresme<\/title>\n<meta name=\"robots\" content=\"index, follow, max-snippet:-1, max-image-preview:large, max-video-preview:-1\" \/>\n<link rel=\"canonical\" href=\"https:\/\/cfpmaresme.org\/la-coordinacio-entre-entitats-i-institucions-publiques-garantia-de-millora-dels-serveis-dintermediacio-laboral\/\" \/>\n<meta property=\"og:locale\" content=\"es_ES\" \/>\n<meta property=\"og:type\" content=\"article\" \/>\n<meta property=\"og:title\" content=\"La importancia de la coordinaci\u00f3n entre entidades y instituciones p\u00fablicas en la Intermediaci\u00f3n Laboral | CFP Maresme\" \/>\n<meta property=\"og:description\" content=\"Los servicios de Formaci\u00f3n en Intermediaci\u00f3n Laboral del CFP se centran en orientar, acompa\u00f1ar y dar soporte de forma integral a colectivos que tienen dificultades para acceder al \u00e1mbito de trabajo a trav\u00e9s de distintos programas. La coordinaci\u00f3n con entidades p\u00fablicas centradas en gestionar este...\" \/>\n<meta property=\"og:url\" content=\"https:\/\/cfpmaresme.org\/la-coordinacio-entre-entitats-i-institucions-publiques-garantia-de-millora-dels-serveis-dintermediacio-laboral\/\" \/>\n<meta property=\"og:site_name\" content=\"CFP Maresme\" \/>\n<meta property=\"article:published_time\" content=\"2019-12-12T13:24:38+00:00\" \/>\n<meta property=\"article:modified_time\" content=\"2020-10-23T12:19:06+00:00\" \/>\n<meta property=\"og:image\" content=\"https:\/\/cfpmaresme.org\/wp-content\/uploads\/2019\/12\/cap\u00e7alera-2.png\" \/>\n\t<meta property=\"og:image:width\" content=\"1465\" \/>\n\t<meta property=\"og:image:height\" content=\"689\" \/>\n\t<meta property=\"og:image:type\" content=\"image\/png\" \/>\n<meta name=\"author\" content=\"CFPMaresme\" \/>\n<meta name=\"twitter:card\" content=\"summary_large_image\" \/>\n<meta name=\"twitter:creator\" content=\"@cfpmaresme\" \/>\n<meta name=\"twitter:site\" content=\"@cfpmaresme\" \/>\n<meta name=\"twitter:label1\" content=\"Escrito por\" \/>\n\t<meta name=\"twitter:data1\" content=\"CFPMaresme\" \/>\n\t<meta name=\"twitter:label2\" content=\"Tiempo de lectura\" \/>\n\t<meta name=\"twitter:data2\" content=\"2 minutos\" \/>\n<script type=\"application\/ld+json\" class=\"yoast-schema-graph\">{\"@context\":\"https:\\\/\\\/schema.org\",\"@graph\":[{\"@type\":\"Article\",\"@id\":\"https:\\\/\\\/cfpmaresme.org\\\/la-coordinacio-entre-entitats-i-institucions-publiques-garantia-de-millora-dels-serveis-dintermediacio-laboral\\\/#article\",\"isPartOf\":{\"@id\":\"https:\\\/\\\/cfpmaresme.org\\\/la-coordinacio-entre-entitats-i-institucions-publiques-garantia-de-millora-dels-serveis-dintermediacio-laboral\\\/\"},\"author\":{\"name\":\"CFPMaresme\",\"@id\":\"https:\\\/\\\/cfpmaresme.org\\\/#\\\/schema\\\/person\\\/b2634bcd796fafc667ea4055f61b9b2c\"},\"headline\":\"La importancia de la coordinaci\u00f3n entre entidades y instituciones p\u00fablicas en la Intermediaci\u00f3n Laboral\",\"datePublished\":\"2019-12-12T13:24:38+00:00\",\"dateModified\":\"2020-10-23T12:19:06+00:00\",\"mainEntityOfPage\":{\"@id\":\"https:\\\/\\\/cfpmaresme.org\\\/la-coordinacio-entre-entitats-i-institucions-publiques-garantia-de-millora-dels-serveis-dintermediacio-laboral\\\/\"},\"wordCount\":487,\"commentCount\":0,\"image\":{\"@id\":\"https:\\\/\\\/cfpmaresme.org\\\/la-coordinacio-entre-entitats-i-institucions-publiques-garantia-de-millora-dels-serveis-dintermediacio-laboral\\\/#primaryimage\"},\"thumbnailUrl\":\"https:\\\/\\\/cfpmaresme.org\\\/wp-content\\\/uploads\\\/2019\\\/12\\\/cap\u00e7alera-2.png\",\"articleSection\":[\"Formaci\u00f3n e Intermediaci\u00f3n Laboral\"],\"inLanguage\":\"es\"},{\"@type\":\"WebPage\",\"@id\":\"https:\\\/\\\/cfpmaresme.org\\\/la-coordinacio-entre-entitats-i-institucions-publiques-garantia-de-millora-dels-serveis-dintermediacio-laboral\\\/\",\"url\":\"https:\\\/\\\/cfpmaresme.org\\\/la-coordinacio-entre-entitats-i-institucions-publiques-garantia-de-millora-dels-serveis-dintermediacio-laboral\\\/\",\"name\":\"La importancia de la coordinaci\u00f3n entre entidades y instituciones p\u00fablicas en la Intermediaci\u00f3n Laboral | CFP Maresme\",\"isPartOf\":{\"@id\":\"https:\\\/\\\/cfpmaresme.org\\\/#website\"},\"primaryImageOfPage\":{\"@id\":\"https:\\\/\\\/cfpmaresme.org\\\/la-coordinacio-entre-entitats-i-institucions-publiques-garantia-de-millora-dels-serveis-dintermediacio-laboral\\\/#primaryimage\"},\"image\":{\"@id\":\"https:\\\/\\\/cfpmaresme.org\\\/la-coordinacio-entre-entitats-i-institucions-publiques-garantia-de-millora-dels-serveis-dintermediacio-laboral\\\/#primaryimage\"},\"thumbnailUrl\":\"https:\\\/\\\/cfpmaresme.org\\\/wp-content\\\/uploads\\\/2019\\\/12\\\/cap\u00e7alera-2.png\",\"datePublished\":\"2019-12-12T13:24:38+00:00\",\"dateModified\":\"2020-10-23T12:19:06+00:00\",\"author\":{\"@id\":\"https:\\\/\\\/cfpmaresme.org\\\/#\\\/schema\\\/person\\\/b2634bcd796fafc667ea4055f61b9b2c\"},\"breadcrumb\":{\"@id\":\"https:\\\/\\\/cfpmaresme.org\\\/la-coordinacio-entre-entitats-i-institucions-publiques-garantia-de-millora-dels-serveis-dintermediacio-laboral\\\/#breadcrumb\"},\"inLanguage\":\"es\",\"potentialAction\":[{\"@type\":\"ReadAction\",\"target\":[\"https:\\\/\\\/cfpmaresme.org\\\/la-coordinacio-entre-entitats-i-institucions-publiques-garantia-de-millora-dels-serveis-dintermediacio-laboral\\\/\"]}]},{\"@type\":\"ImageObject\",\"inLanguage\":\"es\",\"@id\":\"https:\\\/\\\/cfpmaresme.org\\\/la-coordinacio-entre-entitats-i-institucions-publiques-garantia-de-millora-dels-serveis-dintermediacio-laboral\\\/#primaryimage\",\"url\":\"https:\\\/\\\/cfpmaresme.org\\\/wp-content\\\/uploads\\\/2019\\\/12\\\/cap\u00e7alera-2.png\",\"contentUrl\":\"https:\\\/\\\/cfpmaresme.org\\\/wp-content\\\/uploads\\\/2019\\\/12\\\/cap\u00e7alera-2.png\",\"width\":1465,\"height\":689},{\"@type\":\"BreadcrumbList\",\"@id\":\"https:\\\/\\\/cfpmaresme.org\\\/la-coordinacio-entre-entitats-i-institucions-publiques-garantia-de-millora-dels-serveis-dintermediacio-laboral\\\/#breadcrumb\",\"itemListElement\":[{\"@type\":\"ListItem\",\"position\":1,\"name\":\"Home\",\"item\":\"https:\\\/\\\/cfpmaresme.org\\\/es\\\/\"},{\"@type\":\"ListItem\",\"position\":2,\"name\":\"La importancia de la coordinaci\u00f3n entre entidades y instituciones p\u00fablicas en la Intermediaci\u00f3n Laboral\"}]},{\"@type\":\"WebSite\",\"@id\":\"https:\\\/\\\/cfpmaresme.org\\\/#website\",\"url\":\"https:\\\/\\\/cfpmaresme.org\\\/\",\"name\":\"CFP Maresme\",\"description\":\"Centre Formaci\u00f3 Prevenci\u00f3\",\"potentialAction\":[{\"@type\":\"SearchAction\",\"target\":{\"@type\":\"EntryPoint\",\"urlTemplate\":\"https:\\\/\\\/cfpmaresme.org\\\/?s={search_term_string}\"},\"query-input\":{\"@type\":\"PropertyValueSpecification\",\"valueRequired\":true,\"valueName\":\"search_term_string\"}}],\"inLanguage\":\"es\"},{\"@type\":\"Person\",\"@id\":\"https:\\\/\\\/cfpmaresme.org\\\/#\\\/schema\\\/person\\\/b2634bcd796fafc667ea4055f61b9b2c\",\"name\":\"CFPMaresme\"}]}<\/script>\n<!-- \/ Yoast SEO plugin. -->","yoast_head_json":{"title":"La importancia de la coordinaci\u00f3n entre entidades y instituciones p\u00fablicas en la Intermediaci\u00f3n Laboral | CFP Maresme","robots":{"index":"index","follow":"follow","max-snippet":"max-snippet:-1","max-image-preview":"max-image-preview:large","max-video-preview":"max-video-preview:-1"},"canonical":"https:\/\/cfpmaresme.org\/la-coordinacio-entre-entitats-i-institucions-publiques-garantia-de-millora-dels-serveis-dintermediacio-laboral\/","og_locale":"es_ES","og_type":"article","og_title":"La importancia de la coordinaci\u00f3n entre entidades y instituciones p\u00fablicas en la Intermediaci\u00f3n Laboral | CFP Maresme","og_description":"Los servicios de Formaci\u00f3n en Intermediaci\u00f3n Laboral del CFP se centran en orientar, acompa\u00f1ar y dar soporte de forma integral a colectivos que tienen dificultades para acceder al \u00e1mbito de trabajo a trav\u00e9s de distintos programas. La coordinaci\u00f3n con entidades p\u00fablicas centradas en gestionar este...","og_url":"https:\/\/cfpmaresme.org\/la-coordinacio-entre-entitats-i-institucions-publiques-garantia-de-millora-dels-serveis-dintermediacio-laboral\/","og_site_name":"CFP Maresme","article_published_time":"2019-12-12T13:24:38+00:00","article_modified_time":"2020-10-23T12:19:06+00:00","og_image":[{"width":1465,"height":689,"url":"https:\/\/cfpmaresme.org\/wp-content\/uploads\/2019\/12\/cap\u00e7alera-2.png","type":"image\/png"}],"author":"CFPMaresme","twitter_card":"summary_large_image","twitter_creator":"@cfpmaresme","twitter_site":"@cfpmaresme","twitter_misc":{"Escrito por":"CFPMaresme","Tiempo de lectura":"2 minutos"},"schema":{"@context":"https:\/\/schema.org","@graph":[{"@type":"Article","@id":"https:\/\/cfpmaresme.org\/la-coordinacio-entre-entitats-i-institucions-publiques-garantia-de-millora-dels-serveis-dintermediacio-laboral\/#article","isPartOf":{"@id":"https:\/\/cfpmaresme.org\/la-coordinacio-entre-entitats-i-institucions-publiques-garantia-de-millora-dels-serveis-dintermediacio-laboral\/"},"author":{"name":"CFPMaresme","@id":"https:\/\/cfpmaresme.org\/#\/schema\/person\/b2634bcd796fafc667ea4055f61b9b2c"},"headline":"La importancia de la coordinaci\u00f3n entre entidades y instituciones p\u00fablicas en la Intermediaci\u00f3n Laboral","datePublished":"2019-12-12T13:24:38+00:00","dateModified":"2020-10-23T12:19:06+00:00","mainEntityOfPage":{"@id":"https:\/\/cfpmaresme.org\/la-coordinacio-entre-entitats-i-institucions-publiques-garantia-de-millora-dels-serveis-dintermediacio-laboral\/"},"wordCount":487,"commentCount":0,"image":{"@id":"https:\/\/cfpmaresme.org\/la-coordinacio-entre-entitats-i-institucions-publiques-garantia-de-millora-dels-serveis-dintermediacio-laboral\/#primaryimage"},"thumbnailUrl":"https:\/\/cfpmaresme.org\/wp-content\/uploads\/2019\/12\/cap\u00e7alera-2.png","articleSection":["Formaci\u00f3n e Intermediaci\u00f3n Laboral"],"inLanguage":"es"},{"@type":"WebPage","@id":"https:\/\/cfpmaresme.org\/la-coordinacio-entre-entitats-i-institucions-publiques-garantia-de-millora-dels-serveis-dintermediacio-laboral\/","url":"https:\/\/cfpmaresme.org\/la-coordinacio-entre-entitats-i-institucions-publiques-garantia-de-millora-dels-serveis-dintermediacio-laboral\/","name":"La importancia de la coordinaci\u00f3n entre entidades y instituciones p\u00fablicas en la Intermediaci\u00f3n Laboral | CFP Maresme","isPartOf":{"@id":"https:\/\/cfpmaresme.org\/#website"},"primaryImageOfPage":{"@id":"https:\/\/cfpmaresme.org\/la-coordinacio-entre-entitats-i-institucions-publiques-garantia-de-millora-dels-serveis-dintermediacio-laboral\/#primaryimage"},"image":{"@id":"https:\/\/cfpmaresme.org\/la-coordinacio-entre-entitats-i-institucions-publiques-garantia-de-millora-dels-serveis-dintermediacio-laboral\/#primaryimage"},"thumbnailUrl":"https:\/\/cfpmaresme.org\/wp-content\/uploads\/2019\/12\/cap\u00e7alera-2.png","datePublished":"2019-12-12T13:24:38+00:00","dateModified":"2020-10-23T12:19:06+00:00","author":{"@id":"https:\/\/cfpmaresme.org\/#\/schema\/person\/b2634bcd796fafc667ea4055f61b9b2c"},"breadcrumb":{"@id":"https:\/\/cfpmaresme.org\/la-coordinacio-entre-entitats-i-institucions-publiques-garantia-de-millora-dels-serveis-dintermediacio-laboral\/#breadcrumb"},"inLanguage":"es","potentialAction":[{"@type":"ReadAction","target":["https:\/\/cfpmaresme.org\/la-coordinacio-entre-entitats-i-institucions-publiques-garantia-de-millora-dels-serveis-dintermediacio-laboral\/"]}]},{"@type":"ImageObject","inLanguage":"es","@id":"https:\/\/cfpmaresme.org\/la-coordinacio-entre-entitats-i-institucions-publiques-garantia-de-millora-dels-serveis-dintermediacio-laboral\/#primaryimage","url":"https:\/\/cfpmaresme.org\/wp-content\/uploads\/2019\/12\/cap\u00e7alera-2.png","contentUrl":"https:\/\/cfpmaresme.org\/wp-content\/uploads\/2019\/12\/cap\u00e7alera-2.png","width":1465,"height":689},{"@type":"BreadcrumbList","@id":"https:\/\/cfpmaresme.org\/la-coordinacio-entre-entitats-i-institucions-publiques-garantia-de-millora-dels-serveis-dintermediacio-laboral\/#breadcrumb","itemListElement":[{"@type":"ListItem","position":1,"name":"Home","item":"https:\/\/cfpmaresme.org\/es\/"},{"@type":"ListItem","position":2,"name":"La importancia de la coordinaci\u00f3n entre entidades y instituciones p\u00fablicas en la Intermediaci\u00f3n Laboral"}]},{"@type":"WebSite","@id":"https:\/\/cfpmaresme.org\/#website","url":"https:\/\/cfpmaresme.org\/","name":"CFP Maresme","description":"Centre Formaci\u00f3 Prevenci\u00f3","potentialAction":[{"@type":"SearchAction","target":{"@type":"EntryPoint","urlTemplate":"https:\/\/cfpmaresme.org\/?s={search_term_string}"},"query-input":{"@type":"PropertyValueSpecification","valueRequired":true,"valueName":"search_term_string"}}],"inLanguage":"es"},{"@type":"Person","@id":"https:\/\/cfpmaresme.org\/#\/schema\/person\/b2634bcd796fafc667ea4055f61b9b2c","name":"CFPMaresme"}]}},"_links":{"self":[{"href":"https:\/\/cfpmaresme.org\/es\/wp-json\/wp\/v2\/posts\/18541","targetHints":{"allow":["GET"]}}],"collection":[{"href":"https:\/\/cfpmaresme.org\/es\/wp-json\/wp\/v2\/posts"}],"about":[{"href":"https:\/\/cfpmaresme.org\/es\/wp-json\/wp\/v2\/types\/post"}],"author":[{"embeddable":true,"href":"https:\/\/cfpmaresme.org\/es\/wp-json\/wp\/v2\/users\/2"}],"replies":[{"embeddable":true,"href":"https:\/\/cfpmaresme.org\/es\/wp-json\/wp\/v2\/comments?post=18541"}],"version-history":[{"count":1,"href":"https:\/\/cfpmaresme.org\/es\/wp-json\/wp\/v2\/posts\/18541\/revisions"}],"predecessor-version":[{"id":18542,"href":"https:\/\/cfpmaresme.org\/es\/wp-json\/wp\/v2\/posts\/18541\/revisions\/18542"}],"wp:featuredmedia":[{"embeddable":true,"href":"https:\/\/cfpmaresme.org\/es\/wp-json\/wp\/v2\/media\/18539"}],"wp:attachment":[{"href":"https:\/\/cfpmaresme.org\/es\/wp-json\/wp\/v2\/media?parent=18541"}],"wp:term":[{"taxonomy":"category","embeddable":true,"href":"https:\/\/cfpmaresme.org\/es\/wp-json\/wp\/v2\/categories?post=18541"},{"taxonomy":"post_tag","embeddable":true,"href":"https:\/\/cfpmaresme.org\/es\/wp-json\/wp\/v2\/tags?post=18541"}],"curies":[{"name":"wp","href":"https:\/\/api.w.org\/{rel}","templated":true}]}}