{"id":18614,"date":"2019-12-18T13:33:21","date_gmt":"2019-12-18T11:33:21","guid":{"rendered":"https:\/\/www.cfpmaresme.org\/?p=18614"},"modified":"2020-11-03T15:18:13","modified_gmt":"2020-11-03T13:18:13","slug":"asistencia-a-la-mesa-redonda-se-puede-hacer-periodismo-e-infoshow-a-la-vez","status":"publish","type":"post","link":"https:\/\/cfpmaresme.org\/es\/asistencia-a-la-mesa-redonda-se-puede-hacer-periodismo-e-infoshow-a-la-vez\/","title":{"rendered":"Asistencia a la mesa redonda \u00ab\u00bfSe puede hacer periodismo e Infoshow a la vez?\u00bb"},"content":{"rendered":"<p>La <a href=\"https:\/\/acciosocial.org\/agencia-de-comunicacio-social\/\" target=\"_blank\" rel=\"noopener noreferrer\">Ag\u00e8ncia de Comunicaci\u00f3 Social \u00a0<\/a>ha celebrado recientemente su <strong>d\u00e9cimo aniversario<\/strong>. En este contexto, organiz\u00f3 una mesa redonda con periodistas de prestigio en la que se plante\u00f3 si \u00ab\u00bfSe puede hacer buen periodismo e Infoshow a la vez?\u00bb Un debate muy interesante para todos los miembros de departamentos de comunicaci\u00f3n de entidades que asistimos.<\/p>\n<p>Sobre el punto de partida de la mesa redonda, Helena L\u00f3pez, periodista especializada en movimientos sociales y vecinales en el<a href=\"https:\/\/www.elperiodico.cat\/ca\/\" target=\"_blank\" rel=\"noopener noreferrer\"> Peri\u00f3dico de Catalunya<\/a>\u00a0 puso sobre la mesa la <strong>necesidad de hacer atractiva una noticia<\/strong>, que no entretenimiento, para que tenga una posici\u00f3n visible en el diario y para que los lectores se paren a leerla. En palabras suyas \u201cTenemos la obligaci\u00f3n de hacer periodismo atractivo para llegar a la gente y para donar voz a los colectivos\u00bb.<\/p>\n<p>Albert Om, que actualmente dirige el<a href=\"https:\/\/www.rac1.cat\/a-la-carta\/islandia\" target=\"_blank\" rel=\"noopener noreferrer\"> programa Isl\u00e0ndia<\/a>, coment\u00f3 que \u201cla respuesta a la pregunta de la mesa redonda es depende de qui\u00e9n lo haga y c\u00f3mo lo haga\u201d.\u00a0 Y reflexion\u00f3 sobre el hecho de que asimilar informaci\u00f3n a algo bien hecho y entretenimiento a mal hecho es un error. Y a\u00f1adi\u00f3 \u00abSi no os entretengo, os voy a aburrir y no me vais a escuchar\u00bb.<\/p>\n<p>Otro tema que se trat\u00f3 fue la relaci\u00f3n entre medios de comunicaci\u00f3n y entidades. Por un lado, Montse Armengou, directora de <a href=\"https:\/\/www.ccma.cat\/tv3\/sense-ficcio\/\" target=\"_blank\" rel=\"noopener noreferrer\">Sense Ficci\u00f3<\/a> coment\u00f3 que hay temas que las entidades piden que se visualicen pero que todav\u00eda no es el momento ya que \u201cNi la gente est\u00e1 madura, ni el tema saturado\u201d.<\/p>\n<p>Montse Armengou y Albert Om se mostraron de acuerdo en que muchas veces hay mucha protecci\u00f3n de las entidades hacia usuarios\/as. Om, en este sentido, quiso dar dos mensajes. El primero, que la mayor\u00eda son buenos periodistas. Y, el segundo, que las historias no las sacan todas de entidades, mostrando que no les llegan tantas propuestas como podr\u00edamos pensar.<\/p>\n<p>Armengou quiso a\u00f1adir que <strong>las entidades los ayudan mucho a tener un mosaico de personas <\/strong>a las que entrevistar siempre que hacen un tema. Por \u00faltimo, Om quiso poner el tono de humor coment\u00e1ndonos a las entidades que si queremos hacer una propuesta \u00abHuyamos del d\u00eda internacional de&#8230;\u00bb Un tema muy presente en el sector social, como en tantos otros.<\/p>\n<p>Con todo, un debate interesante para todos los profesionales de la comunicaci\u00f3n social y una gran iniciativa para celebrar el d\u00e9cimo aniversario de la Agencia de Acci\u00f3n Social.<\/p>\n<p>&nbsp;<\/p>\n<p>&nbsp;<\/p>\n","protected":false},"excerpt":{"rendered":"<p>La Ag\u00e8ncia de Comunicaci\u00f3 Social \u00a0ha celebrado recientemente su d\u00e9cimo aniversario. En este contexto, organiz\u00f3 una mesa redonda con periodistas de prestigio en la que se plante\u00f3 si \u00ab\u00bfSe puede hacer buen periodismo e Infoshow a la vez?\u00bb Un debate muy interesante para todos los&#8230;<\/p>\n","protected":false},"author":2,"featured_media":18611,"comment_status":"open","ping_status":"open","sticky":false,"template":"","format":"standard","meta":{"footnotes":""},"categories":[1187],"tags":[],"class_list":["post-18614","post","type-post","status-publish","format-standard","has-post-thumbnail","hentry","category-cfp-maresme-es"],"yoast_head":"<!-- This site is optimized with the Yoast SEO plugin v27.4 - https:\/\/yoast.com\/product\/yoast-seo-wordpress\/ -->\n<title>Asistencia a la mesa redonda &quot;\u00bfSe puede hacer periodismo e Infoshow a la vez?&quot; | CFP Maresme<\/title>\n<meta name=\"robots\" content=\"index, follow, max-snippet:-1, max-image-preview:large, max-video-preview:-1\" \/>\n<link rel=\"canonical\" href=\"https:\/\/cfpmaresme.org\/es\/asistencia-a-la-mesa-redonda-se-puede-hacer-periodismo-e-infoshow-a-la-vez\/\" \/>\n<meta property=\"og:locale\" content=\"es_ES\" \/>\n<meta property=\"og:type\" content=\"article\" \/>\n<meta property=\"og:title\" content=\"Asistencia a la mesa redonda &quot;\u00bfSe puede hacer periodismo e Infoshow a la vez?&quot; | CFP Maresme\" \/>\n<meta property=\"og:description\" content=\"La Ag\u00e8ncia de Comunicaci\u00f3 Social \u00a0ha celebrado recientemente su d\u00e9cimo aniversario. En este contexto, organiz\u00f3 una mesa redonda con periodistas de prestigio en la que se plante\u00f3 si \u00ab\u00bfSe puede hacer buen periodismo e Infoshow a la vez?\u00bb Un debate muy interesante para todos los...\" \/>\n<meta property=\"og:url\" content=\"https:\/\/cfpmaresme.org\/es\/asistencia-a-la-mesa-redonda-se-puede-hacer-periodismo-e-infoshow-a-la-vez\/\" \/>\n<meta property=\"og:site_name\" content=\"CFP Maresme\" \/>\n<meta property=\"article:published_time\" content=\"2019-12-18T11:33:21+00:00\" \/>\n<meta property=\"article:modified_time\" content=\"2020-11-03T13:18:13+00:00\" \/>\n<meta property=\"og:image\" content=\"https:\/\/cfpmaresme.org\/wp-content\/uploads\/2019\/12\/publicar-1.png\" \/>\n\t<meta property=\"og:image:width\" content=\"933\" \/>\n\t<meta property=\"og:image:height\" content=\"528\" \/>\n\t<meta property=\"og:image:type\" content=\"image\/png\" \/>\n<meta name=\"author\" content=\"CFPMaresme\" \/>\n<meta name=\"twitter:card\" content=\"summary_large_image\" \/>\n<meta name=\"twitter:creator\" content=\"@cfpmaresme\" \/>\n<meta name=\"twitter:site\" content=\"@cfpmaresme\" \/>\n<meta name=\"twitter:label1\" content=\"Escrito por\" \/>\n\t<meta name=\"twitter:data1\" content=\"CFPMaresme\" \/>\n\t<meta name=\"twitter:label2\" content=\"Tiempo de lectura\" \/>\n\t<meta name=\"twitter:data2\" content=\"2 minutos\" \/>\n<script type=\"application\/ld+json\" class=\"yoast-schema-graph\">{\"@context\":\"https:\\\/\\\/schema.org\",\"@graph\":[{\"@type\":\"Article\",\"@id\":\"https:\\\/\\\/cfpmaresme.org\\\/es\\\/asistencia-a-la-mesa-redonda-se-puede-hacer-periodismo-e-infoshow-a-la-vez\\\/#article\",\"isPartOf\":{\"@id\":\"https:\\\/\\\/cfpmaresme.org\\\/es\\\/asistencia-a-la-mesa-redonda-se-puede-hacer-periodismo-e-infoshow-a-la-vez\\\/\"},\"author\":{\"name\":\"CFPMaresme\",\"@id\":\"https:\\\/\\\/cfpmaresme.org\\\/#\\\/schema\\\/person\\\/b2634bcd796fafc667ea4055f61b9b2c\"},\"headline\":\"Asistencia a la mesa redonda \u00ab\u00bfSe puede hacer periodismo e Infoshow a la vez?\u00bb\",\"datePublished\":\"2019-12-18T11:33:21+00:00\",\"dateModified\":\"2020-11-03T13:18:13+00:00\",\"mainEntityOfPage\":{\"@id\":\"https:\\\/\\\/cfpmaresme.org\\\/es\\\/asistencia-a-la-mesa-redonda-se-puede-hacer-periodismo-e-infoshow-a-la-vez\\\/\"},\"wordCount\":437,\"commentCount\":0,\"image\":{\"@id\":\"https:\\\/\\\/cfpmaresme.org\\\/es\\\/asistencia-a-la-mesa-redonda-se-puede-hacer-periodismo-e-infoshow-a-la-vez\\\/#primaryimage\"},\"thumbnailUrl\":\"https:\\\/\\\/cfpmaresme.org\\\/wp-content\\\/uploads\\\/2019\\\/12\\\/publicar-1.png\",\"articleSection\":[\"CFP Maresme\"],\"inLanguage\":\"es\"},{\"@type\":\"WebPage\",\"@id\":\"https:\\\/\\\/cfpmaresme.org\\\/es\\\/asistencia-a-la-mesa-redonda-se-puede-hacer-periodismo-e-infoshow-a-la-vez\\\/\",\"url\":\"https:\\\/\\\/cfpmaresme.org\\\/es\\\/asistencia-a-la-mesa-redonda-se-puede-hacer-periodismo-e-infoshow-a-la-vez\\\/\",\"name\":\"Asistencia a la mesa redonda \\\"\u00bfSe puede hacer periodismo e Infoshow a la vez?\\\" | CFP Maresme\",\"isPartOf\":{\"@id\":\"https:\\\/\\\/cfpmaresme.org\\\/#website\"},\"primaryImageOfPage\":{\"@id\":\"https:\\\/\\\/cfpmaresme.org\\\/es\\\/asistencia-a-la-mesa-redonda-se-puede-hacer-periodismo-e-infoshow-a-la-vez\\\/#primaryimage\"},\"image\":{\"@id\":\"https:\\\/\\\/cfpmaresme.org\\\/es\\\/asistencia-a-la-mesa-redonda-se-puede-hacer-periodismo-e-infoshow-a-la-vez\\\/#primaryimage\"},\"thumbnailUrl\":\"https:\\\/\\\/cfpmaresme.org\\\/wp-content\\\/uploads\\\/2019\\\/12\\\/publicar-1.png\",\"datePublished\":\"2019-12-18T11:33:21+00:00\",\"dateModified\":\"2020-11-03T13:18:13+00:00\",\"author\":{\"@id\":\"https:\\\/\\\/cfpmaresme.org\\\/#\\\/schema\\\/person\\\/b2634bcd796fafc667ea4055f61b9b2c\"},\"breadcrumb\":{\"@id\":\"https:\\\/\\\/cfpmaresme.org\\\/es\\\/asistencia-a-la-mesa-redonda-se-puede-hacer-periodismo-e-infoshow-a-la-vez\\\/#breadcrumb\"},\"inLanguage\":\"es\",\"potentialAction\":[{\"@type\":\"ReadAction\",\"target\":[\"https:\\\/\\\/cfpmaresme.org\\\/es\\\/asistencia-a-la-mesa-redonda-se-puede-hacer-periodismo-e-infoshow-a-la-vez\\\/\"]}]},{\"@type\":\"ImageObject\",\"inLanguage\":\"es\",\"@id\":\"https:\\\/\\\/cfpmaresme.org\\\/es\\\/asistencia-a-la-mesa-redonda-se-puede-hacer-periodismo-e-infoshow-a-la-vez\\\/#primaryimage\",\"url\":\"https:\\\/\\\/cfpmaresme.org\\\/wp-content\\\/uploads\\\/2019\\\/12\\\/publicar-1.png\",\"contentUrl\":\"https:\\\/\\\/cfpmaresme.org\\\/wp-content\\\/uploads\\\/2019\\\/12\\\/publicar-1.png\",\"width\":933,\"height\":528},{\"@type\":\"BreadcrumbList\",\"@id\":\"https:\\\/\\\/cfpmaresme.org\\\/es\\\/asistencia-a-la-mesa-redonda-se-puede-hacer-periodismo-e-infoshow-a-la-vez\\\/#breadcrumb\",\"itemListElement\":[{\"@type\":\"ListItem\",\"position\":1,\"name\":\"Home\",\"item\":\"https:\\\/\\\/cfpmaresme.org\\\/es\\\/\"},{\"@type\":\"ListItem\",\"position\":2,\"name\":\"Asistencia a la mesa redonda \u00ab\u00bfSe puede hacer periodismo e Infoshow a la vez?\u00bb\"}]},{\"@type\":\"WebSite\",\"@id\":\"https:\\\/\\\/cfpmaresme.org\\\/#website\",\"url\":\"https:\\\/\\\/cfpmaresme.org\\\/\",\"name\":\"CFP Maresme\",\"description\":\"Centre Formaci\u00f3 Prevenci\u00f3\",\"potentialAction\":[{\"@type\":\"SearchAction\",\"target\":{\"@type\":\"EntryPoint\",\"urlTemplate\":\"https:\\\/\\\/cfpmaresme.org\\\/?s={search_term_string}\"},\"query-input\":{\"@type\":\"PropertyValueSpecification\",\"valueRequired\":true,\"valueName\":\"search_term_string\"}}],\"inLanguage\":\"es\"},{\"@type\":\"Person\",\"@id\":\"https:\\\/\\\/cfpmaresme.org\\\/#\\\/schema\\\/person\\\/b2634bcd796fafc667ea4055f61b9b2c\",\"name\":\"CFPMaresme\"}]}<\/script>\n<!-- \/ Yoast SEO plugin. -->","yoast_head_json":{"title":"Asistencia a la mesa redonda \"\u00bfSe puede hacer periodismo e Infoshow a la vez?\" | CFP Maresme","robots":{"index":"index","follow":"follow","max-snippet":"max-snippet:-1","max-image-preview":"max-image-preview:large","max-video-preview":"max-video-preview:-1"},"canonical":"https:\/\/cfpmaresme.org\/es\/asistencia-a-la-mesa-redonda-se-puede-hacer-periodismo-e-infoshow-a-la-vez\/","og_locale":"es_ES","og_type":"article","og_title":"Asistencia a la mesa redonda \"\u00bfSe puede hacer periodismo e Infoshow a la vez?\" | CFP Maresme","og_description":"La Ag\u00e8ncia de Comunicaci\u00f3 Social \u00a0ha celebrado recientemente su d\u00e9cimo aniversario. En este contexto, organiz\u00f3 una mesa redonda con periodistas de prestigio en la que se plante\u00f3 si \u00ab\u00bfSe puede hacer buen periodismo e Infoshow a la vez?\u00bb Un debate muy interesante para todos los...","og_url":"https:\/\/cfpmaresme.org\/es\/asistencia-a-la-mesa-redonda-se-puede-hacer-periodismo-e-infoshow-a-la-vez\/","og_site_name":"CFP Maresme","article_published_time":"2019-12-18T11:33:21+00:00","article_modified_time":"2020-11-03T13:18:13+00:00","og_image":[{"width":933,"height":528,"url":"https:\/\/cfpmaresme.org\/wp-content\/uploads\/2019\/12\/publicar-1.png","type":"image\/png"}],"author":"CFPMaresme","twitter_card":"summary_large_image","twitter_creator":"@cfpmaresme","twitter_site":"@cfpmaresme","twitter_misc":{"Escrito por":"CFPMaresme","Tiempo de lectura":"2 minutos"},"schema":{"@context":"https:\/\/schema.org","@graph":[{"@type":"Article","@id":"https:\/\/cfpmaresme.org\/es\/asistencia-a-la-mesa-redonda-se-puede-hacer-periodismo-e-infoshow-a-la-vez\/#article","isPartOf":{"@id":"https:\/\/cfpmaresme.org\/es\/asistencia-a-la-mesa-redonda-se-puede-hacer-periodismo-e-infoshow-a-la-vez\/"},"author":{"name":"CFPMaresme","@id":"https:\/\/cfpmaresme.org\/#\/schema\/person\/b2634bcd796fafc667ea4055f61b9b2c"},"headline":"Asistencia a la mesa redonda \u00ab\u00bfSe puede hacer periodismo e Infoshow a la vez?\u00bb","datePublished":"2019-12-18T11:33:21+00:00","dateModified":"2020-11-03T13:18:13+00:00","mainEntityOfPage":{"@id":"https:\/\/cfpmaresme.org\/es\/asistencia-a-la-mesa-redonda-se-puede-hacer-periodismo-e-infoshow-a-la-vez\/"},"wordCount":437,"commentCount":0,"image":{"@id":"https:\/\/cfpmaresme.org\/es\/asistencia-a-la-mesa-redonda-se-puede-hacer-periodismo-e-infoshow-a-la-vez\/#primaryimage"},"thumbnailUrl":"https:\/\/cfpmaresme.org\/wp-content\/uploads\/2019\/12\/publicar-1.png","articleSection":["CFP Maresme"],"inLanguage":"es"},{"@type":"WebPage","@id":"https:\/\/cfpmaresme.org\/es\/asistencia-a-la-mesa-redonda-se-puede-hacer-periodismo-e-infoshow-a-la-vez\/","url":"https:\/\/cfpmaresme.org\/es\/asistencia-a-la-mesa-redonda-se-puede-hacer-periodismo-e-infoshow-a-la-vez\/","name":"Asistencia a la mesa redonda \"\u00bfSe puede hacer periodismo e Infoshow a la vez?\" | CFP Maresme","isPartOf":{"@id":"https:\/\/cfpmaresme.org\/#website"},"primaryImageOfPage":{"@id":"https:\/\/cfpmaresme.org\/es\/asistencia-a-la-mesa-redonda-se-puede-hacer-periodismo-e-infoshow-a-la-vez\/#primaryimage"},"image":{"@id":"https:\/\/cfpmaresme.org\/es\/asistencia-a-la-mesa-redonda-se-puede-hacer-periodismo-e-infoshow-a-la-vez\/#primaryimage"},"thumbnailUrl":"https:\/\/cfpmaresme.org\/wp-content\/uploads\/2019\/12\/publicar-1.png","datePublished":"2019-12-18T11:33:21+00:00","dateModified":"2020-11-03T13:18:13+00:00","author":{"@id":"https:\/\/cfpmaresme.org\/#\/schema\/person\/b2634bcd796fafc667ea4055f61b9b2c"},"breadcrumb":{"@id":"https:\/\/cfpmaresme.org\/es\/asistencia-a-la-mesa-redonda-se-puede-hacer-periodismo-e-infoshow-a-la-vez\/#breadcrumb"},"inLanguage":"es","potentialAction":[{"@type":"ReadAction","target":["https:\/\/cfpmaresme.org\/es\/asistencia-a-la-mesa-redonda-se-puede-hacer-periodismo-e-infoshow-a-la-vez\/"]}]},{"@type":"ImageObject","inLanguage":"es","@id":"https:\/\/cfpmaresme.org\/es\/asistencia-a-la-mesa-redonda-se-puede-hacer-periodismo-e-infoshow-a-la-vez\/#primaryimage","url":"https:\/\/cfpmaresme.org\/wp-content\/uploads\/2019\/12\/publicar-1.png","contentUrl":"https:\/\/cfpmaresme.org\/wp-content\/uploads\/2019\/12\/publicar-1.png","width":933,"height":528},{"@type":"BreadcrumbList","@id":"https:\/\/cfpmaresme.org\/es\/asistencia-a-la-mesa-redonda-se-puede-hacer-periodismo-e-infoshow-a-la-vez\/#breadcrumb","itemListElement":[{"@type":"ListItem","position":1,"name":"Home","item":"https:\/\/cfpmaresme.org\/es\/"},{"@type":"ListItem","position":2,"name":"Asistencia a la mesa redonda \u00ab\u00bfSe puede hacer periodismo e Infoshow a la vez?\u00bb"}]},{"@type":"WebSite","@id":"https:\/\/cfpmaresme.org\/#website","url":"https:\/\/cfpmaresme.org\/","name":"CFP Maresme","description":"Centre Formaci\u00f3 Prevenci\u00f3","potentialAction":[{"@type":"SearchAction","target":{"@type":"EntryPoint","urlTemplate":"https:\/\/cfpmaresme.org\/?s={search_term_string}"},"query-input":{"@type":"PropertyValueSpecification","valueRequired":true,"valueName":"search_term_string"}}],"inLanguage":"es"},{"@type":"Person","@id":"https:\/\/cfpmaresme.org\/#\/schema\/person\/b2634bcd796fafc667ea4055f61b9b2c","name":"CFPMaresme"}]}},"_links":{"self":[{"href":"https:\/\/cfpmaresme.org\/es\/wp-json\/wp\/v2\/posts\/18614","targetHints":{"allow":["GET"]}}],"collection":[{"href":"https:\/\/cfpmaresme.org\/es\/wp-json\/wp\/v2\/posts"}],"about":[{"href":"https:\/\/cfpmaresme.org\/es\/wp-json\/wp\/v2\/types\/post"}],"author":[{"embeddable":true,"href":"https:\/\/cfpmaresme.org\/es\/wp-json\/wp\/v2\/users\/2"}],"replies":[{"embeddable":true,"href":"https:\/\/cfpmaresme.org\/es\/wp-json\/wp\/v2\/comments?post=18614"}],"version-history":[{"count":9,"href":"https:\/\/cfpmaresme.org\/es\/wp-json\/wp\/v2\/posts\/18614\/revisions"}],"predecessor-version":[{"id":18623,"href":"https:\/\/cfpmaresme.org\/es\/wp-json\/wp\/v2\/posts\/18614\/revisions\/18623"}],"wp:featuredmedia":[{"embeddable":true,"href":"https:\/\/cfpmaresme.org\/es\/wp-json\/wp\/v2\/media\/18611"}],"wp:attachment":[{"href":"https:\/\/cfpmaresme.org\/es\/wp-json\/wp\/v2\/media?parent=18614"}],"wp:term":[{"taxonomy":"category","embeddable":true,"href":"https:\/\/cfpmaresme.org\/es\/wp-json\/wp\/v2\/categories?post=18614"},{"taxonomy":"post_tag","embeddable":true,"href":"https:\/\/cfpmaresme.org\/es\/wp-json\/wp\/v2\/tags?post=18614"}],"curies":[{"name":"wp","href":"https:\/\/api.w.org\/{rel}","templated":true}]}}