{"id":18624,"date":"2019-12-16T12:40:45","date_gmt":"2019-12-16T10:40:45","guid":{"rendered":"https:\/\/www.cfpmaresme.org\/?p=18624"},"modified":"2020-11-03T15:19:01","modified_gmt":"2020-11-03T13:19:01","slug":"usuaris-es-del-cfp-participen-a-la-fira-de-premia-de-mar-per-recaptar-diners-per-la-marato-de-tv3","status":"publish","type":"post","link":"https:\/\/cfpmaresme.org\/es\/usuaris-es-del-cfp-participen-a-la-fira-de-premia-de-mar-per-recaptar-diners-per-la-marato-de-tv3\/","title":{"rendered":"Usuarios\/as del CFP se solidarizan con La Marat\u00f3 de TV3"},"content":{"rendered":"<p>La <a href=\"https:\/\/www.ccma.cat\/tv3\/marato\/es\/2019\/230\/\" target=\"_blank\" rel=\"noopener noreferrer\">Marat\u00f3 de TV3<\/a> de este a\u00f1o que tuvo lugar el 15 de diciembre se dedic\u00f3 a las Enfermedades Minoritarias. Entidades y personas de todo el territorio se solidarizaron ideando <strong>iniciativas para recaptar dinero<\/strong> para La Marat\u00f3.<\/p>\n<p>Los usuarios\/as del CFP se solidarizaron con la causa e hicieron su aportaci\u00f3n a trav\u00e9s de una<strong> paradita en la feria<\/strong> que se organiz\u00f3 en Premi\u00e0 de Mar para recaptar beneficios para La Marat\u00f3. Concretamente, usuarios\/as del <a href=\"\/?page_id=16510\" target=\"_blank\" rel=\"noopener noreferrer\">Servicio de Rehabilitaci\u00f3n Comunitaria (SRC) Burriac<\/a> de la actividad Espai Art y de <a href=\"http:\/\/programaalterarte.blogspot.com\/\" target=\"_blank\" rel=\"noopener noreferrer\">Alterarte<\/a>. Ambos programas trabajan la expresi\u00f3n art\u00edstica a trav\u00e9s de propuestas variadas y utilizan el arte como herramienta de expresi\u00f3n personal.<\/p>\n<p>As\u00ed, en la paradita vendieron adornos y postales navide\u00f1as, manualidades hechas con Scrapbook, piezas de Patchwork y pasteles. Adem\u00e1s, prepararon un taller para ni\u00f1os de creaci\u00f3n de un t\u00edtere. Los compa\u00f1eros de radio Bricura los entrevistaron para saber como hab\u00edan vivido la experiencia.<\/p>\n<p>Una ma\u00f1ana de <strong>arte y solidaridad para La Marat\u00f3<\/strong> a la que el CFP puso su granito de arena para la investigaci\u00f3n para las enfermedades minoritarias.<\/p>\n<p>&nbsp;<\/p>\n<p><img loading=\"lazy\" decoding=\"async\" class=\"alignleft wp-image-18629\" src=\"https:\/\/www.cfpmaresme.org\/wp-content\/uploads\/2019\/12\/Publicar-1024x683.jpg\" alt=\"\" width=\"840\" height=\"560\" srcset=\"https:\/\/cfpmaresme.org\/wp-content\/uploads\/2019\/12\/Publicar-1024x683.jpg 1024w, https:\/\/cfpmaresme.org\/wp-content\/uploads\/2019\/12\/Publicar-300x200.jpg 300w, https:\/\/cfpmaresme.org\/wp-content\/uploads\/2019\/12\/Publicar-768x512.jpg 768w, https:\/\/cfpmaresme.org\/wp-content\/uploads\/2019\/12\/Publicar-1536x1024.jpg 1536w, https:\/\/cfpmaresme.org\/wp-content\/uploads\/2019\/12\/Publicar-2048x1365.jpg 2048w, https:\/\/cfpmaresme.org\/wp-content\/uploads\/2019\/12\/Publicar-700x467.jpg 700w\" sizes=\"auto, (max-width: 840px) 100vw, 840px\" \/><\/p>\n<p>&nbsp;<\/p>\n<p>&nbsp;<\/p>\n","protected":false},"excerpt":{"rendered":"<p>La Marat\u00f3 de TV3 de este a\u00f1o que tuvo lugar el 15 de diciembre se dedic\u00f3 a las Enfermedades Minoritarias. Entidades y personas de todo el territorio se solidarizaron ideando iniciativas para recaptar dinero para La Marat\u00f3. Los usuarios\/as del CFP se solidarizaron con la&#8230;<\/p>\n","protected":false},"author":2,"featured_media":18625,"comment_status":"open","ping_status":"open","sticky":false,"template":"","format":"standard","meta":{"footnotes":""},"categories":[1199],"tags":[],"class_list":["post-18624","post","type-post","status-publish","format-standard","has-post-thumbnail","hentry","category-servicios-de-rehabilitacion-comunitaria"],"yoast_head":"<!-- This site is optimized with the Yoast SEO plugin v27.4 - https:\/\/yoast.com\/product\/yoast-seo-wordpress\/ -->\n<title>Usuarios\/as del CFP se solidarizan con La Marat\u00f3 de TV3 | CFP Maresme<\/title>\n<meta name=\"robots\" content=\"index, follow, max-snippet:-1, max-image-preview:large, max-video-preview:-1\" \/>\n<link rel=\"canonical\" href=\"https:\/\/cfpmaresme.org\/es\/usuaris-es-del-cfp-participen-a-la-fira-de-premia-de-mar-per-recaptar-diners-per-la-marato-de-tv3\/\" \/>\n<meta property=\"og:locale\" content=\"es_ES\" \/>\n<meta property=\"og:type\" content=\"article\" \/>\n<meta property=\"og:title\" content=\"Usuarios\/as del CFP se solidarizan con La Marat\u00f3 de TV3 | CFP Maresme\" \/>\n<meta property=\"og:description\" content=\"La Marat\u00f3 de TV3 de este a\u00f1o que tuvo lugar el 15 de diciembre se dedic\u00f3 a las Enfermedades Minoritarias. Entidades y personas de todo el territorio se solidarizaron ideando iniciativas para recaptar dinero para La Marat\u00f3. Los usuarios\/as del CFP se solidarizaron con la...\" \/>\n<meta property=\"og:url\" content=\"https:\/\/cfpmaresme.org\/es\/usuaris-es-del-cfp-participen-a-la-fira-de-premia-de-mar-per-recaptar-diners-per-la-marato-de-tv3\/\" \/>\n<meta property=\"og:site_name\" content=\"CFP Maresme\" \/>\n<meta property=\"article:published_time\" content=\"2019-12-16T10:40:45+00:00\" \/>\n<meta property=\"article:modified_time\" content=\"2020-11-03T13:19:01+00:00\" \/>\n<meta property=\"og:image\" content=\"https:\/\/cfpmaresme.org\/wp-content\/uploads\/2019\/12\/publicar-4-1024x469.png\" \/>\n\t<meta property=\"og:image:width\" content=\"1024\" \/>\n\t<meta property=\"og:image:height\" content=\"469\" \/>\n\t<meta property=\"og:image:type\" content=\"image\/png\" \/>\n<meta name=\"author\" content=\"CFPMaresme\" \/>\n<meta name=\"twitter:card\" content=\"summary_large_image\" \/>\n<meta name=\"twitter:creator\" content=\"@cfpmaresme\" \/>\n<meta name=\"twitter:site\" content=\"@cfpmaresme\" \/>\n<meta name=\"twitter:label1\" content=\"Escrito por\" \/>\n\t<meta name=\"twitter:data1\" content=\"CFPMaresme\" \/>\n\t<meta name=\"twitter:label2\" content=\"Tiempo de lectura\" \/>\n\t<meta name=\"twitter:data2\" content=\"1 minuto\" \/>\n<script type=\"application\/ld+json\" class=\"yoast-schema-graph\">{\"@context\":\"https:\\\/\\\/schema.org\",\"@graph\":[{\"@type\":\"Article\",\"@id\":\"https:\\\/\\\/cfpmaresme.org\\\/es\\\/usuaris-es-del-cfp-participen-a-la-fira-de-premia-de-mar-per-recaptar-diners-per-la-marato-de-tv3\\\/#article\",\"isPartOf\":{\"@id\":\"https:\\\/\\\/cfpmaresme.org\\\/es\\\/usuaris-es-del-cfp-participen-a-la-fira-de-premia-de-mar-per-recaptar-diners-per-la-marato-de-tv3\\\/\"},\"author\":{\"name\":\"CFPMaresme\",\"@id\":\"https:\\\/\\\/cfpmaresme.org\\\/#\\\/schema\\\/person\\\/b2634bcd796fafc667ea4055f61b9b2c\"},\"headline\":\"Usuarios\\\/as del CFP se solidarizan con La Marat\u00f3 de TV3\",\"datePublished\":\"2019-12-16T10:40:45+00:00\",\"dateModified\":\"2020-11-03T13:19:01+00:00\",\"mainEntityOfPage\":{\"@id\":\"https:\\\/\\\/cfpmaresme.org\\\/es\\\/usuaris-es-del-cfp-participen-a-la-fira-de-premia-de-mar-per-recaptar-diners-per-la-marato-de-tv3\\\/\"},\"wordCount\":209,\"commentCount\":0,\"image\":{\"@id\":\"https:\\\/\\\/cfpmaresme.org\\\/es\\\/usuaris-es-del-cfp-participen-a-la-fira-de-premia-de-mar-per-recaptar-diners-per-la-marato-de-tv3\\\/#primaryimage\"},\"thumbnailUrl\":\"https:\\\/\\\/cfpmaresme.org\\\/wp-content\\\/uploads\\\/2019\\\/12\\\/publicar-4.png\",\"articleSection\":[\"Servicios de Rehabilitaci\u00f3n Comunitaria\"],\"inLanguage\":\"es\"},{\"@type\":\"WebPage\",\"@id\":\"https:\\\/\\\/cfpmaresme.org\\\/es\\\/usuaris-es-del-cfp-participen-a-la-fira-de-premia-de-mar-per-recaptar-diners-per-la-marato-de-tv3\\\/\",\"url\":\"https:\\\/\\\/cfpmaresme.org\\\/es\\\/usuaris-es-del-cfp-participen-a-la-fira-de-premia-de-mar-per-recaptar-diners-per-la-marato-de-tv3\\\/\",\"name\":\"Usuarios\\\/as del CFP se solidarizan con La Marat\u00f3 de TV3 | CFP Maresme\",\"isPartOf\":{\"@id\":\"https:\\\/\\\/cfpmaresme.org\\\/#website\"},\"primaryImageOfPage\":{\"@id\":\"https:\\\/\\\/cfpmaresme.org\\\/es\\\/usuaris-es-del-cfp-participen-a-la-fira-de-premia-de-mar-per-recaptar-diners-per-la-marato-de-tv3\\\/#primaryimage\"},\"image\":{\"@id\":\"https:\\\/\\\/cfpmaresme.org\\\/es\\\/usuaris-es-del-cfp-participen-a-la-fira-de-premia-de-mar-per-recaptar-diners-per-la-marato-de-tv3\\\/#primaryimage\"},\"thumbnailUrl\":\"https:\\\/\\\/cfpmaresme.org\\\/wp-content\\\/uploads\\\/2019\\\/12\\\/publicar-4.png\",\"datePublished\":\"2019-12-16T10:40:45+00:00\",\"dateModified\":\"2020-11-03T13:19:01+00:00\",\"author\":{\"@id\":\"https:\\\/\\\/cfpmaresme.org\\\/#\\\/schema\\\/person\\\/b2634bcd796fafc667ea4055f61b9b2c\"},\"breadcrumb\":{\"@id\":\"https:\\\/\\\/cfpmaresme.org\\\/es\\\/usuaris-es-del-cfp-participen-a-la-fira-de-premia-de-mar-per-recaptar-diners-per-la-marato-de-tv3\\\/#breadcrumb\"},\"inLanguage\":\"es\",\"potentialAction\":[{\"@type\":\"ReadAction\",\"target\":[\"https:\\\/\\\/cfpmaresme.org\\\/es\\\/usuaris-es-del-cfp-participen-a-la-fira-de-premia-de-mar-per-recaptar-diners-per-la-marato-de-tv3\\\/\"]}]},{\"@type\":\"ImageObject\",\"inLanguage\":\"es\",\"@id\":\"https:\\\/\\\/cfpmaresme.org\\\/es\\\/usuaris-es-del-cfp-participen-a-la-fira-de-premia-de-mar-per-recaptar-diners-per-la-marato-de-tv3\\\/#primaryimage\",\"url\":\"https:\\\/\\\/cfpmaresme.org\\\/wp-content\\\/uploads\\\/2019\\\/12\\\/publicar-4.png\",\"contentUrl\":\"https:\\\/\\\/cfpmaresme.org\\\/wp-content\\\/uploads\\\/2019\\\/12\\\/publicar-4.png\",\"width\":1367,\"height\":626},{\"@type\":\"BreadcrumbList\",\"@id\":\"https:\\\/\\\/cfpmaresme.org\\\/es\\\/usuaris-es-del-cfp-participen-a-la-fira-de-premia-de-mar-per-recaptar-diners-per-la-marato-de-tv3\\\/#breadcrumb\",\"itemListElement\":[{\"@type\":\"ListItem\",\"position\":1,\"name\":\"Home\",\"item\":\"https:\\\/\\\/cfpmaresme.org\\\/es\\\/\"},{\"@type\":\"ListItem\",\"position\":2,\"name\":\"Usuarios\\\/as del CFP se solidarizan con La Marat\u00f3 de TV3\"}]},{\"@type\":\"WebSite\",\"@id\":\"https:\\\/\\\/cfpmaresme.org\\\/#website\",\"url\":\"https:\\\/\\\/cfpmaresme.org\\\/\",\"name\":\"CFP Maresme\",\"description\":\"Centre Formaci\u00f3 Prevenci\u00f3\",\"potentialAction\":[{\"@type\":\"SearchAction\",\"target\":{\"@type\":\"EntryPoint\",\"urlTemplate\":\"https:\\\/\\\/cfpmaresme.org\\\/?s={search_term_string}\"},\"query-input\":{\"@type\":\"PropertyValueSpecification\",\"valueRequired\":true,\"valueName\":\"search_term_string\"}}],\"inLanguage\":\"es\"},{\"@type\":\"Person\",\"@id\":\"https:\\\/\\\/cfpmaresme.org\\\/#\\\/schema\\\/person\\\/b2634bcd796fafc667ea4055f61b9b2c\",\"name\":\"CFPMaresme\"}]}<\/script>\n<!-- \/ Yoast SEO plugin. -->","yoast_head_json":{"title":"Usuarios\/as del CFP se solidarizan con La Marat\u00f3 de TV3 | CFP Maresme","robots":{"index":"index","follow":"follow","max-snippet":"max-snippet:-1","max-image-preview":"max-image-preview:large","max-video-preview":"max-video-preview:-1"},"canonical":"https:\/\/cfpmaresme.org\/es\/usuaris-es-del-cfp-participen-a-la-fira-de-premia-de-mar-per-recaptar-diners-per-la-marato-de-tv3\/","og_locale":"es_ES","og_type":"article","og_title":"Usuarios\/as del CFP se solidarizan con La Marat\u00f3 de TV3 | CFP Maresme","og_description":"La Marat\u00f3 de TV3 de este a\u00f1o que tuvo lugar el 15 de diciembre se dedic\u00f3 a las Enfermedades Minoritarias. Entidades y personas de todo el territorio se solidarizaron ideando iniciativas para recaptar dinero para La Marat\u00f3. Los usuarios\/as del CFP se solidarizaron con la...","og_url":"https:\/\/cfpmaresme.org\/es\/usuaris-es-del-cfp-participen-a-la-fira-de-premia-de-mar-per-recaptar-diners-per-la-marato-de-tv3\/","og_site_name":"CFP Maresme","article_published_time":"2019-12-16T10:40:45+00:00","article_modified_time":"2020-11-03T13:19:01+00:00","og_image":[{"width":1024,"height":469,"url":"https:\/\/cfpmaresme.org\/wp-content\/uploads\/2019\/12\/publicar-4-1024x469.png","type":"image\/png"}],"author":"CFPMaresme","twitter_card":"summary_large_image","twitter_creator":"@cfpmaresme","twitter_site":"@cfpmaresme","twitter_misc":{"Escrito por":"CFPMaresme","Tiempo de lectura":"1 minuto"},"schema":{"@context":"https:\/\/schema.org","@graph":[{"@type":"Article","@id":"https:\/\/cfpmaresme.org\/es\/usuaris-es-del-cfp-participen-a-la-fira-de-premia-de-mar-per-recaptar-diners-per-la-marato-de-tv3\/#article","isPartOf":{"@id":"https:\/\/cfpmaresme.org\/es\/usuaris-es-del-cfp-participen-a-la-fira-de-premia-de-mar-per-recaptar-diners-per-la-marato-de-tv3\/"},"author":{"name":"CFPMaresme","@id":"https:\/\/cfpmaresme.org\/#\/schema\/person\/b2634bcd796fafc667ea4055f61b9b2c"},"headline":"Usuarios\/as del CFP se solidarizan con La Marat\u00f3 de TV3","datePublished":"2019-12-16T10:40:45+00:00","dateModified":"2020-11-03T13:19:01+00:00","mainEntityOfPage":{"@id":"https:\/\/cfpmaresme.org\/es\/usuaris-es-del-cfp-participen-a-la-fira-de-premia-de-mar-per-recaptar-diners-per-la-marato-de-tv3\/"},"wordCount":209,"commentCount":0,"image":{"@id":"https:\/\/cfpmaresme.org\/es\/usuaris-es-del-cfp-participen-a-la-fira-de-premia-de-mar-per-recaptar-diners-per-la-marato-de-tv3\/#primaryimage"},"thumbnailUrl":"https:\/\/cfpmaresme.org\/wp-content\/uploads\/2019\/12\/publicar-4.png","articleSection":["Servicios de Rehabilitaci\u00f3n Comunitaria"],"inLanguage":"es"},{"@type":"WebPage","@id":"https:\/\/cfpmaresme.org\/es\/usuaris-es-del-cfp-participen-a-la-fira-de-premia-de-mar-per-recaptar-diners-per-la-marato-de-tv3\/","url":"https:\/\/cfpmaresme.org\/es\/usuaris-es-del-cfp-participen-a-la-fira-de-premia-de-mar-per-recaptar-diners-per-la-marato-de-tv3\/","name":"Usuarios\/as del CFP se solidarizan con La Marat\u00f3 de TV3 | CFP Maresme","isPartOf":{"@id":"https:\/\/cfpmaresme.org\/#website"},"primaryImageOfPage":{"@id":"https:\/\/cfpmaresme.org\/es\/usuaris-es-del-cfp-participen-a-la-fira-de-premia-de-mar-per-recaptar-diners-per-la-marato-de-tv3\/#primaryimage"},"image":{"@id":"https:\/\/cfpmaresme.org\/es\/usuaris-es-del-cfp-participen-a-la-fira-de-premia-de-mar-per-recaptar-diners-per-la-marato-de-tv3\/#primaryimage"},"thumbnailUrl":"https:\/\/cfpmaresme.org\/wp-content\/uploads\/2019\/12\/publicar-4.png","datePublished":"2019-12-16T10:40:45+00:00","dateModified":"2020-11-03T13:19:01+00:00","author":{"@id":"https:\/\/cfpmaresme.org\/#\/schema\/person\/b2634bcd796fafc667ea4055f61b9b2c"},"breadcrumb":{"@id":"https:\/\/cfpmaresme.org\/es\/usuaris-es-del-cfp-participen-a-la-fira-de-premia-de-mar-per-recaptar-diners-per-la-marato-de-tv3\/#breadcrumb"},"inLanguage":"es","potentialAction":[{"@type":"ReadAction","target":["https:\/\/cfpmaresme.org\/es\/usuaris-es-del-cfp-participen-a-la-fira-de-premia-de-mar-per-recaptar-diners-per-la-marato-de-tv3\/"]}]},{"@type":"ImageObject","inLanguage":"es","@id":"https:\/\/cfpmaresme.org\/es\/usuaris-es-del-cfp-participen-a-la-fira-de-premia-de-mar-per-recaptar-diners-per-la-marato-de-tv3\/#primaryimage","url":"https:\/\/cfpmaresme.org\/wp-content\/uploads\/2019\/12\/publicar-4.png","contentUrl":"https:\/\/cfpmaresme.org\/wp-content\/uploads\/2019\/12\/publicar-4.png","width":1367,"height":626},{"@type":"BreadcrumbList","@id":"https:\/\/cfpmaresme.org\/es\/usuaris-es-del-cfp-participen-a-la-fira-de-premia-de-mar-per-recaptar-diners-per-la-marato-de-tv3\/#breadcrumb","itemListElement":[{"@type":"ListItem","position":1,"name":"Home","item":"https:\/\/cfpmaresme.org\/es\/"},{"@type":"ListItem","position":2,"name":"Usuarios\/as del CFP se solidarizan con La Marat\u00f3 de TV3"}]},{"@type":"WebSite","@id":"https:\/\/cfpmaresme.org\/#website","url":"https:\/\/cfpmaresme.org\/","name":"CFP Maresme","description":"Centre Formaci\u00f3 Prevenci\u00f3","potentialAction":[{"@type":"SearchAction","target":{"@type":"EntryPoint","urlTemplate":"https:\/\/cfpmaresme.org\/?s={search_term_string}"},"query-input":{"@type":"PropertyValueSpecification","valueRequired":true,"valueName":"search_term_string"}}],"inLanguage":"es"},{"@type":"Person","@id":"https:\/\/cfpmaresme.org\/#\/schema\/person\/b2634bcd796fafc667ea4055f61b9b2c","name":"CFPMaresme"}]}},"_links":{"self":[{"href":"https:\/\/cfpmaresme.org\/es\/wp-json\/wp\/v2\/posts\/18624","targetHints":{"allow":["GET"]}}],"collection":[{"href":"https:\/\/cfpmaresme.org\/es\/wp-json\/wp\/v2\/posts"}],"about":[{"href":"https:\/\/cfpmaresme.org\/es\/wp-json\/wp\/v2\/types\/post"}],"author":[{"embeddable":true,"href":"https:\/\/cfpmaresme.org\/es\/wp-json\/wp\/v2\/users\/2"}],"replies":[{"embeddable":true,"href":"https:\/\/cfpmaresme.org\/es\/wp-json\/wp\/v2\/comments?post=18624"}],"version-history":[{"count":8,"href":"https:\/\/cfpmaresme.org\/es\/wp-json\/wp\/v2\/posts\/18624\/revisions"}],"predecessor-version":[{"id":18640,"href":"https:\/\/cfpmaresme.org\/es\/wp-json\/wp\/v2\/posts\/18624\/revisions\/18640"}],"wp:featuredmedia":[{"embeddable":true,"href":"https:\/\/cfpmaresme.org\/es\/wp-json\/wp\/v2\/media\/18625"}],"wp:attachment":[{"href":"https:\/\/cfpmaresme.org\/es\/wp-json\/wp\/v2\/media?parent=18624"}],"wp:term":[{"taxonomy":"category","embeddable":true,"href":"https:\/\/cfpmaresme.org\/es\/wp-json\/wp\/v2\/categories?post=18624"},{"taxonomy":"post_tag","embeddable":true,"href":"https:\/\/cfpmaresme.org\/es\/wp-json\/wp\/v2\/tags?post=18624"}],"curies":[{"name":"wp","href":"https:\/\/api.w.org\/{rel}","templated":true}]}}