{"id":18751,"date":"2020-01-15T15:45:33","date_gmt":"2020-01-15T13:45:33","guid":{"rendered":"https:\/\/www.cfpmaresme.org\/?p=18751"},"modified":"2020-01-15T15:45:33","modified_gmt":"2020-01-15T13:45:33","slug":"el-viver-del-cfp-a-punto-de-iniciar-su-actividad","status":"publish","type":"post","link":"https:\/\/cfpmaresme.org\/es\/el-viver-del-cfp-a-punto-de-iniciar-su-actividad\/","title":{"rendered":"El Viver del CFP, a punto de iniciar su actividad"},"content":{"rendered":"<p>Empezamos el 2020 con una gran noticia: durante los pr\u00f3ximos d\u00edas <strong>el Viver del CFP<\/strong> <strong>ser\u00e1 una realidad<\/strong>. As\u00ed, dispondremos de un nuevo <a href=\"\/?page_id=16562\" target=\"_blank\" rel=\"noopener noreferrer\">servicio comercial<\/a>\u00a0 que nos ayudar\u00e1 a tener m\u00e1s recursos\u00a0 y generar puesto de trabajo para los colectivos a los que atendemos.<\/p>\n<p>&nbsp;<\/p>\n<p>El Viver del CFP tiene como finalidad la producci\u00f3n de grama americana y diferentes variedades de planta arom\u00e1tica para profesionales de jardiner\u00eda y tambi\u00e9n para particulares. Est\u00e1 situado en un entorno privilegiado, en la finca Ca l&#8217;Elies de Argentona.<\/p>\n<p>Este proyecto nos permitir\u00e1 ampliar los <strong>programas de inserci\u00f3n laboral<\/strong> para personas con diagn\u00f3stico de salud mental y\/o en riesgo de exclusi\u00f3n social.<\/p>\n<p>&nbsp;<\/p>\n<p><img loading=\"lazy\" decoding=\"async\" class=\"aligncenter wp-image-18748 size-medium\" src=\"https:\/\/www.cfpmaresme.org\/wp-content\/uploads\/2020\/01\/155549b6-91ea-47dc-a921-6931b5bd6d45-300x225.jpg\" alt=\"\" width=\"300\" height=\"225\" srcset=\"https:\/\/cfpmaresme.org\/wp-content\/uploads\/2020\/01\/155549b6-91ea-47dc-a921-6931b5bd6d45-300x225.jpg 300w, https:\/\/cfpmaresme.org\/wp-content\/uploads\/2020\/01\/155549b6-91ea-47dc-a921-6931b5bd6d45-1024x768.jpg 1024w, https:\/\/cfpmaresme.org\/wp-content\/uploads\/2020\/01\/155549b6-91ea-47dc-a921-6931b5bd6d45-768x576.jpg 768w, https:\/\/cfpmaresme.org\/wp-content\/uploads\/2020\/01\/155549b6-91ea-47dc-a921-6931b5bd6d45-1536x1152.jpg 1536w, https:\/\/cfpmaresme.org\/wp-content\/uploads\/2020\/01\/155549b6-91ea-47dc-a921-6931b5bd6d45-800x600.jpg 800w, https:\/\/cfpmaresme.org\/wp-content\/uploads\/2020\/01\/155549b6-91ea-47dc-a921-6931b5bd6d45-700x525.jpg 700w, https:\/\/cfpmaresme.org\/wp-content\/uploads\/2020\/01\/155549b6-91ea-47dc-a921-6931b5bd6d45.jpg 1600w\" sizes=\"auto, (max-width: 300px) 100vw, 300px\" \/><\/p>\n","protected":false},"excerpt":{"rendered":"<p>Empezamos el 2020 con una gran noticia: durante los pr\u00f3ximos d\u00edas el Viver del CFP ser\u00e1 una realidad. As\u00ed, dispondremos de un nuevo servicio comercial\u00a0 que nos ayudar\u00e1 a tener m\u00e1s recursos\u00a0 y generar puesto de trabajo para los colectivos a los que atendemos. &nbsp;&#8230;<\/p>\n","protected":false},"author":2,"featured_media":18747,"comment_status":"open","ping_status":"open","sticky":false,"template":"","format":"standard","meta":{"footnotes":""},"categories":[1190],"tags":[],"class_list":["post-18751","post","type-post","status-publish","format-standard","has-post-thumbnail","hentry","category-servicios-a-las-empresas"],"yoast_head":"<!-- This site is optimized with the Yoast SEO plugin v27.4 - https:\/\/yoast.com\/product\/yoast-seo-wordpress\/ -->\n<title>El Viver del CFP, a punto de iniciar su actividad | CFP Maresme<\/title>\n<meta name=\"robots\" content=\"index, follow, max-snippet:-1, max-image-preview:large, max-video-preview:-1\" \/>\n<link rel=\"canonical\" href=\"https:\/\/cfpmaresme.org\/es\/el-viver-del-cfp-a-punto-de-iniciar-su-actividad\/\" \/>\n<meta property=\"og:locale\" content=\"es_ES\" \/>\n<meta property=\"og:type\" content=\"article\" \/>\n<meta property=\"og:title\" content=\"El Viver del CFP, a punto de iniciar su actividad | CFP Maresme\" \/>\n<meta property=\"og:description\" content=\"Empezamos el 2020 con una gran noticia: durante los pr\u00f3ximos d\u00edas el Viver del CFP ser\u00e1 una realidad. As\u00ed, dispondremos de un nuevo servicio comercial\u00a0 que nos ayudar\u00e1 a tener m\u00e1s recursos\u00a0 y generar puesto de trabajo para los colectivos a los que atendemos. &nbsp;...\" \/>\n<meta property=\"og:url\" content=\"https:\/\/cfpmaresme.org\/es\/el-viver-del-cfp-a-punto-de-iniciar-su-actividad\/\" \/>\n<meta property=\"og:site_name\" content=\"CFP Maresme\" \/>\n<meta property=\"article:published_time\" content=\"2020-01-15T13:45:33+00:00\" \/>\n<meta property=\"og:image\" content=\"https:\/\/cfpmaresme.org\/wp-content\/uploads\/2020\/01\/Captura.png\" \/>\n\t<meta property=\"og:image:width\" content=\"1377\" \/>\n\t<meta property=\"og:image:height\" content=\"538\" \/>\n\t<meta property=\"og:image:type\" content=\"image\/png\" \/>\n<meta name=\"author\" content=\"CFPMaresme\" \/>\n<meta name=\"twitter:card\" content=\"summary_large_image\" \/>\n<meta name=\"twitter:creator\" content=\"@cfpmaresme\" \/>\n<meta name=\"twitter:site\" content=\"@cfpmaresme\" \/>\n<meta name=\"twitter:label1\" content=\"Escrito por\" \/>\n\t<meta name=\"twitter:data1\" content=\"CFPMaresme\" \/>\n\t<meta name=\"twitter:label2\" content=\"Tiempo de lectura\" \/>\n\t<meta name=\"twitter:data2\" content=\"1 minuto\" \/>\n<script type=\"application\/ld+json\" class=\"yoast-schema-graph\">{\"@context\":\"https:\\\/\\\/schema.org\",\"@graph\":[{\"@type\":\"Article\",\"@id\":\"https:\\\/\\\/cfpmaresme.org\\\/es\\\/el-viver-del-cfp-a-punto-de-iniciar-su-actividad\\\/#article\",\"isPartOf\":{\"@id\":\"https:\\\/\\\/cfpmaresme.org\\\/es\\\/el-viver-del-cfp-a-punto-de-iniciar-su-actividad\\\/\"},\"author\":{\"name\":\"CFPMaresme\",\"@id\":\"https:\\\/\\\/cfpmaresme.org\\\/#\\\/schema\\\/person\\\/b2634bcd796fafc667ea4055f61b9b2c\"},\"headline\":\"El Viver del CFP, a punto de iniciar su actividad\",\"datePublished\":\"2020-01-15T13:45:33+00:00\",\"mainEntityOfPage\":{\"@id\":\"https:\\\/\\\/cfpmaresme.org\\\/es\\\/el-viver-del-cfp-a-punto-de-iniciar-su-actividad\\\/\"},\"wordCount\":129,\"commentCount\":0,\"image\":{\"@id\":\"https:\\\/\\\/cfpmaresme.org\\\/es\\\/el-viver-del-cfp-a-punto-de-iniciar-su-actividad\\\/#primaryimage\"},\"thumbnailUrl\":\"https:\\\/\\\/cfpmaresme.org\\\/wp-content\\\/uploads\\\/2020\\\/01\\\/Captura.png\",\"articleSection\":[\"Servicios a las empresas\"],\"inLanguage\":\"es\"},{\"@type\":\"WebPage\",\"@id\":\"https:\\\/\\\/cfpmaresme.org\\\/es\\\/el-viver-del-cfp-a-punto-de-iniciar-su-actividad\\\/\",\"url\":\"https:\\\/\\\/cfpmaresme.org\\\/es\\\/el-viver-del-cfp-a-punto-de-iniciar-su-actividad\\\/\",\"name\":\"El Viver del CFP, a punto de iniciar su actividad | CFP Maresme\",\"isPartOf\":{\"@id\":\"https:\\\/\\\/cfpmaresme.org\\\/#website\"},\"primaryImageOfPage\":{\"@id\":\"https:\\\/\\\/cfpmaresme.org\\\/es\\\/el-viver-del-cfp-a-punto-de-iniciar-su-actividad\\\/#primaryimage\"},\"image\":{\"@id\":\"https:\\\/\\\/cfpmaresme.org\\\/es\\\/el-viver-del-cfp-a-punto-de-iniciar-su-actividad\\\/#primaryimage\"},\"thumbnailUrl\":\"https:\\\/\\\/cfpmaresme.org\\\/wp-content\\\/uploads\\\/2020\\\/01\\\/Captura.png\",\"datePublished\":\"2020-01-15T13:45:33+00:00\",\"author\":{\"@id\":\"https:\\\/\\\/cfpmaresme.org\\\/#\\\/schema\\\/person\\\/b2634bcd796fafc667ea4055f61b9b2c\"},\"breadcrumb\":{\"@id\":\"https:\\\/\\\/cfpmaresme.org\\\/es\\\/el-viver-del-cfp-a-punto-de-iniciar-su-actividad\\\/#breadcrumb\"},\"inLanguage\":\"es\",\"potentialAction\":[{\"@type\":\"ReadAction\",\"target\":[\"https:\\\/\\\/cfpmaresme.org\\\/es\\\/el-viver-del-cfp-a-punto-de-iniciar-su-actividad\\\/\"]}]},{\"@type\":\"ImageObject\",\"inLanguage\":\"es\",\"@id\":\"https:\\\/\\\/cfpmaresme.org\\\/es\\\/el-viver-del-cfp-a-punto-de-iniciar-su-actividad\\\/#primaryimage\",\"url\":\"https:\\\/\\\/cfpmaresme.org\\\/wp-content\\\/uploads\\\/2020\\\/01\\\/Captura.png\",\"contentUrl\":\"https:\\\/\\\/cfpmaresme.org\\\/wp-content\\\/uploads\\\/2020\\\/01\\\/Captura.png\",\"width\":1377,\"height\":538},{\"@type\":\"BreadcrumbList\",\"@id\":\"https:\\\/\\\/cfpmaresme.org\\\/es\\\/el-viver-del-cfp-a-punto-de-iniciar-su-actividad\\\/#breadcrumb\",\"itemListElement\":[{\"@type\":\"ListItem\",\"position\":1,\"name\":\"Home\",\"item\":\"https:\\\/\\\/cfpmaresme.org\\\/es\\\/\"},{\"@type\":\"ListItem\",\"position\":2,\"name\":\"El Viver del CFP, a punto de iniciar su actividad\"}]},{\"@type\":\"WebSite\",\"@id\":\"https:\\\/\\\/cfpmaresme.org\\\/#website\",\"url\":\"https:\\\/\\\/cfpmaresme.org\\\/\",\"name\":\"CFP Maresme\",\"description\":\"Centre Formaci\u00f3 Prevenci\u00f3\",\"potentialAction\":[{\"@type\":\"SearchAction\",\"target\":{\"@type\":\"EntryPoint\",\"urlTemplate\":\"https:\\\/\\\/cfpmaresme.org\\\/?s={search_term_string}\"},\"query-input\":{\"@type\":\"PropertyValueSpecification\",\"valueRequired\":true,\"valueName\":\"search_term_string\"}}],\"inLanguage\":\"es\"},{\"@type\":\"Person\",\"@id\":\"https:\\\/\\\/cfpmaresme.org\\\/#\\\/schema\\\/person\\\/b2634bcd796fafc667ea4055f61b9b2c\",\"name\":\"CFPMaresme\"}]}<\/script>\n<!-- \/ Yoast SEO plugin. -->","yoast_head_json":{"title":"El Viver del CFP, a punto de iniciar su actividad | CFP Maresme","robots":{"index":"index","follow":"follow","max-snippet":"max-snippet:-1","max-image-preview":"max-image-preview:large","max-video-preview":"max-video-preview:-1"},"canonical":"https:\/\/cfpmaresme.org\/es\/el-viver-del-cfp-a-punto-de-iniciar-su-actividad\/","og_locale":"es_ES","og_type":"article","og_title":"El Viver del CFP, a punto de iniciar su actividad | CFP Maresme","og_description":"Empezamos el 2020 con una gran noticia: durante los pr\u00f3ximos d\u00edas el Viver del CFP ser\u00e1 una realidad. As\u00ed, dispondremos de un nuevo servicio comercial\u00a0 que nos ayudar\u00e1 a tener m\u00e1s recursos\u00a0 y generar puesto de trabajo para los colectivos a los que atendemos. &nbsp;...","og_url":"https:\/\/cfpmaresme.org\/es\/el-viver-del-cfp-a-punto-de-iniciar-su-actividad\/","og_site_name":"CFP Maresme","article_published_time":"2020-01-15T13:45:33+00:00","og_image":[{"width":1377,"height":538,"url":"https:\/\/cfpmaresme.org\/wp-content\/uploads\/2020\/01\/Captura.png","type":"image\/png"}],"author":"CFPMaresme","twitter_card":"summary_large_image","twitter_creator":"@cfpmaresme","twitter_site":"@cfpmaresme","twitter_misc":{"Escrito por":"CFPMaresme","Tiempo de lectura":"1 minuto"},"schema":{"@context":"https:\/\/schema.org","@graph":[{"@type":"Article","@id":"https:\/\/cfpmaresme.org\/es\/el-viver-del-cfp-a-punto-de-iniciar-su-actividad\/#article","isPartOf":{"@id":"https:\/\/cfpmaresme.org\/es\/el-viver-del-cfp-a-punto-de-iniciar-su-actividad\/"},"author":{"name":"CFPMaresme","@id":"https:\/\/cfpmaresme.org\/#\/schema\/person\/b2634bcd796fafc667ea4055f61b9b2c"},"headline":"El Viver del CFP, a punto de iniciar su actividad","datePublished":"2020-01-15T13:45:33+00:00","mainEntityOfPage":{"@id":"https:\/\/cfpmaresme.org\/es\/el-viver-del-cfp-a-punto-de-iniciar-su-actividad\/"},"wordCount":129,"commentCount":0,"image":{"@id":"https:\/\/cfpmaresme.org\/es\/el-viver-del-cfp-a-punto-de-iniciar-su-actividad\/#primaryimage"},"thumbnailUrl":"https:\/\/cfpmaresme.org\/wp-content\/uploads\/2020\/01\/Captura.png","articleSection":["Servicios a las empresas"],"inLanguage":"es"},{"@type":"WebPage","@id":"https:\/\/cfpmaresme.org\/es\/el-viver-del-cfp-a-punto-de-iniciar-su-actividad\/","url":"https:\/\/cfpmaresme.org\/es\/el-viver-del-cfp-a-punto-de-iniciar-su-actividad\/","name":"El Viver del CFP, a punto de iniciar su actividad | CFP Maresme","isPartOf":{"@id":"https:\/\/cfpmaresme.org\/#website"},"primaryImageOfPage":{"@id":"https:\/\/cfpmaresme.org\/es\/el-viver-del-cfp-a-punto-de-iniciar-su-actividad\/#primaryimage"},"image":{"@id":"https:\/\/cfpmaresme.org\/es\/el-viver-del-cfp-a-punto-de-iniciar-su-actividad\/#primaryimage"},"thumbnailUrl":"https:\/\/cfpmaresme.org\/wp-content\/uploads\/2020\/01\/Captura.png","datePublished":"2020-01-15T13:45:33+00:00","author":{"@id":"https:\/\/cfpmaresme.org\/#\/schema\/person\/b2634bcd796fafc667ea4055f61b9b2c"},"breadcrumb":{"@id":"https:\/\/cfpmaresme.org\/es\/el-viver-del-cfp-a-punto-de-iniciar-su-actividad\/#breadcrumb"},"inLanguage":"es","potentialAction":[{"@type":"ReadAction","target":["https:\/\/cfpmaresme.org\/es\/el-viver-del-cfp-a-punto-de-iniciar-su-actividad\/"]}]},{"@type":"ImageObject","inLanguage":"es","@id":"https:\/\/cfpmaresme.org\/es\/el-viver-del-cfp-a-punto-de-iniciar-su-actividad\/#primaryimage","url":"https:\/\/cfpmaresme.org\/wp-content\/uploads\/2020\/01\/Captura.png","contentUrl":"https:\/\/cfpmaresme.org\/wp-content\/uploads\/2020\/01\/Captura.png","width":1377,"height":538},{"@type":"BreadcrumbList","@id":"https:\/\/cfpmaresme.org\/es\/el-viver-del-cfp-a-punto-de-iniciar-su-actividad\/#breadcrumb","itemListElement":[{"@type":"ListItem","position":1,"name":"Home","item":"https:\/\/cfpmaresme.org\/es\/"},{"@type":"ListItem","position":2,"name":"El Viver del CFP, a punto de iniciar su actividad"}]},{"@type":"WebSite","@id":"https:\/\/cfpmaresme.org\/#website","url":"https:\/\/cfpmaresme.org\/","name":"CFP Maresme","description":"Centre Formaci\u00f3 Prevenci\u00f3","potentialAction":[{"@type":"SearchAction","target":{"@type":"EntryPoint","urlTemplate":"https:\/\/cfpmaresme.org\/?s={search_term_string}"},"query-input":{"@type":"PropertyValueSpecification","valueRequired":true,"valueName":"search_term_string"}}],"inLanguage":"es"},{"@type":"Person","@id":"https:\/\/cfpmaresme.org\/#\/schema\/person\/b2634bcd796fafc667ea4055f61b9b2c","name":"CFPMaresme"}]}},"_links":{"self":[{"href":"https:\/\/cfpmaresme.org\/es\/wp-json\/wp\/v2\/posts\/18751","targetHints":{"allow":["GET"]}}],"collection":[{"href":"https:\/\/cfpmaresme.org\/es\/wp-json\/wp\/v2\/posts"}],"about":[{"href":"https:\/\/cfpmaresme.org\/es\/wp-json\/wp\/v2\/types\/post"}],"author":[{"embeddable":true,"href":"https:\/\/cfpmaresme.org\/es\/wp-json\/wp\/v2\/users\/2"}],"replies":[{"embeddable":true,"href":"https:\/\/cfpmaresme.org\/es\/wp-json\/wp\/v2\/comments?post=18751"}],"version-history":[{"count":1,"href":"https:\/\/cfpmaresme.org\/es\/wp-json\/wp\/v2\/posts\/18751\/revisions"}],"predecessor-version":[{"id":18752,"href":"https:\/\/cfpmaresme.org\/es\/wp-json\/wp\/v2\/posts\/18751\/revisions\/18752"}],"wp:featuredmedia":[{"embeddable":true,"href":"https:\/\/cfpmaresme.org\/es\/wp-json\/wp\/v2\/media\/18747"}],"wp:attachment":[{"href":"https:\/\/cfpmaresme.org\/es\/wp-json\/wp\/v2\/media?parent=18751"}],"wp:term":[{"taxonomy":"category","embeddable":true,"href":"https:\/\/cfpmaresme.org\/es\/wp-json\/wp\/v2\/categories?post=18751"},{"taxonomy":"post_tag","embeddable":true,"href":"https:\/\/cfpmaresme.org\/es\/wp-json\/wp\/v2\/tags?post=18751"}],"curies":[{"name":"wp","href":"https:\/\/api.w.org\/{rel}","templated":true}]}}