{"id":18845,"date":"2020-01-20T13:26:31","date_gmt":"2020-01-20T11:26:31","guid":{"rendered":"https:\/\/www.cfpmaresme.org\/?p=18845"},"modified":"2020-01-20T13:47:03","modified_gmt":"2020-01-20T11:47:03","slug":"visita-de-miembros-del-ayuntamiento-de-mataro-para-preparar-el-proyecto-el-bosc-viu","status":"publish","type":"post","link":"https:\/\/cfpmaresme.org\/es\/visita-de-miembros-del-ayuntamiento-de-mataro-para-preparar-el-proyecto-el-bosc-viu\/","title":{"rendered":"Visita de miembros del Ayuntamiento de Matar\u00f3 para preparar el proyecto El Bosc Viu"},"content":{"rendered":"<p>Jos\u00e9 Antonio Ricis Saavedra, regidor de Verds Urbans y Rosa Busqu\u00e9, T\u00e9cnica de Urbanismo del <a href=\"https:\/\/www.mataro.cat\/\" target=\"_blank\" rel=\"noopener noreferrer\">Ayuntamiento de Matar\u00f3<\/a> visitan diferentes espacios con Llibert Clup\u00e9s, responsable de<a href=\"\/?page_id=16562\" target=\"_blank\" rel=\"noopener noreferrer\"> servicios comerciales<\/a> del<strong> CFP<\/strong> y Jordi Canal, responsable de solares, para preparar la colaboraci\u00f3n para el proyecto <strong>El Bosc Viu, recuperaci\u00f3n del oficio el Bosquerol<\/strong>.<\/p>\n<p>La visita consist\u00f3 en ver parte de los bosques de Canyamars \u2013 Can Xerrac- y espacios de zonas verdes de Matar\u00f3 para iniciar una colaboraci\u00f3n dentro del proyecto El Bosc Viu, que tiene por objetivo <strong>cambiar la gesti\u00f3n forestal y de agua<\/strong>, para evitar la desertizaci\u00f3n y aumentar los niveles fre\u00e1ticos y, paralelamente, recuperar el oficio del Bosquerol.<\/p>\n<p>El Bosquerol es un profesional que se dedica al\u00a0 <strong>aprovechamiento forestal. <\/strong>Aporta un valor a\u00f1adido a los productos del bosque garantizando la preservaci\u00f3n y la sostenibilidad del territorio siguiendo los principios de econom\u00eda forestal, que busca la evoluci\u00f3n y gesti\u00f3n del ecosistema aprovechando los factores ecol\u00f3gicos.<\/p>\n<p>Las ventajas de este nuevo proyecto son la recuperaci\u00f3n de este oficio, la formaci\u00f3n de personas de los colectivos en riesgo de exclusi\u00f3n social que atiende el CFP y la <strong>creaci\u00f3n de nuevos puesto de trabajo <\/strong>para ellos\/as.<\/p>\n<p>Esperamos que este nuevo proyecto salga a la luz y sea muy productivo para mejorar la gesti\u00f3n forestal y para crear nuevos puesto de trabajo para los colectivos a los que atendemos.<\/p>\n<p><img loading=\"lazy\" decoding=\"async\" class=\"alignnone wp-image-18840 size-medium\" src=\"https:\/\/www.cfpmaresme.org\/wp-content\/uploads\/2020\/01\/c442d3ca-6202-4f77-8bbe-58142d4409f9-300x225.jpg\" alt=\"\" width=\"300\" height=\"225\" srcset=\"https:\/\/cfpmaresme.org\/wp-content\/uploads\/2020\/01\/c442d3ca-6202-4f77-8bbe-58142d4409f9-300x225.jpg 300w, https:\/\/cfpmaresme.org\/wp-content\/uploads\/2020\/01\/c442d3ca-6202-4f77-8bbe-58142d4409f9-1024x768.jpg 1024w, https:\/\/cfpmaresme.org\/wp-content\/uploads\/2020\/01\/c442d3ca-6202-4f77-8bbe-58142d4409f9-768x576.jpg 768w, https:\/\/cfpmaresme.org\/wp-content\/uploads\/2020\/01\/c442d3ca-6202-4f77-8bbe-58142d4409f9-1536x1152.jpg 1536w, https:\/\/cfpmaresme.org\/wp-content\/uploads\/2020\/01\/c442d3ca-6202-4f77-8bbe-58142d4409f9-800x600.jpg 800w, https:\/\/cfpmaresme.org\/wp-content\/uploads\/2020\/01\/c442d3ca-6202-4f77-8bbe-58142d4409f9-700x525.jpg 700w, https:\/\/cfpmaresme.org\/wp-content\/uploads\/2020\/01\/c442d3ca-6202-4f77-8bbe-58142d4409f9.jpg 1600w\" sizes=\"auto, (max-width: 300px) 100vw, 300px\" \/><\/p>\n<p>&nbsp;<\/p>\n<p>&nbsp;<\/p>\n","protected":false},"excerpt":{"rendered":"<p>Jos\u00e9 Antonio Ricis Saavedra, regidor de Verds Urbans y Rosa Busqu\u00e9, T\u00e9cnica de Urbanismo del Ayuntamiento de Matar\u00f3 visitan diferentes espacios con Llibert Clup\u00e9s, responsable de servicios comerciales del CFP y Jordi Canal, responsable de solares, para preparar la colaboraci\u00f3n para el proyecto El Bosc&#8230;<\/p>\n","protected":false},"author":2,"featured_media":18839,"comment_status":"open","ping_status":"open","sticky":false,"template":"","format":"standard","meta":{"footnotes":""},"categories":[1190],"tags":[],"class_list":["post-18845","post","type-post","status-publish","format-standard","has-post-thumbnail","hentry","category-servicios-a-las-empresas"],"yoast_head":"<!-- This site is optimized with the Yoast SEO plugin v27.4 - https:\/\/yoast.com\/product\/yoast-seo-wordpress\/ -->\n<title>Visita de miembros del Ayuntamiento de Matar\u00f3 para preparar el proyecto El Bosc Viu | CFP Maresme<\/title>\n<meta name=\"robots\" content=\"index, follow, max-snippet:-1, max-image-preview:large, max-video-preview:-1\" \/>\n<link rel=\"canonical\" href=\"https:\/\/cfpmaresme.org\/es\/visita-de-miembros-del-ayuntamiento-de-mataro-para-preparar-el-proyecto-el-bosc-viu\/\" \/>\n<meta property=\"og:locale\" content=\"es_ES\" \/>\n<meta property=\"og:type\" content=\"article\" \/>\n<meta property=\"og:title\" content=\"Visita de miembros del Ayuntamiento de Matar\u00f3 para preparar el proyecto El Bosc Viu | CFP Maresme\" \/>\n<meta property=\"og:description\" content=\"Jos\u00e9 Antonio Ricis Saavedra, regidor de Verds Urbans y Rosa Busqu\u00e9, T\u00e9cnica de Urbanismo del Ayuntamiento de Matar\u00f3 visitan diferentes espacios con Llibert Clup\u00e9s, responsable de servicios comerciales del CFP y Jordi Canal, responsable de solares, para preparar la colaboraci\u00f3n para el proyecto El Bosc...\" \/>\n<meta property=\"og:url\" content=\"https:\/\/cfpmaresme.org\/es\/visita-de-miembros-del-ayuntamiento-de-mataro-para-preparar-el-proyecto-el-bosc-viu\/\" \/>\n<meta property=\"og:site_name\" content=\"CFP Maresme\" \/>\n<meta property=\"article:published_time\" content=\"2020-01-20T11:26:31+00:00\" \/>\n<meta property=\"article:modified_time\" content=\"2020-01-20T11:47:03+00:00\" \/>\n<meta property=\"og:image\" content=\"https:\/\/cfpmaresme.org\/wp-content\/uploads\/2020\/01\/publicar-1.png\" \/>\n\t<meta property=\"og:image:width\" content=\"1216\" \/>\n\t<meta property=\"og:image:height\" content=\"444\" \/>\n\t<meta property=\"og:image:type\" content=\"image\/png\" \/>\n<meta name=\"author\" content=\"CFPMaresme\" \/>\n<meta name=\"twitter:card\" content=\"summary_large_image\" \/>\n<meta name=\"twitter:creator\" content=\"@cfpmaresme\" \/>\n<meta name=\"twitter:site\" content=\"@cfpmaresme\" \/>\n<meta name=\"twitter:label1\" content=\"Escrito por\" \/>\n\t<meta name=\"twitter:data1\" content=\"CFPMaresme\" \/>\n\t<meta name=\"twitter:label2\" content=\"Tiempo de lectura\" \/>\n\t<meta name=\"twitter:data2\" content=\"1 minuto\" \/>\n<script type=\"application\/ld+json\" class=\"yoast-schema-graph\">{\"@context\":\"https:\\\/\\\/schema.org\",\"@graph\":[{\"@type\":\"Article\",\"@id\":\"https:\\\/\\\/cfpmaresme.org\\\/es\\\/visita-de-miembros-del-ayuntamiento-de-mataro-para-preparar-el-proyecto-el-bosc-viu\\\/#article\",\"isPartOf\":{\"@id\":\"https:\\\/\\\/cfpmaresme.org\\\/es\\\/visita-de-miembros-del-ayuntamiento-de-mataro-para-preparar-el-proyecto-el-bosc-viu\\\/\"},\"author\":{\"name\":\"CFPMaresme\",\"@id\":\"https:\\\/\\\/cfpmaresme.org\\\/#\\\/schema\\\/person\\\/b2634bcd796fafc667ea4055f61b9b2c\"},\"headline\":\"Visita de miembros del Ayuntamiento de Matar\u00f3 para preparar el proyecto El Bosc Viu\",\"datePublished\":\"2020-01-20T11:26:31+00:00\",\"dateModified\":\"2020-01-20T11:47:03+00:00\",\"mainEntityOfPage\":{\"@id\":\"https:\\\/\\\/cfpmaresme.org\\\/es\\\/visita-de-miembros-del-ayuntamiento-de-mataro-para-preparar-el-proyecto-el-bosc-viu\\\/\"},\"wordCount\":260,\"commentCount\":0,\"image\":{\"@id\":\"https:\\\/\\\/cfpmaresme.org\\\/es\\\/visita-de-miembros-del-ayuntamiento-de-mataro-para-preparar-el-proyecto-el-bosc-viu\\\/#primaryimage\"},\"thumbnailUrl\":\"https:\\\/\\\/cfpmaresme.org\\\/wp-content\\\/uploads\\\/2020\\\/01\\\/publicar-1.png\",\"articleSection\":[\"Servicios a las empresas\"],\"inLanguage\":\"es\"},{\"@type\":\"WebPage\",\"@id\":\"https:\\\/\\\/cfpmaresme.org\\\/es\\\/visita-de-miembros-del-ayuntamiento-de-mataro-para-preparar-el-proyecto-el-bosc-viu\\\/\",\"url\":\"https:\\\/\\\/cfpmaresme.org\\\/es\\\/visita-de-miembros-del-ayuntamiento-de-mataro-para-preparar-el-proyecto-el-bosc-viu\\\/\",\"name\":\"Visita de miembros del Ayuntamiento de Matar\u00f3 para preparar el proyecto El Bosc Viu | CFP Maresme\",\"isPartOf\":{\"@id\":\"https:\\\/\\\/cfpmaresme.org\\\/#website\"},\"primaryImageOfPage\":{\"@id\":\"https:\\\/\\\/cfpmaresme.org\\\/es\\\/visita-de-miembros-del-ayuntamiento-de-mataro-para-preparar-el-proyecto-el-bosc-viu\\\/#primaryimage\"},\"image\":{\"@id\":\"https:\\\/\\\/cfpmaresme.org\\\/es\\\/visita-de-miembros-del-ayuntamiento-de-mataro-para-preparar-el-proyecto-el-bosc-viu\\\/#primaryimage\"},\"thumbnailUrl\":\"https:\\\/\\\/cfpmaresme.org\\\/wp-content\\\/uploads\\\/2020\\\/01\\\/publicar-1.png\",\"datePublished\":\"2020-01-20T11:26:31+00:00\",\"dateModified\":\"2020-01-20T11:47:03+00:00\",\"author\":{\"@id\":\"https:\\\/\\\/cfpmaresme.org\\\/#\\\/schema\\\/person\\\/b2634bcd796fafc667ea4055f61b9b2c\"},\"breadcrumb\":{\"@id\":\"https:\\\/\\\/cfpmaresme.org\\\/es\\\/visita-de-miembros-del-ayuntamiento-de-mataro-para-preparar-el-proyecto-el-bosc-viu\\\/#breadcrumb\"},\"inLanguage\":\"es\",\"potentialAction\":[{\"@type\":\"ReadAction\",\"target\":[\"https:\\\/\\\/cfpmaresme.org\\\/es\\\/visita-de-miembros-del-ayuntamiento-de-mataro-para-preparar-el-proyecto-el-bosc-viu\\\/\"]}]},{\"@type\":\"ImageObject\",\"inLanguage\":\"es\",\"@id\":\"https:\\\/\\\/cfpmaresme.org\\\/es\\\/visita-de-miembros-del-ayuntamiento-de-mataro-para-preparar-el-proyecto-el-bosc-viu\\\/#primaryimage\",\"url\":\"https:\\\/\\\/cfpmaresme.org\\\/wp-content\\\/uploads\\\/2020\\\/01\\\/publicar-1.png\",\"contentUrl\":\"https:\\\/\\\/cfpmaresme.org\\\/wp-content\\\/uploads\\\/2020\\\/01\\\/publicar-1.png\",\"width\":1216,\"height\":444},{\"@type\":\"BreadcrumbList\",\"@id\":\"https:\\\/\\\/cfpmaresme.org\\\/es\\\/visita-de-miembros-del-ayuntamiento-de-mataro-para-preparar-el-proyecto-el-bosc-viu\\\/#breadcrumb\",\"itemListElement\":[{\"@type\":\"ListItem\",\"position\":1,\"name\":\"Home\",\"item\":\"https:\\\/\\\/cfpmaresme.org\\\/es\\\/\"},{\"@type\":\"ListItem\",\"position\":2,\"name\":\"Visita de miembros del Ayuntamiento de Matar\u00f3 para preparar el proyecto El Bosc Viu\"}]},{\"@type\":\"WebSite\",\"@id\":\"https:\\\/\\\/cfpmaresme.org\\\/#website\",\"url\":\"https:\\\/\\\/cfpmaresme.org\\\/\",\"name\":\"CFP Maresme\",\"description\":\"Centre Formaci\u00f3 Prevenci\u00f3\",\"potentialAction\":[{\"@type\":\"SearchAction\",\"target\":{\"@type\":\"EntryPoint\",\"urlTemplate\":\"https:\\\/\\\/cfpmaresme.org\\\/?s={search_term_string}\"},\"query-input\":{\"@type\":\"PropertyValueSpecification\",\"valueRequired\":true,\"valueName\":\"search_term_string\"}}],\"inLanguage\":\"es\"},{\"@type\":\"Person\",\"@id\":\"https:\\\/\\\/cfpmaresme.org\\\/#\\\/schema\\\/person\\\/b2634bcd796fafc667ea4055f61b9b2c\",\"name\":\"CFPMaresme\"}]}<\/script>\n<!-- \/ Yoast SEO plugin. -->","yoast_head_json":{"title":"Visita de miembros del Ayuntamiento de Matar\u00f3 para preparar el proyecto El Bosc Viu | CFP Maresme","robots":{"index":"index","follow":"follow","max-snippet":"max-snippet:-1","max-image-preview":"max-image-preview:large","max-video-preview":"max-video-preview:-1"},"canonical":"https:\/\/cfpmaresme.org\/es\/visita-de-miembros-del-ayuntamiento-de-mataro-para-preparar-el-proyecto-el-bosc-viu\/","og_locale":"es_ES","og_type":"article","og_title":"Visita de miembros del Ayuntamiento de Matar\u00f3 para preparar el proyecto El Bosc Viu | CFP Maresme","og_description":"Jos\u00e9 Antonio Ricis Saavedra, regidor de Verds Urbans y Rosa Busqu\u00e9, T\u00e9cnica de Urbanismo del Ayuntamiento de Matar\u00f3 visitan diferentes espacios con Llibert Clup\u00e9s, responsable de servicios comerciales del CFP y Jordi Canal, responsable de solares, para preparar la colaboraci\u00f3n para el proyecto El Bosc...","og_url":"https:\/\/cfpmaresme.org\/es\/visita-de-miembros-del-ayuntamiento-de-mataro-para-preparar-el-proyecto-el-bosc-viu\/","og_site_name":"CFP Maresme","article_published_time":"2020-01-20T11:26:31+00:00","article_modified_time":"2020-01-20T11:47:03+00:00","og_image":[{"width":1216,"height":444,"url":"https:\/\/cfpmaresme.org\/wp-content\/uploads\/2020\/01\/publicar-1.png","type":"image\/png"}],"author":"CFPMaresme","twitter_card":"summary_large_image","twitter_creator":"@cfpmaresme","twitter_site":"@cfpmaresme","twitter_misc":{"Escrito por":"CFPMaresme","Tiempo de lectura":"1 minuto"},"schema":{"@context":"https:\/\/schema.org","@graph":[{"@type":"Article","@id":"https:\/\/cfpmaresme.org\/es\/visita-de-miembros-del-ayuntamiento-de-mataro-para-preparar-el-proyecto-el-bosc-viu\/#article","isPartOf":{"@id":"https:\/\/cfpmaresme.org\/es\/visita-de-miembros-del-ayuntamiento-de-mataro-para-preparar-el-proyecto-el-bosc-viu\/"},"author":{"name":"CFPMaresme","@id":"https:\/\/cfpmaresme.org\/#\/schema\/person\/b2634bcd796fafc667ea4055f61b9b2c"},"headline":"Visita de miembros del Ayuntamiento de Matar\u00f3 para preparar el proyecto El Bosc Viu","datePublished":"2020-01-20T11:26:31+00:00","dateModified":"2020-01-20T11:47:03+00:00","mainEntityOfPage":{"@id":"https:\/\/cfpmaresme.org\/es\/visita-de-miembros-del-ayuntamiento-de-mataro-para-preparar-el-proyecto-el-bosc-viu\/"},"wordCount":260,"commentCount":0,"image":{"@id":"https:\/\/cfpmaresme.org\/es\/visita-de-miembros-del-ayuntamiento-de-mataro-para-preparar-el-proyecto-el-bosc-viu\/#primaryimage"},"thumbnailUrl":"https:\/\/cfpmaresme.org\/wp-content\/uploads\/2020\/01\/publicar-1.png","articleSection":["Servicios a las empresas"],"inLanguage":"es"},{"@type":"WebPage","@id":"https:\/\/cfpmaresme.org\/es\/visita-de-miembros-del-ayuntamiento-de-mataro-para-preparar-el-proyecto-el-bosc-viu\/","url":"https:\/\/cfpmaresme.org\/es\/visita-de-miembros-del-ayuntamiento-de-mataro-para-preparar-el-proyecto-el-bosc-viu\/","name":"Visita de miembros del Ayuntamiento de Matar\u00f3 para preparar el proyecto El Bosc Viu | CFP Maresme","isPartOf":{"@id":"https:\/\/cfpmaresme.org\/#website"},"primaryImageOfPage":{"@id":"https:\/\/cfpmaresme.org\/es\/visita-de-miembros-del-ayuntamiento-de-mataro-para-preparar-el-proyecto-el-bosc-viu\/#primaryimage"},"image":{"@id":"https:\/\/cfpmaresme.org\/es\/visita-de-miembros-del-ayuntamiento-de-mataro-para-preparar-el-proyecto-el-bosc-viu\/#primaryimage"},"thumbnailUrl":"https:\/\/cfpmaresme.org\/wp-content\/uploads\/2020\/01\/publicar-1.png","datePublished":"2020-01-20T11:26:31+00:00","dateModified":"2020-01-20T11:47:03+00:00","author":{"@id":"https:\/\/cfpmaresme.org\/#\/schema\/person\/b2634bcd796fafc667ea4055f61b9b2c"},"breadcrumb":{"@id":"https:\/\/cfpmaresme.org\/es\/visita-de-miembros-del-ayuntamiento-de-mataro-para-preparar-el-proyecto-el-bosc-viu\/#breadcrumb"},"inLanguage":"es","potentialAction":[{"@type":"ReadAction","target":["https:\/\/cfpmaresme.org\/es\/visita-de-miembros-del-ayuntamiento-de-mataro-para-preparar-el-proyecto-el-bosc-viu\/"]}]},{"@type":"ImageObject","inLanguage":"es","@id":"https:\/\/cfpmaresme.org\/es\/visita-de-miembros-del-ayuntamiento-de-mataro-para-preparar-el-proyecto-el-bosc-viu\/#primaryimage","url":"https:\/\/cfpmaresme.org\/wp-content\/uploads\/2020\/01\/publicar-1.png","contentUrl":"https:\/\/cfpmaresme.org\/wp-content\/uploads\/2020\/01\/publicar-1.png","width":1216,"height":444},{"@type":"BreadcrumbList","@id":"https:\/\/cfpmaresme.org\/es\/visita-de-miembros-del-ayuntamiento-de-mataro-para-preparar-el-proyecto-el-bosc-viu\/#breadcrumb","itemListElement":[{"@type":"ListItem","position":1,"name":"Home","item":"https:\/\/cfpmaresme.org\/es\/"},{"@type":"ListItem","position":2,"name":"Visita de miembros del Ayuntamiento de Matar\u00f3 para preparar el proyecto El Bosc Viu"}]},{"@type":"WebSite","@id":"https:\/\/cfpmaresme.org\/#website","url":"https:\/\/cfpmaresme.org\/","name":"CFP Maresme","description":"Centre Formaci\u00f3 Prevenci\u00f3","potentialAction":[{"@type":"SearchAction","target":{"@type":"EntryPoint","urlTemplate":"https:\/\/cfpmaresme.org\/?s={search_term_string}"},"query-input":{"@type":"PropertyValueSpecification","valueRequired":true,"valueName":"search_term_string"}}],"inLanguage":"es"},{"@type":"Person","@id":"https:\/\/cfpmaresme.org\/#\/schema\/person\/b2634bcd796fafc667ea4055f61b9b2c","name":"CFPMaresme"}]}},"_links":{"self":[{"href":"https:\/\/cfpmaresme.org\/es\/wp-json\/wp\/v2\/posts\/18845","targetHints":{"allow":["GET"]}}],"collection":[{"href":"https:\/\/cfpmaresme.org\/es\/wp-json\/wp\/v2\/posts"}],"about":[{"href":"https:\/\/cfpmaresme.org\/es\/wp-json\/wp\/v2\/types\/post"}],"author":[{"embeddable":true,"href":"https:\/\/cfpmaresme.org\/es\/wp-json\/wp\/v2\/users\/2"}],"replies":[{"embeddable":true,"href":"https:\/\/cfpmaresme.org\/es\/wp-json\/wp\/v2\/comments?post=18845"}],"version-history":[{"count":4,"href":"https:\/\/cfpmaresme.org\/es\/wp-json\/wp\/v2\/posts\/18845\/revisions"}],"predecessor-version":[{"id":18851,"href":"https:\/\/cfpmaresme.org\/es\/wp-json\/wp\/v2\/posts\/18845\/revisions\/18851"}],"wp:featuredmedia":[{"embeddable":true,"href":"https:\/\/cfpmaresme.org\/es\/wp-json\/wp\/v2\/media\/18839"}],"wp:attachment":[{"href":"https:\/\/cfpmaresme.org\/es\/wp-json\/wp\/v2\/media?parent=18845"}],"wp:term":[{"taxonomy":"category","embeddable":true,"href":"https:\/\/cfpmaresme.org\/es\/wp-json\/wp\/v2\/categories?post=18845"},{"taxonomy":"post_tag","embeddable":true,"href":"https:\/\/cfpmaresme.org\/es\/wp-json\/wp\/v2\/tags?post=18845"}],"curies":[{"name":"wp","href":"https:\/\/api.w.org\/{rel}","templated":true}]}}