{"id":19323,"date":"2020-03-18T17:27:40","date_gmt":"2020-03-18T15:27:40","guid":{"rendered":"https:\/\/www.cfpmaresme.org\/?p=19323"},"modified":"2020-03-18T17:30:42","modified_gmt":"2020-03-18T15:30:42","slug":"comunicado-sobre-la-situacion-y-canales-del-cfp-de-comunicacion-durante-el-coronavirus","status":"publish","type":"post","link":"https:\/\/cfpmaresme.org\/es\/comunicado-sobre-la-situacion-y-canales-del-cfp-de-comunicacion-durante-el-coronavirus\/","title":{"rendered":"Comunicado sobre la situaci\u00f3n y canales de comunicaci\u00f3n del CFP durante el Coronavirus"},"content":{"rendered":"<p>Los servicios del CFP durante la crisis del Coronavirus y hasta nuevo aviso quedan cerrados, a excepci\u00f3n de los de atenci\u00f3n directa como son el Centro Residencial de Acci\u00f3n Educativa (CRAE), el Programa de Apoyo a la Autonomia en el propio hogar, Hogares Asistidos, Pisos asistidos 16-18 a\u00f1os y Pisos ASJTET.<\/p>\n<p>Aun as\u00ed, &lt;strong&gt;mantenemos el soporte y la supervisi\u00f3n del d\u00eda a d\u00eda de los y las pacientes&lt;\/strong&gt;. Adem\u00e1s, estamos trabajando des de distintos servicios para hacer propuestas a usuarios\/as de actividades a realizar des de casa para que se mantengan &lt;strong&gt; activos y connectados&lt;\/strong&gt; durante las semanas que pueda durar la situaci\u00f3n actual.<\/p>\n<p>Para cualquier duda o comentario los y las pacientes se pueden comunicar con sus&lt;strong&gt;persons de referencia&lt;\/strong&gt;. En la p\u00e1gina de cada servicio de la web, pueden encontrar los detalles de como contactar con ellas.<\/p>\n<p>El equipo del CFP estamos activos y &lt;strong&gt;disponibles a trav\u00e9s de los correos corporativos&lt;\/strong&gt;. Os atenderemos todo lo que sea necesario durante los pr\u00f3ximos d\u00edas a trav\u00e9s de este canal.<\/p>\n<p>&nbsp;<\/p>\n","protected":false},"excerpt":{"rendered":"<p>Los servicios del CFP durante la crisis del Coronavirus y hasta nuevo aviso quedan cerrados, a excepci\u00f3n de los de atenci\u00f3n directa como son el Centro Residencial de Acci\u00f3n Educativa (CRAE), el Programa de Apoyo a la Autonomia en el propio hogar, Hogares Asistidos, Pisos&#8230;<\/p>\n","protected":false},"author":2,"featured_media":19318,"comment_status":"open","ping_status":"open","sticky":false,"template":"","format":"standard","meta":{"footnotes":""},"categories":[1187],"tags":[],"class_list":["post-19323","post","type-post","status-publish","format-standard","has-post-thumbnail","hentry","category-cfp-maresme-es"],"yoast_head":"<!-- This site is optimized with the Yoast SEO plugin v27.4 - https:\/\/yoast.com\/product\/yoast-seo-wordpress\/ -->\n<title>Comunicado sobre la situaci\u00f3n y canales de comunicaci\u00f3n del CFP durante el Coronavirus | CFP Maresme<\/title>\n<meta name=\"robots\" content=\"index, follow, max-snippet:-1, max-image-preview:large, max-video-preview:-1\" \/>\n<link rel=\"canonical\" href=\"https:\/\/cfpmaresme.org\/es\/comunicado-sobre-la-situacion-y-canales-del-cfp-de-comunicacion-durante-el-coronavirus\/\" \/>\n<meta property=\"og:locale\" content=\"es_ES\" \/>\n<meta property=\"og:type\" content=\"article\" \/>\n<meta property=\"og:title\" content=\"Comunicado sobre la situaci\u00f3n y canales de comunicaci\u00f3n del CFP durante el Coronavirus | CFP Maresme\" \/>\n<meta property=\"og:description\" content=\"Los servicios del CFP durante la crisis del Coronavirus y hasta nuevo aviso quedan cerrados, a excepci\u00f3n de los de atenci\u00f3n directa como son el Centro Residencial de Acci\u00f3n Educativa (CRAE), el Programa de Apoyo a la Autonomia en el propio hogar, Hogares Asistidos, Pisos...\" \/>\n<meta property=\"og:url\" content=\"https:\/\/cfpmaresme.org\/es\/comunicado-sobre-la-situacion-y-canales-del-cfp-de-comunicacion-durante-el-coronavirus\/\" \/>\n<meta property=\"og:site_name\" content=\"CFP Maresme\" \/>\n<meta property=\"article:published_time\" content=\"2020-03-18T15:27:40+00:00\" \/>\n<meta property=\"article:modified_time\" content=\"2020-03-18T15:30:42+00:00\" \/>\n<meta property=\"og:image\" content=\"https:\/\/cfpmaresme.org\/wp-content\/uploads\/2020\/03\/333e91be-34d4-4f13-99ae-d5017b97500d.png\" \/>\n\t<meta property=\"og:image:width\" content=\"549\" \/>\n\t<meta property=\"og:image:height\" content=\"187\" \/>\n\t<meta property=\"og:image:type\" content=\"image\/png\" \/>\n<meta name=\"author\" content=\"CFPMaresme\" \/>\n<meta name=\"twitter:card\" content=\"summary_large_image\" \/>\n<meta name=\"twitter:creator\" content=\"@cfpmaresme\" \/>\n<meta name=\"twitter:site\" content=\"@cfpmaresme\" \/>\n<meta name=\"twitter:label1\" content=\"Escrito por\" \/>\n\t<meta name=\"twitter:data1\" content=\"CFPMaresme\" \/>\n\t<meta name=\"twitter:label2\" content=\"Tiempo de lectura\" \/>\n\t<meta name=\"twitter:data2\" content=\"1 minuto\" \/>\n<script type=\"application\/ld+json\" class=\"yoast-schema-graph\">{\"@context\":\"https:\\\/\\\/schema.org\",\"@graph\":[{\"@type\":\"Article\",\"@id\":\"https:\\\/\\\/cfpmaresme.org\\\/es\\\/comunicado-sobre-la-situacion-y-canales-del-cfp-de-comunicacion-durante-el-coronavirus\\\/#article\",\"isPartOf\":{\"@id\":\"https:\\\/\\\/cfpmaresme.org\\\/es\\\/comunicado-sobre-la-situacion-y-canales-del-cfp-de-comunicacion-durante-el-coronavirus\\\/\"},\"author\":{\"name\":\"CFPMaresme\",\"@id\":\"https:\\\/\\\/cfpmaresme.org\\\/#\\\/schema\\\/person\\\/b2634bcd796fafc667ea4055f61b9b2c\"},\"headline\":\"Comunicado sobre la situaci\u00f3n y canales de comunicaci\u00f3n del CFP durante el Coronavirus\",\"datePublished\":\"2020-03-18T15:27:40+00:00\",\"dateModified\":\"2020-03-18T15:30:42+00:00\",\"mainEntityOfPage\":{\"@id\":\"https:\\\/\\\/cfpmaresme.org\\\/es\\\/comunicado-sobre-la-situacion-y-canales-del-cfp-de-comunicacion-durante-el-coronavirus\\\/\"},\"wordCount\":223,\"commentCount\":0,\"image\":{\"@id\":\"https:\\\/\\\/cfpmaresme.org\\\/es\\\/comunicado-sobre-la-situacion-y-canales-del-cfp-de-comunicacion-durante-el-coronavirus\\\/#primaryimage\"},\"thumbnailUrl\":\"https:\\\/\\\/cfpmaresme.org\\\/wp-content\\\/uploads\\\/2020\\\/03\\\/333e91be-34d4-4f13-99ae-d5017b97500d.png\",\"articleSection\":[\"CFP Maresme\"],\"inLanguage\":\"es\"},{\"@type\":\"WebPage\",\"@id\":\"https:\\\/\\\/cfpmaresme.org\\\/es\\\/comunicado-sobre-la-situacion-y-canales-del-cfp-de-comunicacion-durante-el-coronavirus\\\/\",\"url\":\"https:\\\/\\\/cfpmaresme.org\\\/es\\\/comunicado-sobre-la-situacion-y-canales-del-cfp-de-comunicacion-durante-el-coronavirus\\\/\",\"name\":\"Comunicado sobre la situaci\u00f3n y canales de comunicaci\u00f3n del CFP durante el Coronavirus | CFP Maresme\",\"isPartOf\":{\"@id\":\"https:\\\/\\\/cfpmaresme.org\\\/#website\"},\"primaryImageOfPage\":{\"@id\":\"https:\\\/\\\/cfpmaresme.org\\\/es\\\/comunicado-sobre-la-situacion-y-canales-del-cfp-de-comunicacion-durante-el-coronavirus\\\/#primaryimage\"},\"image\":{\"@id\":\"https:\\\/\\\/cfpmaresme.org\\\/es\\\/comunicado-sobre-la-situacion-y-canales-del-cfp-de-comunicacion-durante-el-coronavirus\\\/#primaryimage\"},\"thumbnailUrl\":\"https:\\\/\\\/cfpmaresme.org\\\/wp-content\\\/uploads\\\/2020\\\/03\\\/333e91be-34d4-4f13-99ae-d5017b97500d.png\",\"datePublished\":\"2020-03-18T15:27:40+00:00\",\"dateModified\":\"2020-03-18T15:30:42+00:00\",\"author\":{\"@id\":\"https:\\\/\\\/cfpmaresme.org\\\/#\\\/schema\\\/person\\\/b2634bcd796fafc667ea4055f61b9b2c\"},\"breadcrumb\":{\"@id\":\"https:\\\/\\\/cfpmaresme.org\\\/es\\\/comunicado-sobre-la-situacion-y-canales-del-cfp-de-comunicacion-durante-el-coronavirus\\\/#breadcrumb\"},\"inLanguage\":\"es\",\"potentialAction\":[{\"@type\":\"ReadAction\",\"target\":[\"https:\\\/\\\/cfpmaresme.org\\\/es\\\/comunicado-sobre-la-situacion-y-canales-del-cfp-de-comunicacion-durante-el-coronavirus\\\/\"]}]},{\"@type\":\"ImageObject\",\"inLanguage\":\"es\",\"@id\":\"https:\\\/\\\/cfpmaresme.org\\\/es\\\/comunicado-sobre-la-situacion-y-canales-del-cfp-de-comunicacion-durante-el-coronavirus\\\/#primaryimage\",\"url\":\"https:\\\/\\\/cfpmaresme.org\\\/wp-content\\\/uploads\\\/2020\\\/03\\\/333e91be-34d4-4f13-99ae-d5017b97500d.png\",\"contentUrl\":\"https:\\\/\\\/cfpmaresme.org\\\/wp-content\\\/uploads\\\/2020\\\/03\\\/333e91be-34d4-4f13-99ae-d5017b97500d.png\",\"width\":549,\"height\":187},{\"@type\":\"BreadcrumbList\",\"@id\":\"https:\\\/\\\/cfpmaresme.org\\\/es\\\/comunicado-sobre-la-situacion-y-canales-del-cfp-de-comunicacion-durante-el-coronavirus\\\/#breadcrumb\",\"itemListElement\":[{\"@type\":\"ListItem\",\"position\":1,\"name\":\"Home\",\"item\":\"https:\\\/\\\/cfpmaresme.org\\\/es\\\/\"},{\"@type\":\"ListItem\",\"position\":2,\"name\":\"Comunicado sobre la situaci\u00f3n y canales de comunicaci\u00f3n del CFP durante el Coronavirus\"}]},{\"@type\":\"WebSite\",\"@id\":\"https:\\\/\\\/cfpmaresme.org\\\/#website\",\"url\":\"https:\\\/\\\/cfpmaresme.org\\\/\",\"name\":\"CFP Maresme\",\"description\":\"Centre Formaci\u00f3 Prevenci\u00f3\",\"potentialAction\":[{\"@type\":\"SearchAction\",\"target\":{\"@type\":\"EntryPoint\",\"urlTemplate\":\"https:\\\/\\\/cfpmaresme.org\\\/?s={search_term_string}\"},\"query-input\":{\"@type\":\"PropertyValueSpecification\",\"valueRequired\":true,\"valueName\":\"search_term_string\"}}],\"inLanguage\":\"es\"},{\"@type\":\"Person\",\"@id\":\"https:\\\/\\\/cfpmaresme.org\\\/#\\\/schema\\\/person\\\/b2634bcd796fafc667ea4055f61b9b2c\",\"name\":\"CFPMaresme\"}]}<\/script>\n<!-- \/ Yoast SEO plugin. -->","yoast_head_json":{"title":"Comunicado sobre la situaci\u00f3n y canales de comunicaci\u00f3n del CFP durante el Coronavirus | CFP Maresme","robots":{"index":"index","follow":"follow","max-snippet":"max-snippet:-1","max-image-preview":"max-image-preview:large","max-video-preview":"max-video-preview:-1"},"canonical":"https:\/\/cfpmaresme.org\/es\/comunicado-sobre-la-situacion-y-canales-del-cfp-de-comunicacion-durante-el-coronavirus\/","og_locale":"es_ES","og_type":"article","og_title":"Comunicado sobre la situaci\u00f3n y canales de comunicaci\u00f3n del CFP durante el Coronavirus | CFP Maresme","og_description":"Los servicios del CFP durante la crisis del Coronavirus y hasta nuevo aviso quedan cerrados, a excepci\u00f3n de los de atenci\u00f3n directa como son el Centro Residencial de Acci\u00f3n Educativa (CRAE), el Programa de Apoyo a la Autonomia en el propio hogar, Hogares Asistidos, Pisos...","og_url":"https:\/\/cfpmaresme.org\/es\/comunicado-sobre-la-situacion-y-canales-del-cfp-de-comunicacion-durante-el-coronavirus\/","og_site_name":"CFP Maresme","article_published_time":"2020-03-18T15:27:40+00:00","article_modified_time":"2020-03-18T15:30:42+00:00","og_image":[{"width":549,"height":187,"url":"https:\/\/cfpmaresme.org\/wp-content\/uploads\/2020\/03\/333e91be-34d4-4f13-99ae-d5017b97500d.png","type":"image\/png"}],"author":"CFPMaresme","twitter_card":"summary_large_image","twitter_creator":"@cfpmaresme","twitter_site":"@cfpmaresme","twitter_misc":{"Escrito por":"CFPMaresme","Tiempo de lectura":"1 minuto"},"schema":{"@context":"https:\/\/schema.org","@graph":[{"@type":"Article","@id":"https:\/\/cfpmaresme.org\/es\/comunicado-sobre-la-situacion-y-canales-del-cfp-de-comunicacion-durante-el-coronavirus\/#article","isPartOf":{"@id":"https:\/\/cfpmaresme.org\/es\/comunicado-sobre-la-situacion-y-canales-del-cfp-de-comunicacion-durante-el-coronavirus\/"},"author":{"name":"CFPMaresme","@id":"https:\/\/cfpmaresme.org\/#\/schema\/person\/b2634bcd796fafc667ea4055f61b9b2c"},"headline":"Comunicado sobre la situaci\u00f3n y canales de comunicaci\u00f3n del CFP durante el Coronavirus","datePublished":"2020-03-18T15:27:40+00:00","dateModified":"2020-03-18T15:30:42+00:00","mainEntityOfPage":{"@id":"https:\/\/cfpmaresme.org\/es\/comunicado-sobre-la-situacion-y-canales-del-cfp-de-comunicacion-durante-el-coronavirus\/"},"wordCount":223,"commentCount":0,"image":{"@id":"https:\/\/cfpmaresme.org\/es\/comunicado-sobre-la-situacion-y-canales-del-cfp-de-comunicacion-durante-el-coronavirus\/#primaryimage"},"thumbnailUrl":"https:\/\/cfpmaresme.org\/wp-content\/uploads\/2020\/03\/333e91be-34d4-4f13-99ae-d5017b97500d.png","articleSection":["CFP Maresme"],"inLanguage":"es"},{"@type":"WebPage","@id":"https:\/\/cfpmaresme.org\/es\/comunicado-sobre-la-situacion-y-canales-del-cfp-de-comunicacion-durante-el-coronavirus\/","url":"https:\/\/cfpmaresme.org\/es\/comunicado-sobre-la-situacion-y-canales-del-cfp-de-comunicacion-durante-el-coronavirus\/","name":"Comunicado sobre la situaci\u00f3n y canales de comunicaci\u00f3n del CFP durante el Coronavirus | CFP Maresme","isPartOf":{"@id":"https:\/\/cfpmaresme.org\/#website"},"primaryImageOfPage":{"@id":"https:\/\/cfpmaresme.org\/es\/comunicado-sobre-la-situacion-y-canales-del-cfp-de-comunicacion-durante-el-coronavirus\/#primaryimage"},"image":{"@id":"https:\/\/cfpmaresme.org\/es\/comunicado-sobre-la-situacion-y-canales-del-cfp-de-comunicacion-durante-el-coronavirus\/#primaryimage"},"thumbnailUrl":"https:\/\/cfpmaresme.org\/wp-content\/uploads\/2020\/03\/333e91be-34d4-4f13-99ae-d5017b97500d.png","datePublished":"2020-03-18T15:27:40+00:00","dateModified":"2020-03-18T15:30:42+00:00","author":{"@id":"https:\/\/cfpmaresme.org\/#\/schema\/person\/b2634bcd796fafc667ea4055f61b9b2c"},"breadcrumb":{"@id":"https:\/\/cfpmaresme.org\/es\/comunicado-sobre-la-situacion-y-canales-del-cfp-de-comunicacion-durante-el-coronavirus\/#breadcrumb"},"inLanguage":"es","potentialAction":[{"@type":"ReadAction","target":["https:\/\/cfpmaresme.org\/es\/comunicado-sobre-la-situacion-y-canales-del-cfp-de-comunicacion-durante-el-coronavirus\/"]}]},{"@type":"ImageObject","inLanguage":"es","@id":"https:\/\/cfpmaresme.org\/es\/comunicado-sobre-la-situacion-y-canales-del-cfp-de-comunicacion-durante-el-coronavirus\/#primaryimage","url":"https:\/\/cfpmaresme.org\/wp-content\/uploads\/2020\/03\/333e91be-34d4-4f13-99ae-d5017b97500d.png","contentUrl":"https:\/\/cfpmaresme.org\/wp-content\/uploads\/2020\/03\/333e91be-34d4-4f13-99ae-d5017b97500d.png","width":549,"height":187},{"@type":"BreadcrumbList","@id":"https:\/\/cfpmaresme.org\/es\/comunicado-sobre-la-situacion-y-canales-del-cfp-de-comunicacion-durante-el-coronavirus\/#breadcrumb","itemListElement":[{"@type":"ListItem","position":1,"name":"Home","item":"https:\/\/cfpmaresme.org\/es\/"},{"@type":"ListItem","position":2,"name":"Comunicado sobre la situaci\u00f3n y canales de comunicaci\u00f3n del CFP durante el Coronavirus"}]},{"@type":"WebSite","@id":"https:\/\/cfpmaresme.org\/#website","url":"https:\/\/cfpmaresme.org\/","name":"CFP Maresme","description":"Centre Formaci\u00f3 Prevenci\u00f3","potentialAction":[{"@type":"SearchAction","target":{"@type":"EntryPoint","urlTemplate":"https:\/\/cfpmaresme.org\/?s={search_term_string}"},"query-input":{"@type":"PropertyValueSpecification","valueRequired":true,"valueName":"search_term_string"}}],"inLanguage":"es"},{"@type":"Person","@id":"https:\/\/cfpmaresme.org\/#\/schema\/person\/b2634bcd796fafc667ea4055f61b9b2c","name":"CFPMaresme"}]}},"_links":{"self":[{"href":"https:\/\/cfpmaresme.org\/es\/wp-json\/wp\/v2\/posts\/19323","targetHints":{"allow":["GET"]}}],"collection":[{"href":"https:\/\/cfpmaresme.org\/es\/wp-json\/wp\/v2\/posts"}],"about":[{"href":"https:\/\/cfpmaresme.org\/es\/wp-json\/wp\/v2\/types\/post"}],"author":[{"embeddable":true,"href":"https:\/\/cfpmaresme.org\/es\/wp-json\/wp\/v2\/users\/2"}],"replies":[{"embeddable":true,"href":"https:\/\/cfpmaresme.org\/es\/wp-json\/wp\/v2\/comments?post=19323"}],"version-history":[{"count":2,"href":"https:\/\/cfpmaresme.org\/es\/wp-json\/wp\/v2\/posts\/19323\/revisions"}],"predecessor-version":[{"id":19325,"href":"https:\/\/cfpmaresme.org\/es\/wp-json\/wp\/v2\/posts\/19323\/revisions\/19325"}],"wp:featuredmedia":[{"embeddable":true,"href":"https:\/\/cfpmaresme.org\/es\/wp-json\/wp\/v2\/media\/19318"}],"wp:attachment":[{"href":"https:\/\/cfpmaresme.org\/es\/wp-json\/wp\/v2\/media?parent=19323"}],"wp:term":[{"taxonomy":"category","embeddable":true,"href":"https:\/\/cfpmaresme.org\/es\/wp-json\/wp\/v2\/categories?post=19323"},{"taxonomy":"post_tag","embeddable":true,"href":"https:\/\/cfpmaresme.org\/es\/wp-json\/wp\/v2\/tags?post=19323"}],"curies":[{"name":"wp","href":"https:\/\/api.w.org\/{rel}","templated":true}]}}