{"id":19491,"date":"2020-04-09T14:03:12","date_gmt":"2020-04-09T12:03:12","guid":{"rendered":"https:\/\/www.cfpmaresme.org\/?p=19491"},"modified":"2020-04-28T09:34:26","modified_gmt":"2020-04-28T07:34:26","slug":"mis-dias-en-cuarentena-reflexiones-de-un-joven-de-prelaboral","status":"publish","type":"post","link":"https:\/\/cfpmaresme.org\/es\/mis-dias-en-cuarentena-reflexiones-de-un-joven-de-prelaboral\/","title":{"rendered":"\u00abMis d\u00edas en Cuarentena\u00bb reflexiones de un joven de Prelaboral"},"content":{"rendered":"<p>Estos d\u00edas no han sido muy normales, m\u00e1s bien excepcionales por haber viviendo una pandemia que m\u00e1s bien me retrotrae a una situaci\u00f3n en Europa de 1945 para abajo por la emergencia que hay en todo el viejo continente.<\/p>\n<p>Siempre me ha gustado la historia, pero una cosa es leerla y otra vivir un panorama \u201csimilar\u201d a las pandemias que ha asolado a la humanidad desde la prehistoria. A la cabeza me sale en primer lugar la gran peste bub\u00f3nica de mediados del siglo XIV o la gripe espa\u00f1ola de 1918, mucho m\u00e1s letales<\/p>\n<p>Por suerte esta pandemia en comparaci\u00f3n a las dos mencionadas es un juego de ni\u00f1os.\u00a0 No por ello es peligroso en que seg\u00fan franja de edad y estado de salud. De momento en mi entorno no hay, que se sepa, se\u00f1ales del virus.<\/p>\n<p>En cuanto a como estoy viviendo la cuarentena es como unas vacaciones encerado en casa enfocado \u00a0en mis aficiones, aparte de estar en familia, ayudar en casa y hacer la faena del instituto y la asociaci\u00f3n. Estoy acentuado a pasar todo el d\u00eda encerrado en casa por lo que\u00a0 no lo noto el estar encerrado tantos d\u00edas en comparaci\u00f3n a otros casos que es juntamente todo lo contario. \u00a0Tambi\u00e9n porque ocupo el tiempo, siempre tengo cosas que hacer en relaci\u00f3n a mis aficiones e intereses.<\/p>\n<p>Pero en parte tambi\u00e9n echo en falta salir a la calle y hacer la rutina porque estar todo el d\u00eda encerrado en casa\u00a0 tantos d\u00edas tampoco es bueno y soy muy consiente de eso. Hasta yo necesito salir y despejarme.<\/p>\n<p><strong>\u00a0<\/strong><\/p>\n","protected":false},"excerpt":{"rendered":"<p>Estos d\u00edas no han sido muy normales, m\u00e1s bien excepcionales por haber viviendo una pandemia que m\u00e1s bien me retrotrae a una situaci\u00f3n en Europa de 1945 para abajo por la emergencia que hay en todo el viejo continente. Siempre me ha gustado la historia,&#8230;<\/p>\n","protected":false},"author":2,"featured_media":19496,"comment_status":"open","ping_status":"open","sticky":false,"template":"","format":"standard","meta":{"footnotes":""},"categories":[1197,1216],"tags":[],"class_list":["post-19491","post","type-post","status-publish","format-standard","has-post-thumbnail","hentry","category-cfp-des-de-casa","category-otros"],"yoast_head":"<!-- This site is optimized with the Yoast SEO plugin v27.4 - https:\/\/yoast.com\/product\/yoast-seo-wordpress\/ -->\n<title>&quot;Mis d\u00edas en Cuarentena&quot; reflexiones de un joven de Prelaboral | CFP Maresme<\/title>\n<meta name=\"robots\" content=\"index, follow, max-snippet:-1, max-image-preview:large, max-video-preview:-1\" \/>\n<link rel=\"canonical\" href=\"https:\/\/cfpmaresme.org\/es\/mis-dias-en-cuarentena-reflexiones-de-un-joven-de-prelaboral\/\" \/>\n<meta property=\"og:locale\" content=\"es_ES\" \/>\n<meta property=\"og:type\" content=\"article\" \/>\n<meta property=\"og:title\" content=\"&quot;Mis d\u00edas en Cuarentena&quot; reflexiones de un joven de Prelaboral | CFP Maresme\" \/>\n<meta property=\"og:description\" content=\"Estos d\u00edas no han sido muy normales, m\u00e1s bien excepcionales por haber viviendo una pandemia que m\u00e1s bien me retrotrae a una situaci\u00f3n en Europa de 1945 para abajo por la emergencia que hay en todo el viejo continente. Siempre me ha gustado la historia,...\" \/>\n<meta property=\"og:url\" content=\"https:\/\/cfpmaresme.org\/es\/mis-dias-en-cuarentena-reflexiones-de-un-joven-de-prelaboral\/\" \/>\n<meta property=\"og:site_name\" content=\"CFP Maresme\" \/>\n<meta property=\"article:published_time\" content=\"2020-04-09T12:03:12+00:00\" \/>\n<meta property=\"article:modified_time\" content=\"2020-04-28T07:34:26+00:00\" \/>\n<meta property=\"og:image\" content=\"https:\/\/cfpmaresme.org\/wp-content\/uploads\/2020\/04\/Captura.jpg\" \/>\n\t<meta property=\"og:image:width\" content=\"800\" \/>\n\t<meta property=\"og:image:height\" content=\"380\" \/>\n\t<meta property=\"og:image:type\" content=\"image\/jpeg\" \/>\n<meta name=\"author\" content=\"CFPMaresme\" \/>\n<meta name=\"twitter:card\" content=\"summary_large_image\" \/>\n<meta name=\"twitter:creator\" content=\"@cfpmaresme\" \/>\n<meta name=\"twitter:site\" content=\"@cfpmaresme\" \/>\n<meta name=\"twitter:label1\" content=\"Escrito por\" \/>\n\t<meta name=\"twitter:data1\" content=\"CFPMaresme\" \/>\n\t<meta name=\"twitter:label2\" content=\"Tiempo de lectura\" \/>\n\t<meta name=\"twitter:data2\" content=\"1 minuto\" \/>\n<script type=\"application\/ld+json\" class=\"yoast-schema-graph\">{\"@context\":\"https:\\\/\\\/schema.org\",\"@graph\":[{\"@type\":\"Article\",\"@id\":\"https:\\\/\\\/cfpmaresme.org\\\/es\\\/mis-dias-en-cuarentena-reflexiones-de-un-joven-de-prelaboral\\\/#article\",\"isPartOf\":{\"@id\":\"https:\\\/\\\/cfpmaresme.org\\\/es\\\/mis-dias-en-cuarentena-reflexiones-de-un-joven-de-prelaboral\\\/\"},\"author\":{\"name\":\"CFPMaresme\",\"@id\":\"https:\\\/\\\/cfpmaresme.org\\\/#\\\/schema\\\/person\\\/b2634bcd796fafc667ea4055f61b9b2c\"},\"headline\":\"\u00abMis d\u00edas en Cuarentena\u00bb reflexiones de un joven de Prelaboral\",\"datePublished\":\"2020-04-09T12:03:12+00:00\",\"dateModified\":\"2020-04-28T07:34:26+00:00\",\"mainEntityOfPage\":{\"@id\":\"https:\\\/\\\/cfpmaresme.org\\\/es\\\/mis-dias-en-cuarentena-reflexiones-de-un-joven-de-prelaboral\\\/\"},\"wordCount\":291,\"commentCount\":0,\"image\":{\"@id\":\"https:\\\/\\\/cfpmaresme.org\\\/es\\\/mis-dias-en-cuarentena-reflexiones-de-un-joven-de-prelaboral\\\/#primaryimage\"},\"thumbnailUrl\":\"https:\\\/\\\/cfpmaresme.org\\\/wp-content\\\/uploads\\\/2020\\\/04\\\/Captura.jpg\",\"articleSection\":[\"CFP desde casa\",\"Otros\"],\"inLanguage\":\"es\"},{\"@type\":\"WebPage\",\"@id\":\"https:\\\/\\\/cfpmaresme.org\\\/es\\\/mis-dias-en-cuarentena-reflexiones-de-un-joven-de-prelaboral\\\/\",\"url\":\"https:\\\/\\\/cfpmaresme.org\\\/es\\\/mis-dias-en-cuarentena-reflexiones-de-un-joven-de-prelaboral\\\/\",\"name\":\"\\\"Mis d\u00edas en Cuarentena\\\" reflexiones de un joven de Prelaboral | CFP Maresme\",\"isPartOf\":{\"@id\":\"https:\\\/\\\/cfpmaresme.org\\\/#website\"},\"primaryImageOfPage\":{\"@id\":\"https:\\\/\\\/cfpmaresme.org\\\/es\\\/mis-dias-en-cuarentena-reflexiones-de-un-joven-de-prelaboral\\\/#primaryimage\"},\"image\":{\"@id\":\"https:\\\/\\\/cfpmaresme.org\\\/es\\\/mis-dias-en-cuarentena-reflexiones-de-un-joven-de-prelaboral\\\/#primaryimage\"},\"thumbnailUrl\":\"https:\\\/\\\/cfpmaresme.org\\\/wp-content\\\/uploads\\\/2020\\\/04\\\/Captura.jpg\",\"datePublished\":\"2020-04-09T12:03:12+00:00\",\"dateModified\":\"2020-04-28T07:34:26+00:00\",\"author\":{\"@id\":\"https:\\\/\\\/cfpmaresme.org\\\/#\\\/schema\\\/person\\\/b2634bcd796fafc667ea4055f61b9b2c\"},\"breadcrumb\":{\"@id\":\"https:\\\/\\\/cfpmaresme.org\\\/es\\\/mis-dias-en-cuarentena-reflexiones-de-un-joven-de-prelaboral\\\/#breadcrumb\"},\"inLanguage\":\"es\",\"potentialAction\":[{\"@type\":\"ReadAction\",\"target\":[\"https:\\\/\\\/cfpmaresme.org\\\/es\\\/mis-dias-en-cuarentena-reflexiones-de-un-joven-de-prelaboral\\\/\"]}]},{\"@type\":\"ImageObject\",\"inLanguage\":\"es\",\"@id\":\"https:\\\/\\\/cfpmaresme.org\\\/es\\\/mis-dias-en-cuarentena-reflexiones-de-un-joven-de-prelaboral\\\/#primaryimage\",\"url\":\"https:\\\/\\\/cfpmaresme.org\\\/wp-content\\\/uploads\\\/2020\\\/04\\\/Captura.jpg\",\"contentUrl\":\"https:\\\/\\\/cfpmaresme.org\\\/wp-content\\\/uploads\\\/2020\\\/04\\\/Captura.jpg\",\"width\":800,\"height\":380},{\"@type\":\"BreadcrumbList\",\"@id\":\"https:\\\/\\\/cfpmaresme.org\\\/es\\\/mis-dias-en-cuarentena-reflexiones-de-un-joven-de-prelaboral\\\/#breadcrumb\",\"itemListElement\":[{\"@type\":\"ListItem\",\"position\":1,\"name\":\"Home\",\"item\":\"https:\\\/\\\/cfpmaresme.org\\\/es\\\/\"},{\"@type\":\"ListItem\",\"position\":2,\"name\":\"\u00abMis d\u00edas en Cuarentena\u00bb reflexiones de un joven de Prelaboral\"}]},{\"@type\":\"WebSite\",\"@id\":\"https:\\\/\\\/cfpmaresme.org\\\/#website\",\"url\":\"https:\\\/\\\/cfpmaresme.org\\\/\",\"name\":\"CFP Maresme\",\"description\":\"Centre Formaci\u00f3 Prevenci\u00f3\",\"potentialAction\":[{\"@type\":\"SearchAction\",\"target\":{\"@type\":\"EntryPoint\",\"urlTemplate\":\"https:\\\/\\\/cfpmaresme.org\\\/?s={search_term_string}\"},\"query-input\":{\"@type\":\"PropertyValueSpecification\",\"valueRequired\":true,\"valueName\":\"search_term_string\"}}],\"inLanguage\":\"es\"},{\"@type\":\"Person\",\"@id\":\"https:\\\/\\\/cfpmaresme.org\\\/#\\\/schema\\\/person\\\/b2634bcd796fafc667ea4055f61b9b2c\",\"name\":\"CFPMaresme\"}]}<\/script>\n<!-- \/ Yoast SEO plugin. -->","yoast_head_json":{"title":"\"Mis d\u00edas en Cuarentena\" reflexiones de un joven de Prelaboral | CFP Maresme","robots":{"index":"index","follow":"follow","max-snippet":"max-snippet:-1","max-image-preview":"max-image-preview:large","max-video-preview":"max-video-preview:-1"},"canonical":"https:\/\/cfpmaresme.org\/es\/mis-dias-en-cuarentena-reflexiones-de-un-joven-de-prelaboral\/","og_locale":"es_ES","og_type":"article","og_title":"\"Mis d\u00edas en Cuarentena\" reflexiones de un joven de Prelaboral | CFP Maresme","og_description":"Estos d\u00edas no han sido muy normales, m\u00e1s bien excepcionales por haber viviendo una pandemia que m\u00e1s bien me retrotrae a una situaci\u00f3n en Europa de 1945 para abajo por la emergencia que hay en todo el viejo continente. Siempre me ha gustado la historia,...","og_url":"https:\/\/cfpmaresme.org\/es\/mis-dias-en-cuarentena-reflexiones-de-un-joven-de-prelaboral\/","og_site_name":"CFP Maresme","article_published_time":"2020-04-09T12:03:12+00:00","article_modified_time":"2020-04-28T07:34:26+00:00","og_image":[{"width":800,"height":380,"url":"https:\/\/cfpmaresme.org\/wp-content\/uploads\/2020\/04\/Captura.jpg","type":"image\/jpeg"}],"author":"CFPMaresme","twitter_card":"summary_large_image","twitter_creator":"@cfpmaresme","twitter_site":"@cfpmaresme","twitter_misc":{"Escrito por":"CFPMaresme","Tiempo de lectura":"1 minuto"},"schema":{"@context":"https:\/\/schema.org","@graph":[{"@type":"Article","@id":"https:\/\/cfpmaresme.org\/es\/mis-dias-en-cuarentena-reflexiones-de-un-joven-de-prelaboral\/#article","isPartOf":{"@id":"https:\/\/cfpmaresme.org\/es\/mis-dias-en-cuarentena-reflexiones-de-un-joven-de-prelaboral\/"},"author":{"name":"CFPMaresme","@id":"https:\/\/cfpmaresme.org\/#\/schema\/person\/b2634bcd796fafc667ea4055f61b9b2c"},"headline":"\u00abMis d\u00edas en Cuarentena\u00bb reflexiones de un joven de Prelaboral","datePublished":"2020-04-09T12:03:12+00:00","dateModified":"2020-04-28T07:34:26+00:00","mainEntityOfPage":{"@id":"https:\/\/cfpmaresme.org\/es\/mis-dias-en-cuarentena-reflexiones-de-un-joven-de-prelaboral\/"},"wordCount":291,"commentCount":0,"image":{"@id":"https:\/\/cfpmaresme.org\/es\/mis-dias-en-cuarentena-reflexiones-de-un-joven-de-prelaboral\/#primaryimage"},"thumbnailUrl":"https:\/\/cfpmaresme.org\/wp-content\/uploads\/2020\/04\/Captura.jpg","articleSection":["CFP desde casa","Otros"],"inLanguage":"es"},{"@type":"WebPage","@id":"https:\/\/cfpmaresme.org\/es\/mis-dias-en-cuarentena-reflexiones-de-un-joven-de-prelaboral\/","url":"https:\/\/cfpmaresme.org\/es\/mis-dias-en-cuarentena-reflexiones-de-un-joven-de-prelaboral\/","name":"\"Mis d\u00edas en Cuarentena\" reflexiones de un joven de Prelaboral | CFP Maresme","isPartOf":{"@id":"https:\/\/cfpmaresme.org\/#website"},"primaryImageOfPage":{"@id":"https:\/\/cfpmaresme.org\/es\/mis-dias-en-cuarentena-reflexiones-de-un-joven-de-prelaboral\/#primaryimage"},"image":{"@id":"https:\/\/cfpmaresme.org\/es\/mis-dias-en-cuarentena-reflexiones-de-un-joven-de-prelaboral\/#primaryimage"},"thumbnailUrl":"https:\/\/cfpmaresme.org\/wp-content\/uploads\/2020\/04\/Captura.jpg","datePublished":"2020-04-09T12:03:12+00:00","dateModified":"2020-04-28T07:34:26+00:00","author":{"@id":"https:\/\/cfpmaresme.org\/#\/schema\/person\/b2634bcd796fafc667ea4055f61b9b2c"},"breadcrumb":{"@id":"https:\/\/cfpmaresme.org\/es\/mis-dias-en-cuarentena-reflexiones-de-un-joven-de-prelaboral\/#breadcrumb"},"inLanguage":"es","potentialAction":[{"@type":"ReadAction","target":["https:\/\/cfpmaresme.org\/es\/mis-dias-en-cuarentena-reflexiones-de-un-joven-de-prelaboral\/"]}]},{"@type":"ImageObject","inLanguage":"es","@id":"https:\/\/cfpmaresme.org\/es\/mis-dias-en-cuarentena-reflexiones-de-un-joven-de-prelaboral\/#primaryimage","url":"https:\/\/cfpmaresme.org\/wp-content\/uploads\/2020\/04\/Captura.jpg","contentUrl":"https:\/\/cfpmaresme.org\/wp-content\/uploads\/2020\/04\/Captura.jpg","width":800,"height":380},{"@type":"BreadcrumbList","@id":"https:\/\/cfpmaresme.org\/es\/mis-dias-en-cuarentena-reflexiones-de-un-joven-de-prelaboral\/#breadcrumb","itemListElement":[{"@type":"ListItem","position":1,"name":"Home","item":"https:\/\/cfpmaresme.org\/es\/"},{"@type":"ListItem","position":2,"name":"\u00abMis d\u00edas en Cuarentena\u00bb reflexiones de un joven de Prelaboral"}]},{"@type":"WebSite","@id":"https:\/\/cfpmaresme.org\/#website","url":"https:\/\/cfpmaresme.org\/","name":"CFP Maresme","description":"Centre Formaci\u00f3 Prevenci\u00f3","potentialAction":[{"@type":"SearchAction","target":{"@type":"EntryPoint","urlTemplate":"https:\/\/cfpmaresme.org\/?s={search_term_string}"},"query-input":{"@type":"PropertyValueSpecification","valueRequired":true,"valueName":"search_term_string"}}],"inLanguage":"es"},{"@type":"Person","@id":"https:\/\/cfpmaresme.org\/#\/schema\/person\/b2634bcd796fafc667ea4055f61b9b2c","name":"CFPMaresme"}]}},"_links":{"self":[{"href":"https:\/\/cfpmaresme.org\/es\/wp-json\/wp\/v2\/posts\/19491","targetHints":{"allow":["GET"]}}],"collection":[{"href":"https:\/\/cfpmaresme.org\/es\/wp-json\/wp\/v2\/posts"}],"about":[{"href":"https:\/\/cfpmaresme.org\/es\/wp-json\/wp\/v2\/types\/post"}],"author":[{"embeddable":true,"href":"https:\/\/cfpmaresme.org\/es\/wp-json\/wp\/v2\/users\/2"}],"replies":[{"embeddable":true,"href":"https:\/\/cfpmaresme.org\/es\/wp-json\/wp\/v2\/comments?post=19491"}],"version-history":[{"count":3,"href":"https:\/\/cfpmaresme.org\/es\/wp-json\/wp\/v2\/posts\/19491\/revisions"}],"predecessor-version":[{"id":19498,"href":"https:\/\/cfpmaresme.org\/es\/wp-json\/wp\/v2\/posts\/19491\/revisions\/19498"}],"wp:featuredmedia":[{"embeddable":true,"href":"https:\/\/cfpmaresme.org\/es\/wp-json\/wp\/v2\/media\/19496"}],"wp:attachment":[{"href":"https:\/\/cfpmaresme.org\/es\/wp-json\/wp\/v2\/media?parent=19491"}],"wp:term":[{"taxonomy":"category","embeddable":true,"href":"https:\/\/cfpmaresme.org\/es\/wp-json\/wp\/v2\/categories?post=19491"},{"taxonomy":"post_tag","embeddable":true,"href":"https:\/\/cfpmaresme.org\/es\/wp-json\/wp\/v2\/tags?post=19491"}],"curies":[{"name":"wp","href":"https:\/\/api.w.org\/{rel}","templated":true}]}}