{"id":19531,"date":"2020-04-14T16:20:39","date_gmt":"2020-04-14T14:20:39","guid":{"rendered":"https:\/\/www.cfpmaresme.org\/?p=19531"},"modified":"2020-11-18T11:56:05","modified_gmt":"2020-11-18T09:56:05","slug":"vivir-un-confinamiento-con-20-infantes-y-jovenes-la-realidad-del-crae","status":"publish","type":"post","link":"https:\/\/cfpmaresme.org\/es\/vivir-un-confinamiento-con-20-infantes-y-jovenes-la-realidad-del-crae\/","title":{"rendered":"Vivir un confinamiento con 20 infantes y j\u00f3venes, la realidad del CRAE"},"content":{"rendered":"<p>En el <a href=\"\/?page_id=14972\" target=\"_blank\" rel=\"noopener noreferrer\"> CRAE<\/a> conviven un total de 20 infantes y j\u00f3venes acompa\u00f1ados por el equipo directivo, por los y las educadores y por el personal de servicios, que se turnan para atenderlos en todo momento. En la situaci\u00f3n de inceridumbre actual, donde el Estado de Alarma nos mantiene en casa, mantener la calma, estar activos y ocupados y tener conductas responsables es indispensable.<\/p>\n<p>La llegada de la <strong>crisis sanitaria<\/strong> provoc\u00f3 que el equipo educativos y educadores\/as del CRAE tuviesen que organizar, en tiempo r\u00e9cord, las <strong>nuevas rutinas y actividades<\/strong> a realizar 24 horas al d\u00eda teniendo en cuenta todos los escenarios que pudieran surgir debido a los efectos del Coronavirus.<\/p>\n<p>Tal fue la implicaci\u00f3n y voluntad de colaboraci\u00f3n de todo el equipo y la capacidad de adaptaci\u00f3n a la nueva realidad de los infantes y j\u00f3venes que ya el d\u00eda 23 de marzo, Salva Ar\u00e9valo e Irene Cerezo, director y subdirectora del CRAE, les quisieron mostrar p\u00fablicamente su <a href=\"\/?p=19373\" target=\"_blank\" rel=\"noopener noreferrer\">agradecimiento<\/a>.<\/p>\n<p>Durante este mes, no ha faltado la variedad de actividades y propuestas. Classes de yoga, juegos de mesa, gimnasio virtual, cine, la canci\u00f3n \u2018Resistir\u00e9\u2019 bailada por todo el equipo y los infantes y j\u00f3venes&#8230;as\u00ed mismo, se han mantenido los h\u00e1bitos de orden, de higiene y el refuerzo escolar diario. Una mezcla entre seguir manteniendo unas rutinas y, a la vez, llenar el tiempo de actividades que distraigan y ayuden a llevar bien estos d\u00edas a todos los infantes y adolescentes.<\/p>\n<p><img loading=\"lazy\" decoding=\"async\" class=\"alignnone wp-image-19521 size-medium\" src=\"https:\/\/www.cfpmaresme.org\/wp-content\/uploads\/2020\/04\/estudi-300x127.jpg\" alt=\"\" width=\"300\" height=\"127\" srcset=\"https:\/\/cfpmaresme.org\/wp-content\/uploads\/2020\/04\/estudi-300x127.jpg 300w, https:\/\/cfpmaresme.org\/wp-content\/uploads\/2020\/04\/estudi-700x296.jpg 700w, https:\/\/cfpmaresme.org\/wp-content\/uploads\/2020\/04\/estudi.jpg 750w\" sizes=\"auto, (max-width: 300px) 100vw, 300px\" \/><img loading=\"lazy\" decoding=\"async\" class=\"alignnone wp-image-19517 size-medium\" src=\"https:\/\/www.cfpmaresme.org\/wp-content\/uploads\/2020\/04\/IMG-20200323-WA0030-300x169.jpg\" alt=\"\" width=\"300\" height=\"169\" srcset=\"https:\/\/cfpmaresme.org\/wp-content\/uploads\/2020\/04\/IMG-20200323-WA0030-300x169.jpg 300w, https:\/\/cfpmaresme.org\/wp-content\/uploads\/2020\/04\/IMG-20200323-WA0030-1024x576.jpg 1024w, https:\/\/cfpmaresme.org\/wp-content\/uploads\/2020\/04\/IMG-20200323-WA0030-768x432.jpg 768w, https:\/\/cfpmaresme.org\/wp-content\/uploads\/2020\/04\/IMG-20200323-WA0030-1536x864.jpg 1536w, https:\/\/cfpmaresme.org\/wp-content\/uploads\/2020\/04\/IMG-20200323-WA0030-700x394.jpg 700w, https:\/\/cfpmaresme.org\/wp-content\/uploads\/2020\/04\/IMG-20200323-WA0030-539x303.jpg 539w, https:\/\/cfpmaresme.org\/wp-content\/uploads\/2020\/04\/IMG-20200323-WA0030.jpg 1600w\" sizes=\"auto, (max-width: 300px) 100vw, 300px\" \/><\/p>\n<p>&nbsp;<\/p>\n<p>Tambi\u00e9n se han hecho las <strong>celebraciones propias de estos d\u00edas<\/strong>.\u00a0 Los ni\u00f1os\/as dieron la bienvenida a la Primavera decorando la pared del CRAE con flore, han celebrado la Pasqua con monas y los cumplea\u00f1os. Salva, director del CRAE, comenta la an\u00e9cdota del aniversario que se ha celebrado este fin de semana ,\u00bb\u2019Una ni\u00f1a nos ha pedido que su regalo fuese ir a tirar la basura\u00bb. Un ejemplo muy gr\u00e1fico de las ganas que tienen todos\/as de salir y, a su vez, la conciencia de que lo pueden hacer solo por motivos necesarios.<\/p>\n<p><img loading=\"lazy\" decoding=\"async\" class=\"aligncenter wp-image-19523 size-medium\" src=\"https:\/\/www.cfpmaresme.org\/wp-content\/uploads\/2020\/04\/IMG-20200414-WA0037-300x224.jpg\" alt=\"\" width=\"300\" height=\"224\" srcset=\"https:\/\/cfpmaresme.org\/wp-content\/uploads\/2020\/04\/IMG-20200414-WA0037-300x224.jpg 300w, https:\/\/cfpmaresme.org\/wp-content\/uploads\/2020\/04\/IMG-20200414-WA0037-1024x766.jpg 1024w, https:\/\/cfpmaresme.org\/wp-content\/uploads\/2020\/04\/IMG-20200414-WA0037-768x574.jpg 768w, https:\/\/cfpmaresme.org\/wp-content\/uploads\/2020\/04\/IMG-20200414-WA0037-1536x1149.jpg 1536w, https:\/\/cfpmaresme.org\/wp-content\/uploads\/2020\/04\/IMG-20200414-WA0037-800x600.jpg 800w, https:\/\/cfpmaresme.org\/wp-content\/uploads\/2020\/04\/IMG-20200414-WA0037-700x524.jpg 700w, https:\/\/cfpmaresme.org\/wp-content\/uploads\/2020\/04\/IMG-20200414-WA0037.jpg 2016w\" sizes=\"auto, (max-width: 300px) 100vw, 300px\" \/><\/p>\n<p>&nbsp;<\/p>\n<p>Hoy que hace un mes que se inici\u00f3 el confinamiento empieza el curso escolar telem\u00e1tico y los ni\u00f1os y ni\u00f1as del CRAE asistir\u00e1n a las clases correspondientes. Una nueva etapa dentro de la situaci\u00f3n que estamos viviendo que supondr\u00e1 una reorganizaci\u00f3n y cambio de h\u00e1bitos.<\/p>\n<p>Con todo Salva explica que, a parte de los imprevistos propios de la situaci\u00f3n actual, los infantes y j\u00f3venes se est\u00e1n adaptando bastante bien y que la han entendido y asumido de la mejor manera posible.<\/p>\n<p>Seguro que esta etapa har\u00e1 surgir nuevas din\u00e1micas y fortalecer\u00e1 relaciones si era posible y, una vez m\u00e1s, ha mostrado el <strong>gran valor humano y entrega de todo el equipo<\/strong> y la <strong>capacidad de adaptaci\u00f3n de los ni\u00f1os y ni\u00f1as, manteniendo siempre la sonrisa.\u00a0<\/strong><\/p>\n<p>&nbsp;<\/p>\n","protected":false},"excerpt":{"rendered":"<p>En el CRAE conviven un total de 20 infantes y j\u00f3venes acompa\u00f1ados por el equipo directivo, por los y las educadores y por el personal de servicios, que se turnan para atenderlos en todo momento. En la situaci\u00f3n de inceridumbre actual, donde el Estado de&#8230;<\/p>\n","protected":false},"author":2,"featured_media":19526,"comment_status":"open","ping_status":"open","sticky":false,"template":"","format":"standard","meta":{"footnotes":""},"categories":[1144,1243],"tags":[],"class_list":["post-19531","post","type-post","status-publish","format-standard","has-post-thumbnail","hentry","category-infancia-y-familia","category-crae"],"yoast_head":"<!-- This site is optimized with the Yoast SEO plugin v27.4 - https:\/\/yoast.com\/product\/yoast-seo-wordpress\/ -->\n<title>Vivir un confinamiento con 20 infantes y j\u00f3venes, la realidad del CRAE | CFP Maresme<\/title>\n<meta name=\"robots\" content=\"index, follow, max-snippet:-1, max-image-preview:large, max-video-preview:-1\" \/>\n<link rel=\"canonical\" href=\"https:\/\/cfpmaresme.org\/es\/vivir-un-confinamiento-con-20-infantes-y-jovenes-la-realidad-del-crae\/\" \/>\n<meta property=\"og:locale\" content=\"es_ES\" \/>\n<meta property=\"og:type\" content=\"article\" \/>\n<meta property=\"og:title\" content=\"Vivir un confinamiento con 20 infantes y j\u00f3venes, la realidad del CRAE | CFP Maresme\" \/>\n<meta property=\"og:description\" content=\"En el CRAE conviven un total de 20 infantes y j\u00f3venes acompa\u00f1ados por el equipo directivo, por los y las educadores y por el personal de servicios, que se turnan para atenderlos en todo momento. En la situaci\u00f3n de inceridumbre actual, donde el Estado de...\" \/>\n<meta property=\"og:url\" content=\"https:\/\/cfpmaresme.org\/es\/vivir-un-confinamiento-con-20-infantes-y-jovenes-la-realidad-del-crae\/\" \/>\n<meta property=\"og:site_name\" content=\"CFP Maresme\" \/>\n<meta property=\"article:published_time\" content=\"2020-04-14T14:20:39+00:00\" \/>\n<meta property=\"article:modified_time\" content=\"2020-11-18T09:56:05+00:00\" \/>\n<meta property=\"og:image\" content=\"https:\/\/cfpmaresme.org\/wp-content\/uploads\/2020\/04\/imatge-destacada.jpg\" \/>\n\t<meta property=\"og:image:width\" content=\"737\" \/>\n\t<meta property=\"og:image:height\" content=\"363\" \/>\n\t<meta property=\"og:image:type\" content=\"image\/jpeg\" \/>\n<meta name=\"author\" content=\"CFPMaresme\" \/>\n<meta name=\"twitter:card\" content=\"summary_large_image\" \/>\n<meta name=\"twitter:creator\" content=\"@cfpmaresme\" \/>\n<meta name=\"twitter:site\" content=\"@cfpmaresme\" \/>\n<meta name=\"twitter:label1\" content=\"Escrito por\" \/>\n\t<meta name=\"twitter:data1\" content=\"CFPMaresme\" \/>\n\t<meta name=\"twitter:label2\" content=\"Tiempo de lectura\" \/>\n\t<meta name=\"twitter:data2\" content=\"2 minutos\" \/>\n<script type=\"application\/ld+json\" class=\"yoast-schema-graph\">{\"@context\":\"https:\\\/\\\/schema.org\",\"@graph\":[{\"@type\":\"Article\",\"@id\":\"https:\\\/\\\/cfpmaresme.org\\\/es\\\/vivir-un-confinamiento-con-20-infantes-y-jovenes-la-realidad-del-crae\\\/#article\",\"isPartOf\":{\"@id\":\"https:\\\/\\\/cfpmaresme.org\\\/es\\\/vivir-un-confinamiento-con-20-infantes-y-jovenes-la-realidad-del-crae\\\/\"},\"author\":{\"name\":\"CFPMaresme\",\"@id\":\"https:\\\/\\\/cfpmaresme.org\\\/#\\\/schema\\\/person\\\/b2634bcd796fafc667ea4055f61b9b2c\"},\"headline\":\"Vivir un confinamiento con 20 infantes y j\u00f3venes, la realidad del CRAE\",\"datePublished\":\"2020-04-14T14:20:39+00:00\",\"dateModified\":\"2020-11-18T09:56:05+00:00\",\"mainEntityOfPage\":{\"@id\":\"https:\\\/\\\/cfpmaresme.org\\\/es\\\/vivir-un-confinamiento-con-20-infantes-y-jovenes-la-realidad-del-crae\\\/\"},\"wordCount\":510,\"commentCount\":0,\"image\":{\"@id\":\"https:\\\/\\\/cfpmaresme.org\\\/es\\\/vivir-un-confinamiento-con-20-infantes-y-jovenes-la-realidad-del-crae\\\/#primaryimage\"},\"thumbnailUrl\":\"https:\\\/\\\/cfpmaresme.org\\\/wp-content\\\/uploads\\\/2020\\\/04\\\/imatge-destacada.jpg\",\"articleSection\":[\"\u00c1rea de infancia, adolescencia y fam\u00edlia\",\"CRAE\"],\"inLanguage\":\"es\"},{\"@type\":\"WebPage\",\"@id\":\"https:\\\/\\\/cfpmaresme.org\\\/es\\\/vivir-un-confinamiento-con-20-infantes-y-jovenes-la-realidad-del-crae\\\/\",\"url\":\"https:\\\/\\\/cfpmaresme.org\\\/es\\\/vivir-un-confinamiento-con-20-infantes-y-jovenes-la-realidad-del-crae\\\/\",\"name\":\"Vivir un confinamiento con 20 infantes y j\u00f3venes, la realidad del CRAE | CFP Maresme\",\"isPartOf\":{\"@id\":\"https:\\\/\\\/cfpmaresme.org\\\/#website\"},\"primaryImageOfPage\":{\"@id\":\"https:\\\/\\\/cfpmaresme.org\\\/es\\\/vivir-un-confinamiento-con-20-infantes-y-jovenes-la-realidad-del-crae\\\/#primaryimage\"},\"image\":{\"@id\":\"https:\\\/\\\/cfpmaresme.org\\\/es\\\/vivir-un-confinamiento-con-20-infantes-y-jovenes-la-realidad-del-crae\\\/#primaryimage\"},\"thumbnailUrl\":\"https:\\\/\\\/cfpmaresme.org\\\/wp-content\\\/uploads\\\/2020\\\/04\\\/imatge-destacada.jpg\",\"datePublished\":\"2020-04-14T14:20:39+00:00\",\"dateModified\":\"2020-11-18T09:56:05+00:00\",\"author\":{\"@id\":\"https:\\\/\\\/cfpmaresme.org\\\/#\\\/schema\\\/person\\\/b2634bcd796fafc667ea4055f61b9b2c\"},\"breadcrumb\":{\"@id\":\"https:\\\/\\\/cfpmaresme.org\\\/es\\\/vivir-un-confinamiento-con-20-infantes-y-jovenes-la-realidad-del-crae\\\/#breadcrumb\"},\"inLanguage\":\"es\",\"potentialAction\":[{\"@type\":\"ReadAction\",\"target\":[\"https:\\\/\\\/cfpmaresme.org\\\/es\\\/vivir-un-confinamiento-con-20-infantes-y-jovenes-la-realidad-del-crae\\\/\"]}]},{\"@type\":\"ImageObject\",\"inLanguage\":\"es\",\"@id\":\"https:\\\/\\\/cfpmaresme.org\\\/es\\\/vivir-un-confinamiento-con-20-infantes-y-jovenes-la-realidad-del-crae\\\/#primaryimage\",\"url\":\"https:\\\/\\\/cfpmaresme.org\\\/wp-content\\\/uploads\\\/2020\\\/04\\\/imatge-destacada.jpg\",\"contentUrl\":\"https:\\\/\\\/cfpmaresme.org\\\/wp-content\\\/uploads\\\/2020\\\/04\\\/imatge-destacada.jpg\",\"width\":737,\"height\":363},{\"@type\":\"BreadcrumbList\",\"@id\":\"https:\\\/\\\/cfpmaresme.org\\\/es\\\/vivir-un-confinamiento-con-20-infantes-y-jovenes-la-realidad-del-crae\\\/#breadcrumb\",\"itemListElement\":[{\"@type\":\"ListItem\",\"position\":1,\"name\":\"Home\",\"item\":\"https:\\\/\\\/cfpmaresme.org\\\/es\\\/\"},{\"@type\":\"ListItem\",\"position\":2,\"name\":\"Vivir un confinamiento con 20 infantes y j\u00f3venes, la realidad del CRAE\"}]},{\"@type\":\"WebSite\",\"@id\":\"https:\\\/\\\/cfpmaresme.org\\\/#website\",\"url\":\"https:\\\/\\\/cfpmaresme.org\\\/\",\"name\":\"CFP Maresme\",\"description\":\"Centre Formaci\u00f3 Prevenci\u00f3\",\"potentialAction\":[{\"@type\":\"SearchAction\",\"target\":{\"@type\":\"EntryPoint\",\"urlTemplate\":\"https:\\\/\\\/cfpmaresme.org\\\/?s={search_term_string}\"},\"query-input\":{\"@type\":\"PropertyValueSpecification\",\"valueRequired\":true,\"valueName\":\"search_term_string\"}}],\"inLanguage\":\"es\"},{\"@type\":\"Person\",\"@id\":\"https:\\\/\\\/cfpmaresme.org\\\/#\\\/schema\\\/person\\\/b2634bcd796fafc667ea4055f61b9b2c\",\"name\":\"CFPMaresme\"}]}<\/script>\n<!-- \/ Yoast SEO plugin. -->","yoast_head_json":{"title":"Vivir un confinamiento con 20 infantes y j\u00f3venes, la realidad del CRAE | CFP Maresme","robots":{"index":"index","follow":"follow","max-snippet":"max-snippet:-1","max-image-preview":"max-image-preview:large","max-video-preview":"max-video-preview:-1"},"canonical":"https:\/\/cfpmaresme.org\/es\/vivir-un-confinamiento-con-20-infantes-y-jovenes-la-realidad-del-crae\/","og_locale":"es_ES","og_type":"article","og_title":"Vivir un confinamiento con 20 infantes y j\u00f3venes, la realidad del CRAE | CFP Maresme","og_description":"En el CRAE conviven un total de 20 infantes y j\u00f3venes acompa\u00f1ados por el equipo directivo, por los y las educadores y por el personal de servicios, que se turnan para atenderlos en todo momento. En la situaci\u00f3n de inceridumbre actual, donde el Estado de...","og_url":"https:\/\/cfpmaresme.org\/es\/vivir-un-confinamiento-con-20-infantes-y-jovenes-la-realidad-del-crae\/","og_site_name":"CFP Maresme","article_published_time":"2020-04-14T14:20:39+00:00","article_modified_time":"2020-11-18T09:56:05+00:00","og_image":[{"width":737,"height":363,"url":"https:\/\/cfpmaresme.org\/wp-content\/uploads\/2020\/04\/imatge-destacada.jpg","type":"image\/jpeg"}],"author":"CFPMaresme","twitter_card":"summary_large_image","twitter_creator":"@cfpmaresme","twitter_site":"@cfpmaresme","twitter_misc":{"Escrito por":"CFPMaresme","Tiempo de lectura":"2 minutos"},"schema":{"@context":"https:\/\/schema.org","@graph":[{"@type":"Article","@id":"https:\/\/cfpmaresme.org\/es\/vivir-un-confinamiento-con-20-infantes-y-jovenes-la-realidad-del-crae\/#article","isPartOf":{"@id":"https:\/\/cfpmaresme.org\/es\/vivir-un-confinamiento-con-20-infantes-y-jovenes-la-realidad-del-crae\/"},"author":{"name":"CFPMaresme","@id":"https:\/\/cfpmaresme.org\/#\/schema\/person\/b2634bcd796fafc667ea4055f61b9b2c"},"headline":"Vivir un confinamiento con 20 infantes y j\u00f3venes, la realidad del CRAE","datePublished":"2020-04-14T14:20:39+00:00","dateModified":"2020-11-18T09:56:05+00:00","mainEntityOfPage":{"@id":"https:\/\/cfpmaresme.org\/es\/vivir-un-confinamiento-con-20-infantes-y-jovenes-la-realidad-del-crae\/"},"wordCount":510,"commentCount":0,"image":{"@id":"https:\/\/cfpmaresme.org\/es\/vivir-un-confinamiento-con-20-infantes-y-jovenes-la-realidad-del-crae\/#primaryimage"},"thumbnailUrl":"https:\/\/cfpmaresme.org\/wp-content\/uploads\/2020\/04\/imatge-destacada.jpg","articleSection":["\u00c1rea de infancia, adolescencia y fam\u00edlia","CRAE"],"inLanguage":"es"},{"@type":"WebPage","@id":"https:\/\/cfpmaresme.org\/es\/vivir-un-confinamiento-con-20-infantes-y-jovenes-la-realidad-del-crae\/","url":"https:\/\/cfpmaresme.org\/es\/vivir-un-confinamiento-con-20-infantes-y-jovenes-la-realidad-del-crae\/","name":"Vivir un confinamiento con 20 infantes y j\u00f3venes, la realidad del CRAE | CFP Maresme","isPartOf":{"@id":"https:\/\/cfpmaresme.org\/#website"},"primaryImageOfPage":{"@id":"https:\/\/cfpmaresme.org\/es\/vivir-un-confinamiento-con-20-infantes-y-jovenes-la-realidad-del-crae\/#primaryimage"},"image":{"@id":"https:\/\/cfpmaresme.org\/es\/vivir-un-confinamiento-con-20-infantes-y-jovenes-la-realidad-del-crae\/#primaryimage"},"thumbnailUrl":"https:\/\/cfpmaresme.org\/wp-content\/uploads\/2020\/04\/imatge-destacada.jpg","datePublished":"2020-04-14T14:20:39+00:00","dateModified":"2020-11-18T09:56:05+00:00","author":{"@id":"https:\/\/cfpmaresme.org\/#\/schema\/person\/b2634bcd796fafc667ea4055f61b9b2c"},"breadcrumb":{"@id":"https:\/\/cfpmaresme.org\/es\/vivir-un-confinamiento-con-20-infantes-y-jovenes-la-realidad-del-crae\/#breadcrumb"},"inLanguage":"es","potentialAction":[{"@type":"ReadAction","target":["https:\/\/cfpmaresme.org\/es\/vivir-un-confinamiento-con-20-infantes-y-jovenes-la-realidad-del-crae\/"]}]},{"@type":"ImageObject","inLanguage":"es","@id":"https:\/\/cfpmaresme.org\/es\/vivir-un-confinamiento-con-20-infantes-y-jovenes-la-realidad-del-crae\/#primaryimage","url":"https:\/\/cfpmaresme.org\/wp-content\/uploads\/2020\/04\/imatge-destacada.jpg","contentUrl":"https:\/\/cfpmaresme.org\/wp-content\/uploads\/2020\/04\/imatge-destacada.jpg","width":737,"height":363},{"@type":"BreadcrumbList","@id":"https:\/\/cfpmaresme.org\/es\/vivir-un-confinamiento-con-20-infantes-y-jovenes-la-realidad-del-crae\/#breadcrumb","itemListElement":[{"@type":"ListItem","position":1,"name":"Home","item":"https:\/\/cfpmaresme.org\/es\/"},{"@type":"ListItem","position":2,"name":"Vivir un confinamiento con 20 infantes y j\u00f3venes, la realidad del CRAE"}]},{"@type":"WebSite","@id":"https:\/\/cfpmaresme.org\/#website","url":"https:\/\/cfpmaresme.org\/","name":"CFP Maresme","description":"Centre Formaci\u00f3 Prevenci\u00f3","potentialAction":[{"@type":"SearchAction","target":{"@type":"EntryPoint","urlTemplate":"https:\/\/cfpmaresme.org\/?s={search_term_string}"},"query-input":{"@type":"PropertyValueSpecification","valueRequired":true,"valueName":"search_term_string"}}],"inLanguage":"es"},{"@type":"Person","@id":"https:\/\/cfpmaresme.org\/#\/schema\/person\/b2634bcd796fafc667ea4055f61b9b2c","name":"CFPMaresme"}]}},"_links":{"self":[{"href":"https:\/\/cfpmaresme.org\/es\/wp-json\/wp\/v2\/posts\/19531","targetHints":{"allow":["GET"]}}],"collection":[{"href":"https:\/\/cfpmaresme.org\/es\/wp-json\/wp\/v2\/posts"}],"about":[{"href":"https:\/\/cfpmaresme.org\/es\/wp-json\/wp\/v2\/types\/post"}],"author":[{"embeddable":true,"href":"https:\/\/cfpmaresme.org\/es\/wp-json\/wp\/v2\/users\/2"}],"replies":[{"embeddable":true,"href":"https:\/\/cfpmaresme.org\/es\/wp-json\/wp\/v2\/comments?post=19531"}],"version-history":[{"count":2,"href":"https:\/\/cfpmaresme.org\/es\/wp-json\/wp\/v2\/posts\/19531\/revisions"}],"predecessor-version":[{"id":22351,"href":"https:\/\/cfpmaresme.org\/es\/wp-json\/wp\/v2\/posts\/19531\/revisions\/22351"}],"wp:featuredmedia":[{"embeddable":true,"href":"https:\/\/cfpmaresme.org\/es\/wp-json\/wp\/v2\/media\/19526"}],"wp:attachment":[{"href":"https:\/\/cfpmaresme.org\/es\/wp-json\/wp\/v2\/media?parent=19531"}],"wp:term":[{"taxonomy":"category","embeddable":true,"href":"https:\/\/cfpmaresme.org\/es\/wp-json\/wp\/v2\/categories?post=19531"},{"taxonomy":"post_tag","embeddable":true,"href":"https:\/\/cfpmaresme.org\/es\/wp-json\/wp\/v2\/tags?post=19531"}],"curies":[{"name":"wp","href":"https:\/\/api.w.org\/{rel}","templated":true}]}}