{"id":19549,"date":"2020-04-15T12:02:00","date_gmt":"2020-04-15T10:02:00","guid":{"rendered":"https:\/\/www.cfpmaresme.org\/?p=19549"},"modified":"2020-04-24T13:05:21","modified_gmt":"2020-04-24T11:05:21","slug":"practica-de-ioga-suau","status":"publish","type":"post","link":"https:\/\/cfpmaresme.org\/es\/practica-de-ioga-suau\/","title":{"rendered":"Pr\u00e1ctica de yoga suave"},"content":{"rendered":"<p>Susana, de <a href=\"https:\/\/centreanima.es\/\" target=\"_blank\" rel=\"noopener noreferrer\">Centre \u00c0nima<\/a>, es voluntaria del CFP desde hace 5 a\u00f1os. Ofrece clases a usuarios\/as de diferentes servicios.<\/p>\n<p>Hoy os propone una pr\u00e1ctica de yoga suave especialmente pensada para principiantes, gente mayor, embarazadas, personas que tienen alguna patolog\u00eda f\u00edsica o que se encuentran en un proceso de recuperaci\u00f3n.<\/p>\n<p>Se puede hacer encima de una silla o en el suelo.<\/p>\n<p><iframe loading=\"lazy\" src=\"https:\/\/www.youtube.com\/embed\/JyJzPkc6dtI\" width=\"560\" height=\"315\" frameborder=\"0\" allowfullscreen=\"allowfullscreen\"><\/iframe><\/p>\n","protected":false},"excerpt":{"rendered":"<p>Susana, de Centre \u00c0nima, es voluntaria del CFP desde hace 5 a\u00f1os. Ofrece clases a usuarios\/as de diferentes servicios. Hoy os propone una pr\u00e1ctica de yoga suave especialmente pensada para principiantes, gente mayor, embarazadas, personas que tienen alguna patolog\u00eda f\u00edsica o que se encuentran en&#8230;<\/p>\n","protected":false},"author":2,"featured_media":19550,"comment_status":"open","ping_status":"open","sticky":false,"template":"","format":"standard","meta":{"footnotes":""},"categories":[1207,1197],"tags":[],"class_list":["post-19549","post","type-post","status-publish","format-standard","has-post-thumbnail","hentry","category-activitat-fisica","category-cfp-des-de-casa"],"yoast_head":"<!-- This site is optimized with the Yoast SEO plugin v27.4 - https:\/\/yoast.com\/product\/yoast-seo-wordpress\/ -->\n<title>Pr\u00e1ctica de yoga suave | CFP Maresme<\/title>\n<meta name=\"robots\" content=\"index, follow, max-snippet:-1, max-image-preview:large, max-video-preview:-1\" \/>\n<link rel=\"canonical\" href=\"https:\/\/cfpmaresme.org\/es\/practica-de-ioga-suau\/\" \/>\n<meta property=\"og:locale\" content=\"es_ES\" \/>\n<meta property=\"og:type\" content=\"article\" \/>\n<meta property=\"og:title\" content=\"Pr\u00e1ctica de yoga suave | CFP Maresme\" \/>\n<meta property=\"og:description\" content=\"Susana, de Centre \u00c0nima, es voluntaria del CFP desde hace 5 a\u00f1os. Ofrece clases a usuarios\/as de diferentes servicios. Hoy os propone una pr\u00e1ctica de yoga suave especialmente pensada para principiantes, gente mayor, embarazadas, personas que tienen alguna patolog\u00eda f\u00edsica o que se encuentran en...\" \/>\n<meta property=\"og:url\" content=\"https:\/\/cfpmaresme.org\/es\/practica-de-ioga-suau\/\" \/>\n<meta property=\"og:site_name\" content=\"CFP Maresme\" \/>\n<meta property=\"article:published_time\" content=\"2020-04-15T10:02:00+00:00\" \/>\n<meta property=\"article:modified_time\" content=\"2020-04-24T11:05:21+00:00\" \/>\n<meta property=\"og:image\" content=\"https:\/\/cfpmaresme.org\/wp-content\/uploads\/2020\/04\/Captura-1.jpg\" \/>\n\t<meta property=\"og:image:width\" content=\"579\" \/>\n\t<meta property=\"og:image:height\" content=\"303\" \/>\n\t<meta property=\"og:image:type\" content=\"image\/jpeg\" \/>\n<meta name=\"author\" content=\"CFPMaresme\" \/>\n<meta name=\"twitter:card\" content=\"summary_large_image\" \/>\n<meta name=\"twitter:creator\" content=\"@cfpmaresme\" \/>\n<meta name=\"twitter:site\" content=\"@cfpmaresme\" \/>\n<meta name=\"twitter:label1\" content=\"Escrito por\" \/>\n\t<meta name=\"twitter:data1\" content=\"CFPMaresme\" \/>\n<script type=\"application\/ld+json\" class=\"yoast-schema-graph\">{\"@context\":\"https:\\\/\\\/schema.org\",\"@graph\":[{\"@type\":\"Article\",\"@id\":\"https:\\\/\\\/cfpmaresme.org\\\/es\\\/practica-de-ioga-suau\\\/#article\",\"isPartOf\":{\"@id\":\"https:\\\/\\\/cfpmaresme.org\\\/es\\\/practica-de-ioga-suau\\\/\"},\"author\":{\"name\":\"CFPMaresme\",\"@id\":\"https:\\\/\\\/cfpmaresme.org\\\/#\\\/schema\\\/person\\\/b2634bcd796fafc667ea4055f61b9b2c\"},\"headline\":\"Pr\u00e1ctica de yoga suave\",\"datePublished\":\"2020-04-15T10:02:00+00:00\",\"dateModified\":\"2020-04-24T11:05:21+00:00\",\"mainEntityOfPage\":{\"@id\":\"https:\\\/\\\/cfpmaresme.org\\\/es\\\/practica-de-ioga-suau\\\/\"},\"wordCount\":70,\"commentCount\":0,\"image\":{\"@id\":\"https:\\\/\\\/cfpmaresme.org\\\/es\\\/practica-de-ioga-suau\\\/#primaryimage\"},\"thumbnailUrl\":\"https:\\\/\\\/cfpmaresme.org\\\/wp-content\\\/uploads\\\/2020\\\/04\\\/Captura-1.jpg\",\"articleSection\":[\"Actividad f\u00edsica\",\"CFP desde casa\"],\"inLanguage\":\"es\"},{\"@type\":\"WebPage\",\"@id\":\"https:\\\/\\\/cfpmaresme.org\\\/es\\\/practica-de-ioga-suau\\\/\",\"url\":\"https:\\\/\\\/cfpmaresme.org\\\/es\\\/practica-de-ioga-suau\\\/\",\"name\":\"Pr\u00e1ctica de yoga suave | CFP Maresme\",\"isPartOf\":{\"@id\":\"https:\\\/\\\/cfpmaresme.org\\\/#website\"},\"primaryImageOfPage\":{\"@id\":\"https:\\\/\\\/cfpmaresme.org\\\/es\\\/practica-de-ioga-suau\\\/#primaryimage\"},\"image\":{\"@id\":\"https:\\\/\\\/cfpmaresme.org\\\/es\\\/practica-de-ioga-suau\\\/#primaryimage\"},\"thumbnailUrl\":\"https:\\\/\\\/cfpmaresme.org\\\/wp-content\\\/uploads\\\/2020\\\/04\\\/Captura-1.jpg\",\"datePublished\":\"2020-04-15T10:02:00+00:00\",\"dateModified\":\"2020-04-24T11:05:21+00:00\",\"author\":{\"@id\":\"https:\\\/\\\/cfpmaresme.org\\\/#\\\/schema\\\/person\\\/b2634bcd796fafc667ea4055f61b9b2c\"},\"breadcrumb\":{\"@id\":\"https:\\\/\\\/cfpmaresme.org\\\/es\\\/practica-de-ioga-suau\\\/#breadcrumb\"},\"inLanguage\":\"es\",\"potentialAction\":[{\"@type\":\"ReadAction\",\"target\":[\"https:\\\/\\\/cfpmaresme.org\\\/es\\\/practica-de-ioga-suau\\\/\"]}]},{\"@type\":\"ImageObject\",\"inLanguage\":\"es\",\"@id\":\"https:\\\/\\\/cfpmaresme.org\\\/es\\\/practica-de-ioga-suau\\\/#primaryimage\",\"url\":\"https:\\\/\\\/cfpmaresme.org\\\/wp-content\\\/uploads\\\/2020\\\/04\\\/Captura-1.jpg\",\"contentUrl\":\"https:\\\/\\\/cfpmaresme.org\\\/wp-content\\\/uploads\\\/2020\\\/04\\\/Captura-1.jpg\",\"width\":579,\"height\":303},{\"@type\":\"BreadcrumbList\",\"@id\":\"https:\\\/\\\/cfpmaresme.org\\\/es\\\/practica-de-ioga-suau\\\/#breadcrumb\",\"itemListElement\":[{\"@type\":\"ListItem\",\"position\":1,\"name\":\"Home\",\"item\":\"https:\\\/\\\/cfpmaresme.org\\\/es\\\/\"},{\"@type\":\"ListItem\",\"position\":2,\"name\":\"Pr\u00e1ctica de yoga suave\"}]},{\"@type\":\"WebSite\",\"@id\":\"https:\\\/\\\/cfpmaresme.org\\\/#website\",\"url\":\"https:\\\/\\\/cfpmaresme.org\\\/\",\"name\":\"CFP Maresme\",\"description\":\"Centre Formaci\u00f3 Prevenci\u00f3\",\"potentialAction\":[{\"@type\":\"SearchAction\",\"target\":{\"@type\":\"EntryPoint\",\"urlTemplate\":\"https:\\\/\\\/cfpmaresme.org\\\/?s={search_term_string}\"},\"query-input\":{\"@type\":\"PropertyValueSpecification\",\"valueRequired\":true,\"valueName\":\"search_term_string\"}}],\"inLanguage\":\"es\"},{\"@type\":\"Person\",\"@id\":\"https:\\\/\\\/cfpmaresme.org\\\/#\\\/schema\\\/person\\\/b2634bcd796fafc667ea4055f61b9b2c\",\"name\":\"CFPMaresme\"}]}<\/script>\n<!-- \/ Yoast SEO plugin. -->","yoast_head_json":{"title":"Pr\u00e1ctica de yoga suave | CFP Maresme","robots":{"index":"index","follow":"follow","max-snippet":"max-snippet:-1","max-image-preview":"max-image-preview:large","max-video-preview":"max-video-preview:-1"},"canonical":"https:\/\/cfpmaresme.org\/es\/practica-de-ioga-suau\/","og_locale":"es_ES","og_type":"article","og_title":"Pr\u00e1ctica de yoga suave | CFP Maresme","og_description":"Susana, de Centre \u00c0nima, es voluntaria del CFP desde hace 5 a\u00f1os. Ofrece clases a usuarios\/as de diferentes servicios. Hoy os propone una pr\u00e1ctica de yoga suave especialmente pensada para principiantes, gente mayor, embarazadas, personas que tienen alguna patolog\u00eda f\u00edsica o que se encuentran en...","og_url":"https:\/\/cfpmaresme.org\/es\/practica-de-ioga-suau\/","og_site_name":"CFP Maresme","article_published_time":"2020-04-15T10:02:00+00:00","article_modified_time":"2020-04-24T11:05:21+00:00","og_image":[{"width":579,"height":303,"url":"https:\/\/cfpmaresme.org\/wp-content\/uploads\/2020\/04\/Captura-1.jpg","type":"image\/jpeg"}],"author":"CFPMaresme","twitter_card":"summary_large_image","twitter_creator":"@cfpmaresme","twitter_site":"@cfpmaresme","twitter_misc":{"Escrito por":"CFPMaresme"},"schema":{"@context":"https:\/\/schema.org","@graph":[{"@type":"Article","@id":"https:\/\/cfpmaresme.org\/es\/practica-de-ioga-suau\/#article","isPartOf":{"@id":"https:\/\/cfpmaresme.org\/es\/practica-de-ioga-suau\/"},"author":{"name":"CFPMaresme","@id":"https:\/\/cfpmaresme.org\/#\/schema\/person\/b2634bcd796fafc667ea4055f61b9b2c"},"headline":"Pr\u00e1ctica de yoga suave","datePublished":"2020-04-15T10:02:00+00:00","dateModified":"2020-04-24T11:05:21+00:00","mainEntityOfPage":{"@id":"https:\/\/cfpmaresme.org\/es\/practica-de-ioga-suau\/"},"wordCount":70,"commentCount":0,"image":{"@id":"https:\/\/cfpmaresme.org\/es\/practica-de-ioga-suau\/#primaryimage"},"thumbnailUrl":"https:\/\/cfpmaresme.org\/wp-content\/uploads\/2020\/04\/Captura-1.jpg","articleSection":["Actividad f\u00edsica","CFP desde casa"],"inLanguage":"es"},{"@type":"WebPage","@id":"https:\/\/cfpmaresme.org\/es\/practica-de-ioga-suau\/","url":"https:\/\/cfpmaresme.org\/es\/practica-de-ioga-suau\/","name":"Pr\u00e1ctica de yoga suave | CFP Maresme","isPartOf":{"@id":"https:\/\/cfpmaresme.org\/#website"},"primaryImageOfPage":{"@id":"https:\/\/cfpmaresme.org\/es\/practica-de-ioga-suau\/#primaryimage"},"image":{"@id":"https:\/\/cfpmaresme.org\/es\/practica-de-ioga-suau\/#primaryimage"},"thumbnailUrl":"https:\/\/cfpmaresme.org\/wp-content\/uploads\/2020\/04\/Captura-1.jpg","datePublished":"2020-04-15T10:02:00+00:00","dateModified":"2020-04-24T11:05:21+00:00","author":{"@id":"https:\/\/cfpmaresme.org\/#\/schema\/person\/b2634bcd796fafc667ea4055f61b9b2c"},"breadcrumb":{"@id":"https:\/\/cfpmaresme.org\/es\/practica-de-ioga-suau\/#breadcrumb"},"inLanguage":"es","potentialAction":[{"@type":"ReadAction","target":["https:\/\/cfpmaresme.org\/es\/practica-de-ioga-suau\/"]}]},{"@type":"ImageObject","inLanguage":"es","@id":"https:\/\/cfpmaresme.org\/es\/practica-de-ioga-suau\/#primaryimage","url":"https:\/\/cfpmaresme.org\/wp-content\/uploads\/2020\/04\/Captura-1.jpg","contentUrl":"https:\/\/cfpmaresme.org\/wp-content\/uploads\/2020\/04\/Captura-1.jpg","width":579,"height":303},{"@type":"BreadcrumbList","@id":"https:\/\/cfpmaresme.org\/es\/practica-de-ioga-suau\/#breadcrumb","itemListElement":[{"@type":"ListItem","position":1,"name":"Home","item":"https:\/\/cfpmaresme.org\/es\/"},{"@type":"ListItem","position":2,"name":"Pr\u00e1ctica de yoga suave"}]},{"@type":"WebSite","@id":"https:\/\/cfpmaresme.org\/#website","url":"https:\/\/cfpmaresme.org\/","name":"CFP Maresme","description":"Centre Formaci\u00f3 Prevenci\u00f3","potentialAction":[{"@type":"SearchAction","target":{"@type":"EntryPoint","urlTemplate":"https:\/\/cfpmaresme.org\/?s={search_term_string}"},"query-input":{"@type":"PropertyValueSpecification","valueRequired":true,"valueName":"search_term_string"}}],"inLanguage":"es"},{"@type":"Person","@id":"https:\/\/cfpmaresme.org\/#\/schema\/person\/b2634bcd796fafc667ea4055f61b9b2c","name":"CFPMaresme"}]}},"_links":{"self":[{"href":"https:\/\/cfpmaresme.org\/es\/wp-json\/wp\/v2\/posts\/19549","targetHints":{"allow":["GET"]}}],"collection":[{"href":"https:\/\/cfpmaresme.org\/es\/wp-json\/wp\/v2\/posts"}],"about":[{"href":"https:\/\/cfpmaresme.org\/es\/wp-json\/wp\/v2\/types\/post"}],"author":[{"embeddable":true,"href":"https:\/\/cfpmaresme.org\/es\/wp-json\/wp\/v2\/users\/2"}],"replies":[{"embeddable":true,"href":"https:\/\/cfpmaresme.org\/es\/wp-json\/wp\/v2\/comments?post=19549"}],"version-history":[{"count":6,"href":"https:\/\/cfpmaresme.org\/es\/wp-json\/wp\/v2\/posts\/19549\/revisions"}],"predecessor-version":[{"id":19562,"href":"https:\/\/cfpmaresme.org\/es\/wp-json\/wp\/v2\/posts\/19549\/revisions\/19562"}],"wp:featuredmedia":[{"embeddable":true,"href":"https:\/\/cfpmaresme.org\/es\/wp-json\/wp\/v2\/media\/19550"}],"wp:attachment":[{"href":"https:\/\/cfpmaresme.org\/es\/wp-json\/wp\/v2\/media?parent=19549"}],"wp:term":[{"taxonomy":"category","embeddable":true,"href":"https:\/\/cfpmaresme.org\/es\/wp-json\/wp\/v2\/categories?post=19549"},{"taxonomy":"post_tag","embeddable":true,"href":"https:\/\/cfpmaresme.org\/es\/wp-json\/wp\/v2\/tags?post=19549"}],"curies":[{"name":"wp","href":"https:\/\/api.w.org\/{rel}","templated":true}]}}