{"id":19685,"date":"2020-04-21T19:43:30","date_gmt":"2020-04-21T17:43:30","guid":{"rendered":"https:\/\/www.cfpmaresme.org\/?p=19685"},"modified":"2020-04-24T12:02:01","modified_gmt":"2020-04-24T10:02:01","slug":"recomendacion-de-pelicula-milla-verde-de-stephen-king","status":"publish","type":"post","link":"https:\/\/cfpmaresme.org\/es\/recomendacion-de-pelicula-milla-verde-de-stephen-king\/","title":{"rendered":"Recomendaci\u00f3n de pel\u00edcula: \u00abMilla Verde\u00bb De Stephen King"},"content":{"rendered":"<p>Joan Francesc es el encargado de la secci\u00f3n\u00a0 \u00abC\u00e1maras, Luz y Acci\u00f3n\u00bb del programa del SRC Burriac Radio Bricura.<\/p>\n<p>&nbsp;<\/p>\n<p>Nos ha hecho llegar una recomendaci\u00f3n de pel\u00edcula, la \u00faltima que ha visto durante el confinamiento \u00abMilla verde\u00bb de Stephen King. Tal y como comenta le ha gustado mucho. Francesc explica que es del a\u00f1o 1999, que es de cine polic\u00edaco y dram\u00e1tico y que trata del guardiano de una prisi\u00f3n que descubre un preso que tiene un extraordinario poder de curaci\u00f3n.<\/p>\n<p><img loading=\"lazy\" decoding=\"async\" class=\"aligncenter wp-image-19678 size-medium\" src=\"https:\/\/www.cfpmaresme.org\/wp-content\/uploads\/2020\/04\/joan-francesc-radio-bricura-229x300.jpg\" alt=\"\" width=\"229\" height=\"300\" srcset=\"https:\/\/cfpmaresme.org\/wp-content\/uploads\/2020\/04\/joan-francesc-radio-bricura-229x300.jpg 229w, https:\/\/cfpmaresme.org\/wp-content\/uploads\/2020\/04\/joan-francesc-radio-bricura-782x1024.jpg 782w, https:\/\/cfpmaresme.org\/wp-content\/uploads\/2020\/04\/joan-francesc-radio-bricura-768x1006.jpg 768w, https:\/\/cfpmaresme.org\/wp-content\/uploads\/2020\/04\/joan-francesc-radio-bricura-700x917.jpg 700w, https:\/\/cfpmaresme.org\/wp-content\/uploads\/2020\/04\/joan-francesc-radio-bricura.jpg 1043w\" sizes=\"auto, (max-width: 229px) 100vw, 229px\" \/><\/p>\n","protected":false},"excerpt":{"rendered":"<p>Joan Francesc es el encargado de la secci\u00f3n\u00a0 \u00abC\u00e1maras, Luz y Acci\u00f3n\u00bb del programa del SRC Burriac Radio Bricura. &nbsp; Nos ha hecho llegar una recomendaci\u00f3n de pel\u00edcula, la \u00faltima que ha visto durante el confinamiento \u00abMilla verde\u00bb de Stephen King. Tal y como comenta&#8230;<\/p>\n","protected":false},"author":2,"featured_media":19681,"comment_status":"open","ping_status":"open","sticky":false,"template":"","format":"standard","meta":{"footnotes":""},"categories":[1197,1209],"tags":[],"class_list":["post-19685","post","type-post","status-publish","format-standard","has-post-thumbnail","hentry","category-cfp-des-de-casa","category-cultura"],"yoast_head":"<!-- This site is optimized with the Yoast SEO plugin v27.4 - https:\/\/yoast.com\/product\/yoast-seo-wordpress\/ -->\n<title>Recomendaci\u00f3n de pel\u00edcula: &quot;Milla Verde&quot; De Stephen King | CFP Maresme<\/title>\n<meta name=\"robots\" content=\"index, follow, max-snippet:-1, max-image-preview:large, max-video-preview:-1\" \/>\n<link rel=\"canonical\" href=\"https:\/\/cfpmaresme.org\/es\/recomendacion-de-pelicula-milla-verde-de-stephen-king\/\" \/>\n<meta property=\"og:locale\" content=\"es_ES\" \/>\n<meta property=\"og:type\" content=\"article\" \/>\n<meta property=\"og:title\" content=\"Recomendaci\u00f3n de pel\u00edcula: &quot;Milla Verde&quot; De Stephen King | CFP Maresme\" \/>\n<meta property=\"og:description\" content=\"Joan Francesc es el encargado de la secci\u00f3n\u00a0 \u00abC\u00e1maras, Luz y Acci\u00f3n\u00bb del programa del SRC Burriac Radio Bricura. &nbsp; Nos ha hecho llegar una recomendaci\u00f3n de pel\u00edcula, la \u00faltima que ha visto durante el confinamiento \u00abMilla verde\u00bb de Stephen King. Tal y como comenta...\" \/>\n<meta property=\"og:url\" content=\"https:\/\/cfpmaresme.org\/es\/recomendacion-de-pelicula-milla-verde-de-stephen-king\/\" \/>\n<meta property=\"og:site_name\" content=\"CFP Maresme\" \/>\n<meta property=\"article:published_time\" content=\"2020-04-21T17:43:30+00:00\" \/>\n<meta property=\"article:modified_time\" content=\"2020-04-24T10:02:01+00:00\" \/>\n<meta property=\"og:image\" content=\"https:\/\/cfpmaresme.org\/wp-content\/uploads\/2020\/04\/banner-cine.jpg\" \/>\n\t<meta property=\"og:image:width\" content=\"852\" \/>\n\t<meta property=\"og:image:height\" content=\"352\" \/>\n\t<meta property=\"og:image:type\" content=\"image\/jpeg\" \/>\n<meta name=\"author\" content=\"CFPMaresme\" \/>\n<meta name=\"twitter:card\" content=\"summary_large_image\" \/>\n<meta name=\"twitter:creator\" content=\"@cfpmaresme\" \/>\n<meta name=\"twitter:site\" content=\"@cfpmaresme\" \/>\n<meta name=\"twitter:label1\" content=\"Escrito por\" \/>\n\t<meta name=\"twitter:data1\" content=\"CFPMaresme\" \/>\n<script type=\"application\/ld+json\" class=\"yoast-schema-graph\">{\"@context\":\"https:\\\/\\\/schema.org\",\"@graph\":[{\"@type\":\"Article\",\"@id\":\"https:\\\/\\\/cfpmaresme.org\\\/es\\\/recomendacion-de-pelicula-milla-verde-de-stephen-king\\\/#article\",\"isPartOf\":{\"@id\":\"https:\\\/\\\/cfpmaresme.org\\\/es\\\/recomendacion-de-pelicula-milla-verde-de-stephen-king\\\/\"},\"author\":{\"name\":\"CFPMaresme\",\"@id\":\"https:\\\/\\\/cfpmaresme.org\\\/#\\\/schema\\\/person\\\/b2634bcd796fafc667ea4055f61b9b2c\"},\"headline\":\"Recomendaci\u00f3n de pel\u00edcula: \u00abMilla Verde\u00bb De Stephen King\",\"datePublished\":\"2020-04-21T17:43:30+00:00\",\"dateModified\":\"2020-04-24T10:02:01+00:00\",\"mainEntityOfPage\":{\"@id\":\"https:\\\/\\\/cfpmaresme.org\\\/es\\\/recomendacion-de-pelicula-milla-verde-de-stephen-king\\\/\"},\"wordCount\":101,\"commentCount\":0,\"image\":{\"@id\":\"https:\\\/\\\/cfpmaresme.org\\\/es\\\/recomendacion-de-pelicula-milla-verde-de-stephen-king\\\/#primaryimage\"},\"thumbnailUrl\":\"https:\\\/\\\/cfpmaresme.org\\\/wp-content\\\/uploads\\\/2020\\\/04\\\/banner-cine.jpg\",\"articleSection\":[\"CFP desde casa\",\"Cultura\"],\"inLanguage\":\"es\"},{\"@type\":\"WebPage\",\"@id\":\"https:\\\/\\\/cfpmaresme.org\\\/es\\\/recomendacion-de-pelicula-milla-verde-de-stephen-king\\\/\",\"url\":\"https:\\\/\\\/cfpmaresme.org\\\/es\\\/recomendacion-de-pelicula-milla-verde-de-stephen-king\\\/\",\"name\":\"Recomendaci\u00f3n de pel\u00edcula: \\\"Milla Verde\\\" De Stephen King | CFP Maresme\",\"isPartOf\":{\"@id\":\"https:\\\/\\\/cfpmaresme.org\\\/#website\"},\"primaryImageOfPage\":{\"@id\":\"https:\\\/\\\/cfpmaresme.org\\\/es\\\/recomendacion-de-pelicula-milla-verde-de-stephen-king\\\/#primaryimage\"},\"image\":{\"@id\":\"https:\\\/\\\/cfpmaresme.org\\\/es\\\/recomendacion-de-pelicula-milla-verde-de-stephen-king\\\/#primaryimage\"},\"thumbnailUrl\":\"https:\\\/\\\/cfpmaresme.org\\\/wp-content\\\/uploads\\\/2020\\\/04\\\/banner-cine.jpg\",\"datePublished\":\"2020-04-21T17:43:30+00:00\",\"dateModified\":\"2020-04-24T10:02:01+00:00\",\"author\":{\"@id\":\"https:\\\/\\\/cfpmaresme.org\\\/#\\\/schema\\\/person\\\/b2634bcd796fafc667ea4055f61b9b2c\"},\"breadcrumb\":{\"@id\":\"https:\\\/\\\/cfpmaresme.org\\\/es\\\/recomendacion-de-pelicula-milla-verde-de-stephen-king\\\/#breadcrumb\"},\"inLanguage\":\"es\",\"potentialAction\":[{\"@type\":\"ReadAction\",\"target\":[\"https:\\\/\\\/cfpmaresme.org\\\/es\\\/recomendacion-de-pelicula-milla-verde-de-stephen-king\\\/\"]}]},{\"@type\":\"ImageObject\",\"inLanguage\":\"es\",\"@id\":\"https:\\\/\\\/cfpmaresme.org\\\/es\\\/recomendacion-de-pelicula-milla-verde-de-stephen-king\\\/#primaryimage\",\"url\":\"https:\\\/\\\/cfpmaresme.org\\\/wp-content\\\/uploads\\\/2020\\\/04\\\/banner-cine.jpg\",\"contentUrl\":\"https:\\\/\\\/cfpmaresme.org\\\/wp-content\\\/uploads\\\/2020\\\/04\\\/banner-cine.jpg\",\"width\":852,\"height\":352},{\"@type\":\"BreadcrumbList\",\"@id\":\"https:\\\/\\\/cfpmaresme.org\\\/es\\\/recomendacion-de-pelicula-milla-verde-de-stephen-king\\\/#breadcrumb\",\"itemListElement\":[{\"@type\":\"ListItem\",\"position\":1,\"name\":\"Home\",\"item\":\"https:\\\/\\\/cfpmaresme.org\\\/es\\\/\"},{\"@type\":\"ListItem\",\"position\":2,\"name\":\"Recomendaci\u00f3n de pel\u00edcula: \u00abMilla Verde\u00bb De Stephen King\"}]},{\"@type\":\"WebSite\",\"@id\":\"https:\\\/\\\/cfpmaresme.org\\\/#website\",\"url\":\"https:\\\/\\\/cfpmaresme.org\\\/\",\"name\":\"CFP Maresme\",\"description\":\"Centre Formaci\u00f3 Prevenci\u00f3\",\"potentialAction\":[{\"@type\":\"SearchAction\",\"target\":{\"@type\":\"EntryPoint\",\"urlTemplate\":\"https:\\\/\\\/cfpmaresme.org\\\/?s={search_term_string}\"},\"query-input\":{\"@type\":\"PropertyValueSpecification\",\"valueRequired\":true,\"valueName\":\"search_term_string\"}}],\"inLanguage\":\"es\"},{\"@type\":\"Person\",\"@id\":\"https:\\\/\\\/cfpmaresme.org\\\/#\\\/schema\\\/person\\\/b2634bcd796fafc667ea4055f61b9b2c\",\"name\":\"CFPMaresme\"}]}<\/script>\n<!-- \/ Yoast SEO plugin. -->","yoast_head_json":{"title":"Recomendaci\u00f3n de pel\u00edcula: \"Milla Verde\" De Stephen King | CFP Maresme","robots":{"index":"index","follow":"follow","max-snippet":"max-snippet:-1","max-image-preview":"max-image-preview:large","max-video-preview":"max-video-preview:-1"},"canonical":"https:\/\/cfpmaresme.org\/es\/recomendacion-de-pelicula-milla-verde-de-stephen-king\/","og_locale":"es_ES","og_type":"article","og_title":"Recomendaci\u00f3n de pel\u00edcula: \"Milla Verde\" De Stephen King | CFP Maresme","og_description":"Joan Francesc es el encargado de la secci\u00f3n\u00a0 \u00abC\u00e1maras, Luz y Acci\u00f3n\u00bb del programa del SRC Burriac Radio Bricura. &nbsp; Nos ha hecho llegar una recomendaci\u00f3n de pel\u00edcula, la \u00faltima que ha visto durante el confinamiento \u00abMilla verde\u00bb de Stephen King. Tal y como comenta...","og_url":"https:\/\/cfpmaresme.org\/es\/recomendacion-de-pelicula-milla-verde-de-stephen-king\/","og_site_name":"CFP Maresme","article_published_time":"2020-04-21T17:43:30+00:00","article_modified_time":"2020-04-24T10:02:01+00:00","og_image":[{"width":852,"height":352,"url":"https:\/\/cfpmaresme.org\/wp-content\/uploads\/2020\/04\/banner-cine.jpg","type":"image\/jpeg"}],"author":"CFPMaresme","twitter_card":"summary_large_image","twitter_creator":"@cfpmaresme","twitter_site":"@cfpmaresme","twitter_misc":{"Escrito por":"CFPMaresme"},"schema":{"@context":"https:\/\/schema.org","@graph":[{"@type":"Article","@id":"https:\/\/cfpmaresme.org\/es\/recomendacion-de-pelicula-milla-verde-de-stephen-king\/#article","isPartOf":{"@id":"https:\/\/cfpmaresme.org\/es\/recomendacion-de-pelicula-milla-verde-de-stephen-king\/"},"author":{"name":"CFPMaresme","@id":"https:\/\/cfpmaresme.org\/#\/schema\/person\/b2634bcd796fafc667ea4055f61b9b2c"},"headline":"Recomendaci\u00f3n de pel\u00edcula: \u00abMilla Verde\u00bb De Stephen King","datePublished":"2020-04-21T17:43:30+00:00","dateModified":"2020-04-24T10:02:01+00:00","mainEntityOfPage":{"@id":"https:\/\/cfpmaresme.org\/es\/recomendacion-de-pelicula-milla-verde-de-stephen-king\/"},"wordCount":101,"commentCount":0,"image":{"@id":"https:\/\/cfpmaresme.org\/es\/recomendacion-de-pelicula-milla-verde-de-stephen-king\/#primaryimage"},"thumbnailUrl":"https:\/\/cfpmaresme.org\/wp-content\/uploads\/2020\/04\/banner-cine.jpg","articleSection":["CFP desde casa","Cultura"],"inLanguage":"es"},{"@type":"WebPage","@id":"https:\/\/cfpmaresme.org\/es\/recomendacion-de-pelicula-milla-verde-de-stephen-king\/","url":"https:\/\/cfpmaresme.org\/es\/recomendacion-de-pelicula-milla-verde-de-stephen-king\/","name":"Recomendaci\u00f3n de pel\u00edcula: \"Milla Verde\" De Stephen King | CFP Maresme","isPartOf":{"@id":"https:\/\/cfpmaresme.org\/#website"},"primaryImageOfPage":{"@id":"https:\/\/cfpmaresme.org\/es\/recomendacion-de-pelicula-milla-verde-de-stephen-king\/#primaryimage"},"image":{"@id":"https:\/\/cfpmaresme.org\/es\/recomendacion-de-pelicula-milla-verde-de-stephen-king\/#primaryimage"},"thumbnailUrl":"https:\/\/cfpmaresme.org\/wp-content\/uploads\/2020\/04\/banner-cine.jpg","datePublished":"2020-04-21T17:43:30+00:00","dateModified":"2020-04-24T10:02:01+00:00","author":{"@id":"https:\/\/cfpmaresme.org\/#\/schema\/person\/b2634bcd796fafc667ea4055f61b9b2c"},"breadcrumb":{"@id":"https:\/\/cfpmaresme.org\/es\/recomendacion-de-pelicula-milla-verde-de-stephen-king\/#breadcrumb"},"inLanguage":"es","potentialAction":[{"@type":"ReadAction","target":["https:\/\/cfpmaresme.org\/es\/recomendacion-de-pelicula-milla-verde-de-stephen-king\/"]}]},{"@type":"ImageObject","inLanguage":"es","@id":"https:\/\/cfpmaresme.org\/es\/recomendacion-de-pelicula-milla-verde-de-stephen-king\/#primaryimage","url":"https:\/\/cfpmaresme.org\/wp-content\/uploads\/2020\/04\/banner-cine.jpg","contentUrl":"https:\/\/cfpmaresme.org\/wp-content\/uploads\/2020\/04\/banner-cine.jpg","width":852,"height":352},{"@type":"BreadcrumbList","@id":"https:\/\/cfpmaresme.org\/es\/recomendacion-de-pelicula-milla-verde-de-stephen-king\/#breadcrumb","itemListElement":[{"@type":"ListItem","position":1,"name":"Home","item":"https:\/\/cfpmaresme.org\/es\/"},{"@type":"ListItem","position":2,"name":"Recomendaci\u00f3n de pel\u00edcula: \u00abMilla Verde\u00bb De Stephen King"}]},{"@type":"WebSite","@id":"https:\/\/cfpmaresme.org\/#website","url":"https:\/\/cfpmaresme.org\/","name":"CFP Maresme","description":"Centre Formaci\u00f3 Prevenci\u00f3","potentialAction":[{"@type":"SearchAction","target":{"@type":"EntryPoint","urlTemplate":"https:\/\/cfpmaresme.org\/?s={search_term_string}"},"query-input":{"@type":"PropertyValueSpecification","valueRequired":true,"valueName":"search_term_string"}}],"inLanguage":"es"},{"@type":"Person","@id":"https:\/\/cfpmaresme.org\/#\/schema\/person\/b2634bcd796fafc667ea4055f61b9b2c","name":"CFPMaresme"}]}},"_links":{"self":[{"href":"https:\/\/cfpmaresme.org\/es\/wp-json\/wp\/v2\/posts\/19685","targetHints":{"allow":["GET"]}}],"collection":[{"href":"https:\/\/cfpmaresme.org\/es\/wp-json\/wp\/v2\/posts"}],"about":[{"href":"https:\/\/cfpmaresme.org\/es\/wp-json\/wp\/v2\/types\/post"}],"author":[{"embeddable":true,"href":"https:\/\/cfpmaresme.org\/es\/wp-json\/wp\/v2\/users\/2"}],"replies":[{"embeddable":true,"href":"https:\/\/cfpmaresme.org\/es\/wp-json\/wp\/v2\/comments?post=19685"}],"version-history":[{"count":1,"href":"https:\/\/cfpmaresme.org\/es\/wp-json\/wp\/v2\/posts\/19685\/revisions"}],"predecessor-version":[{"id":19686,"href":"https:\/\/cfpmaresme.org\/es\/wp-json\/wp\/v2\/posts\/19685\/revisions\/19686"}],"wp:featuredmedia":[{"embeddable":true,"href":"https:\/\/cfpmaresme.org\/es\/wp-json\/wp\/v2\/media\/19681"}],"wp:attachment":[{"href":"https:\/\/cfpmaresme.org\/es\/wp-json\/wp\/v2\/media?parent=19685"}],"wp:term":[{"taxonomy":"category","embeddable":true,"href":"https:\/\/cfpmaresme.org\/es\/wp-json\/wp\/v2\/categories?post=19685"},{"taxonomy":"post_tag","embeddable":true,"href":"https:\/\/cfpmaresme.org\/es\/wp-json\/wp\/v2\/tags?post=19685"}],"curies":[{"name":"wp","href":"https:\/\/api.w.org\/{rel}","templated":true}]}}