{"id":19689,"date":"2020-04-22T15:22:46","date_gmt":"2020-04-22T13:22:46","guid":{"rendered":"https:\/\/www.cfpmaresme.org\/?p=19689"},"modified":"2020-04-24T12:47:00","modified_gmt":"2020-04-24T10:47:00","slug":"membres-de-radio-bricura-us-recomanen-llibres-per-sant-jordi","status":"publish","type":"post","link":"https:\/\/cfpmaresme.org\/es\/membres-de-radio-bricura-us-recomanen-llibres-per-sant-jordi\/","title":{"rendered":"Miembros de R\u00e0dio Bricura os recomiendan libros para Sant Jordi"},"content":{"rendered":"<h3>Gala Plac\u00eddia, Reina de los B\u00e1rbaros, de Rufino Fern\u00e1ndez<\/h3>\n<p>Joan Francesc os propone leer este libro biogr\u00e1fico. Seg\u00fan comenta, Gala es uno de los personajes femeninos m\u00e1s intr\u00e9pidos y atractivos que nos ha dejado la historia antigua. Hija, hermana y madre de emperadores fue, sin lugar a dudas, una de las mujeres m\u00e1s importantes de sus tiempos.<\/p>\n<p><img loading=\"lazy\" decoding=\"async\" class=\"aligncenter wp-image-19690 size-medium\" src=\"https:\/\/www.cfpmaresme.org\/wp-content\/uploads\/2020\/04\/llibre-J.Francesc-188x300.jpg\" alt=\"\" width=\"188\" height=\"300\" srcset=\"https:\/\/cfpmaresme.org\/wp-content\/uploads\/2020\/04\/llibre-J.Francesc-188x300.jpg 188w, https:\/\/cfpmaresme.org\/wp-content\/uploads\/2020\/04\/llibre-J.Francesc.jpg 279w\" sizes=\"auto, (max-width: 188px) 100vw, 188px\" \/><\/p>\n<p>&nbsp;<\/p>\n<h3>El Bosque Mitago de Robert Holdstoc<\/h3>\n<p>Emilio os recomienda leer esta novela. Seg\u00fan el tertuliano, combina una fantas\u00eda bastante on\u00edrica con temas como el amor paterno filial y el rom\u00e1ntico.<\/p>\n<p><img loading=\"lazy\" decoding=\"async\" class=\"aligncenter wp-image-19692 size-full\" src=\"https:\/\/www.cfpmaresme.org\/wp-content\/uploads\/2020\/04\/libro-emilio.jpg\" alt=\"\" width=\"273\" height=\"400\" srcset=\"https:\/\/cfpmaresme.org\/wp-content\/uploads\/2020\/04\/libro-emilio.jpg 273w, https:\/\/cfpmaresme.org\/wp-content\/uploads\/2020\/04\/libro-emilio-205x300.jpg 205w\" sizes=\"auto, (max-width: 273px) 100vw, 273px\" \/><\/p>\n<p>&nbsp;<\/p>\n<p>&nbsp;<\/p>\n<h3>Las cenizas de \u00c1ngela, de Frank McCourt<\/h3>\n<p>Lola nos propone esta novela autobiogr\u00e1fica. \u00c1ngela y Malachy viven en Nueva York y, cuando llega la depresi\u00f3n de los 30, vuelven a su Irlanda natal con sus hijos. La situaci\u00f3n no mejora y Malachy \u00abbebe\u00bb el poco dinero que cobra y \u00c1ngela intenta mantener la fam\u00edlia gracias a los subsidios y la caridad.<\/p>\n<p>Tal y como comenta Lola, el autor relata su vida desde un punto de vista infantil. Un best seller muy interesante.<\/p>\n<p><img loading=\"lazy\" decoding=\"async\" class=\"wp-image-19698 size-medium aligncenter\" src=\"https:\/\/www.cfpmaresme.org\/wp-content\/uploads\/2020\/04\/libro-lola-202x300.jpg\" alt=\"\" width=\"202\" height=\"300\" srcset=\"https:\/\/cfpmaresme.org\/wp-content\/uploads\/2020\/04\/libro-lola-202x300.jpg 202w, https:\/\/cfpmaresme.org\/wp-content\/uploads\/2020\/04\/libro-lola-689x1024.jpg 689w, https:\/\/cfpmaresme.org\/wp-content\/uploads\/2020\/04\/libro-lola-768x1141.jpg 768w, https:\/\/cfpmaresme.org\/wp-content\/uploads\/2020\/04\/libro-lola-1033x1536.jpg 1033w, https:\/\/cfpmaresme.org\/wp-content\/uploads\/2020\/04\/libro-lola-1378x2048.jpg 1378w, https:\/\/cfpmaresme.org\/wp-content\/uploads\/2020\/04\/libro-lola-700x1040.jpg 700w, https:\/\/cfpmaresme.org\/wp-content\/uploads\/2020\/04\/libro-lola.jpg 1487w\" sizes=\"auto, (max-width: 202px) 100vw, 202px\" \/><\/p>\n","protected":false},"excerpt":{"rendered":"<p>Gala Plac\u00eddia, Reina de los B\u00e1rbaros, de Rufino Fern\u00e1ndez Joan Francesc os propone leer este libro biogr\u00e1fico. Seg\u00fan comenta, Gala es uno de los personajes femeninos m\u00e1s intr\u00e9pidos y atractivos que nos ha dejado la historia antigua. Hija, hermana y madre de emperadores fue, sin&#8230;<\/p>\n","protected":false},"author":2,"featured_media":19694,"comment_status":"open","ping_status":"open","sticky":false,"template":"","format":"standard","meta":{"footnotes":""},"categories":[1197,1209,1202],"tags":[],"class_list":["post-19689","post","type-post","status-publish","format-standard","has-post-thumbnail","hentry","category-cfp-des-de-casa","category-cultura","category-sant-jordi-2020-cfp-des-de-casa"],"yoast_head":"<!-- This site is optimized with the Yoast SEO plugin v27.4 - https:\/\/yoast.com\/product\/yoast-seo-wordpress\/ -->\n<title>Miembros de R\u00e0dio Bricura os recomiendan libros para Sant Jordi | CFP Maresme<\/title>\n<meta name=\"robots\" content=\"index, follow, max-snippet:-1, max-image-preview:large, max-video-preview:-1\" \/>\n<link rel=\"canonical\" href=\"https:\/\/cfpmaresme.org\/es\/membres-de-radio-bricura-us-recomanen-llibres-per-sant-jordi\/\" \/>\n<meta property=\"og:locale\" content=\"es_ES\" \/>\n<meta property=\"og:type\" content=\"article\" \/>\n<meta property=\"og:title\" content=\"Miembros de R\u00e0dio Bricura os recomiendan libros para Sant Jordi | CFP Maresme\" \/>\n<meta property=\"og:description\" content=\"Gala Plac\u00eddia, Reina de los B\u00e1rbaros, de Rufino Fern\u00e1ndez Joan Francesc os propone leer este libro biogr\u00e1fico. Seg\u00fan comenta, Gala es uno de los personajes femeninos m\u00e1s intr\u00e9pidos y atractivos que nos ha dejado la historia antigua. Hija, hermana y madre de emperadores fue, sin...\" \/>\n<meta property=\"og:url\" content=\"https:\/\/cfpmaresme.org\/es\/membres-de-radio-bricura-us-recomanen-llibres-per-sant-jordi\/\" \/>\n<meta property=\"og:site_name\" content=\"CFP Maresme\" \/>\n<meta property=\"article:published_time\" content=\"2020-04-22T13:22:46+00:00\" \/>\n<meta property=\"article:modified_time\" content=\"2020-04-24T10:47:00+00:00\" \/>\n<meta property=\"og:image\" content=\"https:\/\/cfpmaresme.org\/wp-content\/uploads\/2020\/04\/banner-Sant-Jordi-2.jpg\" \/>\n\t<meta property=\"og:image:width\" content=\"983\" \/>\n\t<meta property=\"og:image:height\" content=\"558\" \/>\n\t<meta property=\"og:image:type\" content=\"image\/jpeg\" \/>\n<meta name=\"author\" content=\"CFPMaresme\" \/>\n<meta name=\"twitter:card\" content=\"summary_large_image\" \/>\n<meta name=\"twitter:creator\" content=\"@cfpmaresme\" \/>\n<meta name=\"twitter:site\" content=\"@cfpmaresme\" \/>\n<meta name=\"twitter:label1\" content=\"Escrito por\" \/>\n\t<meta name=\"twitter:data1\" content=\"CFPMaresme\" \/>\n\t<meta name=\"twitter:label2\" content=\"Tiempo de lectura\" \/>\n\t<meta name=\"twitter:data2\" content=\"1 minuto\" \/>\n<script type=\"application\/ld+json\" class=\"yoast-schema-graph\">{\"@context\":\"https:\\\/\\\/schema.org\",\"@graph\":[{\"@type\":\"Article\",\"@id\":\"https:\\\/\\\/cfpmaresme.org\\\/es\\\/membres-de-radio-bricura-us-recomanen-llibres-per-sant-jordi\\\/#article\",\"isPartOf\":{\"@id\":\"https:\\\/\\\/cfpmaresme.org\\\/es\\\/membres-de-radio-bricura-us-recomanen-llibres-per-sant-jordi\\\/\"},\"author\":{\"name\":\"CFPMaresme\",\"@id\":\"https:\\\/\\\/cfpmaresme.org\\\/#\\\/schema\\\/person\\\/b2634bcd796fafc667ea4055f61b9b2c\"},\"headline\":\"Miembros de R\u00e0dio Bricura os recomiendan libros para Sant Jordi\",\"datePublished\":\"2020-04-22T13:22:46+00:00\",\"dateModified\":\"2020-04-24T10:47:00+00:00\",\"mainEntityOfPage\":{\"@id\":\"https:\\\/\\\/cfpmaresme.org\\\/es\\\/membres-de-radio-bricura-us-recomanen-llibres-per-sant-jordi\\\/\"},\"wordCount\":198,\"commentCount\":0,\"image\":{\"@id\":\"https:\\\/\\\/cfpmaresme.org\\\/es\\\/membres-de-radio-bricura-us-recomanen-llibres-per-sant-jordi\\\/#primaryimage\"},\"thumbnailUrl\":\"https:\\\/\\\/cfpmaresme.org\\\/wp-content\\\/uploads\\\/2020\\\/04\\\/banner-Sant-Jordi-2.jpg\",\"articleSection\":[\"CFP desde casa\",\"Cultura\",\"Sant Jordi 2020\"],\"inLanguage\":\"es\"},{\"@type\":\"WebPage\",\"@id\":\"https:\\\/\\\/cfpmaresme.org\\\/es\\\/membres-de-radio-bricura-us-recomanen-llibres-per-sant-jordi\\\/\",\"url\":\"https:\\\/\\\/cfpmaresme.org\\\/es\\\/membres-de-radio-bricura-us-recomanen-llibres-per-sant-jordi\\\/\",\"name\":\"Miembros de R\u00e0dio Bricura os recomiendan libros para Sant Jordi | CFP Maresme\",\"isPartOf\":{\"@id\":\"https:\\\/\\\/cfpmaresme.org\\\/#website\"},\"primaryImageOfPage\":{\"@id\":\"https:\\\/\\\/cfpmaresme.org\\\/es\\\/membres-de-radio-bricura-us-recomanen-llibres-per-sant-jordi\\\/#primaryimage\"},\"image\":{\"@id\":\"https:\\\/\\\/cfpmaresme.org\\\/es\\\/membres-de-radio-bricura-us-recomanen-llibres-per-sant-jordi\\\/#primaryimage\"},\"thumbnailUrl\":\"https:\\\/\\\/cfpmaresme.org\\\/wp-content\\\/uploads\\\/2020\\\/04\\\/banner-Sant-Jordi-2.jpg\",\"datePublished\":\"2020-04-22T13:22:46+00:00\",\"dateModified\":\"2020-04-24T10:47:00+00:00\",\"author\":{\"@id\":\"https:\\\/\\\/cfpmaresme.org\\\/#\\\/schema\\\/person\\\/b2634bcd796fafc667ea4055f61b9b2c\"},\"breadcrumb\":{\"@id\":\"https:\\\/\\\/cfpmaresme.org\\\/es\\\/membres-de-radio-bricura-us-recomanen-llibres-per-sant-jordi\\\/#breadcrumb\"},\"inLanguage\":\"es\",\"potentialAction\":[{\"@type\":\"ReadAction\",\"target\":[\"https:\\\/\\\/cfpmaresme.org\\\/es\\\/membres-de-radio-bricura-us-recomanen-llibres-per-sant-jordi\\\/\"]}]},{\"@type\":\"ImageObject\",\"inLanguage\":\"es\",\"@id\":\"https:\\\/\\\/cfpmaresme.org\\\/es\\\/membres-de-radio-bricura-us-recomanen-llibres-per-sant-jordi\\\/#primaryimage\",\"url\":\"https:\\\/\\\/cfpmaresme.org\\\/wp-content\\\/uploads\\\/2020\\\/04\\\/banner-Sant-Jordi-2.jpg\",\"contentUrl\":\"https:\\\/\\\/cfpmaresme.org\\\/wp-content\\\/uploads\\\/2020\\\/04\\\/banner-Sant-Jordi-2.jpg\",\"width\":983,\"height\":558},{\"@type\":\"BreadcrumbList\",\"@id\":\"https:\\\/\\\/cfpmaresme.org\\\/es\\\/membres-de-radio-bricura-us-recomanen-llibres-per-sant-jordi\\\/#breadcrumb\",\"itemListElement\":[{\"@type\":\"ListItem\",\"position\":1,\"name\":\"Home\",\"item\":\"https:\\\/\\\/cfpmaresme.org\\\/es\\\/\"},{\"@type\":\"ListItem\",\"position\":2,\"name\":\"Miembros de R\u00e0dio Bricura os recomiendan libros para Sant Jordi\"}]},{\"@type\":\"WebSite\",\"@id\":\"https:\\\/\\\/cfpmaresme.org\\\/#website\",\"url\":\"https:\\\/\\\/cfpmaresme.org\\\/\",\"name\":\"CFP Maresme\",\"description\":\"Centre Formaci\u00f3 Prevenci\u00f3\",\"potentialAction\":[{\"@type\":\"SearchAction\",\"target\":{\"@type\":\"EntryPoint\",\"urlTemplate\":\"https:\\\/\\\/cfpmaresme.org\\\/?s={search_term_string}\"},\"query-input\":{\"@type\":\"PropertyValueSpecification\",\"valueRequired\":true,\"valueName\":\"search_term_string\"}}],\"inLanguage\":\"es\"},{\"@type\":\"Person\",\"@id\":\"https:\\\/\\\/cfpmaresme.org\\\/#\\\/schema\\\/person\\\/b2634bcd796fafc667ea4055f61b9b2c\",\"name\":\"CFPMaresme\"}]}<\/script>\n<!-- \/ Yoast SEO plugin. -->","yoast_head_json":{"title":"Miembros de R\u00e0dio Bricura os recomiendan libros para Sant Jordi | CFP Maresme","robots":{"index":"index","follow":"follow","max-snippet":"max-snippet:-1","max-image-preview":"max-image-preview:large","max-video-preview":"max-video-preview:-1"},"canonical":"https:\/\/cfpmaresme.org\/es\/membres-de-radio-bricura-us-recomanen-llibres-per-sant-jordi\/","og_locale":"es_ES","og_type":"article","og_title":"Miembros de R\u00e0dio Bricura os recomiendan libros para Sant Jordi | CFP Maresme","og_description":"Gala Plac\u00eddia, Reina de los B\u00e1rbaros, de Rufino Fern\u00e1ndez Joan Francesc os propone leer este libro biogr\u00e1fico. Seg\u00fan comenta, Gala es uno de los personajes femeninos m\u00e1s intr\u00e9pidos y atractivos que nos ha dejado la historia antigua. Hija, hermana y madre de emperadores fue, sin...","og_url":"https:\/\/cfpmaresme.org\/es\/membres-de-radio-bricura-us-recomanen-llibres-per-sant-jordi\/","og_site_name":"CFP Maresme","article_published_time":"2020-04-22T13:22:46+00:00","article_modified_time":"2020-04-24T10:47:00+00:00","og_image":[{"width":983,"height":558,"url":"https:\/\/cfpmaresme.org\/wp-content\/uploads\/2020\/04\/banner-Sant-Jordi-2.jpg","type":"image\/jpeg"}],"author":"CFPMaresme","twitter_card":"summary_large_image","twitter_creator":"@cfpmaresme","twitter_site":"@cfpmaresme","twitter_misc":{"Escrito por":"CFPMaresme","Tiempo de lectura":"1 minuto"},"schema":{"@context":"https:\/\/schema.org","@graph":[{"@type":"Article","@id":"https:\/\/cfpmaresme.org\/es\/membres-de-radio-bricura-us-recomanen-llibres-per-sant-jordi\/#article","isPartOf":{"@id":"https:\/\/cfpmaresme.org\/es\/membres-de-radio-bricura-us-recomanen-llibres-per-sant-jordi\/"},"author":{"name":"CFPMaresme","@id":"https:\/\/cfpmaresme.org\/#\/schema\/person\/b2634bcd796fafc667ea4055f61b9b2c"},"headline":"Miembros de R\u00e0dio Bricura os recomiendan libros para Sant Jordi","datePublished":"2020-04-22T13:22:46+00:00","dateModified":"2020-04-24T10:47:00+00:00","mainEntityOfPage":{"@id":"https:\/\/cfpmaresme.org\/es\/membres-de-radio-bricura-us-recomanen-llibres-per-sant-jordi\/"},"wordCount":198,"commentCount":0,"image":{"@id":"https:\/\/cfpmaresme.org\/es\/membres-de-radio-bricura-us-recomanen-llibres-per-sant-jordi\/#primaryimage"},"thumbnailUrl":"https:\/\/cfpmaresme.org\/wp-content\/uploads\/2020\/04\/banner-Sant-Jordi-2.jpg","articleSection":["CFP desde casa","Cultura","Sant Jordi 2020"],"inLanguage":"es"},{"@type":"WebPage","@id":"https:\/\/cfpmaresme.org\/es\/membres-de-radio-bricura-us-recomanen-llibres-per-sant-jordi\/","url":"https:\/\/cfpmaresme.org\/es\/membres-de-radio-bricura-us-recomanen-llibres-per-sant-jordi\/","name":"Miembros de R\u00e0dio Bricura os recomiendan libros para Sant Jordi | CFP Maresme","isPartOf":{"@id":"https:\/\/cfpmaresme.org\/#website"},"primaryImageOfPage":{"@id":"https:\/\/cfpmaresme.org\/es\/membres-de-radio-bricura-us-recomanen-llibres-per-sant-jordi\/#primaryimage"},"image":{"@id":"https:\/\/cfpmaresme.org\/es\/membres-de-radio-bricura-us-recomanen-llibres-per-sant-jordi\/#primaryimage"},"thumbnailUrl":"https:\/\/cfpmaresme.org\/wp-content\/uploads\/2020\/04\/banner-Sant-Jordi-2.jpg","datePublished":"2020-04-22T13:22:46+00:00","dateModified":"2020-04-24T10:47:00+00:00","author":{"@id":"https:\/\/cfpmaresme.org\/#\/schema\/person\/b2634bcd796fafc667ea4055f61b9b2c"},"breadcrumb":{"@id":"https:\/\/cfpmaresme.org\/es\/membres-de-radio-bricura-us-recomanen-llibres-per-sant-jordi\/#breadcrumb"},"inLanguage":"es","potentialAction":[{"@type":"ReadAction","target":["https:\/\/cfpmaresme.org\/es\/membres-de-radio-bricura-us-recomanen-llibres-per-sant-jordi\/"]}]},{"@type":"ImageObject","inLanguage":"es","@id":"https:\/\/cfpmaresme.org\/es\/membres-de-radio-bricura-us-recomanen-llibres-per-sant-jordi\/#primaryimage","url":"https:\/\/cfpmaresme.org\/wp-content\/uploads\/2020\/04\/banner-Sant-Jordi-2.jpg","contentUrl":"https:\/\/cfpmaresme.org\/wp-content\/uploads\/2020\/04\/banner-Sant-Jordi-2.jpg","width":983,"height":558},{"@type":"BreadcrumbList","@id":"https:\/\/cfpmaresme.org\/es\/membres-de-radio-bricura-us-recomanen-llibres-per-sant-jordi\/#breadcrumb","itemListElement":[{"@type":"ListItem","position":1,"name":"Home","item":"https:\/\/cfpmaresme.org\/es\/"},{"@type":"ListItem","position":2,"name":"Miembros de R\u00e0dio Bricura os recomiendan libros para Sant Jordi"}]},{"@type":"WebSite","@id":"https:\/\/cfpmaresme.org\/#website","url":"https:\/\/cfpmaresme.org\/","name":"CFP Maresme","description":"Centre Formaci\u00f3 Prevenci\u00f3","potentialAction":[{"@type":"SearchAction","target":{"@type":"EntryPoint","urlTemplate":"https:\/\/cfpmaresme.org\/?s={search_term_string}"},"query-input":{"@type":"PropertyValueSpecification","valueRequired":true,"valueName":"search_term_string"}}],"inLanguage":"es"},{"@type":"Person","@id":"https:\/\/cfpmaresme.org\/#\/schema\/person\/b2634bcd796fafc667ea4055f61b9b2c","name":"CFPMaresme"}]}},"_links":{"self":[{"href":"https:\/\/cfpmaresme.org\/es\/wp-json\/wp\/v2\/posts\/19689","targetHints":{"allow":["GET"]}}],"collection":[{"href":"https:\/\/cfpmaresme.org\/es\/wp-json\/wp\/v2\/posts"}],"about":[{"href":"https:\/\/cfpmaresme.org\/es\/wp-json\/wp\/v2\/types\/post"}],"author":[{"embeddable":true,"href":"https:\/\/cfpmaresme.org\/es\/wp-json\/wp\/v2\/users\/2"}],"replies":[{"embeddable":true,"href":"https:\/\/cfpmaresme.org\/es\/wp-json\/wp\/v2\/comments?post=19689"}],"version-history":[{"count":5,"href":"https:\/\/cfpmaresme.org\/es\/wp-json\/wp\/v2\/posts\/19689\/revisions"}],"predecessor-version":[{"id":19721,"href":"https:\/\/cfpmaresme.org\/es\/wp-json\/wp\/v2\/posts\/19689\/revisions\/19721"}],"wp:featuredmedia":[{"embeddable":true,"href":"https:\/\/cfpmaresme.org\/es\/wp-json\/wp\/v2\/media\/19694"}],"wp:attachment":[{"href":"https:\/\/cfpmaresme.org\/es\/wp-json\/wp\/v2\/media?parent=19689"}],"wp:term":[{"taxonomy":"category","embeddable":true,"href":"https:\/\/cfpmaresme.org\/es\/wp-json\/wp\/v2\/categories?post=19689"},{"taxonomy":"post_tag","embeddable":true,"href":"https:\/\/cfpmaresme.org\/es\/wp-json\/wp\/v2\/tags?post=19689"}],"curies":[{"name":"wp","href":"https:\/\/api.w.org\/{rel}","templated":true}]}}