{"id":19757,"date":"2020-03-27T13:50:30","date_gmt":"2020-03-27T11:50:30","guid":{"rendered":"https:\/\/www.cfpmaresme.org\/?p=19757"},"modified":"2020-04-27T15:27:35","modified_gmt":"2020-04-27T13:27:35","slug":"el-reto-de-atender-a-pacientes-del-src-durante-el-confinamiento","status":"publish","type":"post","link":"https:\/\/cfpmaresme.org\/es\/el-reto-de-atender-a-pacientes-del-src-durante-el-confinamiento\/","title":{"rendered":"El reto de atender a pacientes del SRC durante el confinamiento"},"content":{"rendered":"<p>Los\u00a0<a href=\"\/?page_id=16510\" target=\"_blank\" rel=\"noopener noreferrer\">Servicios de Rehabilitaci\u00f3n Comunitaria del CFP, <\/a>\u00a0SRC Maresme y SRC Burriac, han atendido durante el a\u00f1o 2020 cerca de un centenar de personas. Muchas de ellas presentes durante per\u00edodos largos y que mantienen un v\u00ednculo con los educadores y educadoras y otros pacientes muy fuerte.<\/p>\n<p>En la crisis sanitaria que nos encontramos, donde todos\/as estamos preocupados ante la incertidumbre, es vital estar coordinados y organizados para hacer una atenci\u00f3n telem\u00e1tica constante, d\u00e1ndoles apoyo y<strong> acompa\u00f1\u00e1ndolos en su\u00a0 nueva realidad en casa.\u00a0<\/strong><\/p>\n<p>A d\u00eda de hoy, los usuarios y usuarias est\u00e1n angustiados\/das, cada uno seg\u00fan su momento vital y situaci\u00f3n personal que est\u00e1 viviendo pero muchos de ellos se muestran receptivos ante las propuestas que reciben del equipo de educadores para vivir un\u00a0<strong>confinamiento m\u00e1s din\u00e1mico.<\/strong> Hay ideas de actividades a hacer que surgen de ellos\/as. Es el caso de una usuaria aficionada a la cocina que comparte las recetas que hace entre los compa\u00f1eros y compa\u00f1eras.<\/p>\n<p>As\u00ed pues, ante la llegada inesperada de un confinamiento como el que estamos viviendo, los y las profesionales de los\u00a0 <strong>Servicios de Rehabilitaci\u00f3n del CFP<\/strong> se han tenido que organizar en tiempo record para ofrecer la <strong>mejor atenci\u00f3n posible <\/strong>a pacientes. El objetivo es doble. Por un lado, hacerlo de forma personalizada para ayudarlos a sobrepasar este momento tan complicado. Y, por el otro, conseguir que mantengan los avances que han hecho en todo el proceso de rehabilitaci\u00f3n. Tal y como comenta <strong>Laura G\u00f3mez, \u00a0psic\u00f3loga del SRC Burriac<\/strong>, \u201cesta es nuestra principal preocupaci\u00f3n, <strong>conseguir que no se descompensen<\/strong> despu\u00e9s de todo el esfuerzo que hemos hecho, tanto ellos\/as como los profesionales, para que mejoren\u201d.<\/p>\n<p>Tambi\u00e9n preocupa la p\u00e9rdida del momento en que estaba el SRC Burriac con el inicio de actividads autogestionadas y el trabajo de voluntariado a la Integraci\u00f3n Social, entre otros, que estaban funcionando muy bien.<\/p>\n<p>La organizaci\u00f3n para esta etapa, teniendo en cuenta que se ha hecho un cierre de los servicios de atenci\u00f3n directa y que el equipo hace teletrabajo, se ha basado en un\u00a0 <strong>Plan de Contingencia hecho a petici\u00f3n del Pla Director de Salut<\/strong>.<\/p>\n<p>Algunas de las<strong> l\u00edneas de actuaci\u00f3n <\/strong>que contempla son las siguientes:<\/p>\n<p><strong>Coordinaci\u00f3n del equipo y con la red de profesionales:\u00a0<\/strong><\/p>\n<ul>\n<li>La direcci\u00f3n t\u00e9cnica se coordina diariamente con las dos responsables de servicio para avaluar el estado de trabajadores\/as y usuarios\/as y con el equipo directivo del CFP. Cuando es necesario, tambi\u00e9n lo hace con los equipos de sanitarios pertinentes.<\/li>\n<li>Cuando la situaci\u00f3n lo requiere se hace una coordinaci\u00f3n con servicios y\/o profesionales de la red, como pueden ser fundaciones tutelares, el CSMA, el PSI o educadores\/as de pisos asistidos.<\/li>\n<\/ul>\n<p>&nbsp;<\/p>\n<p><strong>Atenci\u00f3n a usuarios\/as y a sus fam\u00edlias:\u00a0<\/strong><\/p>\n<ul>\n<li>Cada usuario\/a mantiene contacto telef\u00f3nico, v\u00eda whatsapp y email con su persona referente. Este\/a supervisa su estado psicosocial, le da soporte emocional, consejos de prevenci\u00f3n y pautas a seguir durante el periodo de confinamiento.<\/li>\n<li>El equipo de los SRC propone ideas de actividades para mantener a los pacientes activos. Juegos cognitivos, lecturas apropiadas, ejercicios f\u00edsicos a realizar con tutor\u00edas, entre otros.<\/li>\n<li>Se hace soporte y acompa\u00f1amiento telef\u00f3nico a la fam\u00edlia de los y las pacientes para ayudar a que el hecho de no salir de casa no empeore la convivencia.<\/li>\n<\/ul>\n<p>&nbsp;<\/p>\n<p><strong>Seguimiento y medidas de prevenci\u00f3n:\u00a0\u00a0<\/strong><\/p>\n<ul>\n<li>Registro diario de las incidencias y del estado f\u00edsico y ps\u00edquico de los usuarios y usuarias.<\/li>\n<li>Detecci\u00f3n de riesgos teniendo en cuenta el confinamiento y la situaci\u00f3n sanitaria actual.<\/li>\n<\/ul>\n<p>&nbsp;<\/p>\n<p>El equipo empezar\u00e1 a hacer <strong>supervisiones<\/strong> con el psic\u00f3logo Marcelo Edwars, juntamente con otros compa\u00f1eros de servicios del CFP como el <a href=\"\/?page_id=16517\" target=\"_blank\" rel=\"noopener noreferrer\">Programa de Soporte a la Autonom\u00eda en el Propio Hogar<\/a> i <a href=\"\/?p=19757\" target=\"_blank\" rel=\"noopener noreferrer\">Pisos asistidos para j\u00f3venes<\/a> para poder compartir puntos de vista y analizar como se est\u00e1 gestionando la atenci\u00f3n durante la crisis del Coronavirus. Algunos de los temas que se tratar\u00e1n son c\u00f3mo trabajar los miedos y las angustias, la relaci\u00f3n entre la responsabilidad y el deseo o la valoraci\u00f3n del lenguaje no presencial y los equ\u00edvocos a los que pueden llevar y como abandonarlos.<\/p>\n<p>Estas sesiones tambi\u00e9n servir\u00e1n para r<strong>eflexionar <\/strong>sobre c\u00f3mo trabajar y <strong>plantear estrategias,<\/strong> herramientas a utilizar y m\u00e9todos a seguir si finalmente, la situaci\u00f3n en qu\u00e9 vivimos, se alarga.<\/p>\n<p>Con todo, los Servicios de Rehabilitaci\u00f3n, mantienen la atenci\u00f3n a los y las pacientes en la mejor calidad posible y est\u00e1n atentos\/as al estado de cadauno\/a de ellos\/as por si es necesario plantear cambios en el m\u00e9todo de soporte <strong>con la voluntad de que vivan este per\u00edodo de la manera m\u00e1s estable posible.\u00a0<\/strong><\/p>\n","protected":false},"excerpt":{"rendered":"<p>Los\u00a0Servicios de Rehabilitaci\u00f3n Comunitaria del CFP, \u00a0SRC Maresme y SRC Burriac, han atendido durante el a\u00f1o 2020 cerca de un centenar de personas. Muchas de ellas presentes durante per\u00edodos largos y que mantienen un v\u00ednculo con los educadores y educadoras y otros pacientes muy fuerte&#8230;.<\/p>\n","protected":false},"author":2,"featured_media":19413,"comment_status":"open","ping_status":"open","sticky":false,"template":"","format":"standard","meta":{"footnotes":""},"categories":[1199],"tags":[],"class_list":["post-19757","post","type-post","status-publish","format-standard","has-post-thumbnail","hentry","category-servicios-de-rehabilitacion-comunitaria"],"yoast_head":"<!-- This site is optimized with the Yoast SEO plugin v27.4 - https:\/\/yoast.com\/product\/yoast-seo-wordpress\/ -->\n<title>El reto de atender a pacientes del SRC durante el confinamiento | CFP Maresme<\/title>\n<meta name=\"robots\" content=\"index, follow, max-snippet:-1, max-image-preview:large, max-video-preview:-1\" \/>\n<link rel=\"canonical\" href=\"https:\/\/cfpmaresme.org\/es\/el-reto-de-atender-a-pacientes-del-src-durante-el-confinamiento\/\" \/>\n<meta property=\"og:locale\" content=\"es_ES\" \/>\n<meta property=\"og:type\" content=\"article\" \/>\n<meta property=\"og:title\" content=\"El reto de atender a pacientes del SRC durante el confinamiento | CFP Maresme\" \/>\n<meta property=\"og:description\" content=\"Los\u00a0Servicios de Rehabilitaci\u00f3n Comunitaria del CFP, \u00a0SRC Maresme y SRC Burriac, han atendido durante el a\u00f1o 2020 cerca de un centenar de personas. Muchas de ellas presentes durante per\u00edodos largos y que mantienen un v\u00ednculo con los educadores y educadoras y otros pacientes muy fuerte....\" \/>\n<meta property=\"og:url\" content=\"https:\/\/cfpmaresme.org\/es\/el-reto-de-atender-a-pacientes-del-src-durante-el-confinamiento\/\" \/>\n<meta property=\"og:site_name\" content=\"CFP Maresme\" \/>\n<meta property=\"article:published_time\" content=\"2020-03-27T11:50:30+00:00\" \/>\n<meta property=\"article:modified_time\" content=\"2020-04-27T13:27:35+00:00\" \/>\n<meta property=\"og:image\" content=\"https:\/\/cfpmaresme.org\/wp-content\/uploads\/2020\/03\/ravi-roshan-_AdUs32i0jc-unsplash.jpg\" \/>\n\t<meta property=\"og:image:width\" content=\"2560\" \/>\n\t<meta property=\"og:image:height\" content=\"1438\" \/>\n\t<meta property=\"og:image:type\" content=\"image\/jpeg\" \/>\n<meta name=\"author\" content=\"CFPMaresme\" \/>\n<meta name=\"twitter:card\" content=\"summary_large_image\" \/>\n<meta name=\"twitter:creator\" content=\"@cfpmaresme\" \/>\n<meta name=\"twitter:site\" content=\"@cfpmaresme\" \/>\n<meta name=\"twitter:label1\" content=\"Escrito por\" \/>\n\t<meta name=\"twitter:data1\" content=\"CFPMaresme\" \/>\n\t<meta name=\"twitter:label2\" content=\"Tiempo de lectura\" \/>\n\t<meta name=\"twitter:data2\" content=\"4 minutos\" \/>\n<script type=\"application\/ld+json\" class=\"yoast-schema-graph\">{\"@context\":\"https:\\\/\\\/schema.org\",\"@graph\":[{\"@type\":\"Article\",\"@id\":\"https:\\\/\\\/cfpmaresme.org\\\/es\\\/el-reto-de-atender-a-pacientes-del-src-durante-el-confinamiento\\\/#article\",\"isPartOf\":{\"@id\":\"https:\\\/\\\/cfpmaresme.org\\\/es\\\/el-reto-de-atender-a-pacientes-del-src-durante-el-confinamiento\\\/\"},\"author\":{\"name\":\"CFPMaresme\",\"@id\":\"https:\\\/\\\/cfpmaresme.org\\\/#\\\/schema\\\/person\\\/b2634bcd796fafc667ea4055f61b9b2c\"},\"headline\":\"El reto de atender a pacientes del SRC durante el confinamiento\",\"datePublished\":\"2020-03-27T11:50:30+00:00\",\"dateModified\":\"2020-04-27T13:27:35+00:00\",\"mainEntityOfPage\":{\"@id\":\"https:\\\/\\\/cfpmaresme.org\\\/es\\\/el-reto-de-atender-a-pacientes-del-src-durante-el-confinamiento\\\/\"},\"wordCount\":844,\"commentCount\":0,\"image\":{\"@id\":\"https:\\\/\\\/cfpmaresme.org\\\/es\\\/el-reto-de-atender-a-pacientes-del-src-durante-el-confinamiento\\\/#primaryimage\"},\"thumbnailUrl\":\"https:\\\/\\\/cfpmaresme.org\\\/wp-content\\\/uploads\\\/2020\\\/03\\\/ravi-roshan-_AdUs32i0jc-unsplash.jpg\",\"articleSection\":[\"Servicios de Rehabilitaci\u00f3n Comunitaria\"],\"inLanguage\":\"es\"},{\"@type\":\"WebPage\",\"@id\":\"https:\\\/\\\/cfpmaresme.org\\\/es\\\/el-reto-de-atender-a-pacientes-del-src-durante-el-confinamiento\\\/\",\"url\":\"https:\\\/\\\/cfpmaresme.org\\\/es\\\/el-reto-de-atender-a-pacientes-del-src-durante-el-confinamiento\\\/\",\"name\":\"El reto de atender a pacientes del SRC durante el confinamiento | CFP Maresme\",\"isPartOf\":{\"@id\":\"https:\\\/\\\/cfpmaresme.org\\\/#website\"},\"primaryImageOfPage\":{\"@id\":\"https:\\\/\\\/cfpmaresme.org\\\/es\\\/el-reto-de-atender-a-pacientes-del-src-durante-el-confinamiento\\\/#primaryimage\"},\"image\":{\"@id\":\"https:\\\/\\\/cfpmaresme.org\\\/es\\\/el-reto-de-atender-a-pacientes-del-src-durante-el-confinamiento\\\/#primaryimage\"},\"thumbnailUrl\":\"https:\\\/\\\/cfpmaresme.org\\\/wp-content\\\/uploads\\\/2020\\\/03\\\/ravi-roshan-_AdUs32i0jc-unsplash.jpg\",\"datePublished\":\"2020-03-27T11:50:30+00:00\",\"dateModified\":\"2020-04-27T13:27:35+00:00\",\"author\":{\"@id\":\"https:\\\/\\\/cfpmaresme.org\\\/#\\\/schema\\\/person\\\/b2634bcd796fafc667ea4055f61b9b2c\"},\"breadcrumb\":{\"@id\":\"https:\\\/\\\/cfpmaresme.org\\\/es\\\/el-reto-de-atender-a-pacientes-del-src-durante-el-confinamiento\\\/#breadcrumb\"},\"inLanguage\":\"es\",\"potentialAction\":[{\"@type\":\"ReadAction\",\"target\":[\"https:\\\/\\\/cfpmaresme.org\\\/es\\\/el-reto-de-atender-a-pacientes-del-src-durante-el-confinamiento\\\/\"]}]},{\"@type\":\"ImageObject\",\"inLanguage\":\"es\",\"@id\":\"https:\\\/\\\/cfpmaresme.org\\\/es\\\/el-reto-de-atender-a-pacientes-del-src-durante-el-confinamiento\\\/#primaryimage\",\"url\":\"https:\\\/\\\/cfpmaresme.org\\\/wp-content\\\/uploads\\\/2020\\\/03\\\/ravi-roshan-_AdUs32i0jc-unsplash.jpg\",\"contentUrl\":\"https:\\\/\\\/cfpmaresme.org\\\/wp-content\\\/uploads\\\/2020\\\/03\\\/ravi-roshan-_AdUs32i0jc-unsplash.jpg\",\"width\":2560,\"height\":1438},{\"@type\":\"BreadcrumbList\",\"@id\":\"https:\\\/\\\/cfpmaresme.org\\\/es\\\/el-reto-de-atender-a-pacientes-del-src-durante-el-confinamiento\\\/#breadcrumb\",\"itemListElement\":[{\"@type\":\"ListItem\",\"position\":1,\"name\":\"Home\",\"item\":\"https:\\\/\\\/cfpmaresme.org\\\/es\\\/\"},{\"@type\":\"ListItem\",\"position\":2,\"name\":\"El reto de atender a pacientes del SRC durante el confinamiento\"}]},{\"@type\":\"WebSite\",\"@id\":\"https:\\\/\\\/cfpmaresme.org\\\/#website\",\"url\":\"https:\\\/\\\/cfpmaresme.org\\\/\",\"name\":\"CFP Maresme\",\"description\":\"Centre Formaci\u00f3 Prevenci\u00f3\",\"potentialAction\":[{\"@type\":\"SearchAction\",\"target\":{\"@type\":\"EntryPoint\",\"urlTemplate\":\"https:\\\/\\\/cfpmaresme.org\\\/?s={search_term_string}\"},\"query-input\":{\"@type\":\"PropertyValueSpecification\",\"valueRequired\":true,\"valueName\":\"search_term_string\"}}],\"inLanguage\":\"es\"},{\"@type\":\"Person\",\"@id\":\"https:\\\/\\\/cfpmaresme.org\\\/#\\\/schema\\\/person\\\/b2634bcd796fafc667ea4055f61b9b2c\",\"name\":\"CFPMaresme\"}]}<\/script>\n<!-- \/ Yoast SEO plugin. -->","yoast_head_json":{"title":"El reto de atender a pacientes del SRC durante el confinamiento | CFP Maresme","robots":{"index":"index","follow":"follow","max-snippet":"max-snippet:-1","max-image-preview":"max-image-preview:large","max-video-preview":"max-video-preview:-1"},"canonical":"https:\/\/cfpmaresme.org\/es\/el-reto-de-atender-a-pacientes-del-src-durante-el-confinamiento\/","og_locale":"es_ES","og_type":"article","og_title":"El reto de atender a pacientes del SRC durante el confinamiento | CFP Maresme","og_description":"Los\u00a0Servicios de Rehabilitaci\u00f3n Comunitaria del CFP, \u00a0SRC Maresme y SRC Burriac, han atendido durante el a\u00f1o 2020 cerca de un centenar de personas. Muchas de ellas presentes durante per\u00edodos largos y que mantienen un v\u00ednculo con los educadores y educadoras y otros pacientes muy fuerte....","og_url":"https:\/\/cfpmaresme.org\/es\/el-reto-de-atender-a-pacientes-del-src-durante-el-confinamiento\/","og_site_name":"CFP Maresme","article_published_time":"2020-03-27T11:50:30+00:00","article_modified_time":"2020-04-27T13:27:35+00:00","og_image":[{"width":2560,"height":1438,"url":"https:\/\/cfpmaresme.org\/wp-content\/uploads\/2020\/03\/ravi-roshan-_AdUs32i0jc-unsplash.jpg","type":"image\/jpeg"}],"author":"CFPMaresme","twitter_card":"summary_large_image","twitter_creator":"@cfpmaresme","twitter_site":"@cfpmaresme","twitter_misc":{"Escrito por":"CFPMaresme","Tiempo de lectura":"4 minutos"},"schema":{"@context":"https:\/\/schema.org","@graph":[{"@type":"Article","@id":"https:\/\/cfpmaresme.org\/es\/el-reto-de-atender-a-pacientes-del-src-durante-el-confinamiento\/#article","isPartOf":{"@id":"https:\/\/cfpmaresme.org\/es\/el-reto-de-atender-a-pacientes-del-src-durante-el-confinamiento\/"},"author":{"name":"CFPMaresme","@id":"https:\/\/cfpmaresme.org\/#\/schema\/person\/b2634bcd796fafc667ea4055f61b9b2c"},"headline":"El reto de atender a pacientes del SRC durante el confinamiento","datePublished":"2020-03-27T11:50:30+00:00","dateModified":"2020-04-27T13:27:35+00:00","mainEntityOfPage":{"@id":"https:\/\/cfpmaresme.org\/es\/el-reto-de-atender-a-pacientes-del-src-durante-el-confinamiento\/"},"wordCount":844,"commentCount":0,"image":{"@id":"https:\/\/cfpmaresme.org\/es\/el-reto-de-atender-a-pacientes-del-src-durante-el-confinamiento\/#primaryimage"},"thumbnailUrl":"https:\/\/cfpmaresme.org\/wp-content\/uploads\/2020\/03\/ravi-roshan-_AdUs32i0jc-unsplash.jpg","articleSection":["Servicios de Rehabilitaci\u00f3n Comunitaria"],"inLanguage":"es"},{"@type":"WebPage","@id":"https:\/\/cfpmaresme.org\/es\/el-reto-de-atender-a-pacientes-del-src-durante-el-confinamiento\/","url":"https:\/\/cfpmaresme.org\/es\/el-reto-de-atender-a-pacientes-del-src-durante-el-confinamiento\/","name":"El reto de atender a pacientes del SRC durante el confinamiento | CFP Maresme","isPartOf":{"@id":"https:\/\/cfpmaresme.org\/#website"},"primaryImageOfPage":{"@id":"https:\/\/cfpmaresme.org\/es\/el-reto-de-atender-a-pacientes-del-src-durante-el-confinamiento\/#primaryimage"},"image":{"@id":"https:\/\/cfpmaresme.org\/es\/el-reto-de-atender-a-pacientes-del-src-durante-el-confinamiento\/#primaryimage"},"thumbnailUrl":"https:\/\/cfpmaresme.org\/wp-content\/uploads\/2020\/03\/ravi-roshan-_AdUs32i0jc-unsplash.jpg","datePublished":"2020-03-27T11:50:30+00:00","dateModified":"2020-04-27T13:27:35+00:00","author":{"@id":"https:\/\/cfpmaresme.org\/#\/schema\/person\/b2634bcd796fafc667ea4055f61b9b2c"},"breadcrumb":{"@id":"https:\/\/cfpmaresme.org\/es\/el-reto-de-atender-a-pacientes-del-src-durante-el-confinamiento\/#breadcrumb"},"inLanguage":"es","potentialAction":[{"@type":"ReadAction","target":["https:\/\/cfpmaresme.org\/es\/el-reto-de-atender-a-pacientes-del-src-durante-el-confinamiento\/"]}]},{"@type":"ImageObject","inLanguage":"es","@id":"https:\/\/cfpmaresme.org\/es\/el-reto-de-atender-a-pacientes-del-src-durante-el-confinamiento\/#primaryimage","url":"https:\/\/cfpmaresme.org\/wp-content\/uploads\/2020\/03\/ravi-roshan-_AdUs32i0jc-unsplash.jpg","contentUrl":"https:\/\/cfpmaresme.org\/wp-content\/uploads\/2020\/03\/ravi-roshan-_AdUs32i0jc-unsplash.jpg","width":2560,"height":1438},{"@type":"BreadcrumbList","@id":"https:\/\/cfpmaresme.org\/es\/el-reto-de-atender-a-pacientes-del-src-durante-el-confinamiento\/#breadcrumb","itemListElement":[{"@type":"ListItem","position":1,"name":"Home","item":"https:\/\/cfpmaresme.org\/es\/"},{"@type":"ListItem","position":2,"name":"El reto de atender a pacientes del SRC durante el confinamiento"}]},{"@type":"WebSite","@id":"https:\/\/cfpmaresme.org\/#website","url":"https:\/\/cfpmaresme.org\/","name":"CFP Maresme","description":"Centre Formaci\u00f3 Prevenci\u00f3","potentialAction":[{"@type":"SearchAction","target":{"@type":"EntryPoint","urlTemplate":"https:\/\/cfpmaresme.org\/?s={search_term_string}"},"query-input":{"@type":"PropertyValueSpecification","valueRequired":true,"valueName":"search_term_string"}}],"inLanguage":"es"},{"@type":"Person","@id":"https:\/\/cfpmaresme.org\/#\/schema\/person\/b2634bcd796fafc667ea4055f61b9b2c","name":"CFPMaresme"}]}},"_links":{"self":[{"href":"https:\/\/cfpmaresme.org\/es\/wp-json\/wp\/v2\/posts\/19757","targetHints":{"allow":["GET"]}}],"collection":[{"href":"https:\/\/cfpmaresme.org\/es\/wp-json\/wp\/v2\/posts"}],"about":[{"href":"https:\/\/cfpmaresme.org\/es\/wp-json\/wp\/v2\/types\/post"}],"author":[{"embeddable":true,"href":"https:\/\/cfpmaresme.org\/es\/wp-json\/wp\/v2\/users\/2"}],"replies":[{"embeddable":true,"href":"https:\/\/cfpmaresme.org\/es\/wp-json\/wp\/v2\/comments?post=19757"}],"version-history":[{"count":5,"href":"https:\/\/cfpmaresme.org\/es\/wp-json\/wp\/v2\/posts\/19757\/revisions"}],"predecessor-version":[{"id":19762,"href":"https:\/\/cfpmaresme.org\/es\/wp-json\/wp\/v2\/posts\/19757\/revisions\/19762"}],"wp:featuredmedia":[{"embeddable":true,"href":"https:\/\/cfpmaresme.org\/es\/wp-json\/wp\/v2\/media\/19413"}],"wp:attachment":[{"href":"https:\/\/cfpmaresme.org\/es\/wp-json\/wp\/v2\/media?parent=19757"}],"wp:term":[{"taxonomy":"category","embeddable":true,"href":"https:\/\/cfpmaresme.org\/es\/wp-json\/wp\/v2\/categories?post=19757"},{"taxonomy":"post_tag","embeddable":true,"href":"https:\/\/cfpmaresme.org\/es\/wp-json\/wp\/v2\/tags?post=19757"}],"curies":[{"name":"wp","href":"https:\/\/api.w.org\/{rel}","templated":true}]}}