{"id":19764,"date":"2020-04-28T11:13:44","date_gmt":"2020-04-28T09:13:44","guid":{"rendered":"https:\/\/www.cfpmaresme.org\/?p=19764"},"modified":"2020-04-28T11:26:38","modified_gmt":"2020-04-28T09:26:38","slug":"estas-en-cerca-activa-de-feina-guia-de-recursos-i-canals-que-tajudaran-a-trobar-la","status":"publish","type":"post","link":"https:\/\/cfpmaresme.org\/es\/estas-en-cerca-activa-de-feina-guia-de-recursos-i-canals-que-tajudaran-a-trobar-la\/","title":{"rendered":"\u00bfEst\u00e1s en b\u00fasqueda activa de trabajo? Gu\u00eda de recursos y canales que te ajudar\u00e1n a encontrarla"},"content":{"rendered":"<p>\u00bfEl confinamiento te ha llegado en b\u00fasqueda activa de trabajo o ahora tendr\u00e1s que iniciarla?\u00a0 Es un buen momento para conocer todos los recursos de los que dispones, darte de alta en los portales m\u00e1s interesantes y prepararlos para seguir o empezar con tu b\u00fasqueda.<\/p>\n<p>Los canales a los que inscribirte y hacer un seguimiento m\u00e1s o menos recurrente depender\u00e1 de tu objetivo y \u00e1mbito.<\/p>\n<p>Te ofrecemos una <strong>gu\u00eda completa<\/strong> para agilizarte la recogida de recursos de b\u00fasqueda de empleo online:<\/p>\n<h3>Borsas de trabajo online<\/h3>\n<ul>\n<li><a href=\"http:\/\/www.infofeina.com\/\" target=\"_blank\" rel=\"noopener noreferrer\">Infofeina\u00a0<\/a><\/li>\n<li><a href=\"https:\/\/www.infojobs.net\/\" target=\"_blank\" rel=\"noopener noreferrer\">Infojobs\u00a0<\/a><\/li>\n<li><a href=\"https:\/\/www.trabajos.com\/\" target=\"_blank\" rel=\"noopener noreferrer\">Trabajos<\/a><\/li>\n<li><a href=\"https:\/\/www.infoempleo.com\/\" target=\"_blank\" rel=\"noopener noreferrer\">Infoempleo<\/a><\/li>\n<\/ul>\n<p>&nbsp;<\/p>\n<h3>Ofertes de \u00e1mnbito local en Matar\u00f3<\/h3>\n<ul>\n<li><a href=\"https:\/\/www.capgros.com\/classificats\/treball\/\" target=\"_blank\" rel=\"noopener noreferrer\">Capgr\u00f2s<\/a><\/li>\n<li><a href=\"https:\/\/laclau.cat\/anunic-classificats\/\" target=\"_blank\" rel=\"noopener noreferrer\">La Clau\u00a0<\/a><\/li>\n<\/ul>\n<p>&nbsp;<\/p>\n<h3>Empresas de Trabajo Temporal\u00a0 y Selecci\u00f3n (ETTS)<\/h3>\n<ul>\n<li><a href=\"https:\/\/www.randstad.es\/\" target=\"_blank\" rel=\"noopener noreferrer\">Randstad<\/a><\/li>\n<li><a href=\"https:\/\/www.adecco.es\/encuentra-trabajo\/\" target=\"_blank\" rel=\"noopener noreferrer\">Addeco\u00a0<\/a><\/li>\n<li><a href=\"https:\/\/www.marlex.net\/\" target=\"_blank\" rel=\"noopener noreferrer\">Marlex<\/a><\/li>\n<\/ul>\n<p>&nbsp;<\/p>\n<h3>Meta buscadores:<\/h3>\n<ul>\n<li><a href=\"https:\/\/www.indeed.es\/\" target=\"_blank\" rel=\"noopener noreferrer\">Indeed\u00a0<\/a><\/li>\n<li><a href=\"https:\/\/es.jobrapido.com\/\" target=\"_blank\" rel=\"noopener noreferrer\">Job r\u00e1pido\u00a0<\/a><\/li>\n<li><a href=\"https:\/\/www.opcionempleo.com\/\" target=\"_blank\" rel=\"noopener noreferrer\">Opci\u00f3n empleo<\/a><\/li>\n<\/ul>\n<p>&nbsp;<\/p>\n<h3>Servicios p\u00fablicos de ocupaci\u00f3n:<\/h3>\n<ul>\n<li><a href=\"https:\/\/xaloc.diba.cat\/\" target=\"_blank\" rel=\"noopener noreferrer\">Xarxa Local d&#8217;Ocupaci\u00f3<\/a><\/li>\n<li><a href=\"https:\/\/www.feinaactiva.gencat.cat\/web\/guest\/home\" target=\"_blank\" rel=\"noopener noreferrer\">Feina Activa\u00a0<\/a><\/li>\n<li><a href=\"https:\/\/www.empleate.gob.es\/empleo\/#\/\" target=\"_blank\" rel=\"noopener noreferrer\">Empl\u00e9ate\u00a0<\/a><\/li>\n<\/ul>\n<p>&nbsp;<\/p>\n<h3>Grupos de Facebook:<\/h3>\n<ul>\n<li>El Maresme Trabaja<\/li>\n<li>Et trobar\u00e9 feina: i\u2019ll get you a job<\/li>\n<\/ul>\n<p>&nbsp;<\/p>\n<p>A parte de la b\u00fasqueda de empleo como tal, tambi\u00e9n es importante mantenerte al d\u00eda de las noticias sobre ocupaci\u00f3n as\u00ed como hacer networking.<\/p>\n<p>Hay algunos portales especializados en dar informaci\u00f3n actualizada sobre el mercado laboral como <a href=\"https:\/\/www.catalunyawork.com\/\" target=\"_blank\" rel=\"noopener noreferrer\">Catalunyawork<\/a> , <a href=\"http:\/\/www.hispaniawork.com\/\" target=\"_blank\" rel=\"noopener noreferrer\">Hispaniawork<\/a> o <a href=\"http:\/\/www.portalparados.es\/actualidad\" target=\"_blank\" rel=\"noopener noreferrer\">Portal Parados<\/a>.<\/p>\n<p>Sobre el <strong>Networking<\/strong> es una actitud que te debe acompa\u00f1ar siempre en la b\u00fasqueda de empleo pero las Redes Sociales, especialmente Linkedin (la red especializada en la gesti\u00f3n de perfiles laborales y la presentaci\u00f3n de empresas) son una gran v\u00eda para interactuar y darte a conocer como profesional.<\/p>\n<p>Esperamos que estos recursos sean de inter\u00e9s. \u00a1Ya est\u00e1s un paso m\u00e1s cerca de encontrar empleo!<\/p>\n","protected":false},"excerpt":{"rendered":"<p>\u00bfEl confinamiento te ha llegado en b\u00fasqueda activa de trabajo o ahora tendr\u00e1s que iniciarla?\u00a0 Es un buen momento para conocer todos los recursos de los que dispones, darte de alta en los portales m\u00e1s interesantes y prepararlos para seguir o empezar con tu b\u00fasqueda&#8230;.<\/p>\n","protected":false},"author":2,"featured_media":19765,"comment_status":"open","ping_status":"open","sticky":false,"template":"","format":"standard","meta":{"footnotes":""},"categories":[1218,1197],"tags":[],"class_list":["post-19764","post","type-post","status-publish","format-standard","has-post-thumbnail","hentry","category-busqueda-de-empleo","category-cfp-des-de-casa"],"yoast_head":"<!-- This site is optimized with the Yoast SEO plugin v27.4 - https:\/\/yoast.com\/product\/yoast-seo-wordpress\/ -->\n<title>\u00bfEst\u00e1s en b\u00fasqueda activa de trabajo? Gu\u00eda de recursos y canales que te ajudar\u00e1n a encontrarla | CFP Maresme<\/title>\n<meta name=\"robots\" content=\"index, follow, max-snippet:-1, max-image-preview:large, max-video-preview:-1\" \/>\n<link rel=\"canonical\" href=\"https:\/\/cfpmaresme.org\/es\/estas-en-cerca-activa-de-feina-guia-de-recursos-i-canals-que-tajudaran-a-trobar-la\/\" \/>\n<meta property=\"og:locale\" content=\"es_ES\" \/>\n<meta property=\"og:type\" content=\"article\" \/>\n<meta property=\"og:title\" content=\"\u00bfEst\u00e1s en b\u00fasqueda activa de trabajo? Gu\u00eda de recursos y canales que te ajudar\u00e1n a encontrarla | CFP Maresme\" \/>\n<meta property=\"og:description\" content=\"\u00bfEl confinamiento te ha llegado en b\u00fasqueda activa de trabajo o ahora tendr\u00e1s que iniciarla?\u00a0 Es un buen momento para conocer todos los recursos de los que dispones, darte de alta en los portales m\u00e1s interesantes y prepararlos para seguir o empezar con tu b\u00fasqueda....\" \/>\n<meta property=\"og:url\" content=\"https:\/\/cfpmaresme.org\/es\/estas-en-cerca-activa-de-feina-guia-de-recursos-i-canals-que-tajudaran-a-trobar-la\/\" \/>\n<meta property=\"og:site_name\" content=\"CFP Maresme\" \/>\n<meta property=\"article:published_time\" content=\"2020-04-28T09:13:44+00:00\" \/>\n<meta property=\"article:modified_time\" content=\"2020-04-28T09:26:38+00:00\" \/>\n<meta property=\"og:image\" content=\"https:\/\/cfpmaresme.org\/wp-content\/uploads\/2020\/04\/recerca-de-feina.jpg\" \/>\n\t<meta property=\"og:image:width\" content=\"1181\" \/>\n\t<meta property=\"og:image:height\" content=\"459\" \/>\n\t<meta property=\"og:image:type\" content=\"image\/jpeg\" \/>\n<meta name=\"author\" content=\"CFPMaresme\" \/>\n<meta name=\"twitter:card\" content=\"summary_large_image\" \/>\n<meta name=\"twitter:creator\" content=\"@cfpmaresme\" \/>\n<meta name=\"twitter:site\" content=\"@cfpmaresme\" \/>\n<meta name=\"twitter:label1\" content=\"Escrito por\" \/>\n\t<meta name=\"twitter:data1\" content=\"CFPMaresme\" \/>\n\t<meta name=\"twitter:label2\" content=\"Tiempo de lectura\" \/>\n\t<meta name=\"twitter:data2\" content=\"1 minuto\" \/>\n<script type=\"application\/ld+json\" class=\"yoast-schema-graph\">{\"@context\":\"https:\\\/\\\/schema.org\",\"@graph\":[{\"@type\":\"Article\",\"@id\":\"https:\\\/\\\/cfpmaresme.org\\\/es\\\/estas-en-cerca-activa-de-feina-guia-de-recursos-i-canals-que-tajudaran-a-trobar-la\\\/#article\",\"isPartOf\":{\"@id\":\"https:\\\/\\\/cfpmaresme.org\\\/es\\\/estas-en-cerca-activa-de-feina-guia-de-recursos-i-canals-que-tajudaran-a-trobar-la\\\/\"},\"author\":{\"name\":\"CFPMaresme\",\"@id\":\"https:\\\/\\\/cfpmaresme.org\\\/#\\\/schema\\\/person\\\/b2634bcd796fafc667ea4055f61b9b2c\"},\"headline\":\"\u00bfEst\u00e1s en b\u00fasqueda activa de trabajo? Gu\u00eda de recursos y canales que te ajudar\u00e1n a encontrarla\",\"datePublished\":\"2020-04-28T09:13:44+00:00\",\"dateModified\":\"2020-04-28T09:26:38+00:00\",\"mainEntityOfPage\":{\"@id\":\"https:\\\/\\\/cfpmaresme.org\\\/es\\\/estas-en-cerca-activa-de-feina-guia-de-recursos-i-canals-que-tajudaran-a-trobar-la\\\/\"},\"wordCount\":300,\"commentCount\":0,\"image\":{\"@id\":\"https:\\\/\\\/cfpmaresme.org\\\/es\\\/estas-en-cerca-activa-de-feina-guia-de-recursos-i-canals-que-tajudaran-a-trobar-la\\\/#primaryimage\"},\"thumbnailUrl\":\"https:\\\/\\\/cfpmaresme.org\\\/wp-content\\\/uploads\\\/2020\\\/04\\\/recerca-de-feina.jpg\",\"articleSection\":[\"B\u00fasqueda de empleo\",\"CFP desde casa\"],\"inLanguage\":\"es\"},{\"@type\":\"WebPage\",\"@id\":\"https:\\\/\\\/cfpmaresme.org\\\/es\\\/estas-en-cerca-activa-de-feina-guia-de-recursos-i-canals-que-tajudaran-a-trobar-la\\\/\",\"url\":\"https:\\\/\\\/cfpmaresme.org\\\/es\\\/estas-en-cerca-activa-de-feina-guia-de-recursos-i-canals-que-tajudaran-a-trobar-la\\\/\",\"name\":\"\u00bfEst\u00e1s en b\u00fasqueda activa de trabajo? Gu\u00eda de recursos y canales que te ajudar\u00e1n a encontrarla | CFP Maresme\",\"isPartOf\":{\"@id\":\"https:\\\/\\\/cfpmaresme.org\\\/#website\"},\"primaryImageOfPage\":{\"@id\":\"https:\\\/\\\/cfpmaresme.org\\\/es\\\/estas-en-cerca-activa-de-feina-guia-de-recursos-i-canals-que-tajudaran-a-trobar-la\\\/#primaryimage\"},\"image\":{\"@id\":\"https:\\\/\\\/cfpmaresme.org\\\/es\\\/estas-en-cerca-activa-de-feina-guia-de-recursos-i-canals-que-tajudaran-a-trobar-la\\\/#primaryimage\"},\"thumbnailUrl\":\"https:\\\/\\\/cfpmaresme.org\\\/wp-content\\\/uploads\\\/2020\\\/04\\\/recerca-de-feina.jpg\",\"datePublished\":\"2020-04-28T09:13:44+00:00\",\"dateModified\":\"2020-04-28T09:26:38+00:00\",\"author\":{\"@id\":\"https:\\\/\\\/cfpmaresme.org\\\/#\\\/schema\\\/person\\\/b2634bcd796fafc667ea4055f61b9b2c\"},\"breadcrumb\":{\"@id\":\"https:\\\/\\\/cfpmaresme.org\\\/es\\\/estas-en-cerca-activa-de-feina-guia-de-recursos-i-canals-que-tajudaran-a-trobar-la\\\/#breadcrumb\"},\"inLanguage\":\"es\",\"potentialAction\":[{\"@type\":\"ReadAction\",\"target\":[\"https:\\\/\\\/cfpmaresme.org\\\/es\\\/estas-en-cerca-activa-de-feina-guia-de-recursos-i-canals-que-tajudaran-a-trobar-la\\\/\"]}]},{\"@type\":\"ImageObject\",\"inLanguage\":\"es\",\"@id\":\"https:\\\/\\\/cfpmaresme.org\\\/es\\\/estas-en-cerca-activa-de-feina-guia-de-recursos-i-canals-que-tajudaran-a-trobar-la\\\/#primaryimage\",\"url\":\"https:\\\/\\\/cfpmaresme.org\\\/wp-content\\\/uploads\\\/2020\\\/04\\\/recerca-de-feina.jpg\",\"contentUrl\":\"https:\\\/\\\/cfpmaresme.org\\\/wp-content\\\/uploads\\\/2020\\\/04\\\/recerca-de-feina.jpg\",\"width\":1181,\"height\":459},{\"@type\":\"BreadcrumbList\",\"@id\":\"https:\\\/\\\/cfpmaresme.org\\\/es\\\/estas-en-cerca-activa-de-feina-guia-de-recursos-i-canals-que-tajudaran-a-trobar-la\\\/#breadcrumb\",\"itemListElement\":[{\"@type\":\"ListItem\",\"position\":1,\"name\":\"Home\",\"item\":\"https:\\\/\\\/cfpmaresme.org\\\/es\\\/\"},{\"@type\":\"ListItem\",\"position\":2,\"name\":\"\u00bfEst\u00e1s en b\u00fasqueda activa de trabajo? Gu\u00eda de recursos y canales que te ajudar\u00e1n a encontrarla\"}]},{\"@type\":\"WebSite\",\"@id\":\"https:\\\/\\\/cfpmaresme.org\\\/#website\",\"url\":\"https:\\\/\\\/cfpmaresme.org\\\/\",\"name\":\"CFP Maresme\",\"description\":\"Centre Formaci\u00f3 Prevenci\u00f3\",\"potentialAction\":[{\"@type\":\"SearchAction\",\"target\":{\"@type\":\"EntryPoint\",\"urlTemplate\":\"https:\\\/\\\/cfpmaresme.org\\\/?s={search_term_string}\"},\"query-input\":{\"@type\":\"PropertyValueSpecification\",\"valueRequired\":true,\"valueName\":\"search_term_string\"}}],\"inLanguage\":\"es\"},{\"@type\":\"Person\",\"@id\":\"https:\\\/\\\/cfpmaresme.org\\\/#\\\/schema\\\/person\\\/b2634bcd796fafc667ea4055f61b9b2c\",\"name\":\"CFPMaresme\"}]}<\/script>\n<!-- \/ Yoast SEO plugin. -->","yoast_head_json":{"title":"\u00bfEst\u00e1s en b\u00fasqueda activa de trabajo? Gu\u00eda de recursos y canales que te ajudar\u00e1n a encontrarla | CFP Maresme","robots":{"index":"index","follow":"follow","max-snippet":"max-snippet:-1","max-image-preview":"max-image-preview:large","max-video-preview":"max-video-preview:-1"},"canonical":"https:\/\/cfpmaresme.org\/es\/estas-en-cerca-activa-de-feina-guia-de-recursos-i-canals-que-tajudaran-a-trobar-la\/","og_locale":"es_ES","og_type":"article","og_title":"\u00bfEst\u00e1s en b\u00fasqueda activa de trabajo? Gu\u00eda de recursos y canales que te ajudar\u00e1n a encontrarla | CFP Maresme","og_description":"\u00bfEl confinamiento te ha llegado en b\u00fasqueda activa de trabajo o ahora tendr\u00e1s que iniciarla?\u00a0 Es un buen momento para conocer todos los recursos de los que dispones, darte de alta en los portales m\u00e1s interesantes y prepararlos para seguir o empezar con tu b\u00fasqueda....","og_url":"https:\/\/cfpmaresme.org\/es\/estas-en-cerca-activa-de-feina-guia-de-recursos-i-canals-que-tajudaran-a-trobar-la\/","og_site_name":"CFP Maresme","article_published_time":"2020-04-28T09:13:44+00:00","article_modified_time":"2020-04-28T09:26:38+00:00","og_image":[{"width":1181,"height":459,"url":"https:\/\/cfpmaresme.org\/wp-content\/uploads\/2020\/04\/recerca-de-feina.jpg","type":"image\/jpeg"}],"author":"CFPMaresme","twitter_card":"summary_large_image","twitter_creator":"@cfpmaresme","twitter_site":"@cfpmaresme","twitter_misc":{"Escrito por":"CFPMaresme","Tiempo de lectura":"1 minuto"},"schema":{"@context":"https:\/\/schema.org","@graph":[{"@type":"Article","@id":"https:\/\/cfpmaresme.org\/es\/estas-en-cerca-activa-de-feina-guia-de-recursos-i-canals-que-tajudaran-a-trobar-la\/#article","isPartOf":{"@id":"https:\/\/cfpmaresme.org\/es\/estas-en-cerca-activa-de-feina-guia-de-recursos-i-canals-que-tajudaran-a-trobar-la\/"},"author":{"name":"CFPMaresme","@id":"https:\/\/cfpmaresme.org\/#\/schema\/person\/b2634bcd796fafc667ea4055f61b9b2c"},"headline":"\u00bfEst\u00e1s en b\u00fasqueda activa de trabajo? Gu\u00eda de recursos y canales que te ajudar\u00e1n a encontrarla","datePublished":"2020-04-28T09:13:44+00:00","dateModified":"2020-04-28T09:26:38+00:00","mainEntityOfPage":{"@id":"https:\/\/cfpmaresme.org\/es\/estas-en-cerca-activa-de-feina-guia-de-recursos-i-canals-que-tajudaran-a-trobar-la\/"},"wordCount":300,"commentCount":0,"image":{"@id":"https:\/\/cfpmaresme.org\/es\/estas-en-cerca-activa-de-feina-guia-de-recursos-i-canals-que-tajudaran-a-trobar-la\/#primaryimage"},"thumbnailUrl":"https:\/\/cfpmaresme.org\/wp-content\/uploads\/2020\/04\/recerca-de-feina.jpg","articleSection":["B\u00fasqueda de empleo","CFP desde casa"],"inLanguage":"es"},{"@type":"WebPage","@id":"https:\/\/cfpmaresme.org\/es\/estas-en-cerca-activa-de-feina-guia-de-recursos-i-canals-que-tajudaran-a-trobar-la\/","url":"https:\/\/cfpmaresme.org\/es\/estas-en-cerca-activa-de-feina-guia-de-recursos-i-canals-que-tajudaran-a-trobar-la\/","name":"\u00bfEst\u00e1s en b\u00fasqueda activa de trabajo? Gu\u00eda de recursos y canales que te ajudar\u00e1n a encontrarla | CFP Maresme","isPartOf":{"@id":"https:\/\/cfpmaresme.org\/#website"},"primaryImageOfPage":{"@id":"https:\/\/cfpmaresme.org\/es\/estas-en-cerca-activa-de-feina-guia-de-recursos-i-canals-que-tajudaran-a-trobar-la\/#primaryimage"},"image":{"@id":"https:\/\/cfpmaresme.org\/es\/estas-en-cerca-activa-de-feina-guia-de-recursos-i-canals-que-tajudaran-a-trobar-la\/#primaryimage"},"thumbnailUrl":"https:\/\/cfpmaresme.org\/wp-content\/uploads\/2020\/04\/recerca-de-feina.jpg","datePublished":"2020-04-28T09:13:44+00:00","dateModified":"2020-04-28T09:26:38+00:00","author":{"@id":"https:\/\/cfpmaresme.org\/#\/schema\/person\/b2634bcd796fafc667ea4055f61b9b2c"},"breadcrumb":{"@id":"https:\/\/cfpmaresme.org\/es\/estas-en-cerca-activa-de-feina-guia-de-recursos-i-canals-que-tajudaran-a-trobar-la\/#breadcrumb"},"inLanguage":"es","potentialAction":[{"@type":"ReadAction","target":["https:\/\/cfpmaresme.org\/es\/estas-en-cerca-activa-de-feina-guia-de-recursos-i-canals-que-tajudaran-a-trobar-la\/"]}]},{"@type":"ImageObject","inLanguage":"es","@id":"https:\/\/cfpmaresme.org\/es\/estas-en-cerca-activa-de-feina-guia-de-recursos-i-canals-que-tajudaran-a-trobar-la\/#primaryimage","url":"https:\/\/cfpmaresme.org\/wp-content\/uploads\/2020\/04\/recerca-de-feina.jpg","contentUrl":"https:\/\/cfpmaresme.org\/wp-content\/uploads\/2020\/04\/recerca-de-feina.jpg","width":1181,"height":459},{"@type":"BreadcrumbList","@id":"https:\/\/cfpmaresme.org\/es\/estas-en-cerca-activa-de-feina-guia-de-recursos-i-canals-que-tajudaran-a-trobar-la\/#breadcrumb","itemListElement":[{"@type":"ListItem","position":1,"name":"Home","item":"https:\/\/cfpmaresme.org\/es\/"},{"@type":"ListItem","position":2,"name":"\u00bfEst\u00e1s en b\u00fasqueda activa de trabajo? Gu\u00eda de recursos y canales que te ajudar\u00e1n a encontrarla"}]},{"@type":"WebSite","@id":"https:\/\/cfpmaresme.org\/#website","url":"https:\/\/cfpmaresme.org\/","name":"CFP Maresme","description":"Centre Formaci\u00f3 Prevenci\u00f3","potentialAction":[{"@type":"SearchAction","target":{"@type":"EntryPoint","urlTemplate":"https:\/\/cfpmaresme.org\/?s={search_term_string}"},"query-input":{"@type":"PropertyValueSpecification","valueRequired":true,"valueName":"search_term_string"}}],"inLanguage":"es"},{"@type":"Person","@id":"https:\/\/cfpmaresme.org\/#\/schema\/person\/b2634bcd796fafc667ea4055f61b9b2c","name":"CFPMaresme"}]}},"_links":{"self":[{"href":"https:\/\/cfpmaresme.org\/es\/wp-json\/wp\/v2\/posts\/19764","targetHints":{"allow":["GET"]}}],"collection":[{"href":"https:\/\/cfpmaresme.org\/es\/wp-json\/wp\/v2\/posts"}],"about":[{"href":"https:\/\/cfpmaresme.org\/es\/wp-json\/wp\/v2\/types\/post"}],"author":[{"embeddable":true,"href":"https:\/\/cfpmaresme.org\/es\/wp-json\/wp\/v2\/users\/2"}],"replies":[{"embeddable":true,"href":"https:\/\/cfpmaresme.org\/es\/wp-json\/wp\/v2\/comments?post=19764"}],"version-history":[{"count":5,"href":"https:\/\/cfpmaresme.org\/es\/wp-json\/wp\/v2\/posts\/19764\/revisions"}],"predecessor-version":[{"id":19773,"href":"https:\/\/cfpmaresme.org\/es\/wp-json\/wp\/v2\/posts\/19764\/revisions\/19773"}],"wp:featuredmedia":[{"embeddable":true,"href":"https:\/\/cfpmaresme.org\/es\/wp-json\/wp\/v2\/media\/19765"}],"wp:attachment":[{"href":"https:\/\/cfpmaresme.org\/es\/wp-json\/wp\/v2\/media?parent=19764"}],"wp:term":[{"taxonomy":"category","embeddable":true,"href":"https:\/\/cfpmaresme.org\/es\/wp-json\/wp\/v2\/categories?post=19764"},{"taxonomy":"post_tag","embeddable":true,"href":"https:\/\/cfpmaresme.org\/es\/wp-json\/wp\/v2\/tags?post=19764"}],"curies":[{"name":"wp","href":"https:\/\/api.w.org\/{rel}","templated":true}]}}