{"id":20011,"date":"2020-04-29T12:20:36","date_gmt":"2020-04-29T10:20:36","guid":{"rendered":"https:\/\/www.cfpmaresme.org\/?p=20011"},"modified":"2020-05-07T12:23:51","modified_gmt":"2020-05-07T10:23:51","slug":"poesia-politica-de-m-b-poesia-ganadora-de-los-juegos-florales-del-cfp","status":"publish","type":"post","link":"https:\/\/cfpmaresme.org\/es\/poesia-politica-de-m-b-poesia-ganadora-de-los-juegos-florales-del-cfp\/","title":{"rendered":"\u00abPoes\u00eda pol\u00edtica\u00bb de M.B. poes\u00eda ganadora de los Juegos Florales del CFP"},"content":{"rendered":"<p>L\u2019\u00e0ngel de la mort decau en els seus passos<\/p>\n<p>Com espurnes de dolor, infecta les ments<\/p>\n<p>Dels qui mes ploren,<\/p>\n<p>ments febles d\u2019esperances<\/p>\n<p>I obscurs paladars de dol\u00e7or.<\/p>\n<p>Amb paraules inamovibles<\/p>\n<p>I sense socors en els seus bra\u00e7os\u2026<\/p>\n<p>Res es \u00edntegre,<\/p>\n<p>Res pren consci\u00e8ncia del que passa<\/p>\n<p>Es creuen manar a un virus que no minva<\/p>\n<p>I que selecciona les seves v\u00edctimes<\/p>\n<p>Amb la despietat de la pobresa, i<\/p>\n<p>el valor feble de les seves energies.<\/p>\n<p>Decauen en les seves fulles,<\/p>\n<p>Ales infectes<\/p>\n<p>Plomes sense escriptura<\/p>\n<p>Versos sense futur<\/p>\n<p>De lo imaginable<\/p>\n<p>I converses alienes<\/p>\n<p>Al que passa.<\/p>\n<p>Entre brots<\/p>\n<p>D\u2019arriscar feblement<\/p>\n<p>I posar en joc<\/p>\n<p>La oportunitat<\/p>\n<p>D\u2019all\u00f2 que supera en el futur<\/p>\n<p>Recorren al temps,<\/p>\n<p>A una nova oportunitat d\u2019un<\/p>\n<p>Miracul\u00f3s sentit<\/p>\n<p>De les seves lleis<\/p>\n<p>Que no son res m\u00e9s<\/p>\n<p>Que no malmetre<\/p>\n<p>All\u00f2 que res m\u00e9s ens es<\/p>\n<p>Desafortunat \u2026<\/p>\n<p>Les monedes de canvi<\/p>\n<p>D\u2019un judes sense ajuda<\/p>\n<p>D\u2019un dest\u00ed d\u2019 infortuni<\/p>\n<p>Dels que res mes , es creu amo<\/p>\n<p>De la salut<\/p>\n<p>Que a tots infecta<\/p>\n<p>Sort altruista<\/p>\n<p>En el qui<\/p>\n<p>M\u00e9s fe te en l\u2019esperan\u00e7a<\/p>\n<p>Obsessionat, sobrepassat<\/p>\n<p>Per si els diners s\u00f3n el dest\u00ed<\/p>\n<p>D\u2019un poble, d\u2019un mon on mor<\/p>\n<p>I a qui mor al propi \u00e0ngel corrosiu<\/p>\n<p>Sostenint el que m\u00e9s aprofundeix<\/p>\n<p>En els seus somnis<\/p>\n<p>A les seves v\u00edctimes<\/p>\n<p>Infortuni , joc , jugada a totes mans,<\/p>\n<p>El risc sempre a ser al millor<\/p>\n<p>A jugar al qui mes guanya<\/p>\n<p>I al valor m\u00e9s alt<\/p>\n<p>De decidir el temps \u00f2ptim<\/p>\n<p>En cada pas<\/p>\n<p>Secundat en \u00e0ngels<\/p>\n<p>Il\u00b7lusionat ,<\/p>\n<p>Esperant haver superar<\/p>\n<p>El risc de la vida<\/p>\n<p>I confiant espero<\/p>\n<p>Que amb persones visibles<\/p>\n<p>De coratge.<\/p>\n<p>El temps , \u00a0Aliat<\/p>\n<p>Mana en la fe dels altres,<\/p>\n<p>Superant aix\u00ed la crisi<\/p>\n<p>Que ens envolta,<\/p>\n<p>Esperant, aquesta vegada<\/p>\n<p>Si el futur no erri els seus \u00a0Passos.<\/p>\n<p>&nbsp;<\/p>\n","protected":false},"excerpt":{"rendered":"<p>L\u2019\u00e0ngel de la mort decau en els seus passos Com espurnes de dolor, infecta les ments Dels qui mes ploren, ments febles d\u2019esperances I obscurs paladars de dol\u00e7or. Amb paraules inamovibles I sense socors en els seus bra\u00e7os\u2026 Res es \u00edntegre, Res pren consci\u00e8ncia del&#8230;<\/p>\n","protected":false},"author":2,"featured_media":19818,"comment_status":"open","ping_status":"open","sticky":false,"template":"","format":"standard","meta":{"footnotes":""},"categories":[1197,1202],"tags":[],"class_list":["post-20011","post","type-post","status-publish","format-standard","has-post-thumbnail","hentry","category-cfp-des-de-casa","category-sant-jordi-2020-cfp-des-de-casa"],"yoast_head":"<!-- This site is optimized with the Yoast SEO plugin v27.4 - https:\/\/yoast.com\/product\/yoast-seo-wordpress\/ -->\n<title>&quot;Poes\u00eda pol\u00edtica&quot; de M.B. poes\u00eda ganadora de los Juegos Florales del CFP | CFP Maresme<\/title>\n<meta name=\"robots\" content=\"index, follow, max-snippet:-1, max-image-preview:large, max-video-preview:-1\" \/>\n<link rel=\"canonical\" href=\"https:\/\/cfpmaresme.org\/es\/poesia-politica-de-m-b-poesia-ganadora-de-los-juegos-florales-del-cfp\/\" \/>\n<meta property=\"og:locale\" content=\"es_ES\" \/>\n<meta property=\"og:type\" content=\"article\" \/>\n<meta property=\"og:title\" content=\"&quot;Poes\u00eda pol\u00edtica&quot; de M.B. poes\u00eda ganadora de los Juegos Florales del CFP | CFP Maresme\" \/>\n<meta property=\"og:description\" content=\"L\u2019\u00e0ngel de la mort decau en els seus passos Com espurnes de dolor, infecta les ments Dels qui mes ploren, ments febles d\u2019esperances I obscurs paladars de dol\u00e7or. Amb paraules inamovibles I sense socors en els seus bra\u00e7os\u2026 Res es \u00edntegre, Res pren consci\u00e8ncia del...\" \/>\n<meta property=\"og:url\" content=\"https:\/\/cfpmaresme.org\/es\/poesia-politica-de-m-b-poesia-ganadora-de-los-juegos-florales-del-cfp\/\" \/>\n<meta property=\"og:site_name\" content=\"CFP Maresme\" \/>\n<meta property=\"article:published_time\" content=\"2020-04-29T10:20:36+00:00\" \/>\n<meta property=\"article:modified_time\" content=\"2020-05-07T10:23:51+00:00\" \/>\n<meta property=\"og:image\" content=\"https:\/\/cfpmaresme.org\/wp-content\/uploads\/2020\/04\/banner-jocs-florals-CFP.jpg\" \/>\n\t<meta property=\"og:image:width\" content=\"765\" \/>\n\t<meta property=\"og:image:height\" content=\"210\" \/>\n\t<meta property=\"og:image:type\" content=\"image\/jpeg\" \/>\n<meta name=\"author\" content=\"CFPMaresme\" \/>\n<meta name=\"twitter:card\" content=\"summary_large_image\" \/>\n<meta name=\"twitter:creator\" content=\"@cfpmaresme\" \/>\n<meta name=\"twitter:site\" content=\"@cfpmaresme\" \/>\n<meta name=\"twitter:label1\" content=\"Escrito por\" \/>\n\t<meta name=\"twitter:data1\" content=\"CFPMaresme\" \/>\n\t<meta name=\"twitter:label2\" content=\"Tiempo de lectura\" \/>\n\t<meta name=\"twitter:data2\" content=\"2 minutos\" \/>\n<script type=\"application\/ld+json\" class=\"yoast-schema-graph\">{\"@context\":\"https:\\\/\\\/schema.org\",\"@graph\":[{\"@type\":\"Article\",\"@id\":\"https:\\\/\\\/cfpmaresme.org\\\/es\\\/poesia-politica-de-m-b-poesia-ganadora-de-los-juegos-florales-del-cfp\\\/#article\",\"isPartOf\":{\"@id\":\"https:\\\/\\\/cfpmaresme.org\\\/es\\\/poesia-politica-de-m-b-poesia-ganadora-de-los-juegos-florales-del-cfp\\\/\"},\"author\":{\"name\":\"CFPMaresme\",\"@id\":\"https:\\\/\\\/cfpmaresme.org\\\/#\\\/schema\\\/person\\\/b2634bcd796fafc667ea4055f61b9b2c\"},\"headline\":\"\u00abPoes\u00eda pol\u00edtica\u00bb de M.B. poes\u00eda ganadora de los Juegos Florales del CFP\",\"datePublished\":\"2020-04-29T10:20:36+00:00\",\"dateModified\":\"2020-05-07T10:23:51+00:00\",\"mainEntityOfPage\":{\"@id\":\"https:\\\/\\\/cfpmaresme.org\\\/es\\\/poesia-politica-de-m-b-poesia-ganadora-de-los-juegos-florales-del-cfp\\\/\"},\"wordCount\":336,\"commentCount\":0,\"image\":{\"@id\":\"https:\\\/\\\/cfpmaresme.org\\\/es\\\/poesia-politica-de-m-b-poesia-ganadora-de-los-juegos-florales-del-cfp\\\/#primaryimage\"},\"thumbnailUrl\":\"https:\\\/\\\/cfpmaresme.org\\\/wp-content\\\/uploads\\\/2020\\\/04\\\/banner-jocs-florals-CFP.jpg\",\"articleSection\":[\"CFP desde casa\",\"Sant Jordi 2020\"],\"inLanguage\":\"es\"},{\"@type\":\"WebPage\",\"@id\":\"https:\\\/\\\/cfpmaresme.org\\\/es\\\/poesia-politica-de-m-b-poesia-ganadora-de-los-juegos-florales-del-cfp\\\/\",\"url\":\"https:\\\/\\\/cfpmaresme.org\\\/es\\\/poesia-politica-de-m-b-poesia-ganadora-de-los-juegos-florales-del-cfp\\\/\",\"name\":\"\\\"Poes\u00eda pol\u00edtica\\\" de M.B. poes\u00eda ganadora de los Juegos Florales del CFP | CFP Maresme\",\"isPartOf\":{\"@id\":\"https:\\\/\\\/cfpmaresme.org\\\/#website\"},\"primaryImageOfPage\":{\"@id\":\"https:\\\/\\\/cfpmaresme.org\\\/es\\\/poesia-politica-de-m-b-poesia-ganadora-de-los-juegos-florales-del-cfp\\\/#primaryimage\"},\"image\":{\"@id\":\"https:\\\/\\\/cfpmaresme.org\\\/es\\\/poesia-politica-de-m-b-poesia-ganadora-de-los-juegos-florales-del-cfp\\\/#primaryimage\"},\"thumbnailUrl\":\"https:\\\/\\\/cfpmaresme.org\\\/wp-content\\\/uploads\\\/2020\\\/04\\\/banner-jocs-florals-CFP.jpg\",\"datePublished\":\"2020-04-29T10:20:36+00:00\",\"dateModified\":\"2020-05-07T10:23:51+00:00\",\"author\":{\"@id\":\"https:\\\/\\\/cfpmaresme.org\\\/#\\\/schema\\\/person\\\/b2634bcd796fafc667ea4055f61b9b2c\"},\"breadcrumb\":{\"@id\":\"https:\\\/\\\/cfpmaresme.org\\\/es\\\/poesia-politica-de-m-b-poesia-ganadora-de-los-juegos-florales-del-cfp\\\/#breadcrumb\"},\"inLanguage\":\"es\",\"potentialAction\":[{\"@type\":\"ReadAction\",\"target\":[\"https:\\\/\\\/cfpmaresme.org\\\/es\\\/poesia-politica-de-m-b-poesia-ganadora-de-los-juegos-florales-del-cfp\\\/\"]}]},{\"@type\":\"ImageObject\",\"inLanguage\":\"es\",\"@id\":\"https:\\\/\\\/cfpmaresme.org\\\/es\\\/poesia-politica-de-m-b-poesia-ganadora-de-los-juegos-florales-del-cfp\\\/#primaryimage\",\"url\":\"https:\\\/\\\/cfpmaresme.org\\\/wp-content\\\/uploads\\\/2020\\\/04\\\/banner-jocs-florals-CFP.jpg\",\"contentUrl\":\"https:\\\/\\\/cfpmaresme.org\\\/wp-content\\\/uploads\\\/2020\\\/04\\\/banner-jocs-florals-CFP.jpg\",\"width\":765,\"height\":210},{\"@type\":\"BreadcrumbList\",\"@id\":\"https:\\\/\\\/cfpmaresme.org\\\/es\\\/poesia-politica-de-m-b-poesia-ganadora-de-los-juegos-florales-del-cfp\\\/#breadcrumb\",\"itemListElement\":[{\"@type\":\"ListItem\",\"position\":1,\"name\":\"Home\",\"item\":\"https:\\\/\\\/cfpmaresme.org\\\/es\\\/\"},{\"@type\":\"ListItem\",\"position\":2,\"name\":\"\u00abPoes\u00eda pol\u00edtica\u00bb de M.B. poes\u00eda ganadora de los Juegos Florales del CFP\"}]},{\"@type\":\"WebSite\",\"@id\":\"https:\\\/\\\/cfpmaresme.org\\\/#website\",\"url\":\"https:\\\/\\\/cfpmaresme.org\\\/\",\"name\":\"CFP Maresme\",\"description\":\"Centre Formaci\u00f3 Prevenci\u00f3\",\"potentialAction\":[{\"@type\":\"SearchAction\",\"target\":{\"@type\":\"EntryPoint\",\"urlTemplate\":\"https:\\\/\\\/cfpmaresme.org\\\/?s={search_term_string}\"},\"query-input\":{\"@type\":\"PropertyValueSpecification\",\"valueRequired\":true,\"valueName\":\"search_term_string\"}}],\"inLanguage\":\"es\"},{\"@type\":\"Person\",\"@id\":\"https:\\\/\\\/cfpmaresme.org\\\/#\\\/schema\\\/person\\\/b2634bcd796fafc667ea4055f61b9b2c\",\"name\":\"CFPMaresme\"}]}<\/script>\n<!-- \/ Yoast SEO plugin. -->","yoast_head_json":{"title":"\"Poes\u00eda pol\u00edtica\" de M.B. poes\u00eda ganadora de los Juegos Florales del CFP | CFP Maresme","robots":{"index":"index","follow":"follow","max-snippet":"max-snippet:-1","max-image-preview":"max-image-preview:large","max-video-preview":"max-video-preview:-1"},"canonical":"https:\/\/cfpmaresme.org\/es\/poesia-politica-de-m-b-poesia-ganadora-de-los-juegos-florales-del-cfp\/","og_locale":"es_ES","og_type":"article","og_title":"\"Poes\u00eda pol\u00edtica\" de M.B. poes\u00eda ganadora de los Juegos Florales del CFP | CFP Maresme","og_description":"L\u2019\u00e0ngel de la mort decau en els seus passos Com espurnes de dolor, infecta les ments Dels qui mes ploren, ments febles d\u2019esperances I obscurs paladars de dol\u00e7or. Amb paraules inamovibles I sense socors en els seus bra\u00e7os\u2026 Res es \u00edntegre, Res pren consci\u00e8ncia del...","og_url":"https:\/\/cfpmaresme.org\/es\/poesia-politica-de-m-b-poesia-ganadora-de-los-juegos-florales-del-cfp\/","og_site_name":"CFP Maresme","article_published_time":"2020-04-29T10:20:36+00:00","article_modified_time":"2020-05-07T10:23:51+00:00","og_image":[{"width":765,"height":210,"url":"https:\/\/cfpmaresme.org\/wp-content\/uploads\/2020\/04\/banner-jocs-florals-CFP.jpg","type":"image\/jpeg"}],"author":"CFPMaresme","twitter_card":"summary_large_image","twitter_creator":"@cfpmaresme","twitter_site":"@cfpmaresme","twitter_misc":{"Escrito por":"CFPMaresme","Tiempo de lectura":"2 minutos"},"schema":{"@context":"https:\/\/schema.org","@graph":[{"@type":"Article","@id":"https:\/\/cfpmaresme.org\/es\/poesia-politica-de-m-b-poesia-ganadora-de-los-juegos-florales-del-cfp\/#article","isPartOf":{"@id":"https:\/\/cfpmaresme.org\/es\/poesia-politica-de-m-b-poesia-ganadora-de-los-juegos-florales-del-cfp\/"},"author":{"name":"CFPMaresme","@id":"https:\/\/cfpmaresme.org\/#\/schema\/person\/b2634bcd796fafc667ea4055f61b9b2c"},"headline":"\u00abPoes\u00eda pol\u00edtica\u00bb de M.B. poes\u00eda ganadora de los Juegos Florales del CFP","datePublished":"2020-04-29T10:20:36+00:00","dateModified":"2020-05-07T10:23:51+00:00","mainEntityOfPage":{"@id":"https:\/\/cfpmaresme.org\/es\/poesia-politica-de-m-b-poesia-ganadora-de-los-juegos-florales-del-cfp\/"},"wordCount":336,"commentCount":0,"image":{"@id":"https:\/\/cfpmaresme.org\/es\/poesia-politica-de-m-b-poesia-ganadora-de-los-juegos-florales-del-cfp\/#primaryimage"},"thumbnailUrl":"https:\/\/cfpmaresme.org\/wp-content\/uploads\/2020\/04\/banner-jocs-florals-CFP.jpg","articleSection":["CFP desde casa","Sant Jordi 2020"],"inLanguage":"es"},{"@type":"WebPage","@id":"https:\/\/cfpmaresme.org\/es\/poesia-politica-de-m-b-poesia-ganadora-de-los-juegos-florales-del-cfp\/","url":"https:\/\/cfpmaresme.org\/es\/poesia-politica-de-m-b-poesia-ganadora-de-los-juegos-florales-del-cfp\/","name":"\"Poes\u00eda pol\u00edtica\" de M.B. poes\u00eda ganadora de los Juegos Florales del CFP | CFP Maresme","isPartOf":{"@id":"https:\/\/cfpmaresme.org\/#website"},"primaryImageOfPage":{"@id":"https:\/\/cfpmaresme.org\/es\/poesia-politica-de-m-b-poesia-ganadora-de-los-juegos-florales-del-cfp\/#primaryimage"},"image":{"@id":"https:\/\/cfpmaresme.org\/es\/poesia-politica-de-m-b-poesia-ganadora-de-los-juegos-florales-del-cfp\/#primaryimage"},"thumbnailUrl":"https:\/\/cfpmaresme.org\/wp-content\/uploads\/2020\/04\/banner-jocs-florals-CFP.jpg","datePublished":"2020-04-29T10:20:36+00:00","dateModified":"2020-05-07T10:23:51+00:00","author":{"@id":"https:\/\/cfpmaresme.org\/#\/schema\/person\/b2634bcd796fafc667ea4055f61b9b2c"},"breadcrumb":{"@id":"https:\/\/cfpmaresme.org\/es\/poesia-politica-de-m-b-poesia-ganadora-de-los-juegos-florales-del-cfp\/#breadcrumb"},"inLanguage":"es","potentialAction":[{"@type":"ReadAction","target":["https:\/\/cfpmaresme.org\/es\/poesia-politica-de-m-b-poesia-ganadora-de-los-juegos-florales-del-cfp\/"]}]},{"@type":"ImageObject","inLanguage":"es","@id":"https:\/\/cfpmaresme.org\/es\/poesia-politica-de-m-b-poesia-ganadora-de-los-juegos-florales-del-cfp\/#primaryimage","url":"https:\/\/cfpmaresme.org\/wp-content\/uploads\/2020\/04\/banner-jocs-florals-CFP.jpg","contentUrl":"https:\/\/cfpmaresme.org\/wp-content\/uploads\/2020\/04\/banner-jocs-florals-CFP.jpg","width":765,"height":210},{"@type":"BreadcrumbList","@id":"https:\/\/cfpmaresme.org\/es\/poesia-politica-de-m-b-poesia-ganadora-de-los-juegos-florales-del-cfp\/#breadcrumb","itemListElement":[{"@type":"ListItem","position":1,"name":"Home","item":"https:\/\/cfpmaresme.org\/es\/"},{"@type":"ListItem","position":2,"name":"\u00abPoes\u00eda pol\u00edtica\u00bb de M.B. poes\u00eda ganadora de los Juegos Florales del CFP"}]},{"@type":"WebSite","@id":"https:\/\/cfpmaresme.org\/#website","url":"https:\/\/cfpmaresme.org\/","name":"CFP Maresme","description":"Centre Formaci\u00f3 Prevenci\u00f3","potentialAction":[{"@type":"SearchAction","target":{"@type":"EntryPoint","urlTemplate":"https:\/\/cfpmaresme.org\/?s={search_term_string}"},"query-input":{"@type":"PropertyValueSpecification","valueRequired":true,"valueName":"search_term_string"}}],"inLanguage":"es"},{"@type":"Person","@id":"https:\/\/cfpmaresme.org\/#\/schema\/person\/b2634bcd796fafc667ea4055f61b9b2c","name":"CFPMaresme"}]}},"_links":{"self":[{"href":"https:\/\/cfpmaresme.org\/es\/wp-json\/wp\/v2\/posts\/20011","targetHints":{"allow":["GET"]}}],"collection":[{"href":"https:\/\/cfpmaresme.org\/es\/wp-json\/wp\/v2\/posts"}],"about":[{"href":"https:\/\/cfpmaresme.org\/es\/wp-json\/wp\/v2\/types\/post"}],"author":[{"embeddable":true,"href":"https:\/\/cfpmaresme.org\/es\/wp-json\/wp\/v2\/users\/2"}],"replies":[{"embeddable":true,"href":"https:\/\/cfpmaresme.org\/es\/wp-json\/wp\/v2\/comments?post=20011"}],"version-history":[{"count":1,"href":"https:\/\/cfpmaresme.org\/es\/wp-json\/wp\/v2\/posts\/20011\/revisions"}],"predecessor-version":[{"id":20012,"href":"https:\/\/cfpmaresme.org\/es\/wp-json\/wp\/v2\/posts\/20011\/revisions\/20012"}],"wp:featuredmedia":[{"embeddable":true,"href":"https:\/\/cfpmaresme.org\/es\/wp-json\/wp\/v2\/media\/19818"}],"wp:attachment":[{"href":"https:\/\/cfpmaresme.org\/es\/wp-json\/wp\/v2\/media?parent=20011"}],"wp:term":[{"taxonomy":"category","embeddable":true,"href":"https:\/\/cfpmaresme.org\/es\/wp-json\/wp\/v2\/categories?post=20011"},{"taxonomy":"post_tag","embeddable":true,"href":"https:\/\/cfpmaresme.org\/es\/wp-json\/wp\/v2\/tags?post=20011"}],"curies":[{"name":"wp","href":"https:\/\/api.w.org\/{rel}","templated":true}]}}