{"id":20038,"date":"2020-05-11T11:26:47","date_gmt":"2020-05-11T09:26:47","guid":{"rendered":"https:\/\/www.cfpmaresme.org\/?p=20038"},"modified":"2020-05-11T11:26:47","modified_gmt":"2020-05-11T09:26:47","slug":"high-hopes-de-pink-floyd-y-su-paralelismo-con-la-situacion-actual","status":"publish","type":"post","link":"https:\/\/cfpmaresme.org\/es\/high-hopes-de-pink-floyd-y-su-paralelismo-con-la-situacion-actual\/","title":{"rendered":"\u00abHigh hopes\u00bb de Pink Floyd y su paralelismo con la situaci\u00f3n actual"},"content":{"rendered":"<p>Emilio, participante de Radio Bricura, reflexiona sobre esta propuesta musical y su paralelismo con la crisis sanitaria actual:<\/p>\n<p>&nbsp;<\/p>\n<p>\u00ab\u00bfQu\u00e9 canci\u00f3n m\u00e1s melanc\u00f3lica o triste, verdad?<\/p>\n<p>Grandes esperanzas. Con esta canci\u00f3n acababa el disco The Division Bell (la campana dividida), era oficialmente la \u00faltima canci\u00f3n de Pink Floyd, en ella se despiden, es por otra parte bastante incre\u00edble que en todas las formaciones de la banda se ha dado la brillantez, ya desde el inicio con Syd Barrett.<\/p>\n<p>Hay que ver el v\u00eddeo adem\u00e1s de seguir la letra de la canci\u00f3n, para darse cuenta de la cantidad de met\u00e1foras, que por otra parte siempre han acompa\u00f1ado a la banda. Canci\u00f3n de despedida y como dice el t\u00edtulo de grandes esperanzas. Es evidente esta peque\u00f1a rese\u00f1a y el paralelismo con nuestra situaci\u00f3n, \u00abnuestra\u00bb, de toda la humanidad, quiero decir\u00bb.<\/p>\n<p>Es como si el mundo acabara o mejor dicho como va a cambiar, en uno de los momentos cr\u00edticos de nuestra especie. Es en mi opini\u00f3n, como si la naturaleza a la que tanto maltratamos quisiera defenderse, mediante un virus, que a\u00fan en la \u00e9poca en que vivimos ser\u00e1 dif\u00edcil de erradicar; evidentemente cambiar\u00e1 nuestro mundo a muchos niveles, y no sabemos que saldr\u00e1 de todo esto, solo tenemos pues eso: High Hopes \u00abGrandes Esperanzas\u00bb.<\/p>\n<p>Postdata: a lo mejor las met\u00e1foras ya mentadas no son de un paralelismo claro con nuestra situaci\u00f3n, pero si de una forma impl\u00edcita, se le puede dar por correcto,\u00a0 valgan las circunstancias, y el tono general del tema.\u00bb<\/p>\n<p><iframe loading=\"lazy\" src=\"https:\/\/www.youtube.com\/embed\/7jMlFXouPk8\" width=\"560\" height=\"315\" frameborder=\"0\" allowfullscreen=\"allowfullscreen\"><\/iframe><\/p>\n","protected":false},"excerpt":{"rendered":"<p>Emilio, participante de Radio Bricura, reflexiona sobre esta propuesta musical y su paralelismo con la crisis sanitaria actual: &nbsp; \u00ab\u00bfQu\u00e9 canci\u00f3n m\u00e1s melanc\u00f3lica o triste, verdad? Grandes esperanzas. Con esta canci\u00f3n acababa el disco The Division Bell (la campana dividida), era oficialmente la \u00faltima canci\u00f3n&#8230;<\/p>\n","protected":false},"author":2,"featured_media":19902,"comment_status":"open","ping_status":"open","sticky":false,"template":"","format":"standard","meta":{"footnotes":""},"categories":[1197,1216],"tags":[],"class_list":["post-20038","post","type-post","status-publish","format-standard","has-post-thumbnail","hentry","category-cfp-des-de-casa","category-otros"],"yoast_head":"<!-- This site is optimized with the Yoast SEO plugin v27.4 - https:\/\/yoast.com\/product\/yoast-seo-wordpress\/ -->\n<title>&quot;High hopes&quot; de Pink Floyd y su paralelismo con la situaci\u00f3n actual | CFP Maresme<\/title>\n<meta name=\"robots\" content=\"index, follow, max-snippet:-1, max-image-preview:large, max-video-preview:-1\" \/>\n<link rel=\"canonical\" href=\"https:\/\/cfpmaresme.org\/es\/high-hopes-de-pink-floyd-y-su-paralelismo-con-la-situacion-actual\/\" \/>\n<meta property=\"og:locale\" content=\"es_ES\" \/>\n<meta property=\"og:type\" content=\"article\" \/>\n<meta property=\"og:title\" content=\"&quot;High hopes&quot; de Pink Floyd y su paralelismo con la situaci\u00f3n actual | CFP Maresme\" \/>\n<meta property=\"og:description\" content=\"Emilio, participante de Radio Bricura, reflexiona sobre esta propuesta musical y su paralelismo con la crisis sanitaria actual: &nbsp; \u00ab\u00bfQu\u00e9 canci\u00f3n m\u00e1s melanc\u00f3lica o triste, verdad? Grandes esperanzas. Con esta canci\u00f3n acababa el disco The Division Bell (la campana dividida), era oficialmente la \u00faltima canci\u00f3n...\" \/>\n<meta property=\"og:url\" content=\"https:\/\/cfpmaresme.org\/es\/high-hopes-de-pink-floyd-y-su-paralelismo-con-la-situacion-actual\/\" \/>\n<meta property=\"og:site_name\" content=\"CFP Maresme\" \/>\n<meta property=\"article:published_time\" content=\"2020-05-11T09:26:47+00:00\" \/>\n<meta property=\"og:image\" content=\"https:\/\/cfpmaresme.org\/wp-content\/uploads\/2020\/05\/covid-19.jpg\" \/>\n\t<meta property=\"og:image:width\" content=\"830\" \/>\n\t<meta property=\"og:image:height\" content=\"354\" \/>\n\t<meta property=\"og:image:type\" content=\"image\/jpeg\" \/>\n<meta name=\"author\" content=\"CFPMaresme\" \/>\n<meta name=\"twitter:card\" content=\"summary_large_image\" \/>\n<meta name=\"twitter:creator\" content=\"@cfpmaresme\" \/>\n<meta name=\"twitter:site\" content=\"@cfpmaresme\" \/>\n<meta name=\"twitter:label1\" content=\"Escrito por\" \/>\n\t<meta name=\"twitter:data1\" content=\"CFPMaresme\" \/>\n\t<meta name=\"twitter:label2\" content=\"Tiempo de lectura\" \/>\n\t<meta name=\"twitter:data2\" content=\"1 minuto\" \/>\n<script type=\"application\/ld+json\" class=\"yoast-schema-graph\">{\"@context\":\"https:\\\/\\\/schema.org\",\"@graph\":[{\"@type\":\"Article\",\"@id\":\"https:\\\/\\\/cfpmaresme.org\\\/es\\\/high-hopes-de-pink-floyd-y-su-paralelismo-con-la-situacion-actual\\\/#article\",\"isPartOf\":{\"@id\":\"https:\\\/\\\/cfpmaresme.org\\\/es\\\/high-hopes-de-pink-floyd-y-su-paralelismo-con-la-situacion-actual\\\/\"},\"author\":{\"name\":\"CFPMaresme\",\"@id\":\"https:\\\/\\\/cfpmaresme.org\\\/#\\\/schema\\\/person\\\/b2634bcd796fafc667ea4055f61b9b2c\"},\"headline\":\"\u00abHigh hopes\u00bb de Pink Floyd y su paralelismo con la situaci\u00f3n actual\",\"datePublished\":\"2020-05-11T09:26:47+00:00\",\"mainEntityOfPage\":{\"@id\":\"https:\\\/\\\/cfpmaresme.org\\\/es\\\/high-hopes-de-pink-floyd-y-su-paralelismo-con-la-situacion-actual\\\/\"},\"wordCount\":287,\"commentCount\":0,\"image\":{\"@id\":\"https:\\\/\\\/cfpmaresme.org\\\/es\\\/high-hopes-de-pink-floyd-y-su-paralelismo-con-la-situacion-actual\\\/#primaryimage\"},\"thumbnailUrl\":\"https:\\\/\\\/cfpmaresme.org\\\/wp-content\\\/uploads\\\/2020\\\/05\\\/covid-19.jpg\",\"articleSection\":[\"CFP desde casa\",\"Otros\"],\"inLanguage\":\"es\"},{\"@type\":\"WebPage\",\"@id\":\"https:\\\/\\\/cfpmaresme.org\\\/es\\\/high-hopes-de-pink-floyd-y-su-paralelismo-con-la-situacion-actual\\\/\",\"url\":\"https:\\\/\\\/cfpmaresme.org\\\/es\\\/high-hopes-de-pink-floyd-y-su-paralelismo-con-la-situacion-actual\\\/\",\"name\":\"\\\"High hopes\\\" de Pink Floyd y su paralelismo con la situaci\u00f3n actual | CFP Maresme\",\"isPartOf\":{\"@id\":\"https:\\\/\\\/cfpmaresme.org\\\/#website\"},\"primaryImageOfPage\":{\"@id\":\"https:\\\/\\\/cfpmaresme.org\\\/es\\\/high-hopes-de-pink-floyd-y-su-paralelismo-con-la-situacion-actual\\\/#primaryimage\"},\"image\":{\"@id\":\"https:\\\/\\\/cfpmaresme.org\\\/es\\\/high-hopes-de-pink-floyd-y-su-paralelismo-con-la-situacion-actual\\\/#primaryimage\"},\"thumbnailUrl\":\"https:\\\/\\\/cfpmaresme.org\\\/wp-content\\\/uploads\\\/2020\\\/05\\\/covid-19.jpg\",\"datePublished\":\"2020-05-11T09:26:47+00:00\",\"author\":{\"@id\":\"https:\\\/\\\/cfpmaresme.org\\\/#\\\/schema\\\/person\\\/b2634bcd796fafc667ea4055f61b9b2c\"},\"breadcrumb\":{\"@id\":\"https:\\\/\\\/cfpmaresme.org\\\/es\\\/high-hopes-de-pink-floyd-y-su-paralelismo-con-la-situacion-actual\\\/#breadcrumb\"},\"inLanguage\":\"es\",\"potentialAction\":[{\"@type\":\"ReadAction\",\"target\":[\"https:\\\/\\\/cfpmaresme.org\\\/es\\\/high-hopes-de-pink-floyd-y-su-paralelismo-con-la-situacion-actual\\\/\"]}]},{\"@type\":\"ImageObject\",\"inLanguage\":\"es\",\"@id\":\"https:\\\/\\\/cfpmaresme.org\\\/es\\\/high-hopes-de-pink-floyd-y-su-paralelismo-con-la-situacion-actual\\\/#primaryimage\",\"url\":\"https:\\\/\\\/cfpmaresme.org\\\/wp-content\\\/uploads\\\/2020\\\/05\\\/covid-19.jpg\",\"contentUrl\":\"https:\\\/\\\/cfpmaresme.org\\\/wp-content\\\/uploads\\\/2020\\\/05\\\/covid-19.jpg\",\"width\":830,\"height\":354},{\"@type\":\"BreadcrumbList\",\"@id\":\"https:\\\/\\\/cfpmaresme.org\\\/es\\\/high-hopes-de-pink-floyd-y-su-paralelismo-con-la-situacion-actual\\\/#breadcrumb\",\"itemListElement\":[{\"@type\":\"ListItem\",\"position\":1,\"name\":\"Home\",\"item\":\"https:\\\/\\\/cfpmaresme.org\\\/es\\\/\"},{\"@type\":\"ListItem\",\"position\":2,\"name\":\"\u00abHigh hopes\u00bb de Pink Floyd y su paralelismo con la situaci\u00f3n actual\"}]},{\"@type\":\"WebSite\",\"@id\":\"https:\\\/\\\/cfpmaresme.org\\\/#website\",\"url\":\"https:\\\/\\\/cfpmaresme.org\\\/\",\"name\":\"CFP Maresme\",\"description\":\"Centre Formaci\u00f3 Prevenci\u00f3\",\"potentialAction\":[{\"@type\":\"SearchAction\",\"target\":{\"@type\":\"EntryPoint\",\"urlTemplate\":\"https:\\\/\\\/cfpmaresme.org\\\/?s={search_term_string}\"},\"query-input\":{\"@type\":\"PropertyValueSpecification\",\"valueRequired\":true,\"valueName\":\"search_term_string\"}}],\"inLanguage\":\"es\"},{\"@type\":\"Person\",\"@id\":\"https:\\\/\\\/cfpmaresme.org\\\/#\\\/schema\\\/person\\\/b2634bcd796fafc667ea4055f61b9b2c\",\"name\":\"CFPMaresme\"}]}<\/script>\n<!-- \/ Yoast SEO plugin. -->","yoast_head_json":{"title":"\"High hopes\" de Pink Floyd y su paralelismo con la situaci\u00f3n actual | CFP Maresme","robots":{"index":"index","follow":"follow","max-snippet":"max-snippet:-1","max-image-preview":"max-image-preview:large","max-video-preview":"max-video-preview:-1"},"canonical":"https:\/\/cfpmaresme.org\/es\/high-hopes-de-pink-floyd-y-su-paralelismo-con-la-situacion-actual\/","og_locale":"es_ES","og_type":"article","og_title":"\"High hopes\" de Pink Floyd y su paralelismo con la situaci\u00f3n actual | CFP Maresme","og_description":"Emilio, participante de Radio Bricura, reflexiona sobre esta propuesta musical y su paralelismo con la crisis sanitaria actual: &nbsp; \u00ab\u00bfQu\u00e9 canci\u00f3n m\u00e1s melanc\u00f3lica o triste, verdad? Grandes esperanzas. Con esta canci\u00f3n acababa el disco The Division Bell (la campana dividida), era oficialmente la \u00faltima canci\u00f3n...","og_url":"https:\/\/cfpmaresme.org\/es\/high-hopes-de-pink-floyd-y-su-paralelismo-con-la-situacion-actual\/","og_site_name":"CFP Maresme","article_published_time":"2020-05-11T09:26:47+00:00","og_image":[{"width":830,"height":354,"url":"https:\/\/cfpmaresme.org\/wp-content\/uploads\/2020\/05\/covid-19.jpg","type":"image\/jpeg"}],"author":"CFPMaresme","twitter_card":"summary_large_image","twitter_creator":"@cfpmaresme","twitter_site":"@cfpmaresme","twitter_misc":{"Escrito por":"CFPMaresme","Tiempo de lectura":"1 minuto"},"schema":{"@context":"https:\/\/schema.org","@graph":[{"@type":"Article","@id":"https:\/\/cfpmaresme.org\/es\/high-hopes-de-pink-floyd-y-su-paralelismo-con-la-situacion-actual\/#article","isPartOf":{"@id":"https:\/\/cfpmaresme.org\/es\/high-hopes-de-pink-floyd-y-su-paralelismo-con-la-situacion-actual\/"},"author":{"name":"CFPMaresme","@id":"https:\/\/cfpmaresme.org\/#\/schema\/person\/b2634bcd796fafc667ea4055f61b9b2c"},"headline":"\u00abHigh hopes\u00bb de Pink Floyd y su paralelismo con la situaci\u00f3n actual","datePublished":"2020-05-11T09:26:47+00:00","mainEntityOfPage":{"@id":"https:\/\/cfpmaresme.org\/es\/high-hopes-de-pink-floyd-y-su-paralelismo-con-la-situacion-actual\/"},"wordCount":287,"commentCount":0,"image":{"@id":"https:\/\/cfpmaresme.org\/es\/high-hopes-de-pink-floyd-y-su-paralelismo-con-la-situacion-actual\/#primaryimage"},"thumbnailUrl":"https:\/\/cfpmaresme.org\/wp-content\/uploads\/2020\/05\/covid-19.jpg","articleSection":["CFP desde casa","Otros"],"inLanguage":"es"},{"@type":"WebPage","@id":"https:\/\/cfpmaresme.org\/es\/high-hopes-de-pink-floyd-y-su-paralelismo-con-la-situacion-actual\/","url":"https:\/\/cfpmaresme.org\/es\/high-hopes-de-pink-floyd-y-su-paralelismo-con-la-situacion-actual\/","name":"\"High hopes\" de Pink Floyd y su paralelismo con la situaci\u00f3n actual | CFP Maresme","isPartOf":{"@id":"https:\/\/cfpmaresme.org\/#website"},"primaryImageOfPage":{"@id":"https:\/\/cfpmaresme.org\/es\/high-hopes-de-pink-floyd-y-su-paralelismo-con-la-situacion-actual\/#primaryimage"},"image":{"@id":"https:\/\/cfpmaresme.org\/es\/high-hopes-de-pink-floyd-y-su-paralelismo-con-la-situacion-actual\/#primaryimage"},"thumbnailUrl":"https:\/\/cfpmaresme.org\/wp-content\/uploads\/2020\/05\/covid-19.jpg","datePublished":"2020-05-11T09:26:47+00:00","author":{"@id":"https:\/\/cfpmaresme.org\/#\/schema\/person\/b2634bcd796fafc667ea4055f61b9b2c"},"breadcrumb":{"@id":"https:\/\/cfpmaresme.org\/es\/high-hopes-de-pink-floyd-y-su-paralelismo-con-la-situacion-actual\/#breadcrumb"},"inLanguage":"es","potentialAction":[{"@type":"ReadAction","target":["https:\/\/cfpmaresme.org\/es\/high-hopes-de-pink-floyd-y-su-paralelismo-con-la-situacion-actual\/"]}]},{"@type":"ImageObject","inLanguage":"es","@id":"https:\/\/cfpmaresme.org\/es\/high-hopes-de-pink-floyd-y-su-paralelismo-con-la-situacion-actual\/#primaryimage","url":"https:\/\/cfpmaresme.org\/wp-content\/uploads\/2020\/05\/covid-19.jpg","contentUrl":"https:\/\/cfpmaresme.org\/wp-content\/uploads\/2020\/05\/covid-19.jpg","width":830,"height":354},{"@type":"BreadcrumbList","@id":"https:\/\/cfpmaresme.org\/es\/high-hopes-de-pink-floyd-y-su-paralelismo-con-la-situacion-actual\/#breadcrumb","itemListElement":[{"@type":"ListItem","position":1,"name":"Home","item":"https:\/\/cfpmaresme.org\/es\/"},{"@type":"ListItem","position":2,"name":"\u00abHigh hopes\u00bb de Pink Floyd y su paralelismo con la situaci\u00f3n actual"}]},{"@type":"WebSite","@id":"https:\/\/cfpmaresme.org\/#website","url":"https:\/\/cfpmaresme.org\/","name":"CFP Maresme","description":"Centre Formaci\u00f3 Prevenci\u00f3","potentialAction":[{"@type":"SearchAction","target":{"@type":"EntryPoint","urlTemplate":"https:\/\/cfpmaresme.org\/?s={search_term_string}"},"query-input":{"@type":"PropertyValueSpecification","valueRequired":true,"valueName":"search_term_string"}}],"inLanguage":"es"},{"@type":"Person","@id":"https:\/\/cfpmaresme.org\/#\/schema\/person\/b2634bcd796fafc667ea4055f61b9b2c","name":"CFPMaresme"}]}},"_links":{"self":[{"href":"https:\/\/cfpmaresme.org\/es\/wp-json\/wp\/v2\/posts\/20038","targetHints":{"allow":["GET"]}}],"collection":[{"href":"https:\/\/cfpmaresme.org\/es\/wp-json\/wp\/v2\/posts"}],"about":[{"href":"https:\/\/cfpmaresme.org\/es\/wp-json\/wp\/v2\/types\/post"}],"author":[{"embeddable":true,"href":"https:\/\/cfpmaresme.org\/es\/wp-json\/wp\/v2\/users\/2"}],"replies":[{"embeddable":true,"href":"https:\/\/cfpmaresme.org\/es\/wp-json\/wp\/v2\/comments?post=20038"}],"version-history":[{"count":2,"href":"https:\/\/cfpmaresme.org\/es\/wp-json\/wp\/v2\/posts\/20038\/revisions"}],"predecessor-version":[{"id":20040,"href":"https:\/\/cfpmaresme.org\/es\/wp-json\/wp\/v2\/posts\/20038\/revisions\/20040"}],"wp:featuredmedia":[{"embeddable":true,"href":"https:\/\/cfpmaresme.org\/es\/wp-json\/wp\/v2\/media\/19902"}],"wp:attachment":[{"href":"https:\/\/cfpmaresme.org\/es\/wp-json\/wp\/v2\/media?parent=20038"}],"wp:term":[{"taxonomy":"category","embeddable":true,"href":"https:\/\/cfpmaresme.org\/es\/wp-json\/wp\/v2\/categories?post=20038"},{"taxonomy":"post_tag","embeddable":true,"href":"https:\/\/cfpmaresme.org\/es\/wp-json\/wp\/v2\/tags?post=20038"}],"curies":[{"name":"wp","href":"https:\/\/api.w.org\/{rel}","templated":true}]}}