{"id":20052,"date":"2020-05-12T12:41:12","date_gmt":"2020-05-12T10:41:12","guid":{"rendered":"https:\/\/www.cfpmaresme.org\/?p=20052"},"modified":"2020-05-12T12:45:49","modified_gmt":"2020-05-12T10:45:49","slug":"la-escucha-sin-el-cuerpo-reflexiones-de-laura-gomez-psicologa-del-src-burriac","status":"publish","type":"post","link":"https:\/\/cfpmaresme.org\/es\/la-escucha-sin-el-cuerpo-reflexiones-de-laura-gomez-psicologa-del-src-burriac\/","title":{"rendered":"\u00abLa escucha sin el cuerpo\u00bb reflexiones de Laura G\u00f3mez, psic\u00f3loga del SRC Burriac"},"content":{"rendered":"<p>En este momento de incertidumbre total se nos abre un escenario diferente en el que poder trabajar y con el que poder batallar. Despu\u00e9s de a\u00f1os pensando que el trabajo psicol\u00f3gico con los pacientes de los <a href=\"\/?page_id=16510\" target=\"_blank\" rel=\"noopener noreferrer\">Servicios de Rehabilitaci\u00f3n Comunitaria<\/a> no pod\u00eda ser sin la presencia del terapeuta, se nos abre una realidad diferente. Con destreza nos hemos tenido que reinventar y crear <strong>nuevas maneras de intervenci\u00f3n<\/strong>.<\/p>\n<p>Desde el d\u00eda 16 de marzo, todo el equipo qued\u00f3 confinado en casa con la idea de solo intervenir in situ a los pacientes cuando fuera necesario.\u00a0 No lo hemos tenido que hacer ninguna vez.<\/p>\n<p>Creamos un grupo de<strong> WhatsApp de confinamiento<\/strong> con los pacientes que aceptaron esta propuesta, con la intenci\u00f3n de dar una continuidad en la contenci\u00f3n grupal, que ayuda al trabajo terap\u00e9utico, m\u00e1s all\u00e1 de nuestra intervenci\u00f3n. Cada d\u00eda se env\u00eda una propuesta de trabajo de un tema diferente: juegos cognitivos, l\u00fadicos, musicales, actividades de la vida diaria y salidas virtuales. El fin de semana se centra en activitades de proponen los\/las usuarios\/as libremente.<\/p>\n<p>Tambi\u00e9n nos coordinamos para hacer <strong>llamadas a cada paciente<\/strong>, m\u00e1s o menos seguidas, seg\u00fan las necesidades particulares. Estas comunicaciones se hacen porque su \u00e1nimo no decaiga a trav\u00e9s de la escucha activa, de ayudar a ordenar ideas, acompa\u00f1arlos y ofrecerles reflexiones.<\/p>\n<p>Tambi\u00e9n decidimos hacer <strong>videollamadas<\/strong>. Muchas las esperan con emoci\u00f3n y se preparan como si fuesen SRC. Es un momento especial para ellos y ellas. Y, por \u00faltimo, la nueva p\u00e1gina <a href=\"\/?cat_ID=1197\" target=\"_blank\" rel=\"noopener noreferrer\">CFP des de casa<\/a>, que da contenido para pofder trabajar online.<\/p>\n<p>Con este cambio de sinergias y m\u00e9todo, el <strong>horario laboral<\/strong> se ha vuelto muy el\u00e1stico. Los tiempo de trabajo dependen de la necesidad de compartir y de la emergencia de la situaci\u00f3n y, es evidente, que no es lo mismo transmitir preguntas e ideas telem\u00e1ticamente que hablar de tu a tu, hecho de esta manera captar y aclarar matices se hace imprescindible. Y esta elasticidad se debe gestionar en paralelo a la <strong>vida personal<\/strong> en casa. Trabajar, por ejemplo, con tus hijos e hijas pidiendo ayuda para hacer las tareas de la escuela. As\u00ed como llevar de la mejor manera posible los d\u00edas que tu tampoco est\u00e1s bien, por la incertidumbre y la angustia que genera la crisis sanitaria.<\/p>\n<p>Nunca hubiera pensado que con estas herramientas <strong>los pacientes se pudieran mantener estables.<\/strong> Y, de momento, con altibajos, todos van haciendo. Es dif\u00edcil entender la realidad que estamos viviendo: <strong>solo con la voz, <\/strong>todos\/as van haciendo despu\u00e9s de 60 d\u00edas y <strong>las relaciones se han consolidado <\/strong>en la distancia en muchos casos.<\/p>\n<p>Nuestra tarea de animarlos a no decaer, a mantenerse activos y estables&#8230; <strong>Un reto con muy buenos resultados. <\/strong>Se abre una manera de trabajar diferente para mantener estables a los pacientes que se encierren en casa en un futuro y\/o a los pacientes que no est\u00e1n en el momento de iniciar un trabajo cl\u00e1sico en el SRC.<\/p>\n<p>Para hacerlo es necesario que sigamos trabajando y, todav\u00eda m\u00e1s intensamente, los conocimientos digitales de los y las pacientes y la posibilidad de tener acceso a estas herramientas.<\/p>\n<p>Por \u00faltimo, no quer\u00eda acabar estas reflexiones sin <strong>agradeceros a todos los que hab\u00e9is colaborado <\/strong>aportando ideas y os hab\u00e9is puesto a trabajar para poder crear este nuevo dispositivo, a todos los que os est\u00e1is dejando la piel&#8230;Muchas gracias por vuestra profesionalidad y vuestro deseo volcado sobre el trabajo. Con esto se mueven monta\u00f1as.<\/p>\n<p>A seguir adelante&#8230;sin desfallecer.<\/p>\n<p><strong>Un paso atr\u00e1s solo para coger aire&#8230;\u00a0<\/strong><\/p>\n","protected":false},"excerpt":{"rendered":"<p>En este momento de incertidumbre total se nos abre un escenario diferente en el que poder trabajar y con el que poder batallar. Despu\u00e9s de a\u00f1os pensando que el trabajo psicol\u00f3gico con los pacientes de los Servicios de Rehabilitaci\u00f3n Comunitaria no pod\u00eda ser sin la&#8230;<\/p>\n","protected":false},"author":2,"featured_media":19902,"comment_status":"open","ping_status":"open","sticky":false,"template":"","format":"standard","meta":{"footnotes":""},"categories":[1197,1216],"tags":[],"class_list":["post-20052","post","type-post","status-publish","format-standard","has-post-thumbnail","hentry","category-cfp-des-de-casa","category-otros"],"yoast_head":"<!-- This site is optimized with the Yoast SEO plugin v27.4 - https:\/\/yoast.com\/product\/yoast-seo-wordpress\/ -->\n<title>&quot;La escucha sin el cuerpo&quot; reflexiones de Laura G\u00f3mez, psic\u00f3loga del SRC Burriac | CFP Maresme<\/title>\n<meta name=\"robots\" content=\"index, follow, max-snippet:-1, max-image-preview:large, max-video-preview:-1\" \/>\n<link rel=\"canonical\" href=\"https:\/\/cfpmaresme.org\/es\/la-escucha-sin-el-cuerpo-reflexiones-de-laura-gomez-psicologa-del-src-burriac\/\" \/>\n<meta property=\"og:locale\" content=\"es_ES\" \/>\n<meta property=\"og:type\" content=\"article\" \/>\n<meta property=\"og:title\" content=\"&quot;La escucha sin el cuerpo&quot; reflexiones de Laura G\u00f3mez, psic\u00f3loga del SRC Burriac | CFP Maresme\" \/>\n<meta property=\"og:description\" content=\"En este momento de incertidumbre total se nos abre un escenario diferente en el que poder trabajar y con el que poder batallar. Despu\u00e9s de a\u00f1os pensando que el trabajo psicol\u00f3gico con los pacientes de los Servicios de Rehabilitaci\u00f3n Comunitaria no pod\u00eda ser sin la...\" \/>\n<meta property=\"og:url\" content=\"https:\/\/cfpmaresme.org\/es\/la-escucha-sin-el-cuerpo-reflexiones-de-laura-gomez-psicologa-del-src-burriac\/\" \/>\n<meta property=\"og:site_name\" content=\"CFP Maresme\" \/>\n<meta property=\"article:published_time\" content=\"2020-05-12T10:41:12+00:00\" \/>\n<meta property=\"article:modified_time\" content=\"2020-05-12T10:45:49+00:00\" \/>\n<meta property=\"og:image\" content=\"https:\/\/cfpmaresme.org\/wp-content\/uploads\/2020\/05\/covid-19.jpg\" \/>\n\t<meta property=\"og:image:width\" content=\"830\" \/>\n\t<meta property=\"og:image:height\" content=\"354\" \/>\n\t<meta property=\"og:image:type\" content=\"image\/jpeg\" \/>\n<meta name=\"author\" content=\"CFPMaresme\" \/>\n<meta name=\"twitter:card\" content=\"summary_large_image\" \/>\n<meta name=\"twitter:creator\" content=\"@cfpmaresme\" \/>\n<meta name=\"twitter:site\" content=\"@cfpmaresme\" \/>\n<meta name=\"twitter:label1\" content=\"Escrito por\" \/>\n\t<meta name=\"twitter:data1\" content=\"CFPMaresme\" \/>\n\t<meta name=\"twitter:label2\" content=\"Tiempo de lectura\" \/>\n\t<meta name=\"twitter:data2\" content=\"3 minutos\" \/>\n<script type=\"application\/ld+json\" class=\"yoast-schema-graph\">{\"@context\":\"https:\\\/\\\/schema.org\",\"@graph\":[{\"@type\":\"Article\",\"@id\":\"https:\\\/\\\/cfpmaresme.org\\\/es\\\/la-escucha-sin-el-cuerpo-reflexiones-de-laura-gomez-psicologa-del-src-burriac\\\/#article\",\"isPartOf\":{\"@id\":\"https:\\\/\\\/cfpmaresme.org\\\/es\\\/la-escucha-sin-el-cuerpo-reflexiones-de-laura-gomez-psicologa-del-src-burriac\\\/\"},\"author\":{\"name\":\"CFPMaresme\",\"@id\":\"https:\\\/\\\/cfpmaresme.org\\\/#\\\/schema\\\/person\\\/b2634bcd796fafc667ea4055f61b9b2c\"},\"headline\":\"\u00abLa escucha sin el cuerpo\u00bb reflexiones de Laura G\u00f3mez, psic\u00f3loga del SRC Burriac\",\"datePublished\":\"2020-05-12T10:41:12+00:00\",\"dateModified\":\"2020-05-12T10:45:49+00:00\",\"mainEntityOfPage\":{\"@id\":\"https:\\\/\\\/cfpmaresme.org\\\/es\\\/la-escucha-sin-el-cuerpo-reflexiones-de-laura-gomez-psicologa-del-src-burriac\\\/\"},\"wordCount\":638,\"commentCount\":0,\"image\":{\"@id\":\"https:\\\/\\\/cfpmaresme.org\\\/es\\\/la-escucha-sin-el-cuerpo-reflexiones-de-laura-gomez-psicologa-del-src-burriac\\\/#primaryimage\"},\"thumbnailUrl\":\"https:\\\/\\\/cfpmaresme.org\\\/wp-content\\\/uploads\\\/2020\\\/05\\\/covid-19.jpg\",\"articleSection\":[\"CFP desde casa\",\"Otros\"],\"inLanguage\":\"es\"},{\"@type\":\"WebPage\",\"@id\":\"https:\\\/\\\/cfpmaresme.org\\\/es\\\/la-escucha-sin-el-cuerpo-reflexiones-de-laura-gomez-psicologa-del-src-burriac\\\/\",\"url\":\"https:\\\/\\\/cfpmaresme.org\\\/es\\\/la-escucha-sin-el-cuerpo-reflexiones-de-laura-gomez-psicologa-del-src-burriac\\\/\",\"name\":\"\\\"La escucha sin el cuerpo\\\" reflexiones de Laura G\u00f3mez, psic\u00f3loga del SRC Burriac | CFP Maresme\",\"isPartOf\":{\"@id\":\"https:\\\/\\\/cfpmaresme.org\\\/#website\"},\"primaryImageOfPage\":{\"@id\":\"https:\\\/\\\/cfpmaresme.org\\\/es\\\/la-escucha-sin-el-cuerpo-reflexiones-de-laura-gomez-psicologa-del-src-burriac\\\/#primaryimage\"},\"image\":{\"@id\":\"https:\\\/\\\/cfpmaresme.org\\\/es\\\/la-escucha-sin-el-cuerpo-reflexiones-de-laura-gomez-psicologa-del-src-burriac\\\/#primaryimage\"},\"thumbnailUrl\":\"https:\\\/\\\/cfpmaresme.org\\\/wp-content\\\/uploads\\\/2020\\\/05\\\/covid-19.jpg\",\"datePublished\":\"2020-05-12T10:41:12+00:00\",\"dateModified\":\"2020-05-12T10:45:49+00:00\",\"author\":{\"@id\":\"https:\\\/\\\/cfpmaresme.org\\\/#\\\/schema\\\/person\\\/b2634bcd796fafc667ea4055f61b9b2c\"},\"breadcrumb\":{\"@id\":\"https:\\\/\\\/cfpmaresme.org\\\/es\\\/la-escucha-sin-el-cuerpo-reflexiones-de-laura-gomez-psicologa-del-src-burriac\\\/#breadcrumb\"},\"inLanguage\":\"es\",\"potentialAction\":[{\"@type\":\"ReadAction\",\"target\":[\"https:\\\/\\\/cfpmaresme.org\\\/es\\\/la-escucha-sin-el-cuerpo-reflexiones-de-laura-gomez-psicologa-del-src-burriac\\\/\"]}]},{\"@type\":\"ImageObject\",\"inLanguage\":\"es\",\"@id\":\"https:\\\/\\\/cfpmaresme.org\\\/es\\\/la-escucha-sin-el-cuerpo-reflexiones-de-laura-gomez-psicologa-del-src-burriac\\\/#primaryimage\",\"url\":\"https:\\\/\\\/cfpmaresme.org\\\/wp-content\\\/uploads\\\/2020\\\/05\\\/covid-19.jpg\",\"contentUrl\":\"https:\\\/\\\/cfpmaresme.org\\\/wp-content\\\/uploads\\\/2020\\\/05\\\/covid-19.jpg\",\"width\":830,\"height\":354},{\"@type\":\"BreadcrumbList\",\"@id\":\"https:\\\/\\\/cfpmaresme.org\\\/es\\\/la-escucha-sin-el-cuerpo-reflexiones-de-laura-gomez-psicologa-del-src-burriac\\\/#breadcrumb\",\"itemListElement\":[{\"@type\":\"ListItem\",\"position\":1,\"name\":\"Home\",\"item\":\"https:\\\/\\\/cfpmaresme.org\\\/es\\\/\"},{\"@type\":\"ListItem\",\"position\":2,\"name\":\"\u00abLa escucha sin el cuerpo\u00bb reflexiones de Laura G\u00f3mez, psic\u00f3loga del SRC Burriac\"}]},{\"@type\":\"WebSite\",\"@id\":\"https:\\\/\\\/cfpmaresme.org\\\/#website\",\"url\":\"https:\\\/\\\/cfpmaresme.org\\\/\",\"name\":\"CFP Maresme\",\"description\":\"Centre Formaci\u00f3 Prevenci\u00f3\",\"potentialAction\":[{\"@type\":\"SearchAction\",\"target\":{\"@type\":\"EntryPoint\",\"urlTemplate\":\"https:\\\/\\\/cfpmaresme.org\\\/?s={search_term_string}\"},\"query-input\":{\"@type\":\"PropertyValueSpecification\",\"valueRequired\":true,\"valueName\":\"search_term_string\"}}],\"inLanguage\":\"es\"},{\"@type\":\"Person\",\"@id\":\"https:\\\/\\\/cfpmaresme.org\\\/#\\\/schema\\\/person\\\/b2634bcd796fafc667ea4055f61b9b2c\",\"name\":\"CFPMaresme\"}]}<\/script>\n<!-- \/ Yoast SEO plugin. -->","yoast_head_json":{"title":"\"La escucha sin el cuerpo\" reflexiones de Laura G\u00f3mez, psic\u00f3loga del SRC Burriac | CFP Maresme","robots":{"index":"index","follow":"follow","max-snippet":"max-snippet:-1","max-image-preview":"max-image-preview:large","max-video-preview":"max-video-preview:-1"},"canonical":"https:\/\/cfpmaresme.org\/es\/la-escucha-sin-el-cuerpo-reflexiones-de-laura-gomez-psicologa-del-src-burriac\/","og_locale":"es_ES","og_type":"article","og_title":"\"La escucha sin el cuerpo\" reflexiones de Laura G\u00f3mez, psic\u00f3loga del SRC Burriac | CFP Maresme","og_description":"En este momento de incertidumbre total se nos abre un escenario diferente en el que poder trabajar y con el que poder batallar. Despu\u00e9s de a\u00f1os pensando que el trabajo psicol\u00f3gico con los pacientes de los Servicios de Rehabilitaci\u00f3n Comunitaria no pod\u00eda ser sin la...","og_url":"https:\/\/cfpmaresme.org\/es\/la-escucha-sin-el-cuerpo-reflexiones-de-laura-gomez-psicologa-del-src-burriac\/","og_site_name":"CFP Maresme","article_published_time":"2020-05-12T10:41:12+00:00","article_modified_time":"2020-05-12T10:45:49+00:00","og_image":[{"width":830,"height":354,"url":"https:\/\/cfpmaresme.org\/wp-content\/uploads\/2020\/05\/covid-19.jpg","type":"image\/jpeg"}],"author":"CFPMaresme","twitter_card":"summary_large_image","twitter_creator":"@cfpmaresme","twitter_site":"@cfpmaresme","twitter_misc":{"Escrito por":"CFPMaresme","Tiempo de lectura":"3 minutos"},"schema":{"@context":"https:\/\/schema.org","@graph":[{"@type":"Article","@id":"https:\/\/cfpmaresme.org\/es\/la-escucha-sin-el-cuerpo-reflexiones-de-laura-gomez-psicologa-del-src-burriac\/#article","isPartOf":{"@id":"https:\/\/cfpmaresme.org\/es\/la-escucha-sin-el-cuerpo-reflexiones-de-laura-gomez-psicologa-del-src-burriac\/"},"author":{"name":"CFPMaresme","@id":"https:\/\/cfpmaresme.org\/#\/schema\/person\/b2634bcd796fafc667ea4055f61b9b2c"},"headline":"\u00abLa escucha sin el cuerpo\u00bb reflexiones de Laura G\u00f3mez, psic\u00f3loga del SRC Burriac","datePublished":"2020-05-12T10:41:12+00:00","dateModified":"2020-05-12T10:45:49+00:00","mainEntityOfPage":{"@id":"https:\/\/cfpmaresme.org\/es\/la-escucha-sin-el-cuerpo-reflexiones-de-laura-gomez-psicologa-del-src-burriac\/"},"wordCount":638,"commentCount":0,"image":{"@id":"https:\/\/cfpmaresme.org\/es\/la-escucha-sin-el-cuerpo-reflexiones-de-laura-gomez-psicologa-del-src-burriac\/#primaryimage"},"thumbnailUrl":"https:\/\/cfpmaresme.org\/wp-content\/uploads\/2020\/05\/covid-19.jpg","articleSection":["CFP desde casa","Otros"],"inLanguage":"es"},{"@type":"WebPage","@id":"https:\/\/cfpmaresme.org\/es\/la-escucha-sin-el-cuerpo-reflexiones-de-laura-gomez-psicologa-del-src-burriac\/","url":"https:\/\/cfpmaresme.org\/es\/la-escucha-sin-el-cuerpo-reflexiones-de-laura-gomez-psicologa-del-src-burriac\/","name":"\"La escucha sin el cuerpo\" reflexiones de Laura G\u00f3mez, psic\u00f3loga del SRC Burriac | CFP Maresme","isPartOf":{"@id":"https:\/\/cfpmaresme.org\/#website"},"primaryImageOfPage":{"@id":"https:\/\/cfpmaresme.org\/es\/la-escucha-sin-el-cuerpo-reflexiones-de-laura-gomez-psicologa-del-src-burriac\/#primaryimage"},"image":{"@id":"https:\/\/cfpmaresme.org\/es\/la-escucha-sin-el-cuerpo-reflexiones-de-laura-gomez-psicologa-del-src-burriac\/#primaryimage"},"thumbnailUrl":"https:\/\/cfpmaresme.org\/wp-content\/uploads\/2020\/05\/covid-19.jpg","datePublished":"2020-05-12T10:41:12+00:00","dateModified":"2020-05-12T10:45:49+00:00","author":{"@id":"https:\/\/cfpmaresme.org\/#\/schema\/person\/b2634bcd796fafc667ea4055f61b9b2c"},"breadcrumb":{"@id":"https:\/\/cfpmaresme.org\/es\/la-escucha-sin-el-cuerpo-reflexiones-de-laura-gomez-psicologa-del-src-burriac\/#breadcrumb"},"inLanguage":"es","potentialAction":[{"@type":"ReadAction","target":["https:\/\/cfpmaresme.org\/es\/la-escucha-sin-el-cuerpo-reflexiones-de-laura-gomez-psicologa-del-src-burriac\/"]}]},{"@type":"ImageObject","inLanguage":"es","@id":"https:\/\/cfpmaresme.org\/es\/la-escucha-sin-el-cuerpo-reflexiones-de-laura-gomez-psicologa-del-src-burriac\/#primaryimage","url":"https:\/\/cfpmaresme.org\/wp-content\/uploads\/2020\/05\/covid-19.jpg","contentUrl":"https:\/\/cfpmaresme.org\/wp-content\/uploads\/2020\/05\/covid-19.jpg","width":830,"height":354},{"@type":"BreadcrumbList","@id":"https:\/\/cfpmaresme.org\/es\/la-escucha-sin-el-cuerpo-reflexiones-de-laura-gomez-psicologa-del-src-burriac\/#breadcrumb","itemListElement":[{"@type":"ListItem","position":1,"name":"Home","item":"https:\/\/cfpmaresme.org\/es\/"},{"@type":"ListItem","position":2,"name":"\u00abLa escucha sin el cuerpo\u00bb reflexiones de Laura G\u00f3mez, psic\u00f3loga del SRC Burriac"}]},{"@type":"WebSite","@id":"https:\/\/cfpmaresme.org\/#website","url":"https:\/\/cfpmaresme.org\/","name":"CFP Maresme","description":"Centre Formaci\u00f3 Prevenci\u00f3","potentialAction":[{"@type":"SearchAction","target":{"@type":"EntryPoint","urlTemplate":"https:\/\/cfpmaresme.org\/?s={search_term_string}"},"query-input":{"@type":"PropertyValueSpecification","valueRequired":true,"valueName":"search_term_string"}}],"inLanguage":"es"},{"@type":"Person","@id":"https:\/\/cfpmaresme.org\/#\/schema\/person\/b2634bcd796fafc667ea4055f61b9b2c","name":"CFPMaresme"}]}},"_links":{"self":[{"href":"https:\/\/cfpmaresme.org\/es\/wp-json\/wp\/v2\/posts\/20052","targetHints":{"allow":["GET"]}}],"collection":[{"href":"https:\/\/cfpmaresme.org\/es\/wp-json\/wp\/v2\/posts"}],"about":[{"href":"https:\/\/cfpmaresme.org\/es\/wp-json\/wp\/v2\/types\/post"}],"author":[{"embeddable":true,"href":"https:\/\/cfpmaresme.org\/es\/wp-json\/wp\/v2\/users\/2"}],"replies":[{"embeddable":true,"href":"https:\/\/cfpmaresme.org\/es\/wp-json\/wp\/v2\/comments?post=20052"}],"version-history":[{"count":3,"href":"https:\/\/cfpmaresme.org\/es\/wp-json\/wp\/v2\/posts\/20052\/revisions"}],"predecessor-version":[{"id":20055,"href":"https:\/\/cfpmaresme.org\/es\/wp-json\/wp\/v2\/posts\/20052\/revisions\/20055"}],"wp:featuredmedia":[{"embeddable":true,"href":"https:\/\/cfpmaresme.org\/es\/wp-json\/wp\/v2\/media\/19902"}],"wp:attachment":[{"href":"https:\/\/cfpmaresme.org\/es\/wp-json\/wp\/v2\/media?parent=20052"}],"wp:term":[{"taxonomy":"category","embeddable":true,"href":"https:\/\/cfpmaresme.org\/es\/wp-json\/wp\/v2\/categories?post=20052"},{"taxonomy":"post_tag","embeddable":true,"href":"https:\/\/cfpmaresme.org\/es\/wp-json\/wp\/v2\/tags?post=20052"}],"curies":[{"name":"wp","href":"https:\/\/api.w.org\/{rel}","templated":true}]}}